{"id":75574,"date":"2026-09-03T13:11:12","date_gmt":"2026-09-03T17:11:12","guid":{"rendered":"https:\/\/munilaja.cl\/w\/?p=75574"},"modified":"2026-09-03T13:11:12","modified_gmt":"2026-09-03T17:11:12","slug":"laja-consigue-73-millones-del-gobierno-regional-para-reforzar-seguridad-ayudas-tecnicas-y-apoyo-a-cuidadores","status":"publish","type":"post","link":"https:\/\/munilaja.cl\/w\/laja-consigue-73-millones-del-gobierno-regional-para-reforzar-seguridad-ayudas-tecnicas-y-apoyo-a-cuidadores\/","title":{"rendered":"Laja consigue $73 millones del Gobierno Regional para reforzar seguridad, ayudas t\u00e9cnicas y apoyo a cuidadores"},"content":{"rendered":"\n<p><strong><em>Los recursos permitir\u00e1n instalar 29 nuevas c\u00e1maras de seguridad, adquirir implementos para personas que requieren ayudas t\u00e9cnicas y desarrollar un programa de fortalecimiento para personas cuidadoras de la comuna.<\/em><\/strong><\/p>\n\n\n\n<p>Tres importantes iniciativas para la comuna de Laja fueron formalizadas este mi\u00e9rcoles en Los \u00c1ngeles, tras la firma de convenios con el Gobierno Regional del Biob\u00edo, encabezado por el gobernador <strong>Sergio Giacaman<\/strong>.<\/p>\n\n\n\n<p>En total, los proyectos representan una inversi\u00f3n de <strong>$73 millones<\/strong> y abordan tres \u00e1reas prioritarias: seguridad ciudadana, discapacidad e inclusi\u00f3n y apoyo a personas cuidadoras.<\/p>\n\n\n\n<p>El principal monto corresponde al proyecto <strong>\u201cC\u00e1maras para un Laja Seguro\u201d<\/strong>, que contempla <strong>$40 millones<\/strong> del Fondo Concursable de Seguridad Ciudadana. La iniciativa permitir\u00e1 sumar <strong>29 nuevas c\u00e1maras de seguridad<\/strong>, con lo que la comuna alcanzar\u00e1 un total de <strong>85 dispositivos<\/strong> distribuidos en distintos sectores.<\/p>\n\n\n\n<p>\u201cEs un compromiso que hab\u00eda con nuestra comuna y un compromiso que tambi\u00e9n nosotros tenemos con cada uno de los vecinos de diferentes sectores de la comunidad de Laja\u201d, se\u00f1al\u00f3 el alcalde, destacando que la ampliaci\u00f3n de la red permitir\u00e1 fortalecer las herramientas de prevenci\u00f3n y vigilancia.<\/p>\n\n\n\n<p>A estos recursos se suman <strong>$25 millones para la iniciativa \u201cAyudas T\u00e9cnicas para Fomento y Promoci\u00f3n Vida Independiente\u201d<\/strong>, orientada a apoyar a personas que requieren implementos para mejorar su autonom\u00eda y calidad de vida.<\/p>\n\n\n\n<p>Entre los elementos que podr\u00e1n adquirirse se encuentran <strong>catres cl\u00ednicos, sillas de ruedas, burritos y otras ayudas t\u00e9cnicas<\/strong>, respondiendo a necesidades detectadas entre usuarios de la comuna.<\/p>\n\n\n\n<p>Finalmente, se formaliz\u00f3 el proyecto <strong>\u201cFortalecimiento, autocuidado y bienestar de personas cuidadoras de Laja\u201d<\/strong>, por <strong>$8 millones<\/strong>, destinado a entregar asesor\u00eda, orientaci\u00f3n y herramientas a quienes realizan labores de cuidado, particularmente de personas mayores.<\/p>\n\n\n\n<p>La iniciativa considera aspectos relacionados con el <strong>autocuidado de los propios cuidadores, la movilizaci\u00f3n y manipulaci\u00f3n adecuada de adultos mayores<\/strong>, contribuyendo a mejorar tanto el bienestar de quienes cuidan como la calidad de los cuidados que reciben sus familiares o personas a cargo.<\/p>\n\n\n\n<p>\u201cLes vamos a preparar, los vamos a orientar, cu\u00e1l es la forma en que se cuidan y de qu\u00e9 forma se manipulan los adultos mayores. Eso es s\u00faper fundamental tambi\u00e9n\u201d, explic\u00f3 el alcalde.<\/p>\n\n\n\n<p>Con la firma de estos tres convenios, la Municipalidad de Laja contin\u00faa avanzando en la gesti\u00f3n de recursos externos para concretar proyectos que respondan a necesidades de la comunidad y permitan fortalecer servicios y acciones en sectores prioritarios.<\/p>\n\n\n\n<figure class=\"wp-block-gallery has-nested-images columns-default is-cropped wp-block-gallery-1 is-layout-flex wp-block-gallery-is-layout-flex\">\n<figure class=\"wp-block-image size-large\"><a href=\"https:\/\/munilaja.cl\/w\/wp-content\/uploads\/2026\/09\/2.png\"><img fetchpriority=\"high\" decoding=\"async\" width=\"707\" height=\"537\" data-id=\"75576\" src=\"https:\/\/munilaja.cl\/w\/wp-content\/uploads\/2026\/09\/2.png\" alt=\"\" class=\"wp-image-75576\" srcset=\"https:\/\/munilaja.cl\/w\/wp-content\/uploads\/2026\/09\/2.png 707w, https:\/\/munilaja.cl\/w\/wp-content\/uploads\/2026\/09\/2-300x228.png 300w\" sizes=\"(max-width: 707px) 100vw, 707px\" \/><\/a><\/figure>\n\n\n\n<figure class=\"wp-block-image size-large\"><a href=\"https:\/\/munilaja.cl\/w\/wp-content\/uploads\/2026\/09\/790945773_1524470429367295_6214245020157242399_n.jpg\"><img decoding=\"async\" width=\"720\" height=\"480\" data-id=\"75575\" src=\"https:\/\/munilaja.cl\/w\/wp-content\/uploads\/2026\/09\/790945773_1524470429367295_6214245020157242399_n.jpg\" alt=\"\" class=\"wp-image-75575\" srcset=\"https:\/\/munilaja.cl\/w\/wp-content\/uploads\/2026\/09\/790945773_1524470429367295_6214245020157242399_n.jpg 720w, https:\/\/munilaja.cl\/w\/wp-content\/uploads\/2026\/09\/790945773_1524470429367295_6214245020157242399_n-300x200.jpg 300w\" sizes=\"(max-width: 720px) 100vw, 720px\" \/><\/a><\/figure>\n<\/figure>\n","protected":false},"excerpt":{"rendered":"<p>Los recursos permitir\u00e1n instalar 29 nuevas c\u00e1maras de seguridad, adquirir implementos para personas que requieren ayudas t\u00e9cnicas y desarrollar un programa de fortalecimiento para personas cuidadoras de la comuna. Tres importantes iniciativas para la comuna de Laja fueron formalizadas este mi\u00e9rcoles en Los \u00c1ngeles, tras la firma de convenios con el Gobierno Regional del Biob\u00edo, [&hellip;]<\/p>\n","protected":false},"author":17,"featured_media":75575,"comment_status":"closed","ping_status":"closed","sticky":false,"template":"","format":"standard","meta":{"zakra_sidebar_layout":"customizer","zakra_remove_content_margin":false,"zakra_sidebar":"customizer","zakra_transparent_header":"customizer","zakra_logo":0,"zakra_main_header_style":"default","zakra_menu_item_color":"","zakra_menu_item_hover_color":"","zakra_menu_item_active_color":"","zakra_menu_active_style":"zakra_menu_active_style","zakra_page_header":true,"footnotes":""},"categories":[17],"tags":[],"class_list":["post-75574","post","type-post","status-publish","format-standard","has-post-thumbnail","hentry","category-servicio-a-la-comunidad"],"yoast_head":"<!-- This site is optimized with the Yoast SEO plugin v24.0 - https:\/\/yoast.com\/wordpress\/plugins\/seo\/ -->\n<title>Laja consigue $73 millones del Gobierno Regional para reforzar seguridad, ayudas t\u00e9cnicas y apoyo a cuidadores - Municipalidad de Laja<\/title>\n<meta name=\"robots\" content=\"index, follow, max-snippet:-1, max-image-preview:large, max-video-preview:-1\" \/>\n<link rel=\"canonical\" href=\"https:\/\/munilaja.cl\/w\/laja-consigue-73-millones-del-gobierno-regional-para-reforzar-seguridad-ayudas-tecnicas-y-apoyo-a-cuidadores\/\" \/>\n<meta property=\"og:locale\" content=\"es_ES\" \/>\n<meta property=\"og:type\" content=\"article\" \/>\n<meta property=\"og:title\" content=\"Laja consigue $73 millones del Gobierno Regional para reforzar seguridad, ayudas t\u00e9cnicas y apoyo a cuidadores - Municipalidad de Laja\" \/>\n<meta property=\"og:description\" content=\"Los recursos permitir\u00e1n instalar 29 nuevas c\u00e1maras de seguridad, adquirir implementos para personas que requieren ayudas t\u00e9cnicas y desarrollar un programa de fortalecimiento para personas cuidadoras de la comuna. Tres importantes iniciativas para la comuna de Laja fueron formalizadas este mi\u00e9rcoles en Los \u00c1ngeles, tras la firma de convenios con el Gobierno Regional del Biob\u00edo, [&hellip;]\" \/>\n<meta property=\"og:url\" content=\"https:\/\/munilaja.cl\/w\/laja-consigue-73-millones-del-gobierno-regional-para-reforzar-seguridad-ayudas-tecnicas-y-apoyo-a-cuidadores\/\" \/>\n<meta property=\"og:site_name\" content=\"Municipalidad de Laja\" \/>\n<meta property=\"article:published_time\" content=\"2026-09-03T17:11:12+00:00\" \/>\n<meta property=\"og:image\" content=\"https:\/\/munilaja.cl\/w\/wp-content\/uploads\/2026\/09\/790945773_1524470429367295_6214245020157242399_n.jpg\" \/>\n\t<meta property=\"og:image:width\" content=\"720\" \/>\n\t<meta property=\"og:image:height\" content=\"480\" \/>\n\t<meta property=\"og:image:type\" content=\"image\/jpeg\" \/>\n<meta name=\"author\" content=\"Cindy Castro Villagra\" \/>\n<meta name=\"twitter:card\" content=\"summary_large_image\" \/>\n<meta name=\"twitter:label1\" content=\"Escrito por\" \/>\n\t<meta name=\"twitter:data1\" content=\"Cindy Castro Villagra\" \/>\n\t<meta name=\"twitter:label2\" content=\"Tiempo de lectura\" \/>\n\t<meta name=\"twitter:data2\" content=\"3 minutos\" \/>\n<script type=\"application\/ld+json\" class=\"yoast-schema-graph\">{\"@context\":\"https:\/\/schema.org\",\"@graph\":[{\"@type\":\"Article\",\"@id\":\"https:\/\/munilaja.cl\/w\/laja-consigue-73-millones-del-gobierno-regional-para-reforzar-seguridad-ayudas-tecnicas-y-apoyo-a-cuidadores\/#article\",\"isPartOf\":{\"@id\":\"https:\/\/munilaja.cl\/w\/laja-consigue-73-millones-del-gobierno-regional-para-reforzar-seguridad-ayudas-tecnicas-y-apoyo-a-cuidadores\/\"},\"author\":{\"name\":\"Cindy Castro Villagra\",\"@id\":\"https:\/\/munilaja.cl\/w\/#\/schema\/person\/c52429e10a6082091590c108f0f4fab0\"},\"headline\":\"Laja consigue $73 millones del Gobierno Regional para reforzar seguridad, ayudas t\u00e9cnicas y apoyo a cuidadores\",\"datePublished\":\"2026-09-03T17:11:12+00:00\",\"dateModified\":\"2026-09-03T17:11:12+00:00\",\"mainEntityOfPage\":{\"@id\":\"https:\/\/munilaja.cl\/w\/laja-consigue-73-millones-del-gobierno-regional-para-reforzar-seguridad-ayudas-tecnicas-y-apoyo-a-cuidadores\/\"},\"wordCount\":425,\"publisher\":{\"@id\":\"https:\/\/munilaja.cl\/w\/#organization\"},\"image\":{\"@id\":\"https:\/\/munilaja.cl\/w\/laja-consigue-73-millones-del-gobierno-regional-para-reforzar-seguridad-ayudas-tecnicas-y-apoyo-a-cuidadores\/#primaryimage\"},\"thumbnailUrl\":\"https:\/\/munilaja.cl\/w\/wp-content\/uploads\/2026\/09\/790945773_1524470429367295_6214245020157242399_n.jpg\",\"articleSection\":[\"Servicio a la comunidad\"],\"inLanguage\":\"es\"},{\"@type\":\"WebPage\",\"@id\":\"https:\/\/munilaja.cl\/w\/laja-consigue-73-millones-del-gobierno-regional-para-reforzar-seguridad-ayudas-tecnicas-y-apoyo-a-cuidadores\/\",\"url\":\"https:\/\/munilaja.cl\/w\/laja-consigue-73-millones-del-gobierno-regional-para-reforzar-seguridad-ayudas-tecnicas-y-apoyo-a-cuidadores\/\",\"name\":\"Laja consigue $73 millones del Gobierno Regional para reforzar seguridad, ayudas t\u00e9cnicas y apoyo a cuidadores - Municipalidad de Laja\",\"isPartOf\":{\"@id\":\"https:\/\/munilaja.cl\/w\/#website\"},\"primaryImageOfPage\":{\"@id\":\"https:\/\/munilaja.cl\/w\/laja-consigue-73-millones-del-gobierno-regional-para-reforzar-seguridad-ayudas-tecnicas-y-apoyo-a-cuidadores\/#primaryimage\"},\"image\":{\"@id\":\"https:\/\/munilaja.cl\/w\/laja-consigue-73-millones-del-gobierno-regional-para-reforzar-seguridad-ayudas-tecnicas-y-apoyo-a-cuidadores\/#primaryimage\"},\"thumbnailUrl\":\"https:\/\/munilaja.cl\/w\/wp-content\/uploads\/2026\/09\/790945773_1524470429367295_6214245020157242399_n.jpg\",\"datePublished\":\"2026-09-03T17:11:12+00:00\",\"dateModified\":\"2026-09-03T17:11:12+00:00\",\"breadcrumb\":{\"@id\":\"https:\/\/munilaja.cl\/w\/laja-consigue-73-millones-del-gobierno-regional-para-reforzar-seguridad-ayudas-tecnicas-y-apoyo-a-cuidadores\/#breadcrumb\"},\"inLanguage\":\"es\",\"potentialAction\":[{\"@type\":\"ReadAction\",\"target\":[\"https:\/\/munilaja.cl\/w\/laja-consigue-73-millones-del-gobierno-regional-para-reforzar-seguridad-ayudas-tecnicas-y-apoyo-a-cuidadores\/\"]}]},{\"@type\":\"ImageObject\",\"inLanguage\":\"es\",\"@id\":\"https:\/\/munilaja.cl\/w\/laja-consigue-73-millones-del-gobierno-regional-para-reforzar-seguridad-ayudas-tecnicas-y-apoyo-a-cuidadores\/#primaryimage\",\"url\":\"https:\/\/munilaja.cl\/w\/wp-content\/uploads\/2026\/09\/790945773_1524470429367295_6214245020157242399_n.jpg\",\"contentUrl\":\"https:\/\/munilaja.cl\/w\/wp-content\/uploads\/2026\/09\/790945773_1524470429367295_6214245020157242399_n.jpg\",\"width\":720,\"height\":480},{\"@type\":\"BreadcrumbList\",\"@id\":\"https:\/\/munilaja.cl\/w\/laja-consigue-73-millones-del-gobierno-regional-para-reforzar-seguridad-ayudas-tecnicas-y-apoyo-a-cuidadores\/#breadcrumb\",\"itemListElement\":[{\"@type\":\"ListItem\",\"position\":1,\"name\":\"Portada\",\"item\":\"https:\/\/munilaja.cl\/w\/\"},{\"@type\":\"ListItem\",\"position\":2,\"name\":\"Laja consigue $73 millones del Gobierno Regional para reforzar seguridad, ayudas t\u00e9cnicas y apoyo a cuidadores\"}]},{\"@type\":\"WebSite\",\"@id\":\"https:\/\/munilaja.cl\/w\/#website\",\"url\":\"https:\/\/munilaja.cl\/w\/\",\"name\":\"Municipalidad de Laja\",\"description\":\"Web Municipal\",\"publisher\":{\"@id\":\"https:\/\/munilaja.cl\/w\/#organization\"},\"potentialAction\":[{\"@type\":\"SearchAction\",\"target\":{\"@type\":\"EntryPoint\",\"urlTemplate\":\"https:\/\/munilaja.cl\/w\/?s={search_term_string}\"},\"query-input\":{\"@type\":\"PropertyValueSpecification\",\"valueRequired\":true,\"valueName\":\"search_term_string\"}}],\"inLanguage\":\"es\"},{\"@type\":\"Organization\",\"@id\":\"https:\/\/munilaja.cl\/w\/#organization\",\"name\":\"Municipalidad de Laja\",\"url\":\"https:\/\/munilaja.cl\/w\/\",\"logo\":{\"@type\":\"ImageObject\",\"inLanguage\":\"es\",\"@id\":\"https:\/\/munilaja.cl\/w\/#\/schema\/logo\/image\/\",\"url\":\"https:\/\/munilaja.cl\/w\/wp-content\/uploads\/2024\/11\/ESCUDO-LAJA-LETRAS-BLANCAS-LOGO-WEB.png\",\"contentUrl\":\"https:\/\/munilaja.cl\/w\/wp-content\/uploads\/2024\/11\/ESCUDO-LAJA-LETRAS-BLANCAS-LOGO-WEB.png\",\"width\":150,\"height\":150,\"caption\":\"Municipalidad de Laja\"},\"image\":{\"@id\":\"https:\/\/munilaja.cl\/w\/#\/schema\/logo\/image\/\"}},{\"@type\":\"Person\",\"@id\":\"https:\/\/munilaja.cl\/w\/#\/schema\/person\/c52429e10a6082091590c108f0f4fab0\",\"name\":\"Cindy Castro Villagra\",\"url\":\"https:\/\/munilaja.cl\/w\/author\/cindy-castro\/\"}]}<\/script>\n<!-- \/ Yoast SEO plugin. -->","yoast_head_json":{"title":"Laja consigue $73 millones del Gobierno Regional para reforzar seguridad, ayudas t\u00e9cnicas y apoyo a cuidadores - Municipalidad de Laja","robots":{"index":"index","follow":"follow","max-snippet":"max-snippet:-1","max-image-preview":"max-image-preview:large","max-video-preview":"max-video-preview:-1"},"canonical":"https:\/\/munilaja.cl\/w\/laja-consigue-73-millones-del-gobierno-regional-para-reforzar-seguridad-ayudas-tecnicas-y-apoyo-a-cuidadores\/","og_locale":"es_ES","og_type":"article","og_title":"Laja consigue $73 millones del Gobierno Regional para reforzar seguridad, ayudas t\u00e9cnicas y apoyo a cuidadores - Municipalidad de Laja","og_description":"Los recursos permitir\u00e1n instalar 29 nuevas c\u00e1maras de seguridad, adquirir implementos para personas que requieren ayudas t\u00e9cnicas y desarrollar un programa de fortalecimiento para personas cuidadoras de la comuna. Tres importantes iniciativas para la comuna de Laja fueron formalizadas este mi\u00e9rcoles en Los \u00c1ngeles, tras la firma de convenios con el Gobierno Regional del Biob\u00edo, [&hellip;]","og_url":"https:\/\/munilaja.cl\/w\/laja-consigue-73-millones-del-gobierno-regional-para-reforzar-seguridad-ayudas-tecnicas-y-apoyo-a-cuidadores\/","og_site_name":"Municipalidad de Laja","article_published_time":"2026-09-03T17:11:12+00:00","og_image":[{"width":720,"height":480,"url":"https:\/\/munilaja.cl\/w\/wp-content\/uploads\/2026\/09\/790945773_1524470429367295_6214245020157242399_n.jpg","type":"image\/jpeg"}],"author":"Cindy Castro Villagra","twitter_card":"summary_large_image","twitter_misc":{"Escrito por":"Cindy Castro Villagra","Tiempo de lectura":"3 minutos"},"schema":{"@context":"https:\/\/schema.org","@graph":[{"@type":"Article","@id":"https:\/\/munilaja.cl\/w\/laja-consigue-73-millones-del-gobierno-regional-para-reforzar-seguridad-ayudas-tecnicas-y-apoyo-a-cuidadores\/#article","isPartOf":{"@id":"https:\/\/munilaja.cl\/w\/laja-consigue-73-millones-del-gobierno-regional-para-reforzar-seguridad-ayudas-tecnicas-y-apoyo-a-cuidadores\/"},"author":{"name":"Cindy Castro Villagra","@id":"https:\/\/munilaja.cl\/w\/#\/schema\/person\/c52429e10a6082091590c108f0f4fab0"},"headline":"Laja consigue $73 millones del Gobierno Regional para reforzar seguridad, ayudas t\u00e9cnicas y apoyo a cuidadores","datePublished":"2026-09-03T17:11:12+00:00","dateModified":"2026-09-03T17:11:12+00:00","mainEntityOfPage":{"@id":"https:\/\/munilaja.cl\/w\/laja-consigue-73-millones-del-gobierno-regional-para-reforzar-seguridad-ayudas-tecnicas-y-apoyo-a-cuidadores\/"},"wordCount":425,"publisher":{"@id":"https:\/\/munilaja.cl\/w\/#organization"},"image":{"@id":"https:\/\/munilaja.cl\/w\/laja-consigue-73-millones-del-gobierno-regional-para-reforzar-seguridad-ayudas-tecnicas-y-apoyo-a-cuidadores\/#primaryimage"},"thumbnailUrl":"https:\/\/munilaja.cl\/w\/wp-content\/uploads\/2026\/09\/790945773_1524470429367295_6214245020157242399_n.jpg","articleSection":["Servicio a la comunidad"],"inLanguage":"es"},{"@type":"WebPage","@id":"https:\/\/munilaja.cl\/w\/laja-consigue-73-millones-del-gobierno-regional-para-reforzar-seguridad-ayudas-tecnicas-y-apoyo-a-cuidadores\/","url":"https:\/\/munilaja.cl\/w\/laja-consigue-73-millones-del-gobierno-regional-para-reforzar-seguridad-ayudas-tecnicas-y-apoyo-a-cuidadores\/","name":"Laja consigue $73 millones del Gobierno Regional para reforzar seguridad, ayudas t\u00e9cnicas y apoyo a cuidadores - Municipalidad de Laja","isPartOf":{"@id":"https:\/\/munilaja.cl\/w\/#website"},"primaryImageOfPage":{"@id":"https:\/\/munilaja.cl\/w\/laja-consigue-73-millones-del-gobierno-regional-para-reforzar-seguridad-ayudas-tecnicas-y-apoyo-a-cuidadores\/#primaryimage"},"image":{"@id":"https:\/\/munilaja.cl\/w\/laja-consigue-73-millones-del-gobierno-regional-para-reforzar-seguridad-ayudas-tecnicas-y-apoyo-a-cuidadores\/#primaryimage"},"thumbnailUrl":"https:\/\/munilaja.cl\/w\/wp-content\/uploads\/2026\/09\/790945773_1524470429367295_6214245020157242399_n.jpg","datePublished":"2026-09-03T17:11:12+00:00","dateModified":"2026-09-03T17:11:12+00:00","breadcrumb":{"@id":"https:\/\/munilaja.cl\/w\/laja-consigue-73-millones-del-gobierno-regional-para-reforzar-seguridad-ayudas-tecnicas-y-apoyo-a-cuidadores\/#breadcrumb"},"inLanguage":"es","potentialAction":[{"@type":"ReadAction","target":["https:\/\/munilaja.cl\/w\/laja-consigue-73-millones-del-gobierno-regional-para-reforzar-seguridad-ayudas-tecnicas-y-apoyo-a-cuidadores\/"]}]},{"@type":"ImageObject","inLanguage":"es","@id":"https:\/\/munilaja.cl\/w\/laja-consigue-73-millones-del-gobierno-regional-para-reforzar-seguridad-ayudas-tecnicas-y-apoyo-a-cuidadores\/#primaryimage","url":"https:\/\/munilaja.cl\/w\/wp-content\/uploads\/2026\/09\/790945773_1524470429367295_6214245020157242399_n.jpg","contentUrl":"https:\/\/munilaja.cl\/w\/wp-content\/uploads\/2026\/09\/790945773_1524470429367295_6214245020157242399_n.jpg","width":720,"height":480},{"@type":"BreadcrumbList","@id":"https:\/\/munilaja.cl\/w\/laja-consigue-73-millones-del-gobierno-regional-para-reforzar-seguridad-ayudas-tecnicas-y-apoyo-a-cuidadores\/#breadcrumb","itemListElement":[{"@type":"ListItem","position":1,"name":"Portada","item":"https:\/\/munilaja.cl\/w\/"},{"@type":"ListItem","position":2,"name":"Laja consigue $73 millones del Gobierno Regional para reforzar seguridad, ayudas t\u00e9cnicas y apoyo a cuidadores"}]},{"@type":"WebSite","@id":"https:\/\/munilaja.cl\/w\/#website","url":"https:\/\/munilaja.cl\/w\/","name":"Municipalidad de Laja","description":"Web Municipal","publisher":{"@id":"https:\/\/munilaja.cl\/w\/#organization"},"potentialAction":[{"@type":"SearchAction","target":{"@type":"EntryPoint","urlTemplate":"https:\/\/munilaja.cl\/w\/?s={search_term_string}"},"query-input":{"@type":"PropertyValueSpecification","valueRequired":true,"valueName":"search_term_string"}}],"inLanguage":"es"},{"@type":"Organization","@id":"https:\/\/munilaja.cl\/w\/#organization","name":"Municipalidad de Laja","url":"https:\/\/munilaja.cl\/w\/","logo":{"@type":"ImageObject","inLanguage":"es","@id":"https:\/\/munilaja.cl\/w\/#\/schema\/logo\/image\/","url":"https:\/\/munilaja.cl\/w\/wp-content\/uploads\/2024\/11\/ESCUDO-LAJA-LETRAS-BLANCAS-LOGO-WEB.png","contentUrl":"https:\/\/munilaja.cl\/w\/wp-content\/uploads\/2024\/11\/ESCUDO-LAJA-LETRAS-BLANCAS-LOGO-WEB.png","width":150,"height":150,"caption":"Municipalidad de Laja"},"image":{"@id":"https:\/\/munilaja.cl\/w\/#\/schema\/logo\/image\/"}},{"@type":"Person","@id":"https:\/\/munilaja.cl\/w\/#\/schema\/person\/c52429e10a6082091590c108f0f4fab0","name":"Cindy Castro Villagra","url":"https:\/\/munilaja.cl\/w\/author\/cindy-castro\/"}]}},"_links":{"self":[{"href":"https:\/\/munilaja.cl\/w\/wp-json\/wp\/v2\/posts\/75574"}],"collection":[{"href":"https:\/\/munilaja.cl\/w\/wp-json\/wp\/v2\/posts"}],"about":[{"href":"https:\/\/munilaja.cl\/w\/wp-json\/wp\/v2\/types\/post"}],"author":[{"embeddable":true,"href":"https:\/\/munilaja.cl\/w\/wp-json\/wp\/v2\/users\/17"}],"replies":[{"embeddable":true,"href":"https:\/\/munilaja.cl\/w\/wp-json\/wp\/v2\/comments?post=75574"}],"version-history":[{"count":1,"href":"https:\/\/munilaja.cl\/w\/wp-json\/wp\/v2\/posts\/75574\/revisions"}],"predecessor-version":[{"id":75577,"href":"https:\/\/munilaja.cl\/w\/wp-json\/wp\/v2\/posts\/75574\/revisions\/75577"}],"wp:featuredmedia":[{"embeddable":true,"href":"https:\/\/munilaja.cl\/w\/wp-json\/wp\/v2\/media\/75575"}],"wp:attachment":[{"href":"https:\/\/munilaja.cl\/w\/wp-json\/wp\/v2\/media?parent=75574"}],"wp:term":[{"taxonomy":"category","embeddable":true,"href":"https:\/\/munilaja.cl\/w\/wp-json\/wp\/v2\/categories?post=75574"},{"taxonomy":"post_tag","embeddable":true,"href":"https:\/\/munilaja.cl\/w\/wp-json\/wp\/v2\/tags?post=75574"}],"curies":[{"name":"wp","href":"https:\/\/api.w.org\/{rel}","templated":true}]}}