{"id":75552,"date":"2026-09-03T08:43:22","date_gmt":"2026-09-03T12:43:22","guid":{"rendered":"https:\/\/munilaja.cl\/w\/?p=75552"},"modified":"2026-09-03T08:43:22","modified_gmt":"2026-09-03T12:43:22","slug":"personas-mayores-de-distintos-sectores-de-laja-participaron-en-cierre-de-temporada-del-programa-mas-adulto-mayor-autovalente","status":"publish","type":"post","link":"https:\/\/munilaja.cl\/w\/personas-mayores-de-distintos-sectores-de-laja-participaron-en-cierre-de-temporada-del-programa-mas-adulto-mayor-autovalente\/","title":{"rendered":"Personas mayores de distintos sectores de Laja participaron en cierre de temporada del programa M\u00e1s Adulto Mayor Autovalente"},"content":{"rendered":"\n<p><strong><em>La jornada reuni\u00f3 a cerca de 50 participantes de Puente Perales, Cachapoal, Quiebrafrenos, Los Ci\u00e9nogos y La Colonia, quienes disfrutaron de una jornada de encuentro, participaci\u00f3n y folclor en el marco de las celebraciones de Fiestas Patrias.<\/em><\/strong><\/p>\n\n\n\n<p>Una alegre jornada de encuentro y participaci\u00f3n social se desarroll\u00f3 en Laja con motivo del <strong>segundo cierre de temporada del programa M\u00e1s Adulto Mayor Autovalente<\/strong>, iniciativa que durante tres meses acompa\u00f1\u00f3 a personas mayores de distintos sectores de la comuna a trav\u00e9s de talleres orientados al fortalecimiento de sus capacidades f\u00edsicas y cognitivas.<\/p>\n\n\n\n<p>En esta oportunidad, cerca de <strong>50 personas mayores de Puente Perales, Cachapoal, Quiebrafrenos, Los Ci\u00e9nogos y La Colonia<\/strong> se reunieron para compartir y disfrutar de una actividad especialmente preparada en el marco de las pr\u00f3ximas celebraciones de Fiestas Patrias.<\/p>\n\n\n\n<p>La jornada estuvo marcada por la alegr\u00eda y el esp\u00edritu dieciochero, con <strong>entretenidas competencias entre alianzas<\/strong>, que permitieron a los participantes compartir y disfrutar de un espacio de recreaci\u00f3n y convivencia.<\/p>\n\n\n\n<p>A ello se sum\u00f3 el talento de agrupaciones locales, con la presentaci\u00f3n del <strong>Taller Municipal de Cueca<\/strong> y el <strong>Ballet de Personas Mayores<\/strong>, quienes aportaron m\u00fasica, danza y tradici\u00f3n a esta celebraci\u00f3n.<\/p>\n\n\n\n<p>La actividad cont\u00f3 adem\u00e1s con la participaci\u00f3n del <strong>concejal Luis Espinoza<\/strong>, quien acompa\u00f1\u00f3 a las personas mayores durante esta instancia de encuentro y reconocimiento.<\/p>\n\n\n\n<p>Uno de los momentos centrales de la jornada fue la entrega de un <strong>merecido reconocimiento a las personas participantes por su compromiso y constancia durante los tres meses de trabajo<\/strong>, per\u00edodo en el que fueron parte de los talleres de <strong>estimulaci\u00f3n cognitiva y motora<\/strong> impartidos por la dupla profesional del programa, integrada por la kinesi\u00f3loga <strong>Katalina C\u00e1rdenas<\/strong> y la terapeuta ocupacional <strong>Javiera Pe\u00f1a<\/strong>.<\/p>\n\n\n\n<p>El programa <strong>M\u00e1s Adulto Mayor Autovalente<\/strong> busca promover un envejecimiento activo y saludable, fortaleciendo la autonom\u00eda de las personas mayores mediante actividades que contribuyen tanto a su bienestar f\u00edsico y cognitivo como a la generaci\u00f3n de v\u00ednculos y espacios de participaci\u00f3n social.<\/p>\n\n\n\n<p>De esta manera, el cierre de temporada se transform\u00f3 en una instancia para <strong>reconocer el esfuerzo, la perseverancia y el entusiasmo de quienes participaron durante estos meses<\/strong>, reafirmando la importancia de continuar generando espacios de encuentro y participaci\u00f3n para las personas mayores de nuestra comuna.<\/p>\n\n\n\n<p><strong>\u00a1Felicitaciones a todos y todas por su compromiso y por este gran cierre de temporada!<\/strong><\/p>\n\n\n\n<figure class=\"wp-block-gallery has-nested-images columns-default is-cropped wp-block-gallery-1 is-layout-flex wp-block-gallery-is-layout-flex\">\n<figure class=\"wp-block-image size-large\"><a href=\"https:\/\/munilaja.cl\/w\/wp-content\/uploads\/2026\/09\/WhatsApp-Image-2026-09-02-at-16.48.44-3.jpeg\"><img fetchpriority=\"high\" decoding=\"async\" width=\"1024\" height=\"768\" data-id=\"75565\" src=\"https:\/\/munilaja.cl\/w\/wp-content\/uploads\/2026\/09\/WhatsApp-Image-2026-09-02-at-16.48.44-3-1024x768.jpeg\" alt=\"\" class=\"wp-image-75565\" srcset=\"https:\/\/munilaja.cl\/w\/wp-content\/uploads\/2026\/09\/WhatsApp-Image-2026-09-02-at-16.48.44-3-1024x768.jpeg 1024w, https:\/\/munilaja.cl\/w\/wp-content\/uploads\/2026\/09\/WhatsApp-Image-2026-09-02-at-16.48.44-3-300x225.jpeg 300w, https:\/\/munilaja.cl\/w\/wp-content\/uploads\/2026\/09\/WhatsApp-Image-2026-09-02-at-16.48.44-3-768x576.jpeg 768w, https:\/\/munilaja.cl\/w\/wp-content\/uploads\/2026\/09\/WhatsApp-Image-2026-09-02-at-16.48.44-3-1536x1152.jpeg 1536w, https:\/\/munilaja.cl\/w\/wp-content\/uploads\/2026\/09\/WhatsApp-Image-2026-09-02-at-16.48.44-3.jpeg 1600w\" sizes=\"(max-width: 1024px) 100vw, 1024px\" \/><\/a><\/figure>\n\n\n\n<figure class=\"wp-block-image size-large\"><a href=\"https:\/\/munilaja.cl\/w\/wp-content\/uploads\/2026\/09\/WhatsApp-Image-2026-09-02-at-16.48.44.jpeg\"><img decoding=\"async\" width=\"768\" height=\"1024\" data-id=\"75564\" src=\"https:\/\/munilaja.cl\/w\/wp-content\/uploads\/2026\/09\/WhatsApp-Image-2026-09-02-at-16.48.44-768x1024.jpeg\" alt=\"\" class=\"wp-image-75564\" srcset=\"https:\/\/munilaja.cl\/w\/wp-content\/uploads\/2026\/09\/WhatsApp-Image-2026-09-02-at-16.48.44-768x1024.jpeg 768w, https:\/\/munilaja.cl\/w\/wp-content\/uploads\/2026\/09\/WhatsApp-Image-2026-09-02-at-16.48.44-225x300.jpeg 225w, https:\/\/munilaja.cl\/w\/wp-content\/uploads\/2026\/09\/WhatsApp-Image-2026-09-02-at-16.48.44-1152x1536.jpeg 1152w, https:\/\/munilaja.cl\/w\/wp-content\/uploads\/2026\/09\/WhatsApp-Image-2026-09-02-at-16.48.44.jpeg 1200w\" sizes=\"(max-width: 768px) 100vw, 768px\" \/><\/a><\/figure>\n\n\n\n<figure class=\"wp-block-image size-large\"><a href=\"https:\/\/munilaja.cl\/w\/wp-content\/uploads\/2026\/09\/WhatsApp-Image-2026-09-02-at-16.48.45-1.jpeg\"><img decoding=\"async\" width=\"768\" height=\"1024\" data-id=\"75569\" src=\"https:\/\/munilaja.cl\/w\/wp-content\/uploads\/2026\/09\/WhatsApp-Image-2026-09-02-at-16.48.45-1-768x1024.jpeg\" alt=\"\" class=\"wp-image-75569\" srcset=\"https:\/\/munilaja.cl\/w\/wp-content\/uploads\/2026\/09\/WhatsApp-Image-2026-09-02-at-16.48.45-1-768x1024.jpeg 768w, https:\/\/munilaja.cl\/w\/wp-content\/uploads\/2026\/09\/WhatsApp-Image-2026-09-02-at-16.48.45-1-225x300.jpeg 225w, https:\/\/munilaja.cl\/w\/wp-content\/uploads\/2026\/09\/WhatsApp-Image-2026-09-02-at-16.48.45-1-1152x1536.jpeg 1152w, https:\/\/munilaja.cl\/w\/wp-content\/uploads\/2026\/09\/WhatsApp-Image-2026-09-02-at-16.48.45-1.jpeg 1200w\" sizes=\"(max-width: 768px) 100vw, 768px\" \/><\/a><\/figure>\n\n\n\n<figure class=\"wp-block-image size-large\"><a href=\"https:\/\/munilaja.cl\/w\/wp-content\/uploads\/2026\/09\/WhatsApp-Image-2026-09-02-at-16.48.45-2.jpeg\"><img loading=\"lazy\" decoding=\"async\" width=\"1024\" height=\"768\" data-id=\"75562\" src=\"https:\/\/munilaja.cl\/w\/wp-content\/uploads\/2026\/09\/WhatsApp-Image-2026-09-02-at-16.48.45-2-1024x768.jpeg\" alt=\"\" class=\"wp-image-75562\" srcset=\"https:\/\/munilaja.cl\/w\/wp-content\/uploads\/2026\/09\/WhatsApp-Image-2026-09-02-at-16.48.45-2-1024x768.jpeg 1024w, https:\/\/munilaja.cl\/w\/wp-content\/uploads\/2026\/09\/WhatsApp-Image-2026-09-02-at-16.48.45-2-300x225.jpeg 300w, https:\/\/munilaja.cl\/w\/wp-content\/uploads\/2026\/09\/WhatsApp-Image-2026-09-02-at-16.48.45-2-768x576.jpeg 768w, https:\/\/munilaja.cl\/w\/wp-content\/uploads\/2026\/09\/WhatsApp-Image-2026-09-02-at-16.48.45-2-1536x1152.jpeg 1536w, https:\/\/munilaja.cl\/w\/wp-content\/uploads\/2026\/09\/WhatsApp-Image-2026-09-02-at-16.48.45-2.jpeg 1600w\" sizes=\"(max-width: 1024px) 100vw, 1024px\" \/><\/a><\/figure>\n\n\n\n<figure class=\"wp-block-image size-large\"><a href=\"https:\/\/munilaja.cl\/w\/wp-content\/uploads\/2026\/09\/WhatsApp-Image-2026-09-02-at-16.48.45-3.jpeg\"><img loading=\"lazy\" decoding=\"async\" width=\"1024\" height=\"768\" data-id=\"75559\" src=\"https:\/\/munilaja.cl\/w\/wp-content\/uploads\/2026\/09\/WhatsApp-Image-2026-09-02-at-16.48.45-3-1024x768.jpeg\" alt=\"\" class=\"wp-image-75559\" srcset=\"https:\/\/munilaja.cl\/w\/wp-content\/uploads\/2026\/09\/WhatsApp-Image-2026-09-02-at-16.48.45-3-1024x768.jpeg 1024w, https:\/\/munilaja.cl\/w\/wp-content\/uploads\/2026\/09\/WhatsApp-Image-2026-09-02-at-16.48.45-3-300x225.jpeg 300w, https:\/\/munilaja.cl\/w\/wp-content\/uploads\/2026\/09\/WhatsApp-Image-2026-09-02-at-16.48.45-3-768x576.jpeg 768w, https:\/\/munilaja.cl\/w\/wp-content\/uploads\/2026\/09\/WhatsApp-Image-2026-09-02-at-16.48.45-3-1536x1152.jpeg 1536w, https:\/\/munilaja.cl\/w\/wp-content\/uploads\/2026\/09\/WhatsApp-Image-2026-09-02-at-16.48.45-3.jpeg 1600w\" sizes=\"(max-width: 1024px) 100vw, 1024px\" \/><\/a><\/figure>\n\n\n\n<figure class=\"wp-block-image size-large\"><a href=\"https:\/\/munilaja.cl\/w\/wp-content\/uploads\/2026\/09\/WhatsApp-Image-2026-09-02-at-16.48.45-4.jpeg\"><img loading=\"lazy\" decoding=\"async\" width=\"1024\" height=\"768\" data-id=\"75567\" src=\"https:\/\/munilaja.cl\/w\/wp-content\/uploads\/2026\/09\/WhatsApp-Image-2026-09-02-at-16.48.45-4-1024x768.jpeg\" alt=\"\" class=\"wp-image-75567\" srcset=\"https:\/\/munilaja.cl\/w\/wp-content\/uploads\/2026\/09\/WhatsApp-Image-2026-09-02-at-16.48.45-4-1024x768.jpeg 1024w, https:\/\/munilaja.cl\/w\/wp-content\/uploads\/2026\/09\/WhatsApp-Image-2026-09-02-at-16.48.45-4-300x225.jpeg 300w, https:\/\/munilaja.cl\/w\/wp-content\/uploads\/2026\/09\/WhatsApp-Image-2026-09-02-at-16.48.45-4-768x576.jpeg 768w, https:\/\/munilaja.cl\/w\/wp-content\/uploads\/2026\/09\/WhatsApp-Image-2026-09-02-at-16.48.45-4-1536x1152.jpeg 1536w, https:\/\/munilaja.cl\/w\/wp-content\/uploads\/2026\/09\/WhatsApp-Image-2026-09-02-at-16.48.45-4.jpeg 1600w\" sizes=\"(max-width: 1024px) 100vw, 1024px\" \/><\/a><\/figure>\n\n\n\n<figure class=\"wp-block-image size-large\"><a href=\"https:\/\/munilaja.cl\/w\/wp-content\/uploads\/2026\/09\/WhatsApp-Image-2026-09-02-at-16.48.45.jpeg\"><img loading=\"lazy\" decoding=\"async\" width=\"768\" height=\"1024\" data-id=\"75572\" src=\"https:\/\/munilaja.cl\/w\/wp-content\/uploads\/2026\/09\/WhatsApp-Image-2026-09-02-at-16.48.45-768x1024.jpeg\" alt=\"\" class=\"wp-image-75572\" srcset=\"https:\/\/munilaja.cl\/w\/wp-content\/uploads\/2026\/09\/WhatsApp-Image-2026-09-02-at-16.48.45-768x1024.jpeg 768w, https:\/\/munilaja.cl\/w\/wp-content\/uploads\/2026\/09\/WhatsApp-Image-2026-09-02-at-16.48.45-225x300.jpeg 225w, https:\/\/munilaja.cl\/w\/wp-content\/uploads\/2026\/09\/WhatsApp-Image-2026-09-02-at-16.48.45-1152x1536.jpeg 1152w, https:\/\/munilaja.cl\/w\/wp-content\/uploads\/2026\/09\/WhatsApp-Image-2026-09-02-at-16.48.45.jpeg 1200w\" sizes=\"(max-width: 768px) 100vw, 768px\" \/><\/a><\/figure>\n\n\n\n<figure class=\"wp-block-image size-large\"><a href=\"https:\/\/munilaja.cl\/w\/wp-content\/uploads\/2026\/09\/WhatsApp-Image-2026-09-02-at-16.48.46-1.jpeg\"><img loading=\"lazy\" decoding=\"async\" width=\"768\" height=\"1024\" data-id=\"75568\" src=\"https:\/\/munilaja.cl\/w\/wp-content\/uploads\/2026\/09\/WhatsApp-Image-2026-09-02-at-16.48.46-1-768x1024.jpeg\" alt=\"\" class=\"wp-image-75568\" srcset=\"https:\/\/munilaja.cl\/w\/wp-content\/uploads\/2026\/09\/WhatsApp-Image-2026-09-02-at-16.48.46-1-768x1024.jpeg 768w, https:\/\/munilaja.cl\/w\/wp-content\/uploads\/2026\/09\/WhatsApp-Image-2026-09-02-at-16.48.46-1-225x300.jpeg 225w, https:\/\/munilaja.cl\/w\/wp-content\/uploads\/2026\/09\/WhatsApp-Image-2026-09-02-at-16.48.46-1-1152x1536.jpeg 1152w, https:\/\/munilaja.cl\/w\/wp-content\/uploads\/2026\/09\/WhatsApp-Image-2026-09-02-at-16.48.46-1.jpeg 1200w\" sizes=\"(max-width: 768px) 100vw, 768px\" \/><\/a><\/figure>\n\n\n\n<figure class=\"wp-block-image size-large\"><a href=\"https:\/\/munilaja.cl\/w\/wp-content\/uploads\/2026\/09\/WhatsApp-Image-2026-09-02-at-16.48.46-2.jpeg\"><img loading=\"lazy\" decoding=\"async\" width=\"768\" height=\"1024\" data-id=\"75555\" src=\"https:\/\/munilaja.cl\/w\/wp-content\/uploads\/2026\/09\/WhatsApp-Image-2026-09-02-at-16.48.46-2-768x1024.jpeg\" alt=\"\" class=\"wp-image-75555\" srcset=\"https:\/\/munilaja.cl\/w\/wp-content\/uploads\/2026\/09\/WhatsApp-Image-2026-09-02-at-16.48.46-2-768x1024.jpeg 768w, https:\/\/munilaja.cl\/w\/wp-content\/uploads\/2026\/09\/WhatsApp-Image-2026-09-02-at-16.48.46-2-225x300.jpeg 225w, https:\/\/munilaja.cl\/w\/wp-content\/uploads\/2026\/09\/WhatsApp-Image-2026-09-02-at-16.48.46-2-1152x1536.jpeg 1152w, https:\/\/munilaja.cl\/w\/wp-content\/uploads\/2026\/09\/WhatsApp-Image-2026-09-02-at-16.48.46-2.jpeg 1200w\" sizes=\"(max-width: 768px) 100vw, 768px\" \/><\/a><\/figure>\n\n\n\n<figure class=\"wp-block-image size-large\"><a href=\"https:\/\/munilaja.cl\/w\/wp-content\/uploads\/2026\/09\/WhatsApp-Image-2026-09-02-at-16.48.46-3.jpeg\"><img loading=\"lazy\" decoding=\"async\" width=\"1024\" height=\"576\" data-id=\"75571\" src=\"https:\/\/munilaja.cl\/w\/wp-content\/uploads\/2026\/09\/WhatsApp-Image-2026-09-02-at-16.48.46-3-1024x576.jpeg\" alt=\"\" class=\"wp-image-75571\" srcset=\"https:\/\/munilaja.cl\/w\/wp-content\/uploads\/2026\/09\/WhatsApp-Image-2026-09-02-at-16.48.46-3-1024x576.jpeg 1024w, https:\/\/munilaja.cl\/w\/wp-content\/uploads\/2026\/09\/WhatsApp-Image-2026-09-02-at-16.48.46-3-300x169.jpeg 300w, https:\/\/munilaja.cl\/w\/wp-content\/uploads\/2026\/09\/WhatsApp-Image-2026-09-02-at-16.48.46-3-768x432.jpeg 768w, https:\/\/munilaja.cl\/w\/wp-content\/uploads\/2026\/09\/WhatsApp-Image-2026-09-02-at-16.48.46-3.jpeg 1280w\" sizes=\"(max-width: 1024px) 100vw, 1024px\" \/><\/a><\/figure>\n\n\n\n<figure class=\"wp-block-image size-large\"><a href=\"https:\/\/munilaja.cl\/w\/wp-content\/uploads\/2026\/09\/WhatsApp-Image-2026-09-02-at-16.48.46.jpeg\"><img loading=\"lazy\" decoding=\"async\" width=\"768\" height=\"1024\" data-id=\"75560\" src=\"https:\/\/munilaja.cl\/w\/wp-content\/uploads\/2026\/09\/WhatsApp-Image-2026-09-02-at-16.48.46-768x1024.jpeg\" alt=\"\" class=\"wp-image-75560\" srcset=\"https:\/\/munilaja.cl\/w\/wp-content\/uploads\/2026\/09\/WhatsApp-Image-2026-09-02-at-16.48.46-768x1024.jpeg 768w, https:\/\/munilaja.cl\/w\/wp-content\/uploads\/2026\/09\/WhatsApp-Image-2026-09-02-at-16.48.46-225x300.jpeg 225w, https:\/\/munilaja.cl\/w\/wp-content\/uploads\/2026\/09\/WhatsApp-Image-2026-09-02-at-16.48.46-1152x1536.jpeg 1152w, https:\/\/munilaja.cl\/w\/wp-content\/uploads\/2026\/09\/WhatsApp-Image-2026-09-02-at-16.48.46.jpeg 1200w\" sizes=\"(max-width: 768px) 100vw, 768px\" \/><\/a><\/figure>\n\n\n\n<figure class=\"wp-block-image size-large\"><a href=\"https:\/\/munilaja.cl\/w\/wp-content\/uploads\/2026\/09\/WhatsApp-Image-2026-09-02-at-16.48.47-1.jpeg\"><img loading=\"lazy\" decoding=\"async\" width=\"1024\" height=\"576\" data-id=\"75563\" src=\"https:\/\/munilaja.cl\/w\/wp-content\/uploads\/2026\/09\/WhatsApp-Image-2026-09-02-at-16.48.47-1-1024x576.jpeg\" alt=\"\" class=\"wp-image-75563\" srcset=\"https:\/\/munilaja.cl\/w\/wp-content\/uploads\/2026\/09\/WhatsApp-Image-2026-09-02-at-16.48.47-1-1024x576.jpeg 1024w, https:\/\/munilaja.cl\/w\/wp-content\/uploads\/2026\/09\/WhatsApp-Image-2026-09-02-at-16.48.47-1-300x169.jpeg 300w, https:\/\/munilaja.cl\/w\/wp-content\/uploads\/2026\/09\/WhatsApp-Image-2026-09-02-at-16.48.47-1-768x432.jpeg 768w, https:\/\/munilaja.cl\/w\/wp-content\/uploads\/2026\/09\/WhatsApp-Image-2026-09-02-at-16.48.47-1-1536x864.jpeg 1536w, https:\/\/munilaja.cl\/w\/wp-content\/uploads\/2026\/09\/WhatsApp-Image-2026-09-02-at-16.48.47-1.jpeg 1600w\" sizes=\"(max-width: 1024px) 100vw, 1024px\" \/><\/a><\/figure>\n\n\n\n<figure class=\"wp-block-image size-large\"><a href=\"https:\/\/munilaja.cl\/w\/wp-content\/uploads\/2026\/09\/WhatsApp-Image-2026-09-02-at-16.48.47-2.jpeg\"><img loading=\"lazy\" decoding=\"async\" width=\"1024\" height=\"768\" data-id=\"75558\" src=\"https:\/\/munilaja.cl\/w\/wp-content\/uploads\/2026\/09\/WhatsApp-Image-2026-09-02-at-16.48.47-2-1024x768.jpeg\" alt=\"\" class=\"wp-image-75558\" srcset=\"https:\/\/munilaja.cl\/w\/wp-content\/uploads\/2026\/09\/WhatsApp-Image-2026-09-02-at-16.48.47-2-1024x768.jpeg 1024w, https:\/\/munilaja.cl\/w\/wp-content\/uploads\/2026\/09\/WhatsApp-Image-2026-09-02-at-16.48.47-2-300x225.jpeg 300w, https:\/\/munilaja.cl\/w\/wp-content\/uploads\/2026\/09\/WhatsApp-Image-2026-09-02-at-16.48.47-2-768x576.jpeg 768w, https:\/\/munilaja.cl\/w\/wp-content\/uploads\/2026\/09\/WhatsApp-Image-2026-09-02-at-16.48.47-2-1536x1152.jpeg 1536w, https:\/\/munilaja.cl\/w\/wp-content\/uploads\/2026\/09\/WhatsApp-Image-2026-09-02-at-16.48.47-2.jpeg 1600w\" sizes=\"(max-width: 1024px) 100vw, 1024px\" \/><\/a><\/figure>\n\n\n\n<figure class=\"wp-block-image size-large\"><a href=\"https:\/\/munilaja.cl\/w\/wp-content\/uploads\/2026\/09\/WhatsApp-Image-2026-09-02-at-16.48.47-3.jpeg\"><img loading=\"lazy\" decoding=\"async\" width=\"1024\" height=\"679\" data-id=\"75566\" src=\"https:\/\/munilaja.cl\/w\/wp-content\/uploads\/2026\/09\/WhatsApp-Image-2026-09-02-at-16.48.47-3-1024x679.jpeg\" alt=\"\" class=\"wp-image-75566\" srcset=\"https:\/\/munilaja.cl\/w\/wp-content\/uploads\/2026\/09\/WhatsApp-Image-2026-09-02-at-16.48.47-3-1024x679.jpeg 1024w, https:\/\/munilaja.cl\/w\/wp-content\/uploads\/2026\/09\/WhatsApp-Image-2026-09-02-at-16.48.47-3-300x199.jpeg 300w, https:\/\/munilaja.cl\/w\/wp-content\/uploads\/2026\/09\/WhatsApp-Image-2026-09-02-at-16.48.47-3-768x509.jpeg 768w, https:\/\/munilaja.cl\/w\/wp-content\/uploads\/2026\/09\/WhatsApp-Image-2026-09-02-at-16.48.47-3.jpeg 1358w\" sizes=\"(max-width: 1024px) 100vw, 1024px\" \/><\/a><\/figure>\n\n\n\n<figure class=\"wp-block-image size-large\"><a href=\"https:\/\/munilaja.cl\/w\/wp-content\/uploads\/2026\/09\/WhatsApp-Image-2026-09-02-at-16.48.47-4.jpeg\"><img loading=\"lazy\" decoding=\"async\" width=\"1024\" height=\"768\" data-id=\"75570\" src=\"https:\/\/munilaja.cl\/w\/wp-content\/uploads\/2026\/09\/WhatsApp-Image-2026-09-02-at-16.48.47-4-1024x768.jpeg\" alt=\"\" class=\"wp-image-75570\" srcset=\"https:\/\/munilaja.cl\/w\/wp-content\/uploads\/2026\/09\/WhatsApp-Image-2026-09-02-at-16.48.47-4-1024x768.jpeg 1024w, https:\/\/munilaja.cl\/w\/wp-content\/uploads\/2026\/09\/WhatsApp-Image-2026-09-02-at-16.48.47-4-300x225.jpeg 300w, https:\/\/munilaja.cl\/w\/wp-content\/uploads\/2026\/09\/WhatsApp-Image-2026-09-02-at-16.48.47-4-768x576.jpeg 768w, https:\/\/munilaja.cl\/w\/wp-content\/uploads\/2026\/09\/WhatsApp-Image-2026-09-02-at-16.48.47-4-1536x1152.jpeg 1536w, https:\/\/munilaja.cl\/w\/wp-content\/uploads\/2026\/09\/WhatsApp-Image-2026-09-02-at-16.48.47-4.jpeg 1600w\" sizes=\"(max-width: 1024px) 100vw, 1024px\" \/><\/a><\/figure>\n\n\n\n<figure class=\"wp-block-image size-large\"><a href=\"https:\/\/munilaja.cl\/w\/wp-content\/uploads\/2026\/09\/WhatsApp-Image-2026-09-02-at-16.48.47-5.jpeg\"><img loading=\"lazy\" decoding=\"async\" width=\"1024\" height=\"679\" data-id=\"75557\" src=\"https:\/\/munilaja.cl\/w\/wp-content\/uploads\/2026\/09\/WhatsApp-Image-2026-09-02-at-16.48.47-5-1024x679.jpeg\" alt=\"\" class=\"wp-image-75557\" srcset=\"https:\/\/munilaja.cl\/w\/wp-content\/uploads\/2026\/09\/WhatsApp-Image-2026-09-02-at-16.48.47-5-1024x679.jpeg 1024w, https:\/\/munilaja.cl\/w\/wp-content\/uploads\/2026\/09\/WhatsApp-Image-2026-09-02-at-16.48.47-5-300x199.jpeg 300w, https:\/\/munilaja.cl\/w\/wp-content\/uploads\/2026\/09\/WhatsApp-Image-2026-09-02-at-16.48.47-5-768x509.jpeg 768w, https:\/\/munilaja.cl\/w\/wp-content\/uploads\/2026\/09\/WhatsApp-Image-2026-09-02-at-16.48.47-5.jpeg 1358w\" sizes=\"(max-width: 1024px) 100vw, 1024px\" \/><\/a><\/figure>\n\n\n\n<figure class=\"wp-block-image size-large\"><a href=\"https:\/\/munilaja.cl\/w\/wp-content\/uploads\/2026\/09\/WhatsApp-Image-2026-09-02-at-16.48.47.jpeg\"><img loading=\"lazy\" decoding=\"async\" width=\"1024\" height=\"768\" data-id=\"75561\" src=\"https:\/\/munilaja.cl\/w\/wp-content\/uploads\/2026\/09\/WhatsApp-Image-2026-09-02-at-16.48.47-1024x768.jpeg\" alt=\"\" class=\"wp-image-75561\" srcset=\"https:\/\/munilaja.cl\/w\/wp-content\/uploads\/2026\/09\/WhatsApp-Image-2026-09-02-at-16.48.47-1024x768.jpeg 1024w, https:\/\/munilaja.cl\/w\/wp-content\/uploads\/2026\/09\/WhatsApp-Image-2026-09-02-at-16.48.47-300x225.jpeg 300w, https:\/\/munilaja.cl\/w\/wp-content\/uploads\/2026\/09\/WhatsApp-Image-2026-09-02-at-16.48.47-768x576.jpeg 768w, https:\/\/munilaja.cl\/w\/wp-content\/uploads\/2026\/09\/WhatsApp-Image-2026-09-02-at-16.48.47-1536x1152.jpeg 1536w, https:\/\/munilaja.cl\/w\/wp-content\/uploads\/2026\/09\/WhatsApp-Image-2026-09-02-at-16.48.47.jpeg 1600w\" sizes=\"(max-width: 1024px) 100vw, 1024px\" \/><\/a><\/figure>\n\n\n\n<figure class=\"wp-block-image size-large\"><a href=\"https:\/\/munilaja.cl\/w\/wp-content\/uploads\/2026\/09\/WhatsApp-Image-2026-09-02-at-16.48.48.jpeg\"><img loading=\"lazy\" decoding=\"async\" width=\"1024\" height=\"768\" data-id=\"75556\" src=\"https:\/\/munilaja.cl\/w\/wp-content\/uploads\/2026\/09\/WhatsApp-Image-2026-09-02-at-16.48.48-1024x768.jpeg\" alt=\"\" class=\"wp-image-75556\" srcset=\"https:\/\/munilaja.cl\/w\/wp-content\/uploads\/2026\/09\/WhatsApp-Image-2026-09-02-at-16.48.48-1024x768.jpeg 1024w, https:\/\/munilaja.cl\/w\/wp-content\/uploads\/2026\/09\/WhatsApp-Image-2026-09-02-at-16.48.48-300x225.jpeg 300w, https:\/\/munilaja.cl\/w\/wp-content\/uploads\/2026\/09\/WhatsApp-Image-2026-09-02-at-16.48.48-768x576.jpeg 768w, https:\/\/munilaja.cl\/w\/wp-content\/uploads\/2026\/09\/WhatsApp-Image-2026-09-02-at-16.48.48-1536x1152.jpeg 1536w, https:\/\/munilaja.cl\/w\/wp-content\/uploads\/2026\/09\/WhatsApp-Image-2026-09-02-at-16.48.48.jpeg 1600w\" sizes=\"(max-width: 1024px) 100vw, 1024px\" \/><\/a><\/figure>\n\n\n\n<figure class=\"wp-block-image size-large\"><a href=\"https:\/\/munilaja.cl\/w\/wp-content\/uploads\/2026\/09\/WhatsApp-Image-2026-09-02-at-16.48.44-1.jpeg\"><img loading=\"lazy\" decoding=\"async\" width=\"768\" height=\"1024\" data-id=\"75553\" src=\"https:\/\/munilaja.cl\/w\/wp-content\/uploads\/2026\/09\/WhatsApp-Image-2026-09-02-at-16.48.44-1-768x1024.jpeg\" alt=\"\" class=\"wp-image-75553\" srcset=\"https:\/\/munilaja.cl\/w\/wp-content\/uploads\/2026\/09\/WhatsApp-Image-2026-09-02-at-16.48.44-1-768x1024.jpeg 768w, https:\/\/munilaja.cl\/w\/wp-content\/uploads\/2026\/09\/WhatsApp-Image-2026-09-02-at-16.48.44-1-225x300.jpeg 225w, https:\/\/munilaja.cl\/w\/wp-content\/uploads\/2026\/09\/WhatsApp-Image-2026-09-02-at-16.48.44-1-1152x1536.jpeg 1152w, https:\/\/munilaja.cl\/w\/wp-content\/uploads\/2026\/09\/WhatsApp-Image-2026-09-02-at-16.48.44-1.jpeg 1200w\" sizes=\"(max-width: 768px) 100vw, 768px\" \/><\/a><\/figure>\n\n\n\n<figure class=\"wp-block-image size-large\"><a href=\"https:\/\/munilaja.cl\/w\/wp-content\/uploads\/2026\/09\/WhatsApp-Image-2026-09-02-at-16.48.44-2.jpeg\"><img loading=\"lazy\" decoding=\"async\" width=\"1024\" height=\"768\" data-id=\"75554\" src=\"https:\/\/munilaja.cl\/w\/wp-content\/uploads\/2026\/09\/WhatsApp-Image-2026-09-02-at-16.48.44-2-1024x768.jpeg\" alt=\"\" class=\"wp-image-75554\" srcset=\"https:\/\/munilaja.cl\/w\/wp-content\/uploads\/2026\/09\/WhatsApp-Image-2026-09-02-at-16.48.44-2-1024x768.jpeg 1024w, https:\/\/munilaja.cl\/w\/wp-content\/uploads\/2026\/09\/WhatsApp-Image-2026-09-02-at-16.48.44-2-300x225.jpeg 300w, https:\/\/munilaja.cl\/w\/wp-content\/uploads\/2026\/09\/WhatsApp-Image-2026-09-02-at-16.48.44-2-768x576.jpeg 768w, https:\/\/munilaja.cl\/w\/wp-content\/uploads\/2026\/09\/WhatsApp-Image-2026-09-02-at-16.48.44-2-1536x1152.jpeg 1536w, https:\/\/munilaja.cl\/w\/wp-content\/uploads\/2026\/09\/WhatsApp-Image-2026-09-02-at-16.48.44-2.jpeg 1600w\" sizes=\"(max-width: 1024px) 100vw, 1024px\" \/><\/a><\/figure>\n<\/figure>\n","protected":false},"excerpt":{"rendered":"<p>La jornada reuni\u00f3 a cerca de 50 participantes de Puente Perales, Cachapoal, Quiebrafrenos, Los Ci\u00e9nogos y La Colonia, quienes disfrutaron de una jornada de encuentro, participaci\u00f3n y folclor en el marco de las celebraciones de Fiestas Patrias. Una alegre jornada de encuentro y participaci\u00f3n social se desarroll\u00f3 en Laja con motivo del segundo cierre de [&hellip;]<\/p>\n","protected":false},"author":17,"featured_media":75563,"comment_status":"closed","ping_status":"closed","sticky":false,"template":"","format":"standard","meta":{"zakra_sidebar_layout":"customizer","zakra_remove_content_margin":false,"zakra_sidebar":"customizer","zakra_transparent_header":"customizer","zakra_logo":0,"zakra_main_header_style":"default","zakra_menu_item_color":"","zakra_menu_item_hover_color":"","zakra_menu_item_active_color":"","zakra_menu_active_style":"zakra_menu_active_style","zakra_page_header":true,"footnotes":""},"categories":[17],"tags":[],"class_list":["post-75552","post","type-post","status-publish","format-standard","has-post-thumbnail","hentry","category-servicio-a-la-comunidad"],"yoast_head":"<!-- This site is optimized with the Yoast SEO plugin v24.0 - https:\/\/yoast.com\/wordpress\/plugins\/seo\/ -->\n<title>Personas mayores de distintos sectores de Laja participaron en cierre de temporada del programa M\u00e1s Adulto Mayor Autovalente - Municipalidad de Laja<\/title>\n<meta name=\"robots\" content=\"index, follow, max-snippet:-1, max-image-preview:large, max-video-preview:-1\" \/>\n<link rel=\"canonical\" href=\"https:\/\/munilaja.cl\/w\/personas-mayores-de-distintos-sectores-de-laja-participaron-en-cierre-de-temporada-del-programa-mas-adulto-mayor-autovalente\/\" \/>\n<meta property=\"og:locale\" content=\"es_ES\" \/>\n<meta property=\"og:type\" content=\"article\" \/>\n<meta property=\"og:title\" content=\"Personas mayores de distintos sectores de Laja participaron en cierre de temporada del programa M\u00e1s Adulto Mayor Autovalente - Municipalidad de Laja\" \/>\n<meta property=\"og:description\" content=\"La jornada reuni\u00f3 a cerca de 50 participantes de Puente Perales, Cachapoal, Quiebrafrenos, Los Ci\u00e9nogos y La Colonia, quienes disfrutaron de una jornada de encuentro, participaci\u00f3n y folclor en el marco de las celebraciones de Fiestas Patrias. Una alegre jornada de encuentro y participaci\u00f3n social se desarroll\u00f3 en Laja con motivo del segundo cierre de [&hellip;]\" \/>\n<meta property=\"og:url\" content=\"https:\/\/munilaja.cl\/w\/personas-mayores-de-distintos-sectores-de-laja-participaron-en-cierre-de-temporada-del-programa-mas-adulto-mayor-autovalente\/\" \/>\n<meta property=\"og:site_name\" content=\"Municipalidad de Laja\" \/>\n<meta property=\"article:published_time\" content=\"2026-09-03T12:43:22+00:00\" \/>\n<meta property=\"og:image\" content=\"https:\/\/munilaja.cl\/w\/wp-content\/uploads\/2026\/09\/WhatsApp-Image-2026-09-02-at-16.48.47-1.jpeg\" \/>\n\t<meta property=\"og:image:width\" content=\"1600\" \/>\n\t<meta property=\"og:image:height\" content=\"900\" \/>\n\t<meta property=\"og:image:type\" content=\"image\/jpeg\" \/>\n<meta name=\"author\" content=\"Cindy Castro Villagra\" \/>\n<meta name=\"twitter:card\" content=\"summary_large_image\" \/>\n<meta name=\"twitter:label1\" content=\"Escrito por\" \/>\n\t<meta name=\"twitter:data1\" content=\"Cindy Castro Villagra\" \/>\n\t<meta name=\"twitter:label2\" content=\"Tiempo de lectura\" \/>\n\t<meta name=\"twitter:data2\" content=\"6 minutos\" \/>\n<script type=\"application\/ld+json\" class=\"yoast-schema-graph\">{\"@context\":\"https:\/\/schema.org\",\"@graph\":[{\"@type\":\"Article\",\"@id\":\"https:\/\/munilaja.cl\/w\/personas-mayores-de-distintos-sectores-de-laja-participaron-en-cierre-de-temporada-del-programa-mas-adulto-mayor-autovalente\/#article\",\"isPartOf\":{\"@id\":\"https:\/\/munilaja.cl\/w\/personas-mayores-de-distintos-sectores-de-laja-participaron-en-cierre-de-temporada-del-programa-mas-adulto-mayor-autovalente\/\"},\"author\":{\"name\":\"Cindy Castro Villagra\",\"@id\":\"https:\/\/munilaja.cl\/w\/#\/schema\/person\/c52429e10a6082091590c108f0f4fab0\"},\"headline\":\"Personas mayores de distintos sectores de Laja participaron en cierre de temporada del programa M\u00e1s Adulto Mayor Autovalente\",\"datePublished\":\"2026-09-03T12:43:22+00:00\",\"dateModified\":\"2026-09-03T12:43:22+00:00\",\"mainEntityOfPage\":{\"@id\":\"https:\/\/munilaja.cl\/w\/personas-mayores-de-distintos-sectores-de-laja-participaron-en-cierre-de-temporada-del-programa-mas-adulto-mayor-autovalente\/\"},\"wordCount\":427,\"publisher\":{\"@id\":\"https:\/\/munilaja.cl\/w\/#organization\"},\"image\":{\"@id\":\"https:\/\/munilaja.cl\/w\/personas-mayores-de-distintos-sectores-de-laja-participaron-en-cierre-de-temporada-del-programa-mas-adulto-mayor-autovalente\/#primaryimage\"},\"thumbnailUrl\":\"https:\/\/munilaja.cl\/w\/wp-content\/uploads\/2026\/09\/WhatsApp-Image-2026-09-02-at-16.48.47-1.jpeg\",\"articleSection\":[\"Servicio a la comunidad\"],\"inLanguage\":\"es\"},{\"@type\":\"WebPage\",\"@id\":\"https:\/\/munilaja.cl\/w\/personas-mayores-de-distintos-sectores-de-laja-participaron-en-cierre-de-temporada-del-programa-mas-adulto-mayor-autovalente\/\",\"url\":\"https:\/\/munilaja.cl\/w\/personas-mayores-de-distintos-sectores-de-laja-participaron-en-cierre-de-temporada-del-programa-mas-adulto-mayor-autovalente\/\",\"name\":\"Personas mayores de distintos sectores de Laja participaron en cierre de temporada del programa M\u00e1s Adulto Mayor Autovalente - Municipalidad de Laja\",\"isPartOf\":{\"@id\":\"https:\/\/munilaja.cl\/w\/#website\"},\"primaryImageOfPage\":{\"@id\":\"https:\/\/munilaja.cl\/w\/personas-mayores-de-distintos-sectores-de-laja-participaron-en-cierre-de-temporada-del-programa-mas-adulto-mayor-autovalente\/#primaryimage\"},\"image\":{\"@id\":\"https:\/\/munilaja.cl\/w\/personas-mayores-de-distintos-sectores-de-laja-participaron-en-cierre-de-temporada-del-programa-mas-adulto-mayor-autovalente\/#primaryimage\"},\"thumbnailUrl\":\"https:\/\/munilaja.cl\/w\/wp-content\/uploads\/2026\/09\/WhatsApp-Image-2026-09-02-at-16.48.47-1.jpeg\",\"datePublished\":\"2026-09-03T12:43:22+00:00\",\"dateModified\":\"2026-09-03T12:43:22+00:00\",\"breadcrumb\":{\"@id\":\"https:\/\/munilaja.cl\/w\/personas-mayores-de-distintos-sectores-de-laja-participaron-en-cierre-de-temporada-del-programa-mas-adulto-mayor-autovalente\/#breadcrumb\"},\"inLanguage\":\"es\",\"potentialAction\":[{\"@type\":\"ReadAction\",\"target\":[\"https:\/\/munilaja.cl\/w\/personas-mayores-de-distintos-sectores-de-laja-participaron-en-cierre-de-temporada-del-programa-mas-adulto-mayor-autovalente\/\"]}]},{\"@type\":\"ImageObject\",\"inLanguage\":\"es\",\"@id\":\"https:\/\/munilaja.cl\/w\/personas-mayores-de-distintos-sectores-de-laja-participaron-en-cierre-de-temporada-del-programa-mas-adulto-mayor-autovalente\/#primaryimage\",\"url\":\"https:\/\/munilaja.cl\/w\/wp-content\/uploads\/2026\/09\/WhatsApp-Image-2026-09-02-at-16.48.47-1.jpeg\",\"contentUrl\":\"https:\/\/munilaja.cl\/w\/wp-content\/uploads\/2026\/09\/WhatsApp-Image-2026-09-02-at-16.48.47-1.jpeg\",\"width\":1600,\"height\":900},{\"@type\":\"BreadcrumbList\",\"@id\":\"https:\/\/munilaja.cl\/w\/personas-mayores-de-distintos-sectores-de-laja-participaron-en-cierre-de-temporada-del-programa-mas-adulto-mayor-autovalente\/#breadcrumb\",\"itemListElement\":[{\"@type\":\"ListItem\",\"position\":1,\"name\":\"Portada\",\"item\":\"https:\/\/munilaja.cl\/w\/\"},{\"@type\":\"ListItem\",\"position\":2,\"name\":\"Personas mayores de distintos sectores de Laja participaron en cierre de temporada del programa M\u00e1s Adulto Mayor Autovalente\"}]},{\"@type\":\"WebSite\",\"@id\":\"https:\/\/munilaja.cl\/w\/#website\",\"url\":\"https:\/\/munilaja.cl\/w\/\",\"name\":\"Municipalidad de Laja\",\"description\":\"Web Municipal\",\"publisher\":{\"@id\":\"https:\/\/munilaja.cl\/w\/#organization\"},\"potentialAction\":[{\"@type\":\"SearchAction\",\"target\":{\"@type\":\"EntryPoint\",\"urlTemplate\":\"https:\/\/munilaja.cl\/w\/?s={search_term_string}\"},\"query-input\":{\"@type\":\"PropertyValueSpecification\",\"valueRequired\":true,\"valueName\":\"search_term_string\"}}],\"inLanguage\":\"es\"},{\"@type\":\"Organization\",\"@id\":\"https:\/\/munilaja.cl\/w\/#organization\",\"name\":\"Municipalidad de Laja\",\"url\":\"https:\/\/munilaja.cl\/w\/\",\"logo\":{\"@type\":\"ImageObject\",\"inLanguage\":\"es\",\"@id\":\"https:\/\/munilaja.cl\/w\/#\/schema\/logo\/image\/\",\"url\":\"https:\/\/munilaja.cl\/w\/wp-content\/uploads\/2024\/11\/ESCUDO-LAJA-LETRAS-BLANCAS-LOGO-WEB.png\",\"contentUrl\":\"https:\/\/munilaja.cl\/w\/wp-content\/uploads\/2024\/11\/ESCUDO-LAJA-LETRAS-BLANCAS-LOGO-WEB.png\",\"width\":150,\"height\":150,\"caption\":\"Municipalidad de Laja\"},\"image\":{\"@id\":\"https:\/\/munilaja.cl\/w\/#\/schema\/logo\/image\/\"}},{\"@type\":\"Person\",\"@id\":\"https:\/\/munilaja.cl\/w\/#\/schema\/person\/c52429e10a6082091590c108f0f4fab0\",\"name\":\"Cindy Castro Villagra\",\"url\":\"https:\/\/munilaja.cl\/w\/author\/cindy-castro\/\"}]}<\/script>\n<!-- \/ Yoast SEO plugin. -->","yoast_head_json":{"title":"Personas mayores de distintos sectores de Laja participaron en cierre de temporada del programa M\u00e1s Adulto Mayor Autovalente - Municipalidad de Laja","robots":{"index":"index","follow":"follow","max-snippet":"max-snippet:-1","max-image-preview":"max-image-preview:large","max-video-preview":"max-video-preview:-1"},"canonical":"https:\/\/munilaja.cl\/w\/personas-mayores-de-distintos-sectores-de-laja-participaron-en-cierre-de-temporada-del-programa-mas-adulto-mayor-autovalente\/","og_locale":"es_ES","og_type":"article","og_title":"Personas mayores de distintos sectores de Laja participaron en cierre de temporada del programa M\u00e1s Adulto Mayor Autovalente - Municipalidad de Laja","og_description":"La jornada reuni\u00f3 a cerca de 50 participantes de Puente Perales, Cachapoal, Quiebrafrenos, Los Ci\u00e9nogos y La Colonia, quienes disfrutaron de una jornada de encuentro, participaci\u00f3n y folclor en el marco de las celebraciones de Fiestas Patrias. Una alegre jornada de encuentro y participaci\u00f3n social se desarroll\u00f3 en Laja con motivo del segundo cierre de [&hellip;]","og_url":"https:\/\/munilaja.cl\/w\/personas-mayores-de-distintos-sectores-de-laja-participaron-en-cierre-de-temporada-del-programa-mas-adulto-mayor-autovalente\/","og_site_name":"Municipalidad de Laja","article_published_time":"2026-09-03T12:43:22+00:00","og_image":[{"width":1600,"height":900,"url":"https:\/\/munilaja.cl\/w\/wp-content\/uploads\/2026\/09\/WhatsApp-Image-2026-09-02-at-16.48.47-1.jpeg","type":"image\/jpeg"}],"author":"Cindy Castro Villagra","twitter_card":"summary_large_image","twitter_misc":{"Escrito por":"Cindy Castro Villagra","Tiempo de lectura":"6 minutos"},"schema":{"@context":"https:\/\/schema.org","@graph":[{"@type":"Article","@id":"https:\/\/munilaja.cl\/w\/personas-mayores-de-distintos-sectores-de-laja-participaron-en-cierre-de-temporada-del-programa-mas-adulto-mayor-autovalente\/#article","isPartOf":{"@id":"https:\/\/munilaja.cl\/w\/personas-mayores-de-distintos-sectores-de-laja-participaron-en-cierre-de-temporada-del-programa-mas-adulto-mayor-autovalente\/"},"author":{"name":"Cindy Castro Villagra","@id":"https:\/\/munilaja.cl\/w\/#\/schema\/person\/c52429e10a6082091590c108f0f4fab0"},"headline":"Personas mayores de distintos sectores de Laja participaron en cierre de temporada del programa M\u00e1s Adulto Mayor Autovalente","datePublished":"2026-09-03T12:43:22+00:00","dateModified":"2026-09-03T12:43:22+00:00","mainEntityOfPage":{"@id":"https:\/\/munilaja.cl\/w\/personas-mayores-de-distintos-sectores-de-laja-participaron-en-cierre-de-temporada-del-programa-mas-adulto-mayor-autovalente\/"},"wordCount":427,"publisher":{"@id":"https:\/\/munilaja.cl\/w\/#organization"},"image":{"@id":"https:\/\/munilaja.cl\/w\/personas-mayores-de-distintos-sectores-de-laja-participaron-en-cierre-de-temporada-del-programa-mas-adulto-mayor-autovalente\/#primaryimage"},"thumbnailUrl":"https:\/\/munilaja.cl\/w\/wp-content\/uploads\/2026\/09\/WhatsApp-Image-2026-09-02-at-16.48.47-1.jpeg","articleSection":["Servicio a la comunidad"],"inLanguage":"es"},{"@type":"WebPage","@id":"https:\/\/munilaja.cl\/w\/personas-mayores-de-distintos-sectores-de-laja-participaron-en-cierre-de-temporada-del-programa-mas-adulto-mayor-autovalente\/","url":"https:\/\/munilaja.cl\/w\/personas-mayores-de-distintos-sectores-de-laja-participaron-en-cierre-de-temporada-del-programa-mas-adulto-mayor-autovalente\/","name":"Personas mayores de distintos sectores de Laja participaron en cierre de temporada del programa M\u00e1s Adulto Mayor Autovalente - Municipalidad de Laja","isPartOf":{"@id":"https:\/\/munilaja.cl\/w\/#website"},"primaryImageOfPage":{"@id":"https:\/\/munilaja.cl\/w\/personas-mayores-de-distintos-sectores-de-laja-participaron-en-cierre-de-temporada-del-programa-mas-adulto-mayor-autovalente\/#primaryimage"},"image":{"@id":"https:\/\/munilaja.cl\/w\/personas-mayores-de-distintos-sectores-de-laja-participaron-en-cierre-de-temporada-del-programa-mas-adulto-mayor-autovalente\/#primaryimage"},"thumbnailUrl":"https:\/\/munilaja.cl\/w\/wp-content\/uploads\/2026\/09\/WhatsApp-Image-2026-09-02-at-16.48.47-1.jpeg","datePublished":"2026-09-03T12:43:22+00:00","dateModified":"2026-09-03T12:43:22+00:00","breadcrumb":{"@id":"https:\/\/munilaja.cl\/w\/personas-mayores-de-distintos-sectores-de-laja-participaron-en-cierre-de-temporada-del-programa-mas-adulto-mayor-autovalente\/#breadcrumb"},"inLanguage":"es","potentialAction":[{"@type":"ReadAction","target":["https:\/\/munilaja.cl\/w\/personas-mayores-de-distintos-sectores-de-laja-participaron-en-cierre-de-temporada-del-programa-mas-adulto-mayor-autovalente\/"]}]},{"@type":"ImageObject","inLanguage":"es","@id":"https:\/\/munilaja.cl\/w\/personas-mayores-de-distintos-sectores-de-laja-participaron-en-cierre-de-temporada-del-programa-mas-adulto-mayor-autovalente\/#primaryimage","url":"https:\/\/munilaja.cl\/w\/wp-content\/uploads\/2026\/09\/WhatsApp-Image-2026-09-02-at-16.48.47-1.jpeg","contentUrl":"https:\/\/munilaja.cl\/w\/wp-content\/uploads\/2026\/09\/WhatsApp-Image-2026-09-02-at-16.48.47-1.jpeg","width":1600,"height":900},{"@type":"BreadcrumbList","@id":"https:\/\/munilaja.cl\/w\/personas-mayores-de-distintos-sectores-de-laja-participaron-en-cierre-de-temporada-del-programa-mas-adulto-mayor-autovalente\/#breadcrumb","itemListElement":[{"@type":"ListItem","position":1,"name":"Portada","item":"https:\/\/munilaja.cl\/w\/"},{"@type":"ListItem","position":2,"name":"Personas mayores de distintos sectores de Laja participaron en cierre de temporada del programa M\u00e1s Adulto Mayor Autovalente"}]},{"@type":"WebSite","@id":"https:\/\/munilaja.cl\/w\/#website","url":"https:\/\/munilaja.cl\/w\/","name":"Municipalidad de Laja","description":"Web Municipal","publisher":{"@id":"https:\/\/munilaja.cl\/w\/#organization"},"potentialAction":[{"@type":"SearchAction","target":{"@type":"EntryPoint","urlTemplate":"https:\/\/munilaja.cl\/w\/?s={search_term_string}"},"query-input":{"@type":"PropertyValueSpecification","valueRequired":true,"valueName":"search_term_string"}}],"inLanguage":"es"},{"@type":"Organization","@id":"https:\/\/munilaja.cl\/w\/#organization","name":"Municipalidad de Laja","url":"https:\/\/munilaja.cl\/w\/","logo":{"@type":"ImageObject","inLanguage":"es","@id":"https:\/\/munilaja.cl\/w\/#\/schema\/logo\/image\/","url":"https:\/\/munilaja.cl\/w\/wp-content\/uploads\/2024\/11\/ESCUDO-LAJA-LETRAS-BLANCAS-LOGO-WEB.png","contentUrl":"https:\/\/munilaja.cl\/w\/wp-content\/uploads\/2024\/11\/ESCUDO-LAJA-LETRAS-BLANCAS-LOGO-WEB.png","width":150,"height":150,"caption":"Municipalidad de Laja"},"image":{"@id":"https:\/\/munilaja.cl\/w\/#\/schema\/logo\/image\/"}},{"@type":"Person","@id":"https:\/\/munilaja.cl\/w\/#\/schema\/person\/c52429e10a6082091590c108f0f4fab0","name":"Cindy Castro Villagra","url":"https:\/\/munilaja.cl\/w\/author\/cindy-castro\/"}]}},"_links":{"self":[{"href":"https:\/\/munilaja.cl\/w\/wp-json\/wp\/v2\/posts\/75552"}],"collection":[{"href":"https:\/\/munilaja.cl\/w\/wp-json\/wp\/v2\/posts"}],"about":[{"href":"https:\/\/munilaja.cl\/w\/wp-json\/wp\/v2\/types\/post"}],"author":[{"embeddable":true,"href":"https:\/\/munilaja.cl\/w\/wp-json\/wp\/v2\/users\/17"}],"replies":[{"embeddable":true,"href":"https:\/\/munilaja.cl\/w\/wp-json\/wp\/v2\/comments?post=75552"}],"version-history":[{"count":1,"href":"https:\/\/munilaja.cl\/w\/wp-json\/wp\/v2\/posts\/75552\/revisions"}],"predecessor-version":[{"id":75573,"href":"https:\/\/munilaja.cl\/w\/wp-json\/wp\/v2\/posts\/75552\/revisions\/75573"}],"wp:featuredmedia":[{"embeddable":true,"href":"https:\/\/munilaja.cl\/w\/wp-json\/wp\/v2\/media\/75563"}],"wp:attachment":[{"href":"https:\/\/munilaja.cl\/w\/wp-json\/wp\/v2\/media?parent=75552"}],"wp:term":[{"taxonomy":"category","embeddable":true,"href":"https:\/\/munilaja.cl\/w\/wp-json\/wp\/v2\/categories?post=75552"},{"taxonomy":"post_tag","embeddable":true,"href":"https:\/\/munilaja.cl\/w\/wp-json\/wp\/v2\/tags?post=75552"}],"curies":[{"name":"wp","href":"https:\/\/api.w.org\/{rel}","templated":true}]}}