{"id":75531,"date":"2026-09-02T09:59:33","date_gmt":"2026-09-02T13:59:33","guid":{"rendered":"https:\/\/munilaja.cl\/w\/?p=75531"},"modified":"2026-09-02T09:59:34","modified_gmt":"2026-09-02T13:59:34","slug":"23-organizaciones-de-adultos-mayores-de-laja-firman-convenios-con-senama-por-mas-de-22-millones","status":"publish","type":"post","link":"https:\/\/munilaja.cl\/w\/23-organizaciones-de-adultos-mayores-de-laja-firman-convenios-con-senama-por-mas-de-22-millones\/","title":{"rendered":"23 organizaciones de adultos mayores de Laja firman convenios con SENAMA por m\u00e1s de $22 millones"},"content":{"rendered":"\n<p><strong><em>Las iniciativas fueron adjudicadas por organizaciones de la comuna a trav\u00e9s de fondos de SENAMA y permitir\u00e1n concretar diversos proyectos en beneficio de sus integrantes. El municipio ha desarrollado un trabajo permanente de acompa\u00f1amiento y apoyo a las agrupaciones en sus procesos de postulaci\u00f3n.<\/em><\/strong><\/p>\n\n\n\n<p>Durante este mi\u00e9rcoles 2 de septiembre, <strong>23 organizaciones de adultos mayores de la comuna de Laja<\/strong> se trasladaron hasta Los \u00c1ngeles para participar en la ceremonia de <strong>firma de convenios con el Servicio Nacional del Adulto Mayor (SENAMA)<\/strong>, tras resultar adjudicatarias de recursos para la ejecuci\u00f3n de sus proyectos.<\/p>\n\n\n\n<p>En total, las iniciativas representan una inversi\u00f3n de <strong>$22.224.550<\/strong>, recursos que permitir\u00e1n a las organizaciones desarrollar distintas acciones y proyectos orientados a sus socios, fortaleciendo sus espacios de encuentro, participaci\u00f3n y bienestar.<\/p>\n\n\n\n<p>Este importante resultado es tambi\u00e9n fruto del <strong>trabajo de gesti\u00f3n y acompa\u00f1amiento que la Municipalidad de Laja ha impulsado junto a las organizaciones sociales de la comuna<\/strong>, entregando orientaci\u00f3n y apoyo durante sus procesos de postulaci\u00f3n a fondos concursables.<\/p>\n\n\n\n<p>Desde la administraci\u00f3n municipal, liderada por el alcalde, se ha relevado la importancia de <strong>generar condiciones y entregar herramientas para que las organizaciones puedan acceder a recursos externos<\/strong>, fortaleciendo as\u00ed su autonom\u00eda y capacidad de desarrollar iniciativas en beneficio de sus integrantes.<\/p>\n\n\n\n<p>En este sentido, el acompa\u00f1amiento del equipo municipal busca facilitar los procesos de postulaci\u00f3n, orientar a las agrupaciones en la formulaci\u00f3n de sus iniciativas y apoyar la gesti\u00f3n de recursos que permitan concretar proyectos que respondan a sus necesidades.<\/p>\n\n\n\n<p><\/p>\n\n\n\n<h3 class=\"wp-block-heading\"><strong>Un reconocimiento al trabajo de las organizaciones<\/strong><\/h3>\n\n\n\n<p>La adjudicaci\u00f3n de estos recursos representa tambi\u00e9n un reconocimiento a la <strong>capacidad de organizaci\u00f3n, participaci\u00f3n y compromiso de las personas mayores de Laja<\/strong>, quienes mantienen una activa presencia en la vida comunitaria.<\/p>\n\n\n\n<p>Desde el municipio destacaron la importancia de continuar fortaleciendo este trabajo conjunto, promoviendo que cada vez m\u00e1s organizaciones puedan participar de convocatorias y programas que les permitan hacer realidad sus proyectos.<\/p>\n\n\n\n<p><em>\u00abNuestra administraci\u00f3n liderada por nuestro Alcalde Vladimir Fica Toledo, ha tenido como prioridad la gesti\u00f3n de recursos para que nuestra comuna siga avanzando. En este caso, hemos puesto a disposici\u00f3n de nuestras personas mayores a nuestro equipo municipal con la intenci\u00f3n de apoyarlos en el proceso de postulaci\u00f3n de sus proyectos y as\u00ed garantizar las posibilidades de adjudicaci\u00f3n de recursos\u00bb<\/em>, destac\u00f3 el Director de Dideco, Felipe Cartes.<\/p>\n\n\n\n<p><strong>Son 23 organizaciones que hoy avanzan en la concreci\u00f3n de sus iniciativas, con una inversi\u00f3n superior a los $22 millones y con el respaldo de una gesti\u00f3n municipal que busca acompa\u00f1ar y abrir nuevas oportunidades para las organizaciones de nuestra comuna.<\/strong><\/p>\n\n\n\n<figure class=\"wp-block-gallery has-nested-images columns-default is-cropped wp-block-gallery-1 is-layout-flex wp-block-gallery-is-layout-flex\">\n<figure class=\"wp-block-image size-large\"><a href=\"https:\/\/munilaja.cl\/w\/wp-content\/uploads\/2026\/09\/DSC09306-scaled.jpg\"><img fetchpriority=\"high\" decoding=\"async\" width=\"1024\" height=\"768\" data-id=\"75542\" src=\"https:\/\/munilaja.cl\/w\/wp-content\/uploads\/2026\/09\/DSC09306-1024x768.jpg\" alt=\"\" class=\"wp-image-75542\" srcset=\"https:\/\/munilaja.cl\/w\/wp-content\/uploads\/2026\/09\/DSC09306-1024x768.jpg 1024w, https:\/\/munilaja.cl\/w\/wp-content\/uploads\/2026\/09\/DSC09306-300x225.jpg 300w, https:\/\/munilaja.cl\/w\/wp-content\/uploads\/2026\/09\/DSC09306-768x576.jpg 768w, https:\/\/munilaja.cl\/w\/wp-content\/uploads\/2026\/09\/DSC09306-1536x1152.jpg 1536w, https:\/\/munilaja.cl\/w\/wp-content\/uploads\/2026\/09\/DSC09306-2048x1536.jpg 2048w\" sizes=\"(max-width: 1024px) 100vw, 1024px\" \/><\/a><\/figure>\n\n\n\n<figure class=\"wp-block-image size-large\"><a href=\"https:\/\/munilaja.cl\/w\/wp-content\/uploads\/2026\/09\/DSC09309-scaled.jpg\"><img decoding=\"async\" width=\"1024\" height=\"768\" data-id=\"75534\" src=\"https:\/\/munilaja.cl\/w\/wp-content\/uploads\/2026\/09\/DSC09309-1024x768.jpg\" alt=\"\" class=\"wp-image-75534\" srcset=\"https:\/\/munilaja.cl\/w\/wp-content\/uploads\/2026\/09\/DSC09309-1024x768.jpg 1024w, https:\/\/munilaja.cl\/w\/wp-content\/uploads\/2026\/09\/DSC09309-300x225.jpg 300w, https:\/\/munilaja.cl\/w\/wp-content\/uploads\/2026\/09\/DSC09309-768x576.jpg 768w, https:\/\/munilaja.cl\/w\/wp-content\/uploads\/2026\/09\/DSC09309-1536x1152.jpg 1536w, https:\/\/munilaja.cl\/w\/wp-content\/uploads\/2026\/09\/DSC09309-2048x1536.jpg 2048w\" sizes=\"(max-width: 1024px) 100vw, 1024px\" \/><\/a><\/figure>\n\n\n\n<figure class=\"wp-block-image size-large\"><a href=\"https:\/\/munilaja.cl\/w\/wp-content\/uploads\/2026\/09\/DSC09311-scaled.jpg\"><img decoding=\"async\" width=\"1024\" height=\"768\" data-id=\"75540\" src=\"https:\/\/munilaja.cl\/w\/wp-content\/uploads\/2026\/09\/DSC09311-1024x768.jpg\" alt=\"\" class=\"wp-image-75540\" srcset=\"https:\/\/munilaja.cl\/w\/wp-content\/uploads\/2026\/09\/DSC09311-1024x768.jpg 1024w, https:\/\/munilaja.cl\/w\/wp-content\/uploads\/2026\/09\/DSC09311-300x225.jpg 300w, https:\/\/munilaja.cl\/w\/wp-content\/uploads\/2026\/09\/DSC09311-768x576.jpg 768w, https:\/\/munilaja.cl\/w\/wp-content\/uploads\/2026\/09\/DSC09311-1536x1152.jpg 1536w, https:\/\/munilaja.cl\/w\/wp-content\/uploads\/2026\/09\/DSC09311-2048x1536.jpg 2048w\" sizes=\"(max-width: 1024px) 100vw, 1024px\" \/><\/a><\/figure>\n\n\n\n<figure class=\"wp-block-image size-large\"><a href=\"https:\/\/munilaja.cl\/w\/wp-content\/uploads\/2026\/09\/DSC09314-scaled.jpg\"><img loading=\"lazy\" decoding=\"async\" width=\"1024\" height=\"768\" data-id=\"75544\" src=\"https:\/\/munilaja.cl\/w\/wp-content\/uploads\/2026\/09\/DSC09314-1024x768.jpg\" alt=\"\" class=\"wp-image-75544\" srcset=\"https:\/\/munilaja.cl\/w\/wp-content\/uploads\/2026\/09\/DSC09314-1024x768.jpg 1024w, https:\/\/munilaja.cl\/w\/wp-content\/uploads\/2026\/09\/DSC09314-300x225.jpg 300w, https:\/\/munilaja.cl\/w\/wp-content\/uploads\/2026\/09\/DSC09314-768x576.jpg 768w, https:\/\/munilaja.cl\/w\/wp-content\/uploads\/2026\/09\/DSC09314-1536x1152.jpg 1536w, https:\/\/munilaja.cl\/w\/wp-content\/uploads\/2026\/09\/DSC09314-2048x1536.jpg 2048w\" sizes=\"(max-width: 1024px) 100vw, 1024px\" \/><\/a><\/figure>\n\n\n\n<figure class=\"wp-block-image size-large\"><a href=\"https:\/\/munilaja.cl\/w\/wp-content\/uploads\/2026\/09\/DSC09316-scaled.jpg\"><img loading=\"lazy\" decoding=\"async\" width=\"1024\" height=\"768\" data-id=\"75543\" src=\"https:\/\/munilaja.cl\/w\/wp-content\/uploads\/2026\/09\/DSC09316-1024x768.jpg\" alt=\"\" class=\"wp-image-75543\" srcset=\"https:\/\/munilaja.cl\/w\/wp-content\/uploads\/2026\/09\/DSC09316-1024x768.jpg 1024w, https:\/\/munilaja.cl\/w\/wp-content\/uploads\/2026\/09\/DSC09316-300x225.jpg 300w, https:\/\/munilaja.cl\/w\/wp-content\/uploads\/2026\/09\/DSC09316-768x576.jpg 768w, https:\/\/munilaja.cl\/w\/wp-content\/uploads\/2026\/09\/DSC09316-1536x1152.jpg 1536w, https:\/\/munilaja.cl\/w\/wp-content\/uploads\/2026\/09\/DSC09316-2048x1536.jpg 2048w\" sizes=\"(max-width: 1024px) 100vw, 1024px\" \/><\/a><\/figure>\n\n\n\n<figure class=\"wp-block-image size-large\"><a href=\"https:\/\/munilaja.cl\/w\/wp-content\/uploads\/2026\/09\/DSC09317-scaled.jpg\"><img loading=\"lazy\" decoding=\"async\" width=\"1024\" height=\"768\" data-id=\"75532\" src=\"https:\/\/munilaja.cl\/w\/wp-content\/uploads\/2026\/09\/DSC09317-1024x768.jpg\" alt=\"\" class=\"wp-image-75532\" srcset=\"https:\/\/munilaja.cl\/w\/wp-content\/uploads\/2026\/09\/DSC09317-1024x768.jpg 1024w, https:\/\/munilaja.cl\/w\/wp-content\/uploads\/2026\/09\/DSC09317-300x225.jpg 300w, https:\/\/munilaja.cl\/w\/wp-content\/uploads\/2026\/09\/DSC09317-768x576.jpg 768w, https:\/\/munilaja.cl\/w\/wp-content\/uploads\/2026\/09\/DSC09317-1536x1152.jpg 1536w, https:\/\/munilaja.cl\/w\/wp-content\/uploads\/2026\/09\/DSC09317-2048x1536.jpg 2048w\" sizes=\"(max-width: 1024px) 100vw, 1024px\" \/><\/a><\/figure>\n\n\n\n<figure class=\"wp-block-image size-large\"><a href=\"https:\/\/munilaja.cl\/w\/wp-content\/uploads\/2026\/09\/DSC09320-scaled.jpg\"><img loading=\"lazy\" decoding=\"async\" width=\"1024\" height=\"768\" data-id=\"75545\" src=\"https:\/\/munilaja.cl\/w\/wp-content\/uploads\/2026\/09\/DSC09320-1024x768.jpg\" alt=\"\" class=\"wp-image-75545\" srcset=\"https:\/\/munilaja.cl\/w\/wp-content\/uploads\/2026\/09\/DSC09320-1024x768.jpg 1024w, https:\/\/munilaja.cl\/w\/wp-content\/uploads\/2026\/09\/DSC09320-300x225.jpg 300w, https:\/\/munilaja.cl\/w\/wp-content\/uploads\/2026\/09\/DSC09320-768x576.jpg 768w, https:\/\/munilaja.cl\/w\/wp-content\/uploads\/2026\/09\/DSC09320-1536x1152.jpg 1536w, https:\/\/munilaja.cl\/w\/wp-content\/uploads\/2026\/09\/DSC09320-2048x1536.jpg 2048w\" sizes=\"(max-width: 1024px) 100vw, 1024px\" \/><\/a><\/figure>\n\n\n\n<figure class=\"wp-block-image size-large\"><a href=\"https:\/\/munilaja.cl\/w\/wp-content\/uploads\/2026\/09\/DSC09321-scaled.jpg\"><img loading=\"lazy\" decoding=\"async\" width=\"1024\" height=\"768\" data-id=\"75533\" src=\"https:\/\/munilaja.cl\/w\/wp-content\/uploads\/2026\/09\/DSC09321-1024x768.jpg\" alt=\"\" class=\"wp-image-75533\" srcset=\"https:\/\/munilaja.cl\/w\/wp-content\/uploads\/2026\/09\/DSC09321-1024x768.jpg 1024w, https:\/\/munilaja.cl\/w\/wp-content\/uploads\/2026\/09\/DSC09321-300x225.jpg 300w, https:\/\/munilaja.cl\/w\/wp-content\/uploads\/2026\/09\/DSC09321-768x576.jpg 768w, https:\/\/munilaja.cl\/w\/wp-content\/uploads\/2026\/09\/DSC09321-1536x1152.jpg 1536w, https:\/\/munilaja.cl\/w\/wp-content\/uploads\/2026\/09\/DSC09321-2048x1536.jpg 2048w\" sizes=\"(max-width: 1024px) 100vw, 1024px\" \/><\/a><\/figure>\n\n\n\n<figure class=\"wp-block-image size-large\"><a href=\"https:\/\/munilaja.cl\/w\/wp-content\/uploads\/2026\/09\/DSC09324-scaled.jpg\"><img loading=\"lazy\" decoding=\"async\" width=\"1024\" height=\"768\" data-id=\"75535\" src=\"https:\/\/munilaja.cl\/w\/wp-content\/uploads\/2026\/09\/DSC09324-1024x768.jpg\" alt=\"\" class=\"wp-image-75535\" srcset=\"https:\/\/munilaja.cl\/w\/wp-content\/uploads\/2026\/09\/DSC09324-1024x768.jpg 1024w, https:\/\/munilaja.cl\/w\/wp-content\/uploads\/2026\/09\/DSC09324-300x225.jpg 300w, https:\/\/munilaja.cl\/w\/wp-content\/uploads\/2026\/09\/DSC09324-768x576.jpg 768w, https:\/\/munilaja.cl\/w\/wp-content\/uploads\/2026\/09\/DSC09324-1536x1152.jpg 1536w, https:\/\/munilaja.cl\/w\/wp-content\/uploads\/2026\/09\/DSC09324-2048x1536.jpg 2048w\" sizes=\"(max-width: 1024px) 100vw, 1024px\" \/><\/a><\/figure>\n\n\n\n<figure class=\"wp-block-image size-large\"><a href=\"https:\/\/munilaja.cl\/w\/wp-content\/uploads\/2026\/09\/DSC09326-scaled.jpg\"><img loading=\"lazy\" decoding=\"async\" width=\"1024\" height=\"768\" data-id=\"75537\" src=\"https:\/\/munilaja.cl\/w\/wp-content\/uploads\/2026\/09\/DSC09326-1024x768.jpg\" alt=\"\" class=\"wp-image-75537\" srcset=\"https:\/\/munilaja.cl\/w\/wp-content\/uploads\/2026\/09\/DSC09326-1024x768.jpg 1024w, https:\/\/munilaja.cl\/w\/wp-content\/uploads\/2026\/09\/DSC09326-300x225.jpg 300w, https:\/\/munilaja.cl\/w\/wp-content\/uploads\/2026\/09\/DSC09326-768x576.jpg 768w, https:\/\/munilaja.cl\/w\/wp-content\/uploads\/2026\/09\/DSC09326-1536x1152.jpg 1536w, https:\/\/munilaja.cl\/w\/wp-content\/uploads\/2026\/09\/DSC09326-2048x1536.jpg 2048w\" sizes=\"(max-width: 1024px) 100vw, 1024px\" \/><\/a><\/figure>\n\n\n\n<figure class=\"wp-block-image size-large\"><a href=\"https:\/\/munilaja.cl\/w\/wp-content\/uploads\/2026\/09\/DSC09329-scaled.jpg\"><img loading=\"lazy\" decoding=\"async\" width=\"1024\" height=\"768\" data-id=\"75541\" src=\"https:\/\/munilaja.cl\/w\/wp-content\/uploads\/2026\/09\/DSC09329-1024x768.jpg\" alt=\"\" class=\"wp-image-75541\" srcset=\"https:\/\/munilaja.cl\/w\/wp-content\/uploads\/2026\/09\/DSC09329-1024x768.jpg 1024w, https:\/\/munilaja.cl\/w\/wp-content\/uploads\/2026\/09\/DSC09329-300x225.jpg 300w, https:\/\/munilaja.cl\/w\/wp-content\/uploads\/2026\/09\/DSC09329-768x576.jpg 768w, https:\/\/munilaja.cl\/w\/wp-content\/uploads\/2026\/09\/DSC09329-1536x1152.jpg 1536w, https:\/\/munilaja.cl\/w\/wp-content\/uploads\/2026\/09\/DSC09329-2048x1536.jpg 2048w\" sizes=\"(max-width: 1024px) 100vw, 1024px\" \/><\/a><\/figure>\n\n\n\n<figure class=\"wp-block-image size-large\"><a href=\"https:\/\/munilaja.cl\/w\/wp-content\/uploads\/2026\/09\/DSC09331-scaled.jpg\"><img loading=\"lazy\" decoding=\"async\" width=\"1024\" height=\"768\" data-id=\"75538\" src=\"https:\/\/munilaja.cl\/w\/wp-content\/uploads\/2026\/09\/DSC09331-1024x768.jpg\" alt=\"\" class=\"wp-image-75538\" srcset=\"https:\/\/munilaja.cl\/w\/wp-content\/uploads\/2026\/09\/DSC09331-1024x768.jpg 1024w, https:\/\/munilaja.cl\/w\/wp-content\/uploads\/2026\/09\/DSC09331-300x225.jpg 300w, https:\/\/munilaja.cl\/w\/wp-content\/uploads\/2026\/09\/DSC09331-768x576.jpg 768w, https:\/\/munilaja.cl\/w\/wp-content\/uploads\/2026\/09\/DSC09331-1536x1152.jpg 1536w, https:\/\/munilaja.cl\/w\/wp-content\/uploads\/2026\/09\/DSC09331-2048x1536.jpg 2048w\" sizes=\"(max-width: 1024px) 100vw, 1024px\" \/><\/a><\/figure>\n\n\n\n<figure class=\"wp-block-image size-large\"><a href=\"https:\/\/munilaja.cl\/w\/wp-content\/uploads\/2026\/09\/DSC09334-scaled.jpg\"><img loading=\"lazy\" decoding=\"async\" width=\"1024\" height=\"768\" data-id=\"75536\" src=\"https:\/\/munilaja.cl\/w\/wp-content\/uploads\/2026\/09\/DSC09334-1024x768.jpg\" alt=\"\" class=\"wp-image-75536\" srcset=\"https:\/\/munilaja.cl\/w\/wp-content\/uploads\/2026\/09\/DSC09334-1024x768.jpg 1024w, https:\/\/munilaja.cl\/w\/wp-content\/uploads\/2026\/09\/DSC09334-300x225.jpg 300w, https:\/\/munilaja.cl\/w\/wp-content\/uploads\/2026\/09\/DSC09334-768x576.jpg 768w, https:\/\/munilaja.cl\/w\/wp-content\/uploads\/2026\/09\/DSC09334-1536x1152.jpg 1536w, https:\/\/munilaja.cl\/w\/wp-content\/uploads\/2026\/09\/DSC09334-2048x1536.jpg 2048w\" sizes=\"(max-width: 1024px) 100vw, 1024px\" \/><\/a><\/figure>\n\n\n\n<figure class=\"wp-block-image size-large\"><a href=\"https:\/\/munilaja.cl\/w\/wp-content\/uploads\/2026\/09\/DSC09336-scaled.jpg\"><img loading=\"lazy\" decoding=\"async\" width=\"1024\" height=\"768\" data-id=\"75539\" src=\"https:\/\/munilaja.cl\/w\/wp-content\/uploads\/2026\/09\/DSC09336-1024x768.jpg\" alt=\"\" class=\"wp-image-75539\" srcset=\"https:\/\/munilaja.cl\/w\/wp-content\/uploads\/2026\/09\/DSC09336-1024x768.jpg 1024w, https:\/\/munilaja.cl\/w\/wp-content\/uploads\/2026\/09\/DSC09336-300x225.jpg 300w, https:\/\/munilaja.cl\/w\/wp-content\/uploads\/2026\/09\/DSC09336-768x576.jpg 768w, https:\/\/munilaja.cl\/w\/wp-content\/uploads\/2026\/09\/DSC09336-1536x1152.jpg 1536w, https:\/\/munilaja.cl\/w\/wp-content\/uploads\/2026\/09\/DSC09336-2048x1536.jpg 2048w\" sizes=\"(max-width: 1024px) 100vw, 1024px\" \/><\/a><\/figure>\n<\/figure>\n","protected":false},"excerpt":{"rendered":"<p>Las iniciativas fueron adjudicadas por organizaciones de la comuna a trav\u00e9s de fondos de SENAMA y permitir\u00e1n concretar diversos proyectos en beneficio de sus integrantes. El municipio ha desarrollado un trabajo permanente de acompa\u00f1amiento y apoyo a las agrupaciones en sus procesos de postulaci\u00f3n. Durante este mi\u00e9rcoles 2 de septiembre, 23 organizaciones de adultos mayores [&hellip;]<\/p>\n","protected":false},"author":17,"featured_media":75534,"comment_status":"closed","ping_status":"closed","sticky":false,"template":"","format":"standard","meta":{"zakra_sidebar_layout":"customizer","zakra_remove_content_margin":false,"zakra_sidebar":"customizer","zakra_transparent_header":"customizer","zakra_logo":0,"zakra_main_header_style":"default","zakra_menu_item_color":"","zakra_menu_item_hover_color":"","zakra_menu_item_active_color":"","zakra_menu_active_style":"zakra_menu_active_style","zakra_page_header":true,"footnotes":""},"categories":[17],"tags":[],"class_list":["post-75531","post","type-post","status-publish","format-standard","has-post-thumbnail","hentry","category-servicio-a-la-comunidad"],"yoast_head":"<!-- This site is optimized with the Yoast SEO plugin v24.0 - https:\/\/yoast.com\/wordpress\/plugins\/seo\/ -->\n<title>23 organizaciones de adultos mayores de Laja firman convenios con SENAMA por m\u00e1s de $22 millones - Municipalidad de Laja<\/title>\n<meta name=\"robots\" content=\"index, follow, max-snippet:-1, max-image-preview:large, max-video-preview:-1\" \/>\n<link rel=\"canonical\" href=\"https:\/\/munilaja.cl\/w\/23-organizaciones-de-adultos-mayores-de-laja-firman-convenios-con-senama-por-mas-de-22-millones\/\" \/>\n<meta property=\"og:locale\" content=\"es_ES\" \/>\n<meta property=\"og:type\" content=\"article\" \/>\n<meta property=\"og:title\" content=\"23 organizaciones de adultos mayores de Laja firman convenios con SENAMA por m\u00e1s de $22 millones - Municipalidad de Laja\" \/>\n<meta property=\"og:description\" content=\"Las iniciativas fueron adjudicadas por organizaciones de la comuna a trav\u00e9s de fondos de SENAMA y permitir\u00e1n concretar diversos proyectos en beneficio de sus integrantes. El municipio ha desarrollado un trabajo permanente de acompa\u00f1amiento y apoyo a las agrupaciones en sus procesos de postulaci\u00f3n. Durante este mi\u00e9rcoles 2 de septiembre, 23 organizaciones de adultos mayores [&hellip;]\" \/>\n<meta property=\"og:url\" content=\"https:\/\/munilaja.cl\/w\/23-organizaciones-de-adultos-mayores-de-laja-firman-convenios-con-senama-por-mas-de-22-millones\/\" \/>\n<meta property=\"og:site_name\" content=\"Municipalidad de Laja\" \/>\n<meta property=\"article:published_time\" content=\"2026-09-02T13:59:33+00:00\" \/>\n<meta property=\"article:modified_time\" content=\"2026-09-02T13:59:34+00:00\" \/>\n<meta property=\"og:image\" content=\"https:\/\/munilaja.cl\/w\/wp-content\/uploads\/2026\/09\/DSC09309-scaled.jpg\" \/>\n\t<meta property=\"og:image:width\" content=\"2560\" \/>\n\t<meta property=\"og:image:height\" content=\"1920\" \/>\n\t<meta property=\"og:image:type\" content=\"image\/jpeg\" \/>\n<meta name=\"author\" content=\"Cindy Castro Villagra\" \/>\n<meta name=\"twitter:card\" content=\"summary_large_image\" \/>\n<meta name=\"twitter:label1\" content=\"Escrito por\" \/>\n\t<meta name=\"twitter:data1\" content=\"Cindy Castro Villagra\" \/>\n\t<meta name=\"twitter:label2\" content=\"Tiempo de lectura\" \/>\n\t<meta name=\"twitter:data2\" content=\"5 minutos\" \/>\n<script type=\"application\/ld+json\" class=\"yoast-schema-graph\">{\"@context\":\"https:\/\/schema.org\",\"@graph\":[{\"@type\":\"Article\",\"@id\":\"https:\/\/munilaja.cl\/w\/23-organizaciones-de-adultos-mayores-de-laja-firman-convenios-con-senama-por-mas-de-22-millones\/#article\",\"isPartOf\":{\"@id\":\"https:\/\/munilaja.cl\/w\/23-organizaciones-de-adultos-mayores-de-laja-firman-convenios-con-senama-por-mas-de-22-millones\/\"},\"author\":{\"name\":\"Cindy Castro Villagra\",\"@id\":\"https:\/\/munilaja.cl\/w\/#\/schema\/person\/c52429e10a6082091590c108f0f4fab0\"},\"headline\":\"23 organizaciones de adultos mayores de Laja firman convenios con SENAMA por m\u00e1s de $22 millones\",\"datePublished\":\"2026-09-02T13:59:33+00:00\",\"dateModified\":\"2026-09-02T13:59:34+00:00\",\"mainEntityOfPage\":{\"@id\":\"https:\/\/munilaja.cl\/w\/23-organizaciones-de-adultos-mayores-de-laja-firman-convenios-con-senama-por-mas-de-22-millones\/\"},\"wordCount\":468,\"publisher\":{\"@id\":\"https:\/\/munilaja.cl\/w\/#organization\"},\"image\":{\"@id\":\"https:\/\/munilaja.cl\/w\/23-organizaciones-de-adultos-mayores-de-laja-firman-convenios-con-senama-por-mas-de-22-millones\/#primaryimage\"},\"thumbnailUrl\":\"https:\/\/munilaja.cl\/w\/wp-content\/uploads\/2026\/09\/DSC09309-scaled.jpg\",\"articleSection\":[\"Servicio a la comunidad\"],\"inLanguage\":\"es\"},{\"@type\":\"WebPage\",\"@id\":\"https:\/\/munilaja.cl\/w\/23-organizaciones-de-adultos-mayores-de-laja-firman-convenios-con-senama-por-mas-de-22-millones\/\",\"url\":\"https:\/\/munilaja.cl\/w\/23-organizaciones-de-adultos-mayores-de-laja-firman-convenios-con-senama-por-mas-de-22-millones\/\",\"name\":\"23 organizaciones de adultos mayores de Laja firman convenios con SENAMA por m\u00e1s de $22 millones - Municipalidad de Laja\",\"isPartOf\":{\"@id\":\"https:\/\/munilaja.cl\/w\/#website\"},\"primaryImageOfPage\":{\"@id\":\"https:\/\/munilaja.cl\/w\/23-organizaciones-de-adultos-mayores-de-laja-firman-convenios-con-senama-por-mas-de-22-millones\/#primaryimage\"},\"image\":{\"@id\":\"https:\/\/munilaja.cl\/w\/23-organizaciones-de-adultos-mayores-de-laja-firman-convenios-con-senama-por-mas-de-22-millones\/#primaryimage\"},\"thumbnailUrl\":\"https:\/\/munilaja.cl\/w\/wp-content\/uploads\/2026\/09\/DSC09309-scaled.jpg\",\"datePublished\":\"2026-09-02T13:59:33+00:00\",\"dateModified\":\"2026-09-02T13:59:34+00:00\",\"breadcrumb\":{\"@id\":\"https:\/\/munilaja.cl\/w\/23-organizaciones-de-adultos-mayores-de-laja-firman-convenios-con-senama-por-mas-de-22-millones\/#breadcrumb\"},\"inLanguage\":\"es\",\"potentialAction\":[{\"@type\":\"ReadAction\",\"target\":[\"https:\/\/munilaja.cl\/w\/23-organizaciones-de-adultos-mayores-de-laja-firman-convenios-con-senama-por-mas-de-22-millones\/\"]}]},{\"@type\":\"ImageObject\",\"inLanguage\":\"es\",\"@id\":\"https:\/\/munilaja.cl\/w\/23-organizaciones-de-adultos-mayores-de-laja-firman-convenios-con-senama-por-mas-de-22-millones\/#primaryimage\",\"url\":\"https:\/\/munilaja.cl\/w\/wp-content\/uploads\/2026\/09\/DSC09309-scaled.jpg\",\"contentUrl\":\"https:\/\/munilaja.cl\/w\/wp-content\/uploads\/2026\/09\/DSC09309-scaled.jpg\",\"width\":2560,\"height\":1920},{\"@type\":\"BreadcrumbList\",\"@id\":\"https:\/\/munilaja.cl\/w\/23-organizaciones-de-adultos-mayores-de-laja-firman-convenios-con-senama-por-mas-de-22-millones\/#breadcrumb\",\"itemListElement\":[{\"@type\":\"ListItem\",\"position\":1,\"name\":\"Portada\",\"item\":\"https:\/\/munilaja.cl\/w\/\"},{\"@type\":\"ListItem\",\"position\":2,\"name\":\"23 organizaciones de adultos mayores de Laja firman convenios con SENAMA por m\u00e1s de $22 millones\"}]},{\"@type\":\"WebSite\",\"@id\":\"https:\/\/munilaja.cl\/w\/#website\",\"url\":\"https:\/\/munilaja.cl\/w\/\",\"name\":\"Municipalidad de Laja\",\"description\":\"Web Municipal\",\"publisher\":{\"@id\":\"https:\/\/munilaja.cl\/w\/#organization\"},\"potentialAction\":[{\"@type\":\"SearchAction\",\"target\":{\"@type\":\"EntryPoint\",\"urlTemplate\":\"https:\/\/munilaja.cl\/w\/?s={search_term_string}\"},\"query-input\":{\"@type\":\"PropertyValueSpecification\",\"valueRequired\":true,\"valueName\":\"search_term_string\"}}],\"inLanguage\":\"es\"},{\"@type\":\"Organization\",\"@id\":\"https:\/\/munilaja.cl\/w\/#organization\",\"name\":\"Municipalidad de Laja\",\"url\":\"https:\/\/munilaja.cl\/w\/\",\"logo\":{\"@type\":\"ImageObject\",\"inLanguage\":\"es\",\"@id\":\"https:\/\/munilaja.cl\/w\/#\/schema\/logo\/image\/\",\"url\":\"https:\/\/munilaja.cl\/w\/wp-content\/uploads\/2024\/11\/ESCUDO-LAJA-LETRAS-BLANCAS-LOGO-WEB.png\",\"contentUrl\":\"https:\/\/munilaja.cl\/w\/wp-content\/uploads\/2024\/11\/ESCUDO-LAJA-LETRAS-BLANCAS-LOGO-WEB.png\",\"width\":150,\"height\":150,\"caption\":\"Municipalidad de Laja\"},\"image\":{\"@id\":\"https:\/\/munilaja.cl\/w\/#\/schema\/logo\/image\/\"}},{\"@type\":\"Person\",\"@id\":\"https:\/\/munilaja.cl\/w\/#\/schema\/person\/c52429e10a6082091590c108f0f4fab0\",\"name\":\"Cindy Castro Villagra\",\"url\":\"https:\/\/munilaja.cl\/w\/author\/cindy-castro\/\"}]}<\/script>\n<!-- \/ Yoast SEO plugin. -->","yoast_head_json":{"title":"23 organizaciones de adultos mayores de Laja firman convenios con SENAMA por m\u00e1s de $22 millones - Municipalidad de Laja","robots":{"index":"index","follow":"follow","max-snippet":"max-snippet:-1","max-image-preview":"max-image-preview:large","max-video-preview":"max-video-preview:-1"},"canonical":"https:\/\/munilaja.cl\/w\/23-organizaciones-de-adultos-mayores-de-laja-firman-convenios-con-senama-por-mas-de-22-millones\/","og_locale":"es_ES","og_type":"article","og_title":"23 organizaciones de adultos mayores de Laja firman convenios con SENAMA por m\u00e1s de $22 millones - Municipalidad de Laja","og_description":"Las iniciativas fueron adjudicadas por organizaciones de la comuna a trav\u00e9s de fondos de SENAMA y permitir\u00e1n concretar diversos proyectos en beneficio de sus integrantes. El municipio ha desarrollado un trabajo permanente de acompa\u00f1amiento y apoyo a las agrupaciones en sus procesos de postulaci\u00f3n. Durante este mi\u00e9rcoles 2 de septiembre, 23 organizaciones de adultos mayores [&hellip;]","og_url":"https:\/\/munilaja.cl\/w\/23-organizaciones-de-adultos-mayores-de-laja-firman-convenios-con-senama-por-mas-de-22-millones\/","og_site_name":"Municipalidad de Laja","article_published_time":"2026-09-02T13:59:33+00:00","article_modified_time":"2026-09-02T13:59:34+00:00","og_image":[{"width":2560,"height":1920,"url":"https:\/\/munilaja.cl\/w\/wp-content\/uploads\/2026\/09\/DSC09309-scaled.jpg","type":"image\/jpeg"}],"author":"Cindy Castro Villagra","twitter_card":"summary_large_image","twitter_misc":{"Escrito por":"Cindy Castro Villagra","Tiempo de lectura":"5 minutos"},"schema":{"@context":"https:\/\/schema.org","@graph":[{"@type":"Article","@id":"https:\/\/munilaja.cl\/w\/23-organizaciones-de-adultos-mayores-de-laja-firman-convenios-con-senama-por-mas-de-22-millones\/#article","isPartOf":{"@id":"https:\/\/munilaja.cl\/w\/23-organizaciones-de-adultos-mayores-de-laja-firman-convenios-con-senama-por-mas-de-22-millones\/"},"author":{"name":"Cindy Castro Villagra","@id":"https:\/\/munilaja.cl\/w\/#\/schema\/person\/c52429e10a6082091590c108f0f4fab0"},"headline":"23 organizaciones de adultos mayores de Laja firman convenios con SENAMA por m\u00e1s de $22 millones","datePublished":"2026-09-02T13:59:33+00:00","dateModified":"2026-09-02T13:59:34+00:00","mainEntityOfPage":{"@id":"https:\/\/munilaja.cl\/w\/23-organizaciones-de-adultos-mayores-de-laja-firman-convenios-con-senama-por-mas-de-22-millones\/"},"wordCount":468,"publisher":{"@id":"https:\/\/munilaja.cl\/w\/#organization"},"image":{"@id":"https:\/\/munilaja.cl\/w\/23-organizaciones-de-adultos-mayores-de-laja-firman-convenios-con-senama-por-mas-de-22-millones\/#primaryimage"},"thumbnailUrl":"https:\/\/munilaja.cl\/w\/wp-content\/uploads\/2026\/09\/DSC09309-scaled.jpg","articleSection":["Servicio a la comunidad"],"inLanguage":"es"},{"@type":"WebPage","@id":"https:\/\/munilaja.cl\/w\/23-organizaciones-de-adultos-mayores-de-laja-firman-convenios-con-senama-por-mas-de-22-millones\/","url":"https:\/\/munilaja.cl\/w\/23-organizaciones-de-adultos-mayores-de-laja-firman-convenios-con-senama-por-mas-de-22-millones\/","name":"23 organizaciones de adultos mayores de Laja firman convenios con SENAMA por m\u00e1s de $22 millones - Municipalidad de Laja","isPartOf":{"@id":"https:\/\/munilaja.cl\/w\/#website"},"primaryImageOfPage":{"@id":"https:\/\/munilaja.cl\/w\/23-organizaciones-de-adultos-mayores-de-laja-firman-convenios-con-senama-por-mas-de-22-millones\/#primaryimage"},"image":{"@id":"https:\/\/munilaja.cl\/w\/23-organizaciones-de-adultos-mayores-de-laja-firman-convenios-con-senama-por-mas-de-22-millones\/#primaryimage"},"thumbnailUrl":"https:\/\/munilaja.cl\/w\/wp-content\/uploads\/2026\/09\/DSC09309-scaled.jpg","datePublished":"2026-09-02T13:59:33+00:00","dateModified":"2026-09-02T13:59:34+00:00","breadcrumb":{"@id":"https:\/\/munilaja.cl\/w\/23-organizaciones-de-adultos-mayores-de-laja-firman-convenios-con-senama-por-mas-de-22-millones\/#breadcrumb"},"inLanguage":"es","potentialAction":[{"@type":"ReadAction","target":["https:\/\/munilaja.cl\/w\/23-organizaciones-de-adultos-mayores-de-laja-firman-convenios-con-senama-por-mas-de-22-millones\/"]}]},{"@type":"ImageObject","inLanguage":"es","@id":"https:\/\/munilaja.cl\/w\/23-organizaciones-de-adultos-mayores-de-laja-firman-convenios-con-senama-por-mas-de-22-millones\/#primaryimage","url":"https:\/\/munilaja.cl\/w\/wp-content\/uploads\/2026\/09\/DSC09309-scaled.jpg","contentUrl":"https:\/\/munilaja.cl\/w\/wp-content\/uploads\/2026\/09\/DSC09309-scaled.jpg","width":2560,"height":1920},{"@type":"BreadcrumbList","@id":"https:\/\/munilaja.cl\/w\/23-organizaciones-de-adultos-mayores-de-laja-firman-convenios-con-senama-por-mas-de-22-millones\/#breadcrumb","itemListElement":[{"@type":"ListItem","position":1,"name":"Portada","item":"https:\/\/munilaja.cl\/w\/"},{"@type":"ListItem","position":2,"name":"23 organizaciones de adultos mayores de Laja firman convenios con SENAMA por m\u00e1s de $22 millones"}]},{"@type":"WebSite","@id":"https:\/\/munilaja.cl\/w\/#website","url":"https:\/\/munilaja.cl\/w\/","name":"Municipalidad de Laja","description":"Web Municipal","publisher":{"@id":"https:\/\/munilaja.cl\/w\/#organization"},"potentialAction":[{"@type":"SearchAction","target":{"@type":"EntryPoint","urlTemplate":"https:\/\/munilaja.cl\/w\/?s={search_term_string}"},"query-input":{"@type":"PropertyValueSpecification","valueRequired":true,"valueName":"search_term_string"}}],"inLanguage":"es"},{"@type":"Organization","@id":"https:\/\/munilaja.cl\/w\/#organization","name":"Municipalidad de Laja","url":"https:\/\/munilaja.cl\/w\/","logo":{"@type":"ImageObject","inLanguage":"es","@id":"https:\/\/munilaja.cl\/w\/#\/schema\/logo\/image\/","url":"https:\/\/munilaja.cl\/w\/wp-content\/uploads\/2024\/11\/ESCUDO-LAJA-LETRAS-BLANCAS-LOGO-WEB.png","contentUrl":"https:\/\/munilaja.cl\/w\/wp-content\/uploads\/2024\/11\/ESCUDO-LAJA-LETRAS-BLANCAS-LOGO-WEB.png","width":150,"height":150,"caption":"Municipalidad de Laja"},"image":{"@id":"https:\/\/munilaja.cl\/w\/#\/schema\/logo\/image\/"}},{"@type":"Person","@id":"https:\/\/munilaja.cl\/w\/#\/schema\/person\/c52429e10a6082091590c108f0f4fab0","name":"Cindy Castro Villagra","url":"https:\/\/munilaja.cl\/w\/author\/cindy-castro\/"}]}},"_links":{"self":[{"href":"https:\/\/munilaja.cl\/w\/wp-json\/wp\/v2\/posts\/75531"}],"collection":[{"href":"https:\/\/munilaja.cl\/w\/wp-json\/wp\/v2\/posts"}],"about":[{"href":"https:\/\/munilaja.cl\/w\/wp-json\/wp\/v2\/types\/post"}],"author":[{"embeddable":true,"href":"https:\/\/munilaja.cl\/w\/wp-json\/wp\/v2\/users\/17"}],"replies":[{"embeddable":true,"href":"https:\/\/munilaja.cl\/w\/wp-json\/wp\/v2\/comments?post=75531"}],"version-history":[{"count":2,"href":"https:\/\/munilaja.cl\/w\/wp-json\/wp\/v2\/posts\/75531\/revisions"}],"predecessor-version":[{"id":75547,"href":"https:\/\/munilaja.cl\/w\/wp-json\/wp\/v2\/posts\/75531\/revisions\/75547"}],"wp:featuredmedia":[{"embeddable":true,"href":"https:\/\/munilaja.cl\/w\/wp-json\/wp\/v2\/media\/75534"}],"wp:attachment":[{"href":"https:\/\/munilaja.cl\/w\/wp-json\/wp\/v2\/media?parent=75531"}],"wp:term":[{"taxonomy":"category","embeddable":true,"href":"https:\/\/munilaja.cl\/w\/wp-json\/wp\/v2\/categories?post=75531"},{"taxonomy":"post_tag","embeddable":true,"href":"https:\/\/munilaja.cl\/w\/wp-json\/wp\/v2\/tags?post=75531"}],"curies":[{"name":"wp","href":"https:\/\/api.w.org\/{rel}","templated":true}]}}