{"id":75522,"date":"2026-09-01T12:18:10","date_gmt":"2026-09-01T16:18:10","guid":{"rendered":"https:\/\/munilaja.cl\/w\/?p=75522"},"modified":"2026-09-01T12:18:11","modified_gmt":"2026-09-01T16:18:11","slug":"laja-inicia-nuevo-servicio-de-aseo-comunal-con-tres-nuevos-camiones-recolectores","status":"publish","type":"post","link":"https:\/\/munilaja.cl\/w\/laja-inicia-nuevo-servicio-de-aseo-comunal-con-tres-nuevos-camiones-recolectores\/","title":{"rendered":"Laja inicia nuevo servicio de Aseo Comunal con tres nuevos camiones recolectores"},"content":{"rendered":"\n<p><em>La nueva prestaci\u00f3n, adjudicada a COSEMAR SPA por un per\u00edodo de seis a\u00f1os, incorpora tres camiones con cajas compactadoras de 19 m\u00b3, mayor dotaci\u00f3n de personal y un veh\u00edculo destinado exclusivamente a los sectores rurales de la comuna.<\/em><\/p>\n\n\n\n<p>Con la presentaci\u00f3n y bendici\u00f3n de sus nuevos veh\u00edculos, <strong>este martes 1 de septiembre comenz\u00f3 oficialmente el nuevo servicio de Aseo Comunal de Laja<\/strong>, marcando una nueva etapa para una de las prestaciones m\u00e1s importantes para el bienestar y la calidad de vida de las familias de la comuna.<\/p>\n\n\n\n<p>La actividad se desarroll\u00f3 en la Plaza C\u00edvica, donde autoridades, representantes de la empresa y trabajadores participaron de la bendici\u00f3n de los nuevos equipos y conocieron los tres camiones recolectores que estar\u00e1n destinados a la recolecci\u00f3n de residuos domiciliarios.<\/p>\n\n\n\n<p>El nuevo servicio fue adjudicado mediante licitaci\u00f3n p\u00fablica a COSEMAR SPA, por un per\u00edodo de 72 meses, equivalentes a seis a\u00f1os, con un valor mensual de alrededor de 90 millones de pesos.<\/p>\n\n\n\n<p><strong>Tres camiones nuevos y mayor cobertura para el sector rural<\/strong><\/p>\n\n\n\n<p>Uno de los principales cambios que incorpora esta nueva prestaci\u00f3n es la llegada de tres camiones recolectores nuevos, equipados con cajas compactadoras de 19 metros c\u00fabicos.<\/p>\n\n\n\n<p>Dentro de esta nueva flota destaca especialmente que uno de los veh\u00edculos estar\u00e1 destinado exclusivamente a la atenci\u00f3n de los sectores rurales de Laja, fortaleciendo as\u00ed la cobertura del servicio en las comunidades m\u00e1s alejadas del radio urbano.<\/p>\n\n\n\n<p>Para el<strong> alcalde de Laja, Vladimir Fica Toledo<\/strong>, el inicio de este nuevo contrato representa un hito relevante para la comuna, considerando la importancia que tiene el servicio de aseo para la comunidad.<\/p>\n\n\n\n<p><em>\u201cCreo que es uno de los servicios m\u00e1s importantes que tiene la comuna, as\u00ed que estamos muy contentos de esta nueva iniciativa y de que hoy sea una nueva empresa la que se haga cargo del servicio. Agradecemos tambi\u00e9n a Demarco, que prest\u00f3 este servicio durante muchos a\u00f1os en la comuna\u201d<\/em>, se\u00f1al\u00f3 el jefe comunal.<\/p>\n\n\n\n<p>El alcalde agreg\u00f3 que el objetivo es dar continuidad a un buen servicio para la comunidad, pero tambi\u00e9n avanzar en aquellos aspectos que requieren mejoras, poniendo especial \u00e9nfasis en las condiciones laborales de quienes desarrollan diariamente estas labores.<\/p>\n\n\n\n<p><em>\u201cHoy tenemos una nueva empresa que adjudic\u00f3 el servicio y queremos continuar con un buen servicio para la comunidad, mejorar las cosas que haya que mejorar, sobre todo las condiciones laborales de nuestros trabajadores, que es s\u00faper importante para nosotros\u201d<\/em>, afirm\u00f3.<\/p>\n\n\n\n<p><strong>Mayor dotaci\u00f3n y mejores condiciones para los trabajadores<\/strong><\/p>\n\n\n\n<p>El nuevo contrato <strong>contempla una dotaci\u00f3n total de 21 trabajadores<\/strong>, compuesta por un supervisor, tres conductores de cami\u00f3n, nueve peonetas y ocho barredores.<\/p>\n\n\n\n<p>Esta nueva estructura r<strong>epresenta un aumento respecto del servicio anterior<\/strong>, incorporando un conductor y tres peonetas adicionales, permitiendo reforzar las labores de recolecci\u00f3n y aseo en la comuna.<\/p>\n\n\n\n<p>En este \u00e1mbito, el alcalde destac\u00f3 que el nuevo contrato no solo debe ser entendido desde la perspectiva de la recolecci\u00f3n de residuos, sino tambi\u00e9n desde las condiciones en que se desarrolla este trabajo.<\/p>\n\n\n\n<p><em>\u201cNo solamente se trata de sacar la basura, sino tambi\u00e9n de dar garant\u00edas respecto de las condiciones laborales, la seguridad, la implementaci\u00f3n y todo lo que tiene que ver con lo que hoy d\u00eda la ley exige\u201d<\/em>, sostuvo Vladimir Fica Toledo.<\/p>\n\n\n\n<p><strong>Nueva base operativa en Laja<\/strong><\/p>\n\n\n\n<p>Otra de las novedades del nuevo servicio es la implementaci\u00f3n de una nueva base operativa en la comuna, que contar\u00e1 con un amplio patio de estacionamiento, espacios para la mantenci\u00f3n de los camiones y nuevos servicios destinados al personal.<\/p>\n\n\n\n<p>Asimismo, el servicio contempla apoyo con personal y equipos en las distintas actividades municipales, fortaleciendo la capacidad operativa y de respuesta ante los diferentes requerimientos que se generen durante el a\u00f1o.<\/p>\n\n\n\n<p><strong>Un desaf\u00edo que requiere tambi\u00e9n el compromiso de la comunidad<\/strong><\/p>\n\n\n\n<p>Durante la actividad, el alcalde hizo adem\u00e1s un llamado a los vecinos y vecinas a colaborar con el adecuado funcionamiento del servicio y con los nuevos desaf\u00edos asociados a la extracci\u00f3n y disposici\u00f3n final de los residuos.<\/p>\n\n\n\n<p><em>\u201cEsperamos que la gente tambi\u00e9n coopere y apoye este nuevo rumbo que tenemos que darle a la extracci\u00f3n de basura y a la disposici\u00f3n final de los residuos, que es lo que importa\u201d<\/em>, manifest\u00f3.<\/p>\n\n\n\n<p>Finalmente, la autoridad comunal agradeci\u00f3 a la empresa que asumi\u00f3 el nuevo contrato y, especialmente, a los trabajadores que cumplen diariamente esta labor en beneficio de la comunidad.<\/p>\n\n\n\n<p>De esta manera, Laja inicia una nueva etapa en materia de Aseo Comunal, incorporando una flota renovada, mayor dotaci\u00f3n de trabajadores, una nueva base operativa y una cobertura diferenciada para los sectores rurales, con el objetivo de continuar fortaleciendo un servicio fundamental para la comuna y sus habitantes.<\/p>\n\n\n\n<figure class=\"wp-block-gallery has-nested-images columns-default is-cropped wp-block-gallery-1 is-layout-flex wp-block-gallery-is-layout-flex\">\n<figure class=\"wp-block-image size-large\"><a href=\"https:\/\/munilaja.cl\/w\/wp-content\/uploads\/2026\/09\/1.jpg\"><img fetchpriority=\"high\" decoding=\"async\" width=\"1024\" height=\"768\" data-id=\"75526\" src=\"https:\/\/munilaja.cl\/w\/wp-content\/uploads\/2026\/09\/1-1024x768.jpg\" alt=\"\" class=\"wp-image-75526\" srcset=\"https:\/\/munilaja.cl\/w\/wp-content\/uploads\/2026\/09\/1-1024x768.jpg 1024w, https:\/\/munilaja.cl\/w\/wp-content\/uploads\/2026\/09\/1-300x225.jpg 300w, https:\/\/munilaja.cl\/w\/wp-content\/uploads\/2026\/09\/1-768x576.jpg 768w, https:\/\/munilaja.cl\/w\/wp-content\/uploads\/2026\/09\/1-1536x1152.jpg 1536w, https:\/\/munilaja.cl\/w\/wp-content\/uploads\/2026\/09\/1.jpg 2048w\" sizes=\"(max-width: 1024px) 100vw, 1024px\" \/><\/a><\/figure>\n\n\n\n<figure class=\"wp-block-image size-large\"><a href=\"https:\/\/munilaja.cl\/w\/wp-content\/uploads\/2026\/09\/2.jpg\"><img decoding=\"async\" width=\"1024\" height=\"768\" data-id=\"75524\" src=\"https:\/\/munilaja.cl\/w\/wp-content\/uploads\/2026\/09\/2-1024x768.jpg\" alt=\"\" class=\"wp-image-75524\" srcset=\"https:\/\/munilaja.cl\/w\/wp-content\/uploads\/2026\/09\/2-1024x768.jpg 1024w, https:\/\/munilaja.cl\/w\/wp-content\/uploads\/2026\/09\/2-300x225.jpg 300w, https:\/\/munilaja.cl\/w\/wp-content\/uploads\/2026\/09\/2-768x576.jpg 768w, https:\/\/munilaja.cl\/w\/wp-content\/uploads\/2026\/09\/2-1536x1152.jpg 1536w, https:\/\/munilaja.cl\/w\/wp-content\/uploads\/2026\/09\/2.jpg 2048w\" sizes=\"(max-width: 1024px) 100vw, 1024px\" \/><\/a><\/figure>\n\n\n\n<figure class=\"wp-block-image size-large\"><a href=\"https:\/\/munilaja.cl\/w\/wp-content\/uploads\/2026\/09\/3.jpg\"><img decoding=\"async\" width=\"1024\" height=\"768\" data-id=\"75525\" src=\"https:\/\/munilaja.cl\/w\/wp-content\/uploads\/2026\/09\/3-1024x768.jpg\" alt=\"\" class=\"wp-image-75525\" srcset=\"https:\/\/munilaja.cl\/w\/wp-content\/uploads\/2026\/09\/3-1024x768.jpg 1024w, https:\/\/munilaja.cl\/w\/wp-content\/uploads\/2026\/09\/3-300x225.jpg 300w, https:\/\/munilaja.cl\/w\/wp-content\/uploads\/2026\/09\/3-768x576.jpg 768w, https:\/\/munilaja.cl\/w\/wp-content\/uploads\/2026\/09\/3-1536x1152.jpg 1536w, https:\/\/munilaja.cl\/w\/wp-content\/uploads\/2026\/09\/3.jpg 2048w\" sizes=\"(max-width: 1024px) 100vw, 1024px\" \/><\/a><\/figure>\n\n\n\n<figure class=\"wp-block-image size-large\"><a href=\"https:\/\/munilaja.cl\/w\/wp-content\/uploads\/2026\/09\/4.jpg\"><img loading=\"lazy\" decoding=\"async\" width=\"1024\" height=\"768\" data-id=\"75523\" src=\"https:\/\/munilaja.cl\/w\/wp-content\/uploads\/2026\/09\/4-1024x768.jpg\" alt=\"\" class=\"wp-image-75523\" srcset=\"https:\/\/munilaja.cl\/w\/wp-content\/uploads\/2026\/09\/4-1024x768.jpg 1024w, https:\/\/munilaja.cl\/w\/wp-content\/uploads\/2026\/09\/4-300x225.jpg 300w, https:\/\/munilaja.cl\/w\/wp-content\/uploads\/2026\/09\/4-768x576.jpg 768w, https:\/\/munilaja.cl\/w\/wp-content\/uploads\/2026\/09\/4-1536x1152.jpg 1536w, https:\/\/munilaja.cl\/w\/wp-content\/uploads\/2026\/09\/4.jpg 2048w\" sizes=\"(max-width: 1024px) 100vw, 1024px\" \/><\/a><\/figure>\n<\/figure>\n","protected":false},"excerpt":{"rendered":"<p>La nueva prestaci\u00f3n, adjudicada a COSEMAR SPA por un per\u00edodo de seis a\u00f1os, incorpora tres camiones con cajas compactadoras de 19 m\u00b3, mayor dotaci\u00f3n de personal y un veh\u00edculo destinado exclusivamente a los sectores rurales de la comuna. Con la presentaci\u00f3n y bendici\u00f3n de sus nuevos veh\u00edculos, este martes 1 de septiembre comenz\u00f3 oficialmente el [&hellip;]<\/p>\n","protected":false},"author":17,"featured_media":75523,"comment_status":"closed","ping_status":"closed","sticky":false,"template":"","format":"standard","meta":{"zakra_sidebar_layout":"customizer","zakra_remove_content_margin":false,"zakra_sidebar":"customizer","zakra_transparent_header":"customizer","zakra_logo":0,"zakra_main_header_style":"default","zakra_menu_item_color":"","zakra_menu_item_hover_color":"","zakra_menu_item_active_color":"","zakra_menu_active_style":"zakra_menu_active_style","zakra_page_header":true,"footnotes":""},"categories":[17],"tags":[],"class_list":["post-75522","post","type-post","status-publish","format-standard","has-post-thumbnail","hentry","category-servicio-a-la-comunidad"],"yoast_head":"<!-- This site is optimized with the Yoast SEO plugin v24.0 - https:\/\/yoast.com\/wordpress\/plugins\/seo\/ -->\n<title>Laja inicia nuevo servicio de Aseo Comunal con tres nuevos camiones recolectores - Municipalidad de Laja<\/title>\n<meta name=\"robots\" content=\"index, follow, max-snippet:-1, max-image-preview:large, max-video-preview:-1\" \/>\n<link rel=\"canonical\" href=\"https:\/\/munilaja.cl\/w\/laja-inicia-nuevo-servicio-de-aseo-comunal-con-tres-nuevos-camiones-recolectores\/\" \/>\n<meta property=\"og:locale\" content=\"es_ES\" \/>\n<meta property=\"og:type\" content=\"article\" \/>\n<meta property=\"og:title\" content=\"Laja inicia nuevo servicio de Aseo Comunal con tres nuevos camiones recolectores - Municipalidad de Laja\" \/>\n<meta property=\"og:description\" content=\"La nueva prestaci\u00f3n, adjudicada a COSEMAR SPA por un per\u00edodo de seis a\u00f1os, incorpora tres camiones con cajas compactadoras de 19 m\u00b3, mayor dotaci\u00f3n de personal y un veh\u00edculo destinado exclusivamente a los sectores rurales de la comuna. Con la presentaci\u00f3n y bendici\u00f3n de sus nuevos veh\u00edculos, este martes 1 de septiembre comenz\u00f3 oficialmente el [&hellip;]\" \/>\n<meta property=\"og:url\" content=\"https:\/\/munilaja.cl\/w\/laja-inicia-nuevo-servicio-de-aseo-comunal-con-tres-nuevos-camiones-recolectores\/\" \/>\n<meta property=\"og:site_name\" content=\"Municipalidad de Laja\" \/>\n<meta property=\"article:published_time\" content=\"2026-09-01T16:18:10+00:00\" \/>\n<meta property=\"article:modified_time\" content=\"2026-09-01T16:18:11+00:00\" \/>\n<meta property=\"og:image\" content=\"https:\/\/munilaja.cl\/w\/wp-content\/uploads\/2026\/09\/4.jpg\" \/>\n\t<meta property=\"og:image:width\" content=\"2048\" \/>\n\t<meta property=\"og:image:height\" content=\"1536\" \/>\n\t<meta property=\"og:image:type\" content=\"image\/jpeg\" \/>\n<meta name=\"author\" content=\"Cindy Castro Villagra\" \/>\n<meta name=\"twitter:card\" content=\"summary_large_image\" \/>\n<meta name=\"twitter:label1\" content=\"Escrito por\" \/>\n\t<meta name=\"twitter:data1\" content=\"Cindy Castro Villagra\" \/>\n\t<meta name=\"twitter:label2\" content=\"Tiempo de lectura\" \/>\n\t<meta name=\"twitter:data2\" content=\"5 minutos\" \/>\n<script type=\"application\/ld+json\" class=\"yoast-schema-graph\">{\"@context\":\"https:\/\/schema.org\",\"@graph\":[{\"@type\":\"Article\",\"@id\":\"https:\/\/munilaja.cl\/w\/laja-inicia-nuevo-servicio-de-aseo-comunal-con-tres-nuevos-camiones-recolectores\/#article\",\"isPartOf\":{\"@id\":\"https:\/\/munilaja.cl\/w\/laja-inicia-nuevo-servicio-de-aseo-comunal-con-tres-nuevos-camiones-recolectores\/\"},\"author\":{\"name\":\"Cindy Castro Villagra\",\"@id\":\"https:\/\/munilaja.cl\/w\/#\/schema\/person\/c52429e10a6082091590c108f0f4fab0\"},\"headline\":\"Laja inicia nuevo servicio de Aseo Comunal con tres nuevos camiones recolectores\",\"datePublished\":\"2026-09-01T16:18:10+00:00\",\"dateModified\":\"2026-09-01T16:18:11+00:00\",\"mainEntityOfPage\":{\"@id\":\"https:\/\/munilaja.cl\/w\/laja-inicia-nuevo-servicio-de-aseo-comunal-con-tres-nuevos-camiones-recolectores\/\"},\"wordCount\":822,\"publisher\":{\"@id\":\"https:\/\/munilaja.cl\/w\/#organization\"},\"image\":{\"@id\":\"https:\/\/munilaja.cl\/w\/laja-inicia-nuevo-servicio-de-aseo-comunal-con-tres-nuevos-camiones-recolectores\/#primaryimage\"},\"thumbnailUrl\":\"https:\/\/munilaja.cl\/w\/wp-content\/uploads\/2026\/09\/4.jpg\",\"articleSection\":[\"Servicio a la comunidad\"],\"inLanguage\":\"es\"},{\"@type\":\"WebPage\",\"@id\":\"https:\/\/munilaja.cl\/w\/laja-inicia-nuevo-servicio-de-aseo-comunal-con-tres-nuevos-camiones-recolectores\/\",\"url\":\"https:\/\/munilaja.cl\/w\/laja-inicia-nuevo-servicio-de-aseo-comunal-con-tres-nuevos-camiones-recolectores\/\",\"name\":\"Laja inicia nuevo servicio de Aseo Comunal con tres nuevos camiones recolectores - Municipalidad de Laja\",\"isPartOf\":{\"@id\":\"https:\/\/munilaja.cl\/w\/#website\"},\"primaryImageOfPage\":{\"@id\":\"https:\/\/munilaja.cl\/w\/laja-inicia-nuevo-servicio-de-aseo-comunal-con-tres-nuevos-camiones-recolectores\/#primaryimage\"},\"image\":{\"@id\":\"https:\/\/munilaja.cl\/w\/laja-inicia-nuevo-servicio-de-aseo-comunal-con-tres-nuevos-camiones-recolectores\/#primaryimage\"},\"thumbnailUrl\":\"https:\/\/munilaja.cl\/w\/wp-content\/uploads\/2026\/09\/4.jpg\",\"datePublished\":\"2026-09-01T16:18:10+00:00\",\"dateModified\":\"2026-09-01T16:18:11+00:00\",\"breadcrumb\":{\"@id\":\"https:\/\/munilaja.cl\/w\/laja-inicia-nuevo-servicio-de-aseo-comunal-con-tres-nuevos-camiones-recolectores\/#breadcrumb\"},\"inLanguage\":\"es\",\"potentialAction\":[{\"@type\":\"ReadAction\",\"target\":[\"https:\/\/munilaja.cl\/w\/laja-inicia-nuevo-servicio-de-aseo-comunal-con-tres-nuevos-camiones-recolectores\/\"]}]},{\"@type\":\"ImageObject\",\"inLanguage\":\"es\",\"@id\":\"https:\/\/munilaja.cl\/w\/laja-inicia-nuevo-servicio-de-aseo-comunal-con-tres-nuevos-camiones-recolectores\/#primaryimage\",\"url\":\"https:\/\/munilaja.cl\/w\/wp-content\/uploads\/2026\/09\/4.jpg\",\"contentUrl\":\"https:\/\/munilaja.cl\/w\/wp-content\/uploads\/2026\/09\/4.jpg\",\"width\":2048,\"height\":1536},{\"@type\":\"BreadcrumbList\",\"@id\":\"https:\/\/munilaja.cl\/w\/laja-inicia-nuevo-servicio-de-aseo-comunal-con-tres-nuevos-camiones-recolectores\/#breadcrumb\",\"itemListElement\":[{\"@type\":\"ListItem\",\"position\":1,\"name\":\"Portada\",\"item\":\"https:\/\/munilaja.cl\/w\/\"},{\"@type\":\"ListItem\",\"position\":2,\"name\":\"Laja inicia nuevo servicio de Aseo Comunal con tres nuevos camiones recolectores\"}]},{\"@type\":\"WebSite\",\"@id\":\"https:\/\/munilaja.cl\/w\/#website\",\"url\":\"https:\/\/munilaja.cl\/w\/\",\"name\":\"Municipalidad de Laja\",\"description\":\"Web Municipal\",\"publisher\":{\"@id\":\"https:\/\/munilaja.cl\/w\/#organization\"},\"potentialAction\":[{\"@type\":\"SearchAction\",\"target\":{\"@type\":\"EntryPoint\",\"urlTemplate\":\"https:\/\/munilaja.cl\/w\/?s={search_term_string}\"},\"query-input\":{\"@type\":\"PropertyValueSpecification\",\"valueRequired\":true,\"valueName\":\"search_term_string\"}}],\"inLanguage\":\"es\"},{\"@type\":\"Organization\",\"@id\":\"https:\/\/munilaja.cl\/w\/#organization\",\"name\":\"Municipalidad de Laja\",\"url\":\"https:\/\/munilaja.cl\/w\/\",\"logo\":{\"@type\":\"ImageObject\",\"inLanguage\":\"es\",\"@id\":\"https:\/\/munilaja.cl\/w\/#\/schema\/logo\/image\/\",\"url\":\"https:\/\/munilaja.cl\/w\/wp-content\/uploads\/2024\/11\/ESCUDO-LAJA-LETRAS-BLANCAS-LOGO-WEB.png\",\"contentUrl\":\"https:\/\/munilaja.cl\/w\/wp-content\/uploads\/2024\/11\/ESCUDO-LAJA-LETRAS-BLANCAS-LOGO-WEB.png\",\"width\":150,\"height\":150,\"caption\":\"Municipalidad de Laja\"},\"image\":{\"@id\":\"https:\/\/munilaja.cl\/w\/#\/schema\/logo\/image\/\"}},{\"@type\":\"Person\",\"@id\":\"https:\/\/munilaja.cl\/w\/#\/schema\/person\/c52429e10a6082091590c108f0f4fab0\",\"name\":\"Cindy Castro Villagra\",\"url\":\"https:\/\/munilaja.cl\/w\/author\/cindy-castro\/\"}]}<\/script>\n<!-- \/ Yoast SEO plugin. -->","yoast_head_json":{"title":"Laja inicia nuevo servicio de Aseo Comunal con tres nuevos camiones recolectores - Municipalidad de Laja","robots":{"index":"index","follow":"follow","max-snippet":"max-snippet:-1","max-image-preview":"max-image-preview:large","max-video-preview":"max-video-preview:-1"},"canonical":"https:\/\/munilaja.cl\/w\/laja-inicia-nuevo-servicio-de-aseo-comunal-con-tres-nuevos-camiones-recolectores\/","og_locale":"es_ES","og_type":"article","og_title":"Laja inicia nuevo servicio de Aseo Comunal con tres nuevos camiones recolectores - Municipalidad de Laja","og_description":"La nueva prestaci\u00f3n, adjudicada a COSEMAR SPA por un per\u00edodo de seis a\u00f1os, incorpora tres camiones con cajas compactadoras de 19 m\u00b3, mayor dotaci\u00f3n de personal y un veh\u00edculo destinado exclusivamente a los sectores rurales de la comuna. Con la presentaci\u00f3n y bendici\u00f3n de sus nuevos veh\u00edculos, este martes 1 de septiembre comenz\u00f3 oficialmente el [&hellip;]","og_url":"https:\/\/munilaja.cl\/w\/laja-inicia-nuevo-servicio-de-aseo-comunal-con-tres-nuevos-camiones-recolectores\/","og_site_name":"Municipalidad de Laja","article_published_time":"2026-09-01T16:18:10+00:00","article_modified_time":"2026-09-01T16:18:11+00:00","og_image":[{"width":2048,"height":1536,"url":"https:\/\/munilaja.cl\/w\/wp-content\/uploads\/2026\/09\/4.jpg","type":"image\/jpeg"}],"author":"Cindy Castro Villagra","twitter_card":"summary_large_image","twitter_misc":{"Escrito por":"Cindy Castro Villagra","Tiempo de lectura":"5 minutos"},"schema":{"@context":"https:\/\/schema.org","@graph":[{"@type":"Article","@id":"https:\/\/munilaja.cl\/w\/laja-inicia-nuevo-servicio-de-aseo-comunal-con-tres-nuevos-camiones-recolectores\/#article","isPartOf":{"@id":"https:\/\/munilaja.cl\/w\/laja-inicia-nuevo-servicio-de-aseo-comunal-con-tres-nuevos-camiones-recolectores\/"},"author":{"name":"Cindy Castro Villagra","@id":"https:\/\/munilaja.cl\/w\/#\/schema\/person\/c52429e10a6082091590c108f0f4fab0"},"headline":"Laja inicia nuevo servicio de Aseo Comunal con tres nuevos camiones recolectores","datePublished":"2026-09-01T16:18:10+00:00","dateModified":"2026-09-01T16:18:11+00:00","mainEntityOfPage":{"@id":"https:\/\/munilaja.cl\/w\/laja-inicia-nuevo-servicio-de-aseo-comunal-con-tres-nuevos-camiones-recolectores\/"},"wordCount":822,"publisher":{"@id":"https:\/\/munilaja.cl\/w\/#organization"},"image":{"@id":"https:\/\/munilaja.cl\/w\/laja-inicia-nuevo-servicio-de-aseo-comunal-con-tres-nuevos-camiones-recolectores\/#primaryimage"},"thumbnailUrl":"https:\/\/munilaja.cl\/w\/wp-content\/uploads\/2026\/09\/4.jpg","articleSection":["Servicio a la comunidad"],"inLanguage":"es"},{"@type":"WebPage","@id":"https:\/\/munilaja.cl\/w\/laja-inicia-nuevo-servicio-de-aseo-comunal-con-tres-nuevos-camiones-recolectores\/","url":"https:\/\/munilaja.cl\/w\/laja-inicia-nuevo-servicio-de-aseo-comunal-con-tres-nuevos-camiones-recolectores\/","name":"Laja inicia nuevo servicio de Aseo Comunal con tres nuevos camiones recolectores - Municipalidad de Laja","isPartOf":{"@id":"https:\/\/munilaja.cl\/w\/#website"},"primaryImageOfPage":{"@id":"https:\/\/munilaja.cl\/w\/laja-inicia-nuevo-servicio-de-aseo-comunal-con-tres-nuevos-camiones-recolectores\/#primaryimage"},"image":{"@id":"https:\/\/munilaja.cl\/w\/laja-inicia-nuevo-servicio-de-aseo-comunal-con-tres-nuevos-camiones-recolectores\/#primaryimage"},"thumbnailUrl":"https:\/\/munilaja.cl\/w\/wp-content\/uploads\/2026\/09\/4.jpg","datePublished":"2026-09-01T16:18:10+00:00","dateModified":"2026-09-01T16:18:11+00:00","breadcrumb":{"@id":"https:\/\/munilaja.cl\/w\/laja-inicia-nuevo-servicio-de-aseo-comunal-con-tres-nuevos-camiones-recolectores\/#breadcrumb"},"inLanguage":"es","potentialAction":[{"@type":"ReadAction","target":["https:\/\/munilaja.cl\/w\/laja-inicia-nuevo-servicio-de-aseo-comunal-con-tres-nuevos-camiones-recolectores\/"]}]},{"@type":"ImageObject","inLanguage":"es","@id":"https:\/\/munilaja.cl\/w\/laja-inicia-nuevo-servicio-de-aseo-comunal-con-tres-nuevos-camiones-recolectores\/#primaryimage","url":"https:\/\/munilaja.cl\/w\/wp-content\/uploads\/2026\/09\/4.jpg","contentUrl":"https:\/\/munilaja.cl\/w\/wp-content\/uploads\/2026\/09\/4.jpg","width":2048,"height":1536},{"@type":"BreadcrumbList","@id":"https:\/\/munilaja.cl\/w\/laja-inicia-nuevo-servicio-de-aseo-comunal-con-tres-nuevos-camiones-recolectores\/#breadcrumb","itemListElement":[{"@type":"ListItem","position":1,"name":"Portada","item":"https:\/\/munilaja.cl\/w\/"},{"@type":"ListItem","position":2,"name":"Laja inicia nuevo servicio de Aseo Comunal con tres nuevos camiones recolectores"}]},{"@type":"WebSite","@id":"https:\/\/munilaja.cl\/w\/#website","url":"https:\/\/munilaja.cl\/w\/","name":"Municipalidad de Laja","description":"Web Municipal","publisher":{"@id":"https:\/\/munilaja.cl\/w\/#organization"},"potentialAction":[{"@type":"SearchAction","target":{"@type":"EntryPoint","urlTemplate":"https:\/\/munilaja.cl\/w\/?s={search_term_string}"},"query-input":{"@type":"PropertyValueSpecification","valueRequired":true,"valueName":"search_term_string"}}],"inLanguage":"es"},{"@type":"Organization","@id":"https:\/\/munilaja.cl\/w\/#organization","name":"Municipalidad de Laja","url":"https:\/\/munilaja.cl\/w\/","logo":{"@type":"ImageObject","inLanguage":"es","@id":"https:\/\/munilaja.cl\/w\/#\/schema\/logo\/image\/","url":"https:\/\/munilaja.cl\/w\/wp-content\/uploads\/2024\/11\/ESCUDO-LAJA-LETRAS-BLANCAS-LOGO-WEB.png","contentUrl":"https:\/\/munilaja.cl\/w\/wp-content\/uploads\/2024\/11\/ESCUDO-LAJA-LETRAS-BLANCAS-LOGO-WEB.png","width":150,"height":150,"caption":"Municipalidad de Laja"},"image":{"@id":"https:\/\/munilaja.cl\/w\/#\/schema\/logo\/image\/"}},{"@type":"Person","@id":"https:\/\/munilaja.cl\/w\/#\/schema\/person\/c52429e10a6082091590c108f0f4fab0","name":"Cindy Castro Villagra","url":"https:\/\/munilaja.cl\/w\/author\/cindy-castro\/"}]}},"_links":{"self":[{"href":"https:\/\/munilaja.cl\/w\/wp-json\/wp\/v2\/posts\/75522"}],"collection":[{"href":"https:\/\/munilaja.cl\/w\/wp-json\/wp\/v2\/posts"}],"about":[{"href":"https:\/\/munilaja.cl\/w\/wp-json\/wp\/v2\/types\/post"}],"author":[{"embeddable":true,"href":"https:\/\/munilaja.cl\/w\/wp-json\/wp\/v2\/users\/17"}],"replies":[{"embeddable":true,"href":"https:\/\/munilaja.cl\/w\/wp-json\/wp\/v2\/comments?post=75522"}],"version-history":[{"count":1,"href":"https:\/\/munilaja.cl\/w\/wp-json\/wp\/v2\/posts\/75522\/revisions"}],"predecessor-version":[{"id":75527,"href":"https:\/\/munilaja.cl\/w\/wp-json\/wp\/v2\/posts\/75522\/revisions\/75527"}],"wp:featuredmedia":[{"embeddable":true,"href":"https:\/\/munilaja.cl\/w\/wp-json\/wp\/v2\/media\/75523"}],"wp:attachment":[{"href":"https:\/\/munilaja.cl\/w\/wp-json\/wp\/v2\/media?parent=75522"}],"wp:term":[{"taxonomy":"category","embeddable":true,"href":"https:\/\/munilaja.cl\/w\/wp-json\/wp\/v2\/categories?post=75522"},{"taxonomy":"post_tag","embeddable":true,"href":"https:\/\/munilaja.cl\/w\/wp-json\/wp\/v2\/tags?post=75522"}],"curies":[{"name":"wp","href":"https:\/\/api.w.org\/{rel}","templated":true}]}}