{"id":75490,"date":"2026-08-31T17:45:32","date_gmt":"2026-08-31T21:45:32","guid":{"rendered":"https:\/\/munilaja.cl\/w\/?p=75490"},"modified":"2026-08-31T17:45:33","modified_gmt":"2026-08-31T21:45:33","slug":"mas-de-mil-personas-mayores-participaron-en-las-12-mateadas-organizadas-por-el-municipio-de-laja","status":"publish","type":"post","link":"https:\/\/munilaja.cl\/w\/mas-de-mil-personas-mayores-participaron-en-las-12-mateadas-organizadas-por-el-municipio-de-laja\/","title":{"rendered":"M\u00e1s de mil personas mayores participaron en las 12 Mateadas organizadas por el municipio de Laja"},"content":{"rendered":"\n<p><strong>Durante agosto, la iniciativa recorri\u00f3 distintos sectores urbanos y rurales de la comuna, generando espacios de encuentro, conversaci\u00f3n y participaci\u00f3n para las personas mayores.<\/strong><\/p>\n\n\n\n<p>Con la participaci\u00f3n de <strong>m\u00e1s de 800 personas mayores<\/strong>, culmin\u00f3 el ciclo de <strong>12 Mateadas<\/strong> organizado por la Municipalidad de Laja durante el mes de agosto, iniciativa que permiti\u00f3 llevar espacios de encuentro y convivencia a distintos sectores de la comuna.<\/p>\n\n\n\n<p>La actividad tuvo como prop\u00f3sito generar instancias de participaci\u00f3n, recreaci\u00f3n y compa\u00f1\u00eda, rescatando adem\u00e1s una tradici\u00f3n profundamente arraigada en nuestra cultura: compartir un mate y una conversaci\u00f3n.<\/p>\n\n\n\n<p>Durante las distintas jornadas, el alcalde de Laja, <strong>Vladimir Fica Toledo<\/strong>, junto al director de Desarrollo Comunitario (DIDECO) y equipos municipales, acompa\u00f1aron a las comunidades, compartiendo con las personas mayores y recogiendo sus inquietudes, experiencias y propuestas.<\/p>\n\n\n\n<p>\u00abAgradecer a cada una de nuestras agrupaciones de adultos mayores que fueron parte de estas mateadas, para compartir un rato agradable. Toda sus energ\u00edas, historias y experiencias, hacen que estas iniciativas sean aun m\u00e1s significativas para nosotros. Agradecido de todo lo que entregan\u00bb, destac\u00f3 el Alcalde.<\/p>\n\n\n\n<p>El recorrido contempl\u00f3 encuentros en diversos sectores, entre ellos <strong>Uni\u00f3n Altos del Laja, Los Chorrillos, Lavanderos, Las Ci\u00e9negas, Santa Elena, Jerusal\u00e9n, Nuevo Amanecer, Rucahue Sur, Padre F\u00e9lix Eicher, Santa Ana, Costanera Sur, Los Placeres, Quiebrafrenos, R\u00edo Laja, Los Jardines, Hospital, Nuevo Encuentro, Eterna Primavera, Pe\u00f1ablanca, Villa Laja, Quillayal, Curaco Las Toscas, Facela 45, A\u00f1os Dorados, Marta Elia, Se\u00f1oraza, Puente Perales, Renacer Las Playas, Quinquehue, Lazos de Amor y La Colonia<\/strong>.<\/p>\n\n\n\n<p>Uno de los concejales que estuvo en cada una de las mateadas organizadas por el municipio, fue el concejal Luis Espinoza. \u00abConcluimos este periodo de mateadas junto a nuestros adultos mayores quienes participaron felices en cada una de ellas tanto en nuestro sector rural como urbano, y esperamos seguir realizando junto al municipio estas instancias que tanto bien le hacen a nuestras personas mayores.<\/p>\n\n\n\n<p>Las jornadas se desarrollaron en distintas sedes sociales de la comuna, permitiendo acercar esta iniciativa a las organizaciones y comunidades, tanto del sector urbano como rural.<\/p>\n\n\n\n<p><\/p>\n\n\n\n<h3 class=\"wp-block-heading\"><strong>Un espacio para encontrarse y compartir<\/strong><\/h3>\n\n\n\n<p>M\u00e1s all\u00e1 de la convocatoria, las Mateadas se transformaron en una oportunidad para <strong>fortalecer los v\u00ednculos comunitarios y reconocer el importante rol que cumplen las personas mayores en la vida de Laja<\/strong>.<\/p>\n\n\n\n<p>En cada encuentro hubo espacio para la conversaci\u00f3n, la m\u00fasica, los recuerdos y, por supuesto, para compartir alrededor de un mate, generando momentos de alegr\u00eda y camarader\u00eda entre vecinos y vecinas.<\/p>\n\n\n\n<p>El alcalde <strong>Vladimir Fica Toledo<\/strong> destac\u00f3 el valor de mantener un v\u00ednculo cercano con las personas mayores y generar actividades que permitan acompa\u00f1arlas y reconocer su aporte a la comuna.<\/p>\n\n\n\n<p>De esta manera, el municipio cerr\u00f3 un mes marcado por el encuentro con las personas mayores, reafirmando el compromiso de continuar impulsando <strong>espacios de participaci\u00f3n, integraci\u00f3n y vida comunitaria en los distintos sectores de Laja<\/strong>.<\/p>\n\n\n\n<p><strong>12 mateadas, m\u00e1s de mil participantes y cientos de momentos compartidos que dan cuenta de una comunidad que se encuentra, conversa y sigue construyendo juntos.<\/strong><\/p>\n\n\n\n<figure class=\"wp-block-gallery has-nested-images columns-default is-cropped wp-block-gallery-1 is-layout-flex wp-block-gallery-is-layout-flex\">\n<figure class=\"wp-block-image size-large\"><a href=\"https:\/\/munilaja.cl\/w\/wp-content\/uploads\/2026\/08\/DSC08841-scaled.jpg\"><img fetchpriority=\"high\" decoding=\"async\" width=\"1024\" height=\"768\" data-id=\"75493\" src=\"https:\/\/munilaja.cl\/w\/wp-content\/uploads\/2026\/08\/DSC08841-1024x768.jpg\" alt=\"\" class=\"wp-image-75493\" srcset=\"https:\/\/munilaja.cl\/w\/wp-content\/uploads\/2026\/08\/DSC08841-1024x768.jpg 1024w, https:\/\/munilaja.cl\/w\/wp-content\/uploads\/2026\/08\/DSC08841-300x225.jpg 300w, https:\/\/munilaja.cl\/w\/wp-content\/uploads\/2026\/08\/DSC08841-768x576.jpg 768w, https:\/\/munilaja.cl\/w\/wp-content\/uploads\/2026\/08\/DSC08841-1536x1152.jpg 1536w, https:\/\/munilaja.cl\/w\/wp-content\/uploads\/2026\/08\/DSC08841-2048x1536.jpg 2048w\" sizes=\"(max-width: 1024px) 100vw, 1024px\" \/><\/a><\/figure>\n\n\n\n<figure class=\"wp-block-image size-large\"><a href=\"https:\/\/munilaja.cl\/w\/wp-content\/uploads\/2026\/08\/DSC08869-scaled.jpg\"><img decoding=\"async\" width=\"1024\" height=\"768\" data-id=\"75500\" src=\"https:\/\/munilaja.cl\/w\/wp-content\/uploads\/2026\/08\/DSC08869-1024x768.jpg\" alt=\"\" class=\"wp-image-75500\" srcset=\"https:\/\/munilaja.cl\/w\/wp-content\/uploads\/2026\/08\/DSC08869-1024x768.jpg 1024w, https:\/\/munilaja.cl\/w\/wp-content\/uploads\/2026\/08\/DSC08869-300x225.jpg 300w, https:\/\/munilaja.cl\/w\/wp-content\/uploads\/2026\/08\/DSC08869-768x576.jpg 768w, https:\/\/munilaja.cl\/w\/wp-content\/uploads\/2026\/08\/DSC08869-1536x1152.jpg 1536w, https:\/\/munilaja.cl\/w\/wp-content\/uploads\/2026\/08\/DSC08869-2048x1536.jpg 2048w\" sizes=\"(max-width: 1024px) 100vw, 1024px\" \/><\/a><\/figure>\n\n\n\n<figure class=\"wp-block-image size-large\"><a href=\"https:\/\/munilaja.cl\/w\/wp-content\/uploads\/2026\/08\/DSC08896-scaled.jpg\"><img decoding=\"async\" width=\"1024\" height=\"768\" data-id=\"75509\" src=\"https:\/\/munilaja.cl\/w\/wp-content\/uploads\/2026\/08\/DSC08896-1024x768.jpg\" alt=\"\" class=\"wp-image-75509\" srcset=\"https:\/\/munilaja.cl\/w\/wp-content\/uploads\/2026\/08\/DSC08896-1024x768.jpg 1024w, https:\/\/munilaja.cl\/w\/wp-content\/uploads\/2026\/08\/DSC08896-300x225.jpg 300w, https:\/\/munilaja.cl\/w\/wp-content\/uploads\/2026\/08\/DSC08896-768x576.jpg 768w, https:\/\/munilaja.cl\/w\/wp-content\/uploads\/2026\/08\/DSC08896-1536x1152.jpg 1536w, https:\/\/munilaja.cl\/w\/wp-content\/uploads\/2026\/08\/DSC08896-2048x1536.jpg 2048w\" sizes=\"(max-width: 1024px) 100vw, 1024px\" \/><\/a><\/figure>\n\n\n\n<figure class=\"wp-block-image size-large\"><a href=\"https:\/\/munilaja.cl\/w\/wp-content\/uploads\/2026\/08\/DSC08900-scaled.jpg\"><img loading=\"lazy\" decoding=\"async\" width=\"1024\" height=\"768\" data-id=\"75501\" src=\"https:\/\/munilaja.cl\/w\/wp-content\/uploads\/2026\/08\/DSC08900-1024x768.jpg\" alt=\"\" class=\"wp-image-75501\" srcset=\"https:\/\/munilaja.cl\/w\/wp-content\/uploads\/2026\/08\/DSC08900-1024x768.jpg 1024w, https:\/\/munilaja.cl\/w\/wp-content\/uploads\/2026\/08\/DSC08900-300x225.jpg 300w, https:\/\/munilaja.cl\/w\/wp-content\/uploads\/2026\/08\/DSC08900-768x576.jpg 768w, https:\/\/munilaja.cl\/w\/wp-content\/uploads\/2026\/08\/DSC08900-1536x1152.jpg 1536w, https:\/\/munilaja.cl\/w\/wp-content\/uploads\/2026\/08\/DSC08900-2048x1536.jpg 2048w\" sizes=\"(max-width: 1024px) 100vw, 1024px\" \/><\/a><\/figure>\n\n\n\n<figure class=\"wp-block-image size-large\"><a href=\"https:\/\/munilaja.cl\/w\/wp-content\/uploads\/2026\/08\/DSC08903-scaled.jpg\"><img loading=\"lazy\" decoding=\"async\" width=\"1024\" height=\"768\" data-id=\"75516\" src=\"https:\/\/munilaja.cl\/w\/wp-content\/uploads\/2026\/08\/DSC08903-1024x768.jpg\" alt=\"\" class=\"wp-image-75516\" srcset=\"https:\/\/munilaja.cl\/w\/wp-content\/uploads\/2026\/08\/DSC08903-1024x768.jpg 1024w, https:\/\/munilaja.cl\/w\/wp-content\/uploads\/2026\/08\/DSC08903-300x225.jpg 300w, https:\/\/munilaja.cl\/w\/wp-content\/uploads\/2026\/08\/DSC08903-768x576.jpg 768w, https:\/\/munilaja.cl\/w\/wp-content\/uploads\/2026\/08\/DSC08903-1536x1152.jpg 1536w, https:\/\/munilaja.cl\/w\/wp-content\/uploads\/2026\/08\/DSC08903-2048x1536.jpg 2048w\" sizes=\"(max-width: 1024px) 100vw, 1024px\" \/><\/a><\/figure>\n\n\n\n<figure class=\"wp-block-image size-large\"><a href=\"https:\/\/munilaja.cl\/w\/wp-content\/uploads\/2026\/08\/DSC08911-scaled.jpg\"><img loading=\"lazy\" decoding=\"async\" width=\"1024\" height=\"768\" data-id=\"75503\" src=\"https:\/\/munilaja.cl\/w\/wp-content\/uploads\/2026\/08\/DSC08911-1024x768.jpg\" alt=\"\" class=\"wp-image-75503\" srcset=\"https:\/\/munilaja.cl\/w\/wp-content\/uploads\/2026\/08\/DSC08911-1024x768.jpg 1024w, https:\/\/munilaja.cl\/w\/wp-content\/uploads\/2026\/08\/DSC08911-300x225.jpg 300w, https:\/\/munilaja.cl\/w\/wp-content\/uploads\/2026\/08\/DSC08911-768x576.jpg 768w, https:\/\/munilaja.cl\/w\/wp-content\/uploads\/2026\/08\/DSC08911-1536x1152.jpg 1536w, https:\/\/munilaja.cl\/w\/wp-content\/uploads\/2026\/08\/DSC08911-2048x1536.jpg 2048w\" sizes=\"(max-width: 1024px) 100vw, 1024px\" \/><\/a><\/figure>\n\n\n\n<figure class=\"wp-block-image size-large\"><a href=\"https:\/\/munilaja.cl\/w\/wp-content\/uploads\/2026\/08\/DSC08916-scaled.jpg\"><img loading=\"lazy\" decoding=\"async\" width=\"1024\" height=\"768\" data-id=\"75505\" src=\"https:\/\/munilaja.cl\/w\/wp-content\/uploads\/2026\/08\/DSC08916-1024x768.jpg\" alt=\"\" class=\"wp-image-75505\" srcset=\"https:\/\/munilaja.cl\/w\/wp-content\/uploads\/2026\/08\/DSC08916-1024x768.jpg 1024w, https:\/\/munilaja.cl\/w\/wp-content\/uploads\/2026\/08\/DSC08916-300x225.jpg 300w, https:\/\/munilaja.cl\/w\/wp-content\/uploads\/2026\/08\/DSC08916-768x576.jpg 768w, https:\/\/munilaja.cl\/w\/wp-content\/uploads\/2026\/08\/DSC08916-1536x1152.jpg 1536w, https:\/\/munilaja.cl\/w\/wp-content\/uploads\/2026\/08\/DSC08916-2048x1536.jpg 2048w\" sizes=\"(max-width: 1024px) 100vw, 1024px\" \/><\/a><\/figure>\n\n\n\n<figure class=\"wp-block-image size-large\"><a href=\"https:\/\/munilaja.cl\/w\/wp-content\/uploads\/2026\/08\/DSC08937-scaled.jpg\"><img loading=\"lazy\" decoding=\"async\" width=\"1024\" height=\"768\" data-id=\"75506\" src=\"https:\/\/munilaja.cl\/w\/wp-content\/uploads\/2026\/08\/DSC08937-1024x768.jpg\" alt=\"\" class=\"wp-image-75506\" srcset=\"https:\/\/munilaja.cl\/w\/wp-content\/uploads\/2026\/08\/DSC08937-1024x768.jpg 1024w, https:\/\/munilaja.cl\/w\/wp-content\/uploads\/2026\/08\/DSC08937-300x225.jpg 300w, https:\/\/munilaja.cl\/w\/wp-content\/uploads\/2026\/08\/DSC08937-768x576.jpg 768w, https:\/\/munilaja.cl\/w\/wp-content\/uploads\/2026\/08\/DSC08937-1536x1152.jpg 1536w, https:\/\/munilaja.cl\/w\/wp-content\/uploads\/2026\/08\/DSC08937-2048x1536.jpg 2048w\" sizes=\"(max-width: 1024px) 100vw, 1024px\" \/><\/a><\/figure>\n\n\n\n<figure class=\"wp-block-image size-large\"><a href=\"https:\/\/munilaja.cl\/w\/wp-content\/uploads\/2026\/08\/DSC08947-scaled.jpg\"><img loading=\"lazy\" decoding=\"async\" width=\"1024\" height=\"768\" data-id=\"75512\" src=\"https:\/\/munilaja.cl\/w\/wp-content\/uploads\/2026\/08\/DSC08947-1024x768.jpg\" alt=\"\" class=\"wp-image-75512\" srcset=\"https:\/\/munilaja.cl\/w\/wp-content\/uploads\/2026\/08\/DSC08947-1024x768.jpg 1024w, https:\/\/munilaja.cl\/w\/wp-content\/uploads\/2026\/08\/DSC08947-300x225.jpg 300w, https:\/\/munilaja.cl\/w\/wp-content\/uploads\/2026\/08\/DSC08947-768x576.jpg 768w, https:\/\/munilaja.cl\/w\/wp-content\/uploads\/2026\/08\/DSC08947-1536x1152.jpg 1536w, https:\/\/munilaja.cl\/w\/wp-content\/uploads\/2026\/08\/DSC08947-2048x1536.jpg 2048w\" sizes=\"(max-width: 1024px) 100vw, 1024px\" \/><\/a><\/figure>\n\n\n\n<figure class=\"wp-block-image size-large\"><a href=\"https:\/\/munilaja.cl\/w\/wp-content\/uploads\/2026\/08\/DSC08961-scaled.jpg\"><img loading=\"lazy\" decoding=\"async\" width=\"1024\" height=\"768\" data-id=\"75495\" src=\"https:\/\/munilaja.cl\/w\/wp-content\/uploads\/2026\/08\/DSC08961-1024x768.jpg\" alt=\"\" class=\"wp-image-75495\" srcset=\"https:\/\/munilaja.cl\/w\/wp-content\/uploads\/2026\/08\/DSC08961-1024x768.jpg 1024w, https:\/\/munilaja.cl\/w\/wp-content\/uploads\/2026\/08\/DSC08961-300x225.jpg 300w, https:\/\/munilaja.cl\/w\/wp-content\/uploads\/2026\/08\/DSC08961-768x576.jpg 768w, https:\/\/munilaja.cl\/w\/wp-content\/uploads\/2026\/08\/DSC08961-1536x1152.jpg 1536w, https:\/\/munilaja.cl\/w\/wp-content\/uploads\/2026\/08\/DSC08961-2048x1536.jpg 2048w\" sizes=\"(max-width: 1024px) 100vw, 1024px\" \/><\/a><\/figure>\n\n\n\n<figure class=\"wp-block-image size-large\"><a href=\"https:\/\/munilaja.cl\/w\/wp-content\/uploads\/2026\/08\/DSC08965-scaled.jpg\"><img loading=\"lazy\" decoding=\"async\" width=\"1024\" height=\"768\" data-id=\"75492\" src=\"https:\/\/munilaja.cl\/w\/wp-content\/uploads\/2026\/08\/DSC08965-1024x768.jpg\" alt=\"\" class=\"wp-image-75492\" srcset=\"https:\/\/munilaja.cl\/w\/wp-content\/uploads\/2026\/08\/DSC08965-1024x768.jpg 1024w, https:\/\/munilaja.cl\/w\/wp-content\/uploads\/2026\/08\/DSC08965-300x225.jpg 300w, https:\/\/munilaja.cl\/w\/wp-content\/uploads\/2026\/08\/DSC08965-768x576.jpg 768w, https:\/\/munilaja.cl\/w\/wp-content\/uploads\/2026\/08\/DSC08965-1536x1152.jpg 1536w, https:\/\/munilaja.cl\/w\/wp-content\/uploads\/2026\/08\/DSC08965-2048x1536.jpg 2048w\" sizes=\"(max-width: 1024px) 100vw, 1024px\" \/><\/a><\/figure>\n\n\n\n<figure class=\"wp-block-image size-large\"><a href=\"https:\/\/munilaja.cl\/w\/wp-content\/uploads\/2026\/08\/DSC08979-scaled.jpg\"><img loading=\"lazy\" decoding=\"async\" width=\"1024\" height=\"768\" data-id=\"75491\" src=\"https:\/\/munilaja.cl\/w\/wp-content\/uploads\/2026\/08\/DSC08979-1024x768.jpg\" alt=\"\" class=\"wp-image-75491\" srcset=\"https:\/\/munilaja.cl\/w\/wp-content\/uploads\/2026\/08\/DSC08979-1024x768.jpg 1024w, https:\/\/munilaja.cl\/w\/wp-content\/uploads\/2026\/08\/DSC08979-300x225.jpg 300w, https:\/\/munilaja.cl\/w\/wp-content\/uploads\/2026\/08\/DSC08979-768x576.jpg 768w, https:\/\/munilaja.cl\/w\/wp-content\/uploads\/2026\/08\/DSC08979-1536x1152.jpg 1536w, https:\/\/munilaja.cl\/w\/wp-content\/uploads\/2026\/08\/DSC08979-2048x1536.jpg 2048w\" sizes=\"(max-width: 1024px) 100vw, 1024px\" \/><\/a><\/figure>\n\n\n\n<figure class=\"wp-block-image size-large\"><a href=\"https:\/\/munilaja.cl\/w\/wp-content\/uploads\/2026\/08\/DSC08985-scaled.jpg\"><img loading=\"lazy\" decoding=\"async\" width=\"1024\" height=\"768\" data-id=\"75496\" src=\"https:\/\/munilaja.cl\/w\/wp-content\/uploads\/2026\/08\/DSC08985-1024x768.jpg\" alt=\"\" class=\"wp-image-75496\" srcset=\"https:\/\/munilaja.cl\/w\/wp-content\/uploads\/2026\/08\/DSC08985-1024x768.jpg 1024w, https:\/\/munilaja.cl\/w\/wp-content\/uploads\/2026\/08\/DSC08985-300x225.jpg 300w, https:\/\/munilaja.cl\/w\/wp-content\/uploads\/2026\/08\/DSC08985-768x576.jpg 768w, https:\/\/munilaja.cl\/w\/wp-content\/uploads\/2026\/08\/DSC08985-1536x1152.jpg 1536w, https:\/\/munilaja.cl\/w\/wp-content\/uploads\/2026\/08\/DSC08985-2048x1536.jpg 2048w\" sizes=\"(max-width: 1024px) 100vw, 1024px\" \/><\/a><\/figure>\n\n\n\n<figure class=\"wp-block-image size-large\"><a href=\"https:\/\/munilaja.cl\/w\/wp-content\/uploads\/2026\/08\/DSC08992-scaled.jpg\"><img loading=\"lazy\" decoding=\"async\" width=\"1024\" height=\"768\" data-id=\"75497\" src=\"https:\/\/munilaja.cl\/w\/wp-content\/uploads\/2026\/08\/DSC08992-1024x768.jpg\" alt=\"\" class=\"wp-image-75497\" srcset=\"https:\/\/munilaja.cl\/w\/wp-content\/uploads\/2026\/08\/DSC08992-1024x768.jpg 1024w, https:\/\/munilaja.cl\/w\/wp-content\/uploads\/2026\/08\/DSC08992-300x225.jpg 300w, https:\/\/munilaja.cl\/w\/wp-content\/uploads\/2026\/08\/DSC08992-768x576.jpg 768w, https:\/\/munilaja.cl\/w\/wp-content\/uploads\/2026\/08\/DSC08992-1536x1152.jpg 1536w, https:\/\/munilaja.cl\/w\/wp-content\/uploads\/2026\/08\/DSC08992-2048x1536.jpg 2048w\" sizes=\"(max-width: 1024px) 100vw, 1024px\" \/><\/a><\/figure>\n\n\n\n<figure class=\"wp-block-image size-large\"><a href=\"https:\/\/munilaja.cl\/w\/wp-content\/uploads\/2026\/08\/DSC09009-scaled.jpg\"><img loading=\"lazy\" decoding=\"async\" width=\"1024\" height=\"768\" data-id=\"75499\" src=\"https:\/\/munilaja.cl\/w\/wp-content\/uploads\/2026\/08\/DSC09009-1024x768.jpg\" alt=\"\" class=\"wp-image-75499\" srcset=\"https:\/\/munilaja.cl\/w\/wp-content\/uploads\/2026\/08\/DSC09009-1024x768.jpg 1024w, https:\/\/munilaja.cl\/w\/wp-content\/uploads\/2026\/08\/DSC09009-300x225.jpg 300w, https:\/\/munilaja.cl\/w\/wp-content\/uploads\/2026\/08\/DSC09009-768x576.jpg 768w, https:\/\/munilaja.cl\/w\/wp-content\/uploads\/2026\/08\/DSC09009-1536x1152.jpg 1536w, https:\/\/munilaja.cl\/w\/wp-content\/uploads\/2026\/08\/DSC09009-2048x1536.jpg 2048w\" sizes=\"(max-width: 1024px) 100vw, 1024px\" \/><\/a><\/figure>\n\n\n\n<figure class=\"wp-block-image size-large\"><a href=\"https:\/\/munilaja.cl\/w\/wp-content\/uploads\/2026\/08\/DSC09013-scaled.jpg\"><img loading=\"lazy\" decoding=\"async\" width=\"1024\" height=\"768\" data-id=\"75502\" src=\"https:\/\/munilaja.cl\/w\/wp-content\/uploads\/2026\/08\/DSC09013-1024x768.jpg\" alt=\"\" class=\"wp-image-75502\" srcset=\"https:\/\/munilaja.cl\/w\/wp-content\/uploads\/2026\/08\/DSC09013-1024x768.jpg 1024w, https:\/\/munilaja.cl\/w\/wp-content\/uploads\/2026\/08\/DSC09013-300x225.jpg 300w, https:\/\/munilaja.cl\/w\/wp-content\/uploads\/2026\/08\/DSC09013-768x576.jpg 768w, https:\/\/munilaja.cl\/w\/wp-content\/uploads\/2026\/08\/DSC09013-1536x1152.jpg 1536w, https:\/\/munilaja.cl\/w\/wp-content\/uploads\/2026\/08\/DSC09013-2048x1536.jpg 2048w\" sizes=\"(max-width: 1024px) 100vw, 1024px\" \/><\/a><\/figure>\n\n\n\n<figure class=\"wp-block-image size-large\"><a href=\"https:\/\/munilaja.cl\/w\/wp-content\/uploads\/2026\/08\/DSC09016-scaled.jpg\"><img loading=\"lazy\" decoding=\"async\" width=\"1024\" height=\"768\" data-id=\"75508\" src=\"https:\/\/munilaja.cl\/w\/wp-content\/uploads\/2026\/08\/DSC09016-1024x768.jpg\" alt=\"\" class=\"wp-image-75508\" srcset=\"https:\/\/munilaja.cl\/w\/wp-content\/uploads\/2026\/08\/DSC09016-1024x768.jpg 1024w, https:\/\/munilaja.cl\/w\/wp-content\/uploads\/2026\/08\/DSC09016-300x225.jpg 300w, https:\/\/munilaja.cl\/w\/wp-content\/uploads\/2026\/08\/DSC09016-768x576.jpg 768w, https:\/\/munilaja.cl\/w\/wp-content\/uploads\/2026\/08\/DSC09016-1536x1152.jpg 1536w, https:\/\/munilaja.cl\/w\/wp-content\/uploads\/2026\/08\/DSC09016-2048x1536.jpg 2048w\" sizes=\"(max-width: 1024px) 100vw, 1024px\" \/><\/a><\/figure>\n\n\n\n<figure class=\"wp-block-image size-large\"><a href=\"https:\/\/munilaja.cl\/w\/wp-content\/uploads\/2026\/08\/DSC09019-scaled.jpg\"><img loading=\"lazy\" decoding=\"async\" width=\"1024\" height=\"768\" data-id=\"75498\" src=\"https:\/\/munilaja.cl\/w\/wp-content\/uploads\/2026\/08\/DSC09019-1024x768.jpg\" alt=\"\" class=\"wp-image-75498\" srcset=\"https:\/\/munilaja.cl\/w\/wp-content\/uploads\/2026\/08\/DSC09019-1024x768.jpg 1024w, https:\/\/munilaja.cl\/w\/wp-content\/uploads\/2026\/08\/DSC09019-300x225.jpg 300w, https:\/\/munilaja.cl\/w\/wp-content\/uploads\/2026\/08\/DSC09019-768x576.jpg 768w, https:\/\/munilaja.cl\/w\/wp-content\/uploads\/2026\/08\/DSC09019-1536x1152.jpg 1536w, https:\/\/munilaja.cl\/w\/wp-content\/uploads\/2026\/08\/DSC09019-2048x1536.jpg 2048w\" sizes=\"(max-width: 1024px) 100vw, 1024px\" \/><\/a><\/figure>\n\n\n\n<figure class=\"wp-block-image size-large\"><a href=\"https:\/\/munilaja.cl\/w\/wp-content\/uploads\/2026\/08\/DSC09024-scaled.jpg\"><img loading=\"lazy\" decoding=\"async\" width=\"1024\" height=\"768\" data-id=\"75514\" src=\"https:\/\/munilaja.cl\/w\/wp-content\/uploads\/2026\/08\/DSC09024-1024x768.jpg\" alt=\"\" class=\"wp-image-75514\" srcset=\"https:\/\/munilaja.cl\/w\/wp-content\/uploads\/2026\/08\/DSC09024-1024x768.jpg 1024w, https:\/\/munilaja.cl\/w\/wp-content\/uploads\/2026\/08\/DSC09024-300x225.jpg 300w, https:\/\/munilaja.cl\/w\/wp-content\/uploads\/2026\/08\/DSC09024-768x576.jpg 768w, https:\/\/munilaja.cl\/w\/wp-content\/uploads\/2026\/08\/DSC09024-1536x1152.jpg 1536w, https:\/\/munilaja.cl\/w\/wp-content\/uploads\/2026\/08\/DSC09024-2048x1536.jpg 2048w\" sizes=\"(max-width: 1024px) 100vw, 1024px\" \/><\/a><\/figure>\n\n\n\n<figure class=\"wp-block-image size-large\"><a href=\"https:\/\/munilaja.cl\/w\/wp-content\/uploads\/2026\/08\/DSC09025-scaled.jpg\"><img loading=\"lazy\" decoding=\"async\" width=\"1024\" height=\"768\" data-id=\"75511\" src=\"https:\/\/munilaja.cl\/w\/wp-content\/uploads\/2026\/08\/DSC09025-1024x768.jpg\" alt=\"\" class=\"wp-image-75511\" srcset=\"https:\/\/munilaja.cl\/w\/wp-content\/uploads\/2026\/08\/DSC09025-1024x768.jpg 1024w, https:\/\/munilaja.cl\/w\/wp-content\/uploads\/2026\/08\/DSC09025-300x225.jpg 300w, https:\/\/munilaja.cl\/w\/wp-content\/uploads\/2026\/08\/DSC09025-768x576.jpg 768w, https:\/\/munilaja.cl\/w\/wp-content\/uploads\/2026\/08\/DSC09025-1536x1152.jpg 1536w, https:\/\/munilaja.cl\/w\/wp-content\/uploads\/2026\/08\/DSC09025-2048x1536.jpg 2048w\" sizes=\"(max-width: 1024px) 100vw, 1024px\" \/><\/a><\/figure>\n\n\n\n<figure class=\"wp-block-image size-large\"><a href=\"https:\/\/munilaja.cl\/w\/wp-content\/uploads\/2026\/08\/DSC09031-scaled.jpg\"><img loading=\"lazy\" decoding=\"async\" width=\"1024\" height=\"768\" data-id=\"75510\" src=\"https:\/\/munilaja.cl\/w\/wp-content\/uploads\/2026\/08\/DSC09031-1024x768.jpg\" alt=\"\" class=\"wp-image-75510\" srcset=\"https:\/\/munilaja.cl\/w\/wp-content\/uploads\/2026\/08\/DSC09031-1024x768.jpg 1024w, https:\/\/munilaja.cl\/w\/wp-content\/uploads\/2026\/08\/DSC09031-300x225.jpg 300w, https:\/\/munilaja.cl\/w\/wp-content\/uploads\/2026\/08\/DSC09031-768x576.jpg 768w, https:\/\/munilaja.cl\/w\/wp-content\/uploads\/2026\/08\/DSC09031-1536x1152.jpg 1536w, https:\/\/munilaja.cl\/w\/wp-content\/uploads\/2026\/08\/DSC09031-2048x1536.jpg 2048w\" sizes=\"(max-width: 1024px) 100vw, 1024px\" \/><\/a><\/figure>\n\n\n\n<figure class=\"wp-block-image size-large\"><a href=\"https:\/\/munilaja.cl\/w\/wp-content\/uploads\/2026\/08\/DSC09033-scaled.jpg\"><img loading=\"lazy\" decoding=\"async\" width=\"1024\" height=\"768\" data-id=\"75507\" src=\"https:\/\/munilaja.cl\/w\/wp-content\/uploads\/2026\/08\/DSC09033-1024x768.jpg\" alt=\"\" class=\"wp-image-75507\" srcset=\"https:\/\/munilaja.cl\/w\/wp-content\/uploads\/2026\/08\/DSC09033-1024x768.jpg 1024w, https:\/\/munilaja.cl\/w\/wp-content\/uploads\/2026\/08\/DSC09033-300x225.jpg 300w, https:\/\/munilaja.cl\/w\/wp-content\/uploads\/2026\/08\/DSC09033-768x576.jpg 768w, https:\/\/munilaja.cl\/w\/wp-content\/uploads\/2026\/08\/DSC09033-1536x1152.jpg 1536w, https:\/\/munilaja.cl\/w\/wp-content\/uploads\/2026\/08\/DSC09033-2048x1536.jpg 2048w\" sizes=\"(max-width: 1024px) 100vw, 1024px\" \/><\/a><\/figure>\n\n\n\n<figure class=\"wp-block-image size-large\"><a href=\"https:\/\/munilaja.cl\/w\/wp-content\/uploads\/2026\/08\/DSC09037-scaled.jpg\"><img loading=\"lazy\" decoding=\"async\" width=\"1024\" height=\"768\" data-id=\"75515\" src=\"https:\/\/munilaja.cl\/w\/wp-content\/uploads\/2026\/08\/DSC09037-1024x768.jpg\" alt=\"\" class=\"wp-image-75515\" srcset=\"https:\/\/munilaja.cl\/w\/wp-content\/uploads\/2026\/08\/DSC09037-1024x768.jpg 1024w, https:\/\/munilaja.cl\/w\/wp-content\/uploads\/2026\/08\/DSC09037-300x225.jpg 300w, https:\/\/munilaja.cl\/w\/wp-content\/uploads\/2026\/08\/DSC09037-768x576.jpg 768w, https:\/\/munilaja.cl\/w\/wp-content\/uploads\/2026\/08\/DSC09037-1536x1152.jpg 1536w, https:\/\/munilaja.cl\/w\/wp-content\/uploads\/2026\/08\/DSC09037-2048x1536.jpg 2048w\" sizes=\"(max-width: 1024px) 100vw, 1024px\" \/><\/a><\/figure>\n\n\n\n<figure class=\"wp-block-image size-large\"><a href=\"https:\/\/munilaja.cl\/w\/wp-content\/uploads\/2026\/08\/DSC09059-scaled.jpg\"><img loading=\"lazy\" decoding=\"async\" width=\"1024\" height=\"768\" data-id=\"75504\" src=\"https:\/\/munilaja.cl\/w\/wp-content\/uploads\/2026\/08\/DSC09059-1024x768.jpg\" alt=\"\" class=\"wp-image-75504\" srcset=\"https:\/\/munilaja.cl\/w\/wp-content\/uploads\/2026\/08\/DSC09059-1024x768.jpg 1024w, https:\/\/munilaja.cl\/w\/wp-content\/uploads\/2026\/08\/DSC09059-300x225.jpg 300w, https:\/\/munilaja.cl\/w\/wp-content\/uploads\/2026\/08\/DSC09059-768x576.jpg 768w, https:\/\/munilaja.cl\/w\/wp-content\/uploads\/2026\/08\/DSC09059-1536x1152.jpg 1536w, https:\/\/munilaja.cl\/w\/wp-content\/uploads\/2026\/08\/DSC09059-2048x1536.jpg 2048w\" sizes=\"(max-width: 1024px) 100vw, 1024px\" \/><\/a><\/figure>\n\n\n\n<figure class=\"wp-block-image size-large\"><a href=\"https:\/\/munilaja.cl\/w\/wp-content\/uploads\/2026\/08\/DSC09064-scaled.jpg\"><img loading=\"lazy\" decoding=\"async\" width=\"1024\" height=\"768\" data-id=\"75494\" src=\"https:\/\/munilaja.cl\/w\/wp-content\/uploads\/2026\/08\/DSC09064-1024x768.jpg\" alt=\"\" class=\"wp-image-75494\" srcset=\"https:\/\/munilaja.cl\/w\/wp-content\/uploads\/2026\/08\/DSC09064-1024x768.jpg 1024w, https:\/\/munilaja.cl\/w\/wp-content\/uploads\/2026\/08\/DSC09064-300x225.jpg 300w, https:\/\/munilaja.cl\/w\/wp-content\/uploads\/2026\/08\/DSC09064-768x576.jpg 768w, https:\/\/munilaja.cl\/w\/wp-content\/uploads\/2026\/08\/DSC09064-1536x1152.jpg 1536w, https:\/\/munilaja.cl\/w\/wp-content\/uploads\/2026\/08\/DSC09064-2048x1536.jpg 2048w\" sizes=\"(max-width: 1024px) 100vw, 1024px\" \/><\/a><\/figure>\n\n\n\n<figure class=\"wp-block-image size-large\"><a href=\"https:\/\/munilaja.cl\/w\/wp-content\/uploads\/2026\/08\/DSC09069-scaled.jpg\"><img loading=\"lazy\" decoding=\"async\" width=\"1024\" height=\"768\" data-id=\"75513\" src=\"https:\/\/munilaja.cl\/w\/wp-content\/uploads\/2026\/08\/DSC09069-1024x768.jpg\" alt=\"\" class=\"wp-image-75513\" srcset=\"https:\/\/munilaja.cl\/w\/wp-content\/uploads\/2026\/08\/DSC09069-1024x768.jpg 1024w, https:\/\/munilaja.cl\/w\/wp-content\/uploads\/2026\/08\/DSC09069-300x225.jpg 300w, https:\/\/munilaja.cl\/w\/wp-content\/uploads\/2026\/08\/DSC09069-768x576.jpg 768w, https:\/\/munilaja.cl\/w\/wp-content\/uploads\/2026\/08\/DSC09069-1536x1152.jpg 1536w, https:\/\/munilaja.cl\/w\/wp-content\/uploads\/2026\/08\/DSC09069-2048x1536.jpg 2048w\" sizes=\"(max-width: 1024px) 100vw, 1024px\" \/><\/a><\/figure>\n<\/figure>\n","protected":false},"excerpt":{"rendered":"<p>Durante agosto, la iniciativa recorri\u00f3 distintos sectores urbanos y rurales de la comuna, generando espacios de encuentro, conversaci\u00f3n y participaci\u00f3n para las personas mayores. Con la participaci\u00f3n de m\u00e1s de 800 personas mayores, culmin\u00f3 el ciclo de 12 Mateadas organizado por la Municipalidad de Laja durante el mes de agosto, iniciativa que permiti\u00f3 llevar espacios [&hellip;]<\/p>\n","protected":false},"author":17,"featured_media":75500,"comment_status":"closed","ping_status":"closed","sticky":false,"template":"","format":"standard","meta":{"zakra_sidebar_layout":"customizer","zakra_remove_content_margin":false,"zakra_sidebar":"customizer","zakra_transparent_header":"customizer","zakra_logo":0,"zakra_main_header_style":"default","zakra_menu_item_color":"","zakra_menu_item_hover_color":"","zakra_menu_item_active_color":"","zakra_menu_active_style":"zakra_menu_active_style","zakra_page_header":true,"footnotes":""},"categories":[17],"tags":[],"class_list":["post-75490","post","type-post","status-publish","format-standard","has-post-thumbnail","hentry","category-servicio-a-la-comunidad"],"yoast_head":"<!-- This site is optimized with the Yoast SEO plugin v24.0 - https:\/\/yoast.com\/wordpress\/plugins\/seo\/ -->\n<title>M\u00e1s de mil personas mayores participaron en las 12 Mateadas organizadas por el municipio de Laja - Municipalidad de Laja<\/title>\n<meta name=\"robots\" content=\"index, follow, max-snippet:-1, max-image-preview:large, max-video-preview:-1\" \/>\n<link rel=\"canonical\" href=\"https:\/\/munilaja.cl\/w\/mas-de-mil-personas-mayores-participaron-en-las-12-mateadas-organizadas-por-el-municipio-de-laja\/\" \/>\n<meta property=\"og:locale\" content=\"es_ES\" \/>\n<meta property=\"og:type\" content=\"article\" \/>\n<meta property=\"og:title\" content=\"M\u00e1s de mil personas mayores participaron en las 12 Mateadas organizadas por el municipio de Laja - Municipalidad de Laja\" \/>\n<meta property=\"og:description\" content=\"Durante agosto, la iniciativa recorri\u00f3 distintos sectores urbanos y rurales de la comuna, generando espacios de encuentro, conversaci\u00f3n y participaci\u00f3n para las personas mayores. Con la participaci\u00f3n de m\u00e1s de 800 personas mayores, culmin\u00f3 el ciclo de 12 Mateadas organizado por la Municipalidad de Laja durante el mes de agosto, iniciativa que permiti\u00f3 llevar espacios [&hellip;]\" \/>\n<meta property=\"og:url\" content=\"https:\/\/munilaja.cl\/w\/mas-de-mil-personas-mayores-participaron-en-las-12-mateadas-organizadas-por-el-municipio-de-laja\/\" \/>\n<meta property=\"og:site_name\" content=\"Municipalidad de Laja\" \/>\n<meta property=\"article:published_time\" content=\"2026-08-31T21:45:32+00:00\" \/>\n<meta property=\"article:modified_time\" content=\"2026-08-31T21:45:33+00:00\" \/>\n<meta property=\"og:image\" content=\"https:\/\/munilaja.cl\/w\/wp-content\/uploads\/2026\/08\/DSC08869-scaled.jpg\" \/>\n\t<meta property=\"og:image:width\" content=\"2560\" \/>\n\t<meta property=\"og:image:height\" content=\"1920\" \/>\n\t<meta property=\"og:image:type\" content=\"image\/jpeg\" \/>\n<meta name=\"author\" content=\"Cindy Castro Villagra\" \/>\n<meta name=\"twitter:card\" content=\"summary_large_image\" \/>\n<meta name=\"twitter:label1\" content=\"Escrito por\" \/>\n\t<meta name=\"twitter:data1\" content=\"Cindy Castro Villagra\" \/>\n\t<meta name=\"twitter:label2\" content=\"Tiempo de lectura\" \/>\n\t<meta name=\"twitter:data2\" content=\"8 minutos\" \/>\n<script type=\"application\/ld+json\" class=\"yoast-schema-graph\">{\"@context\":\"https:\/\/schema.org\",\"@graph\":[{\"@type\":\"Article\",\"@id\":\"https:\/\/munilaja.cl\/w\/mas-de-mil-personas-mayores-participaron-en-las-12-mateadas-organizadas-por-el-municipio-de-laja\/#article\",\"isPartOf\":{\"@id\":\"https:\/\/munilaja.cl\/w\/mas-de-mil-personas-mayores-participaron-en-las-12-mateadas-organizadas-por-el-municipio-de-laja\/\"},\"author\":{\"name\":\"Cindy Castro Villagra\",\"@id\":\"https:\/\/munilaja.cl\/w\/#\/schema\/person\/c52429e10a6082091590c108f0f4fab0\"},\"headline\":\"M\u00e1s de mil personas mayores participaron en las 12 Mateadas organizadas por el municipio de Laja\",\"datePublished\":\"2026-08-31T21:45:32+00:00\",\"dateModified\":\"2026-08-31T21:45:33+00:00\",\"mainEntityOfPage\":{\"@id\":\"https:\/\/munilaja.cl\/w\/mas-de-mil-personas-mayores-participaron-en-las-12-mateadas-organizadas-por-el-municipio-de-laja\/\"},\"wordCount\":539,\"publisher\":{\"@id\":\"https:\/\/munilaja.cl\/w\/#organization\"},\"image\":{\"@id\":\"https:\/\/munilaja.cl\/w\/mas-de-mil-personas-mayores-participaron-en-las-12-mateadas-organizadas-por-el-municipio-de-laja\/#primaryimage\"},\"thumbnailUrl\":\"https:\/\/munilaja.cl\/w\/wp-content\/uploads\/2026\/08\/DSC08869-scaled.jpg\",\"articleSection\":[\"Servicio a la comunidad\"],\"inLanguage\":\"es\"},{\"@type\":\"WebPage\",\"@id\":\"https:\/\/munilaja.cl\/w\/mas-de-mil-personas-mayores-participaron-en-las-12-mateadas-organizadas-por-el-municipio-de-laja\/\",\"url\":\"https:\/\/munilaja.cl\/w\/mas-de-mil-personas-mayores-participaron-en-las-12-mateadas-organizadas-por-el-municipio-de-laja\/\",\"name\":\"M\u00e1s de mil personas mayores participaron en las 12 Mateadas organizadas por el municipio de Laja - Municipalidad de Laja\",\"isPartOf\":{\"@id\":\"https:\/\/munilaja.cl\/w\/#website\"},\"primaryImageOfPage\":{\"@id\":\"https:\/\/munilaja.cl\/w\/mas-de-mil-personas-mayores-participaron-en-las-12-mateadas-organizadas-por-el-municipio-de-laja\/#primaryimage\"},\"image\":{\"@id\":\"https:\/\/munilaja.cl\/w\/mas-de-mil-personas-mayores-participaron-en-las-12-mateadas-organizadas-por-el-municipio-de-laja\/#primaryimage\"},\"thumbnailUrl\":\"https:\/\/munilaja.cl\/w\/wp-content\/uploads\/2026\/08\/DSC08869-scaled.jpg\",\"datePublished\":\"2026-08-31T21:45:32+00:00\",\"dateModified\":\"2026-08-31T21:45:33+00:00\",\"breadcrumb\":{\"@id\":\"https:\/\/munilaja.cl\/w\/mas-de-mil-personas-mayores-participaron-en-las-12-mateadas-organizadas-por-el-municipio-de-laja\/#breadcrumb\"},\"inLanguage\":\"es\",\"potentialAction\":[{\"@type\":\"ReadAction\",\"target\":[\"https:\/\/munilaja.cl\/w\/mas-de-mil-personas-mayores-participaron-en-las-12-mateadas-organizadas-por-el-municipio-de-laja\/\"]}]},{\"@type\":\"ImageObject\",\"inLanguage\":\"es\",\"@id\":\"https:\/\/munilaja.cl\/w\/mas-de-mil-personas-mayores-participaron-en-las-12-mateadas-organizadas-por-el-municipio-de-laja\/#primaryimage\",\"url\":\"https:\/\/munilaja.cl\/w\/wp-content\/uploads\/2026\/08\/DSC08869-scaled.jpg\",\"contentUrl\":\"https:\/\/munilaja.cl\/w\/wp-content\/uploads\/2026\/08\/DSC08869-scaled.jpg\",\"width\":2560,\"height\":1920},{\"@type\":\"BreadcrumbList\",\"@id\":\"https:\/\/munilaja.cl\/w\/mas-de-mil-personas-mayores-participaron-en-las-12-mateadas-organizadas-por-el-municipio-de-laja\/#breadcrumb\",\"itemListElement\":[{\"@type\":\"ListItem\",\"position\":1,\"name\":\"Portada\",\"item\":\"https:\/\/munilaja.cl\/w\/\"},{\"@type\":\"ListItem\",\"position\":2,\"name\":\"M\u00e1s de mil personas mayores participaron en las 12 Mateadas organizadas por el municipio de Laja\"}]},{\"@type\":\"WebSite\",\"@id\":\"https:\/\/munilaja.cl\/w\/#website\",\"url\":\"https:\/\/munilaja.cl\/w\/\",\"name\":\"Municipalidad de Laja\",\"description\":\"Web Municipal\",\"publisher\":{\"@id\":\"https:\/\/munilaja.cl\/w\/#organization\"},\"potentialAction\":[{\"@type\":\"SearchAction\",\"target\":{\"@type\":\"EntryPoint\",\"urlTemplate\":\"https:\/\/munilaja.cl\/w\/?s={search_term_string}\"},\"query-input\":{\"@type\":\"PropertyValueSpecification\",\"valueRequired\":true,\"valueName\":\"search_term_string\"}}],\"inLanguage\":\"es\"},{\"@type\":\"Organization\",\"@id\":\"https:\/\/munilaja.cl\/w\/#organization\",\"name\":\"Municipalidad de Laja\",\"url\":\"https:\/\/munilaja.cl\/w\/\",\"logo\":{\"@type\":\"ImageObject\",\"inLanguage\":\"es\",\"@id\":\"https:\/\/munilaja.cl\/w\/#\/schema\/logo\/image\/\",\"url\":\"https:\/\/munilaja.cl\/w\/wp-content\/uploads\/2024\/11\/ESCUDO-LAJA-LETRAS-BLANCAS-LOGO-WEB.png\",\"contentUrl\":\"https:\/\/munilaja.cl\/w\/wp-content\/uploads\/2024\/11\/ESCUDO-LAJA-LETRAS-BLANCAS-LOGO-WEB.png\",\"width\":150,\"height\":150,\"caption\":\"Municipalidad de Laja\"},\"image\":{\"@id\":\"https:\/\/munilaja.cl\/w\/#\/schema\/logo\/image\/\"}},{\"@type\":\"Person\",\"@id\":\"https:\/\/munilaja.cl\/w\/#\/schema\/person\/c52429e10a6082091590c108f0f4fab0\",\"name\":\"Cindy Castro Villagra\",\"url\":\"https:\/\/munilaja.cl\/w\/author\/cindy-castro\/\"}]}<\/script>\n<!-- \/ Yoast SEO plugin. -->","yoast_head_json":{"title":"M\u00e1s de mil personas mayores participaron en las 12 Mateadas organizadas por el municipio de Laja - Municipalidad de Laja","robots":{"index":"index","follow":"follow","max-snippet":"max-snippet:-1","max-image-preview":"max-image-preview:large","max-video-preview":"max-video-preview:-1"},"canonical":"https:\/\/munilaja.cl\/w\/mas-de-mil-personas-mayores-participaron-en-las-12-mateadas-organizadas-por-el-municipio-de-laja\/","og_locale":"es_ES","og_type":"article","og_title":"M\u00e1s de mil personas mayores participaron en las 12 Mateadas organizadas por el municipio de Laja - Municipalidad de Laja","og_description":"Durante agosto, la iniciativa recorri\u00f3 distintos sectores urbanos y rurales de la comuna, generando espacios de encuentro, conversaci\u00f3n y participaci\u00f3n para las personas mayores. Con la participaci\u00f3n de m\u00e1s de 800 personas mayores, culmin\u00f3 el ciclo de 12 Mateadas organizado por la Municipalidad de Laja durante el mes de agosto, iniciativa que permiti\u00f3 llevar espacios [&hellip;]","og_url":"https:\/\/munilaja.cl\/w\/mas-de-mil-personas-mayores-participaron-en-las-12-mateadas-organizadas-por-el-municipio-de-laja\/","og_site_name":"Municipalidad de Laja","article_published_time":"2026-08-31T21:45:32+00:00","article_modified_time":"2026-08-31T21:45:33+00:00","og_image":[{"width":2560,"height":1920,"url":"https:\/\/munilaja.cl\/w\/wp-content\/uploads\/2026\/08\/DSC08869-scaled.jpg","type":"image\/jpeg"}],"author":"Cindy Castro Villagra","twitter_card":"summary_large_image","twitter_misc":{"Escrito por":"Cindy Castro Villagra","Tiempo de lectura":"8 minutos"},"schema":{"@context":"https:\/\/schema.org","@graph":[{"@type":"Article","@id":"https:\/\/munilaja.cl\/w\/mas-de-mil-personas-mayores-participaron-en-las-12-mateadas-organizadas-por-el-municipio-de-laja\/#article","isPartOf":{"@id":"https:\/\/munilaja.cl\/w\/mas-de-mil-personas-mayores-participaron-en-las-12-mateadas-organizadas-por-el-municipio-de-laja\/"},"author":{"name":"Cindy Castro Villagra","@id":"https:\/\/munilaja.cl\/w\/#\/schema\/person\/c52429e10a6082091590c108f0f4fab0"},"headline":"M\u00e1s de mil personas mayores participaron en las 12 Mateadas organizadas por el municipio de Laja","datePublished":"2026-08-31T21:45:32+00:00","dateModified":"2026-08-31T21:45:33+00:00","mainEntityOfPage":{"@id":"https:\/\/munilaja.cl\/w\/mas-de-mil-personas-mayores-participaron-en-las-12-mateadas-organizadas-por-el-municipio-de-laja\/"},"wordCount":539,"publisher":{"@id":"https:\/\/munilaja.cl\/w\/#organization"},"image":{"@id":"https:\/\/munilaja.cl\/w\/mas-de-mil-personas-mayores-participaron-en-las-12-mateadas-organizadas-por-el-municipio-de-laja\/#primaryimage"},"thumbnailUrl":"https:\/\/munilaja.cl\/w\/wp-content\/uploads\/2026\/08\/DSC08869-scaled.jpg","articleSection":["Servicio a la comunidad"],"inLanguage":"es"},{"@type":"WebPage","@id":"https:\/\/munilaja.cl\/w\/mas-de-mil-personas-mayores-participaron-en-las-12-mateadas-organizadas-por-el-municipio-de-laja\/","url":"https:\/\/munilaja.cl\/w\/mas-de-mil-personas-mayores-participaron-en-las-12-mateadas-organizadas-por-el-municipio-de-laja\/","name":"M\u00e1s de mil personas mayores participaron en las 12 Mateadas organizadas por el municipio de Laja - Municipalidad de Laja","isPartOf":{"@id":"https:\/\/munilaja.cl\/w\/#website"},"primaryImageOfPage":{"@id":"https:\/\/munilaja.cl\/w\/mas-de-mil-personas-mayores-participaron-en-las-12-mateadas-organizadas-por-el-municipio-de-laja\/#primaryimage"},"image":{"@id":"https:\/\/munilaja.cl\/w\/mas-de-mil-personas-mayores-participaron-en-las-12-mateadas-organizadas-por-el-municipio-de-laja\/#primaryimage"},"thumbnailUrl":"https:\/\/munilaja.cl\/w\/wp-content\/uploads\/2026\/08\/DSC08869-scaled.jpg","datePublished":"2026-08-31T21:45:32+00:00","dateModified":"2026-08-31T21:45:33+00:00","breadcrumb":{"@id":"https:\/\/munilaja.cl\/w\/mas-de-mil-personas-mayores-participaron-en-las-12-mateadas-organizadas-por-el-municipio-de-laja\/#breadcrumb"},"inLanguage":"es","potentialAction":[{"@type":"ReadAction","target":["https:\/\/munilaja.cl\/w\/mas-de-mil-personas-mayores-participaron-en-las-12-mateadas-organizadas-por-el-municipio-de-laja\/"]}]},{"@type":"ImageObject","inLanguage":"es","@id":"https:\/\/munilaja.cl\/w\/mas-de-mil-personas-mayores-participaron-en-las-12-mateadas-organizadas-por-el-municipio-de-laja\/#primaryimage","url":"https:\/\/munilaja.cl\/w\/wp-content\/uploads\/2026\/08\/DSC08869-scaled.jpg","contentUrl":"https:\/\/munilaja.cl\/w\/wp-content\/uploads\/2026\/08\/DSC08869-scaled.jpg","width":2560,"height":1920},{"@type":"BreadcrumbList","@id":"https:\/\/munilaja.cl\/w\/mas-de-mil-personas-mayores-participaron-en-las-12-mateadas-organizadas-por-el-municipio-de-laja\/#breadcrumb","itemListElement":[{"@type":"ListItem","position":1,"name":"Portada","item":"https:\/\/munilaja.cl\/w\/"},{"@type":"ListItem","position":2,"name":"M\u00e1s de mil personas mayores participaron en las 12 Mateadas organizadas por el municipio de Laja"}]},{"@type":"WebSite","@id":"https:\/\/munilaja.cl\/w\/#website","url":"https:\/\/munilaja.cl\/w\/","name":"Municipalidad de Laja","description":"Web Municipal","publisher":{"@id":"https:\/\/munilaja.cl\/w\/#organization"},"potentialAction":[{"@type":"SearchAction","target":{"@type":"EntryPoint","urlTemplate":"https:\/\/munilaja.cl\/w\/?s={search_term_string}"},"query-input":{"@type":"PropertyValueSpecification","valueRequired":true,"valueName":"search_term_string"}}],"inLanguage":"es"},{"@type":"Organization","@id":"https:\/\/munilaja.cl\/w\/#organization","name":"Municipalidad de Laja","url":"https:\/\/munilaja.cl\/w\/","logo":{"@type":"ImageObject","inLanguage":"es","@id":"https:\/\/munilaja.cl\/w\/#\/schema\/logo\/image\/","url":"https:\/\/munilaja.cl\/w\/wp-content\/uploads\/2024\/11\/ESCUDO-LAJA-LETRAS-BLANCAS-LOGO-WEB.png","contentUrl":"https:\/\/munilaja.cl\/w\/wp-content\/uploads\/2024\/11\/ESCUDO-LAJA-LETRAS-BLANCAS-LOGO-WEB.png","width":150,"height":150,"caption":"Municipalidad de Laja"},"image":{"@id":"https:\/\/munilaja.cl\/w\/#\/schema\/logo\/image\/"}},{"@type":"Person","@id":"https:\/\/munilaja.cl\/w\/#\/schema\/person\/c52429e10a6082091590c108f0f4fab0","name":"Cindy Castro Villagra","url":"https:\/\/munilaja.cl\/w\/author\/cindy-castro\/"}]}},"_links":{"self":[{"href":"https:\/\/munilaja.cl\/w\/wp-json\/wp\/v2\/posts\/75490"}],"collection":[{"href":"https:\/\/munilaja.cl\/w\/wp-json\/wp\/v2\/posts"}],"about":[{"href":"https:\/\/munilaja.cl\/w\/wp-json\/wp\/v2\/types\/post"}],"author":[{"embeddable":true,"href":"https:\/\/munilaja.cl\/w\/wp-json\/wp\/v2\/users\/17"}],"replies":[{"embeddable":true,"href":"https:\/\/munilaja.cl\/w\/wp-json\/wp\/v2\/comments?post=75490"}],"version-history":[{"count":1,"href":"https:\/\/munilaja.cl\/w\/wp-json\/wp\/v2\/posts\/75490\/revisions"}],"predecessor-version":[{"id":75517,"href":"https:\/\/munilaja.cl\/w\/wp-json\/wp\/v2\/posts\/75490\/revisions\/75517"}],"wp:featuredmedia":[{"embeddable":true,"href":"https:\/\/munilaja.cl\/w\/wp-json\/wp\/v2\/media\/75500"}],"wp:attachment":[{"href":"https:\/\/munilaja.cl\/w\/wp-json\/wp\/v2\/media?parent=75490"}],"wp:term":[{"taxonomy":"category","embeddable":true,"href":"https:\/\/munilaja.cl\/w\/wp-json\/wp\/v2\/categories?post=75490"},{"taxonomy":"post_tag","embeddable":true,"href":"https:\/\/munilaja.cl\/w\/wp-json\/wp\/v2\/tags?post=75490"}],"curies":[{"name":"wp","href":"https:\/\/api.w.org\/{rel}","templated":true}]}}