{"id":74195,"date":"2026-04-30T11:51:52","date_gmt":"2026-04-30T15:51:52","guid":{"rendered":"https:\/\/munilaja.cl\/w\/?p=74195"},"modified":"2026-04-30T11:51:53","modified_gmt":"2026-04-30T15:51:53","slug":"laja-reconoce-la-trayectoria-de-seis-destacadas-docentes-que-culminan-su-etapa-en-la-educacion-publica","status":"publish","type":"post","link":"https:\/\/munilaja.cl\/w\/laja-reconoce-la-trayectoria-de-seis-destacadas-docentes-que-culminan-su-etapa-en-la-educacion-publica\/","title":{"rendered":"Laja reconoce la trayectoria de seis destacadas docentes que culminan su etapa en la educaci\u00f3n p\u00fablica"},"content":{"rendered":"\n<p>En una emotiva ceremonia realizada este mi\u00e9rcoles 29 de abril, la comuna de Laja rindi\u00f3 un significativo reconocimiento a seis docentes que, tras a\u00f1os de vocaci\u00f3n, compromiso y servicio, concluyeron su etapa laboral en la educaci\u00f3n municipal.<\/p>\n\n\n\n<p>Se trata de las profesoras Erica Smith Claver\u00eda, Miriam Valenzuela Pe\u00f1a, Silvia Melo Herrera, Luc\u00eda Espinoza Oliveros, Nancy Luengo Herrera y Loreto Arellano Saravia, quienes dejaron una profunda huella en generaciones de estudiantes y en cada una de las comunidades educativas donde se desempe\u00f1aron.<\/p>\n\n\n\n<p>La actividad cont\u00f3 con la presencia de autoridades comunales, encabezadas por el alcalde de Laja, Vladimir Fica Toledo, el consejero regional Ignacio Fica Espinoza, adem\u00e1s de concejales, equipos directivos, docentes, asistentes de la educaci\u00f3n, estudiantes y familias, quienes acompa\u00f1aron este especial momento cargado de emoci\u00f3n y gratitud.<\/p>\n\n\n\n<p>Durante la jornada, se destacaron las trayectorias de las docentes, marcadas por una entrega constante, el compromiso con la formaci\u00f3n integral de sus estudiantes y una vocaci\u00f3n que trascendi\u00f3 las aulas.<\/p>\n\n\n\n<p>Visiblemente emocionada, la profesora <strong>Erica Smith<\/strong> valor\u00f3 el reconocimiento recibido, se\u00f1alando que <em>\u201cno esper\u00e9 que los estudiantes estuvieran presentes y la gran cantidad de profesores que vinieron a despedirme. Estoy muy contenta de haber trabajado todo este tiempo, especialmente en el \u00e1rea t\u00e9cnico profesional, que es un desaf\u00edo diario donde los estudiantes tambi\u00e9n nos ense\u00f1an mucho. Me voy con un muy buen recuerdo de estos 40 a\u00f1os de servicio\u201d.<\/em><\/p>\n\n\n\n<p>Por su parte, la docente <strong>Silvia Melo<\/strong> expres\u00f3 su gratitud por el camino recorrido, destacando que <em>\u201cagradezco a Dios por esta hermosa vocaci\u00f3n de ense\u00f1ar y formar personas. Tambi\u00e9n a mis colegas y estudiantes, porque de cada uno aprend\u00ed y son parte de mi historia de vida. Es una etapa muy significativa y me siento agradecida de haberla vivido\u201d.<\/em><\/p>\n\n\n\n<p>Desde el municipio, el <strong>alcalde Vladimir Fica Toledo<\/strong> relev\u00f3 el valor de la labor docente, indicando que <em>\u201cm\u00e1s que una ceremonia emotiva, este es un tremendo reconocimiento a tantos a\u00f1os de esfuerzo, trabajo y vocaci\u00f3n. Hay noches de desvelo, hay dedicaci\u00f3n y compromiso con cada estudiante. En nombre de la Municipalidad de Laja, solo nos queda agradecer profundamente su entrega y desearles lo mejor en esta nueva etapa de sus vidas\u201d.<\/em><\/p>\n\n\n\n<p>En tanto, <strong>el concejal Jhonny Gonz\u00e1lez<\/strong> destac\u00f3 el impacto que estas docentes tuvieron en la comunidad, se\u00f1alando que <em>\u201csolo tenemos palabras de agradecimiento por todo el trabajo y compromiso que entregaron a nuestra educaci\u00f3n municipal. En lo personal, tuve la fortuna de ser alumno de varias de ellas, por lo que este reconocimiento tambi\u00e9n es muy significativo. Hoy corresponde felicitarlas y desearles que disfruten esta nueva etapa junto a sus familias\u201d.<\/em><\/p>\n\n\n\n<p>La ceremonia no solo marc\u00f3 el cierre de una etapa laboral, sino tambi\u00e9n el reconocimiento a una vida dedicada a la educaci\u00f3n p\u00fablica, donde cada una de estas docentes contribuy\u00f3 de manera significativa al desarrollo de la comuna.<\/p>\n\n\n\n<p>Su legado, construido desde el aula, el compromiso diario y el v\u00ednculo con sus estudiantes, permanecer\u00e1 en la memoria de la comunidad lajina como un testimonio del verdadero sentido de ser profesora.<\/p>\n\n\n\n<figure class=\"wp-block-gallery has-nested-images columns-default is-cropped wp-block-gallery-1 is-layout-flex wp-block-gallery-is-layout-flex\">\n<figure class=\"wp-block-image size-large\"><a href=\"https:\/\/munilaja.cl\/w\/wp-content\/uploads\/2026\/04\/DSC06280-scaled.jpg\"><img fetchpriority=\"high\" decoding=\"async\" width=\"1024\" height=\"576\" data-id=\"74222\" src=\"https:\/\/munilaja.cl\/w\/wp-content\/uploads\/2026\/04\/DSC06280-1024x576.jpg\" alt=\"\" class=\"wp-image-74222\" srcset=\"https:\/\/munilaja.cl\/w\/wp-content\/uploads\/2026\/04\/DSC06280-1024x576.jpg 1024w, https:\/\/munilaja.cl\/w\/wp-content\/uploads\/2026\/04\/DSC06280-300x169.jpg 300w, https:\/\/munilaja.cl\/w\/wp-content\/uploads\/2026\/04\/DSC06280-768x432.jpg 768w, https:\/\/munilaja.cl\/w\/wp-content\/uploads\/2026\/04\/DSC06280-1536x864.jpg 1536w, https:\/\/munilaja.cl\/w\/wp-content\/uploads\/2026\/04\/DSC06280-2048x1153.jpg 2048w\" sizes=\"(max-width: 1024px) 100vw, 1024px\" \/><\/a><\/figure>\n\n\n\n<figure class=\"wp-block-image size-large\"><a href=\"https:\/\/munilaja.cl\/w\/wp-content\/uploads\/2026\/04\/DSC06285-scaled.jpg\"><img decoding=\"async\" width=\"1024\" height=\"576\" data-id=\"74227\" src=\"https:\/\/munilaja.cl\/w\/wp-content\/uploads\/2026\/04\/DSC06285-1024x576.jpg\" alt=\"\" class=\"wp-image-74227\" srcset=\"https:\/\/munilaja.cl\/w\/wp-content\/uploads\/2026\/04\/DSC06285-1024x576.jpg 1024w, https:\/\/munilaja.cl\/w\/wp-content\/uploads\/2026\/04\/DSC06285-300x169.jpg 300w, https:\/\/munilaja.cl\/w\/wp-content\/uploads\/2026\/04\/DSC06285-768x432.jpg 768w, https:\/\/munilaja.cl\/w\/wp-content\/uploads\/2026\/04\/DSC06285-1536x864.jpg 1536w, https:\/\/munilaja.cl\/w\/wp-content\/uploads\/2026\/04\/DSC06285-2048x1153.jpg 2048w\" sizes=\"(max-width: 1024px) 100vw, 1024px\" \/><\/a><\/figure>\n\n\n\n<figure class=\"wp-block-image size-large\"><a href=\"https:\/\/munilaja.cl\/w\/wp-content\/uploads\/2026\/04\/DSC06289-1-scaled.jpg\"><img decoding=\"async\" width=\"1024\" height=\"576\" data-id=\"74216\" src=\"https:\/\/munilaja.cl\/w\/wp-content\/uploads\/2026\/04\/DSC06289-1-1024x576.jpg\" alt=\"\" class=\"wp-image-74216\" srcset=\"https:\/\/munilaja.cl\/w\/wp-content\/uploads\/2026\/04\/DSC06289-1-1024x576.jpg 1024w, https:\/\/munilaja.cl\/w\/wp-content\/uploads\/2026\/04\/DSC06289-1-300x169.jpg 300w, https:\/\/munilaja.cl\/w\/wp-content\/uploads\/2026\/04\/DSC06289-1-768x432.jpg 768w, https:\/\/munilaja.cl\/w\/wp-content\/uploads\/2026\/04\/DSC06289-1-1536x864.jpg 1536w, https:\/\/munilaja.cl\/w\/wp-content\/uploads\/2026\/04\/DSC06289-1-2048x1153.jpg 2048w\" sizes=\"(max-width: 1024px) 100vw, 1024px\" \/><\/a><\/figure>\n\n\n\n<figure class=\"wp-block-image size-large\"><a href=\"https:\/\/munilaja.cl\/w\/wp-content\/uploads\/2026\/04\/DSC06292-scaled.jpg\"><img loading=\"lazy\" decoding=\"async\" width=\"1024\" height=\"576\" data-id=\"74213\" src=\"https:\/\/munilaja.cl\/w\/wp-content\/uploads\/2026\/04\/DSC06292-1024x576.jpg\" alt=\"\" class=\"wp-image-74213\" srcset=\"https:\/\/munilaja.cl\/w\/wp-content\/uploads\/2026\/04\/DSC06292-1024x576.jpg 1024w, https:\/\/munilaja.cl\/w\/wp-content\/uploads\/2026\/04\/DSC06292-300x169.jpg 300w, https:\/\/munilaja.cl\/w\/wp-content\/uploads\/2026\/04\/DSC06292-768x432.jpg 768w, https:\/\/munilaja.cl\/w\/wp-content\/uploads\/2026\/04\/DSC06292-1536x864.jpg 1536w, https:\/\/munilaja.cl\/w\/wp-content\/uploads\/2026\/04\/DSC06292-2048x1153.jpg 2048w\" sizes=\"(max-width: 1024px) 100vw, 1024px\" \/><\/a><\/figure>\n\n\n\n<figure class=\"wp-block-image size-large\"><a href=\"https:\/\/munilaja.cl\/w\/wp-content\/uploads\/2026\/04\/DSC06299-1-scaled.jpg\"><img loading=\"lazy\" decoding=\"async\" width=\"1024\" height=\"576\" data-id=\"74214\" src=\"https:\/\/munilaja.cl\/w\/wp-content\/uploads\/2026\/04\/DSC06299-1-1024x576.jpg\" alt=\"\" class=\"wp-image-74214\" srcset=\"https:\/\/munilaja.cl\/w\/wp-content\/uploads\/2026\/04\/DSC06299-1-1024x576.jpg 1024w, https:\/\/munilaja.cl\/w\/wp-content\/uploads\/2026\/04\/DSC06299-1-300x169.jpg 300w, https:\/\/munilaja.cl\/w\/wp-content\/uploads\/2026\/04\/DSC06299-1-768x432.jpg 768w, https:\/\/munilaja.cl\/w\/wp-content\/uploads\/2026\/04\/DSC06299-1-1536x864.jpg 1536w, https:\/\/munilaja.cl\/w\/wp-content\/uploads\/2026\/04\/DSC06299-1-2048x1153.jpg 2048w\" sizes=\"(max-width: 1024px) 100vw, 1024px\" \/><\/a><\/figure>\n\n\n\n<figure class=\"wp-block-image size-large\"><a href=\"https:\/\/munilaja.cl\/w\/wp-content\/uploads\/2026\/04\/DSC06301-scaled.jpg\"><img loading=\"lazy\" decoding=\"async\" width=\"1024\" height=\"576\" data-id=\"74224\" src=\"https:\/\/munilaja.cl\/w\/wp-content\/uploads\/2026\/04\/DSC06301-1024x576.jpg\" alt=\"\" class=\"wp-image-74224\" srcset=\"https:\/\/munilaja.cl\/w\/wp-content\/uploads\/2026\/04\/DSC06301-1024x576.jpg 1024w, https:\/\/munilaja.cl\/w\/wp-content\/uploads\/2026\/04\/DSC06301-300x169.jpg 300w, https:\/\/munilaja.cl\/w\/wp-content\/uploads\/2026\/04\/DSC06301-768x432.jpg 768w, https:\/\/munilaja.cl\/w\/wp-content\/uploads\/2026\/04\/DSC06301-1536x864.jpg 1536w, https:\/\/munilaja.cl\/w\/wp-content\/uploads\/2026\/04\/DSC06301-2048x1153.jpg 2048w\" sizes=\"(max-width: 1024px) 100vw, 1024px\" \/><\/a><\/figure>\n\n\n\n<figure class=\"wp-block-image size-large\"><a href=\"https:\/\/munilaja.cl\/w\/wp-content\/uploads\/2026\/04\/DSC06320-1-scaled.jpg\"><img loading=\"lazy\" decoding=\"async\" width=\"1024\" height=\"608\" data-id=\"74208\" src=\"https:\/\/munilaja.cl\/w\/wp-content\/uploads\/2026\/04\/DSC06320-1-1024x608.jpg\" alt=\"\" class=\"wp-image-74208\" srcset=\"https:\/\/munilaja.cl\/w\/wp-content\/uploads\/2026\/04\/DSC06320-1-1024x608.jpg 1024w, https:\/\/munilaja.cl\/w\/wp-content\/uploads\/2026\/04\/DSC06320-1-300x178.jpg 300w, https:\/\/munilaja.cl\/w\/wp-content\/uploads\/2026\/04\/DSC06320-1-768x456.jpg 768w, https:\/\/munilaja.cl\/w\/wp-content\/uploads\/2026\/04\/DSC06320-1-1536x912.jpg 1536w, https:\/\/munilaja.cl\/w\/wp-content\/uploads\/2026\/04\/DSC06320-1-2048x1216.jpg 2048w\" sizes=\"(max-width: 1024px) 100vw, 1024px\" \/><\/a><\/figure>\n\n\n\n<figure class=\"wp-block-image size-large\"><a href=\"https:\/\/munilaja.cl\/w\/wp-content\/uploads\/2026\/04\/DSC06344-scaled.jpg\"><img loading=\"lazy\" decoding=\"async\" width=\"1024\" height=\"576\" data-id=\"74220\" src=\"https:\/\/munilaja.cl\/w\/wp-content\/uploads\/2026\/04\/DSC06344-1024x576.jpg\" alt=\"\" class=\"wp-image-74220\" srcset=\"https:\/\/munilaja.cl\/w\/wp-content\/uploads\/2026\/04\/DSC06344-1024x576.jpg 1024w, https:\/\/munilaja.cl\/w\/wp-content\/uploads\/2026\/04\/DSC06344-300x169.jpg 300w, https:\/\/munilaja.cl\/w\/wp-content\/uploads\/2026\/04\/DSC06344-768x432.jpg 768w, https:\/\/munilaja.cl\/w\/wp-content\/uploads\/2026\/04\/DSC06344-1536x864.jpg 1536w, https:\/\/munilaja.cl\/w\/wp-content\/uploads\/2026\/04\/DSC06344-2048x1153.jpg 2048w\" sizes=\"(max-width: 1024px) 100vw, 1024px\" \/><\/a><\/figure>\n\n\n\n<figure class=\"wp-block-image size-large\"><a href=\"https:\/\/munilaja.cl\/w\/wp-content\/uploads\/2026\/04\/DSC06367-scaled.jpg\"><img loading=\"lazy\" decoding=\"async\" width=\"1024\" height=\"576\" data-id=\"74225\" src=\"https:\/\/munilaja.cl\/w\/wp-content\/uploads\/2026\/04\/DSC06367-1024x576.jpg\" alt=\"\" class=\"wp-image-74225\" srcset=\"https:\/\/munilaja.cl\/w\/wp-content\/uploads\/2026\/04\/DSC06367-1024x576.jpg 1024w, https:\/\/munilaja.cl\/w\/wp-content\/uploads\/2026\/04\/DSC06367-300x169.jpg 300w, https:\/\/munilaja.cl\/w\/wp-content\/uploads\/2026\/04\/DSC06367-768x432.jpg 768w, https:\/\/munilaja.cl\/w\/wp-content\/uploads\/2026\/04\/DSC06367-1536x864.jpg 1536w, https:\/\/munilaja.cl\/w\/wp-content\/uploads\/2026\/04\/DSC06367-2048x1153.jpg 2048w\" sizes=\"(max-width: 1024px) 100vw, 1024px\" \/><\/a><\/figure>\n\n\n\n<figure class=\"wp-block-image size-large\"><a href=\"https:\/\/munilaja.cl\/w\/wp-content\/uploads\/2026\/04\/DSC06387-scaled.jpg\"><img loading=\"lazy\" decoding=\"async\" width=\"1024\" height=\"576\" data-id=\"74223\" src=\"https:\/\/munilaja.cl\/w\/wp-content\/uploads\/2026\/04\/DSC06387-1024x576.jpg\" alt=\"\" class=\"wp-image-74223\" srcset=\"https:\/\/munilaja.cl\/w\/wp-content\/uploads\/2026\/04\/DSC06387-1024x576.jpg 1024w, https:\/\/munilaja.cl\/w\/wp-content\/uploads\/2026\/04\/DSC06387-300x169.jpg 300w, https:\/\/munilaja.cl\/w\/wp-content\/uploads\/2026\/04\/DSC06387-768x432.jpg 768w, https:\/\/munilaja.cl\/w\/wp-content\/uploads\/2026\/04\/DSC06387-1536x864.jpg 1536w, https:\/\/munilaja.cl\/w\/wp-content\/uploads\/2026\/04\/DSC06387-2048x1153.jpg 2048w\" sizes=\"(max-width: 1024px) 100vw, 1024px\" \/><\/a><\/figure>\n\n\n\n<figure class=\"wp-block-image size-large\"><a href=\"https:\/\/munilaja.cl\/w\/wp-content\/uploads\/2026\/04\/DSC06406-1-scaled.jpg\"><img loading=\"lazy\" decoding=\"async\" width=\"1024\" height=\"576\" data-id=\"74219\" src=\"https:\/\/munilaja.cl\/w\/wp-content\/uploads\/2026\/04\/DSC06406-1-1024x576.jpg\" alt=\"\" class=\"wp-image-74219\" srcset=\"https:\/\/munilaja.cl\/w\/wp-content\/uploads\/2026\/04\/DSC06406-1-1024x576.jpg 1024w, https:\/\/munilaja.cl\/w\/wp-content\/uploads\/2026\/04\/DSC06406-1-300x169.jpg 300w, https:\/\/munilaja.cl\/w\/wp-content\/uploads\/2026\/04\/DSC06406-1-768x432.jpg 768w, https:\/\/munilaja.cl\/w\/wp-content\/uploads\/2026\/04\/DSC06406-1-1536x864.jpg 1536w, https:\/\/munilaja.cl\/w\/wp-content\/uploads\/2026\/04\/DSC06406-1-2048x1153.jpg 2048w\" sizes=\"(max-width: 1024px) 100vw, 1024px\" \/><\/a><\/figure>\n\n\n\n<figure class=\"wp-block-image size-large\"><a href=\"https:\/\/munilaja.cl\/w\/wp-content\/uploads\/2026\/04\/DSC06422-1-scaled.jpg\"><img loading=\"lazy\" decoding=\"async\" width=\"1024\" height=\"576\" data-id=\"74204\" src=\"https:\/\/munilaja.cl\/w\/wp-content\/uploads\/2026\/04\/DSC06422-1-1024x576.jpg\" alt=\"\" class=\"wp-image-74204\" srcset=\"https:\/\/munilaja.cl\/w\/wp-content\/uploads\/2026\/04\/DSC06422-1-1024x576.jpg 1024w, https:\/\/munilaja.cl\/w\/wp-content\/uploads\/2026\/04\/DSC06422-1-300x169.jpg 300w, https:\/\/munilaja.cl\/w\/wp-content\/uploads\/2026\/04\/DSC06422-1-768x432.jpg 768w, https:\/\/munilaja.cl\/w\/wp-content\/uploads\/2026\/04\/DSC06422-1-1536x864.jpg 1536w, https:\/\/munilaja.cl\/w\/wp-content\/uploads\/2026\/04\/DSC06422-1-2048x1153.jpg 2048w\" sizes=\"(max-width: 1024px) 100vw, 1024px\" \/><\/a><\/figure>\n\n\n\n<figure class=\"wp-block-image size-large\"><a href=\"https:\/\/munilaja.cl\/w\/wp-content\/uploads\/2026\/04\/DSC06442-scaled.jpg\"><img loading=\"lazy\" decoding=\"async\" width=\"1024\" height=\"576\" data-id=\"74212\" src=\"https:\/\/munilaja.cl\/w\/wp-content\/uploads\/2026\/04\/DSC06442-1024x576.jpg\" alt=\"\" class=\"wp-image-74212\" srcset=\"https:\/\/munilaja.cl\/w\/wp-content\/uploads\/2026\/04\/DSC06442-1024x576.jpg 1024w, https:\/\/munilaja.cl\/w\/wp-content\/uploads\/2026\/04\/DSC06442-300x169.jpg 300w, https:\/\/munilaja.cl\/w\/wp-content\/uploads\/2026\/04\/DSC06442-768x432.jpg 768w, https:\/\/munilaja.cl\/w\/wp-content\/uploads\/2026\/04\/DSC06442-1536x864.jpg 1536w, https:\/\/munilaja.cl\/w\/wp-content\/uploads\/2026\/04\/DSC06442-2048x1153.jpg 2048w\" sizes=\"(max-width: 1024px) 100vw, 1024px\" \/><\/a><\/figure>\n\n\n\n<figure class=\"wp-block-image size-large\"><a href=\"https:\/\/munilaja.cl\/w\/wp-content\/uploads\/2026\/04\/DSC06496-1-scaled.jpg\"><img loading=\"lazy\" decoding=\"async\" width=\"1024\" height=\"576\" data-id=\"74215\" src=\"https:\/\/munilaja.cl\/w\/wp-content\/uploads\/2026\/04\/DSC06496-1-1024x576.jpg\" alt=\"\" class=\"wp-image-74215\" srcset=\"https:\/\/munilaja.cl\/w\/wp-content\/uploads\/2026\/04\/DSC06496-1-1024x576.jpg 1024w, https:\/\/munilaja.cl\/w\/wp-content\/uploads\/2026\/04\/DSC06496-1-300x169.jpg 300w, https:\/\/munilaja.cl\/w\/wp-content\/uploads\/2026\/04\/DSC06496-1-768x432.jpg 768w, https:\/\/munilaja.cl\/w\/wp-content\/uploads\/2026\/04\/DSC06496-1-1536x864.jpg 1536w, https:\/\/munilaja.cl\/w\/wp-content\/uploads\/2026\/04\/DSC06496-1-2048x1153.jpg 2048w\" sizes=\"(max-width: 1024px) 100vw, 1024px\" \/><\/a><\/figure>\n\n\n\n<figure class=\"wp-block-image size-large\"><a href=\"https:\/\/munilaja.cl\/w\/wp-content\/uploads\/2026\/04\/DSC06528-scaled.jpg\"><img loading=\"lazy\" decoding=\"async\" width=\"1024\" height=\"576\" data-id=\"74226\" src=\"https:\/\/munilaja.cl\/w\/wp-content\/uploads\/2026\/04\/DSC06528-1024x576.jpg\" alt=\"\" class=\"wp-image-74226\" srcset=\"https:\/\/munilaja.cl\/w\/wp-content\/uploads\/2026\/04\/DSC06528-1024x576.jpg 1024w, https:\/\/munilaja.cl\/w\/wp-content\/uploads\/2026\/04\/DSC06528-300x169.jpg 300w, https:\/\/munilaja.cl\/w\/wp-content\/uploads\/2026\/04\/DSC06528-768x432.jpg 768w, https:\/\/munilaja.cl\/w\/wp-content\/uploads\/2026\/04\/DSC06528-1536x864.jpg 1536w, https:\/\/munilaja.cl\/w\/wp-content\/uploads\/2026\/04\/DSC06528-2048x1153.jpg 2048w\" sizes=\"(max-width: 1024px) 100vw, 1024px\" \/><\/a><\/figure>\n\n\n\n<figure class=\"wp-block-image size-large\"><a href=\"https:\/\/munilaja.cl\/w\/wp-content\/uploads\/2026\/04\/DSC06554-1-scaled.jpg\"><img loading=\"lazy\" decoding=\"async\" width=\"1024\" height=\"576\" data-id=\"74211\" src=\"https:\/\/munilaja.cl\/w\/wp-content\/uploads\/2026\/04\/DSC06554-1-1024x576.jpg\" alt=\"\" class=\"wp-image-74211\" srcset=\"https:\/\/munilaja.cl\/w\/wp-content\/uploads\/2026\/04\/DSC06554-1-1024x576.jpg 1024w, https:\/\/munilaja.cl\/w\/wp-content\/uploads\/2026\/04\/DSC06554-1-300x169.jpg 300w, https:\/\/munilaja.cl\/w\/wp-content\/uploads\/2026\/04\/DSC06554-1-768x432.jpg 768w, https:\/\/munilaja.cl\/w\/wp-content\/uploads\/2026\/04\/DSC06554-1-1536x864.jpg 1536w, https:\/\/munilaja.cl\/w\/wp-content\/uploads\/2026\/04\/DSC06554-1-2048x1153.jpg 2048w\" sizes=\"(max-width: 1024px) 100vw, 1024px\" \/><\/a><\/figure>\n\n\n\n<figure class=\"wp-block-image size-large\"><a href=\"https:\/\/munilaja.cl\/w\/wp-content\/uploads\/2026\/04\/DSC06560-1-scaled.jpg\"><img loading=\"lazy\" decoding=\"async\" width=\"1024\" height=\"576\" data-id=\"74217\" src=\"https:\/\/munilaja.cl\/w\/wp-content\/uploads\/2026\/04\/DSC06560-1-1024x576.jpg\" alt=\"\" class=\"wp-image-74217\" srcset=\"https:\/\/munilaja.cl\/w\/wp-content\/uploads\/2026\/04\/DSC06560-1-1024x576.jpg 1024w, https:\/\/munilaja.cl\/w\/wp-content\/uploads\/2026\/04\/DSC06560-1-300x169.jpg 300w, https:\/\/munilaja.cl\/w\/wp-content\/uploads\/2026\/04\/DSC06560-1-768x432.jpg 768w, https:\/\/munilaja.cl\/w\/wp-content\/uploads\/2026\/04\/DSC06560-1-1536x864.jpg 1536w, https:\/\/munilaja.cl\/w\/wp-content\/uploads\/2026\/04\/DSC06560-1-2048x1153.jpg 2048w\" sizes=\"(max-width: 1024px) 100vw, 1024px\" \/><\/a><\/figure>\n\n\n\n<figure class=\"wp-block-image size-large\"><a href=\"https:\/\/munilaja.cl\/w\/wp-content\/uploads\/2026\/04\/DSC06568-scaled.jpg\"><img loading=\"lazy\" decoding=\"async\" width=\"1024\" height=\"576\" data-id=\"74205\" src=\"https:\/\/munilaja.cl\/w\/wp-content\/uploads\/2026\/04\/DSC06568-1024x576.jpg\" alt=\"\" class=\"wp-image-74205\" srcset=\"https:\/\/munilaja.cl\/w\/wp-content\/uploads\/2026\/04\/DSC06568-1024x576.jpg 1024w, https:\/\/munilaja.cl\/w\/wp-content\/uploads\/2026\/04\/DSC06568-300x169.jpg 300w, https:\/\/munilaja.cl\/w\/wp-content\/uploads\/2026\/04\/DSC06568-768x432.jpg 768w, https:\/\/munilaja.cl\/w\/wp-content\/uploads\/2026\/04\/DSC06568-1536x864.jpg 1536w, https:\/\/munilaja.cl\/w\/wp-content\/uploads\/2026\/04\/DSC06568-2048x1153.jpg 2048w\" sizes=\"(max-width: 1024px) 100vw, 1024px\" \/><\/a><\/figure>\n\n\n\n<figure class=\"wp-block-image size-large\"><a href=\"https:\/\/munilaja.cl\/w\/wp-content\/uploads\/2026\/04\/DSC06570-scaled.jpg\"><img loading=\"lazy\" decoding=\"async\" width=\"1024\" height=\"576\" data-id=\"74207\" src=\"https:\/\/munilaja.cl\/w\/wp-content\/uploads\/2026\/04\/DSC06570-1024x576.jpg\" alt=\"\" class=\"wp-image-74207\" srcset=\"https:\/\/munilaja.cl\/w\/wp-content\/uploads\/2026\/04\/DSC06570-1024x576.jpg 1024w, https:\/\/munilaja.cl\/w\/wp-content\/uploads\/2026\/04\/DSC06570-300x169.jpg 300w, https:\/\/munilaja.cl\/w\/wp-content\/uploads\/2026\/04\/DSC06570-768x432.jpg 768w, https:\/\/munilaja.cl\/w\/wp-content\/uploads\/2026\/04\/DSC06570-1536x864.jpg 1536w, https:\/\/munilaja.cl\/w\/wp-content\/uploads\/2026\/04\/DSC06570-2048x1153.jpg 2048w\" sizes=\"(max-width: 1024px) 100vw, 1024px\" \/><\/a><\/figure>\n\n\n\n<figure class=\"wp-block-image size-large\"><a href=\"https:\/\/munilaja.cl\/w\/wp-content\/uploads\/2026\/04\/DSC06584-scaled.jpg\"><img loading=\"lazy\" decoding=\"async\" width=\"1024\" height=\"576\" data-id=\"74209\" src=\"https:\/\/munilaja.cl\/w\/wp-content\/uploads\/2026\/04\/DSC06584-1024x576.jpg\" alt=\"\" class=\"wp-image-74209\" srcset=\"https:\/\/munilaja.cl\/w\/wp-content\/uploads\/2026\/04\/DSC06584-1024x576.jpg 1024w, https:\/\/munilaja.cl\/w\/wp-content\/uploads\/2026\/04\/DSC06584-300x169.jpg 300w, https:\/\/munilaja.cl\/w\/wp-content\/uploads\/2026\/04\/DSC06584-768x432.jpg 768w, https:\/\/munilaja.cl\/w\/wp-content\/uploads\/2026\/04\/DSC06584-1536x864.jpg 1536w, https:\/\/munilaja.cl\/w\/wp-content\/uploads\/2026\/04\/DSC06584-2048x1153.jpg 2048w\" sizes=\"(max-width: 1024px) 100vw, 1024px\" \/><\/a><\/figure>\n\n\n\n<figure class=\"wp-block-image size-large\"><a href=\"https:\/\/munilaja.cl\/w\/wp-content\/uploads\/2026\/04\/DSC06594-scaled.jpg\"><img loading=\"lazy\" decoding=\"async\" width=\"1024\" height=\"576\" data-id=\"74228\" src=\"https:\/\/munilaja.cl\/w\/wp-content\/uploads\/2026\/04\/DSC06594-1024x576.jpg\" alt=\"\" class=\"wp-image-74228\" srcset=\"https:\/\/munilaja.cl\/w\/wp-content\/uploads\/2026\/04\/DSC06594-1024x576.jpg 1024w, https:\/\/munilaja.cl\/w\/wp-content\/uploads\/2026\/04\/DSC06594-300x169.jpg 300w, https:\/\/munilaja.cl\/w\/wp-content\/uploads\/2026\/04\/DSC06594-768x432.jpg 768w, https:\/\/munilaja.cl\/w\/wp-content\/uploads\/2026\/04\/DSC06594-1536x864.jpg 1536w, https:\/\/munilaja.cl\/w\/wp-content\/uploads\/2026\/04\/DSC06594-2048x1153.jpg 2048w\" sizes=\"(max-width: 1024px) 100vw, 1024px\" \/><\/a><\/figure>\n\n\n\n<figure class=\"wp-block-image size-large\"><a href=\"https:\/\/munilaja.cl\/w\/wp-content\/uploads\/2026\/04\/DSC06609-scaled.jpg\"><img loading=\"lazy\" decoding=\"async\" width=\"1024\" height=\"576\" data-id=\"74218\" src=\"https:\/\/munilaja.cl\/w\/wp-content\/uploads\/2026\/04\/DSC06609-1024x576.jpg\" alt=\"\" class=\"wp-image-74218\" srcset=\"https:\/\/munilaja.cl\/w\/wp-content\/uploads\/2026\/04\/DSC06609-1024x576.jpg 1024w, https:\/\/munilaja.cl\/w\/wp-content\/uploads\/2026\/04\/DSC06609-300x169.jpg 300w, https:\/\/munilaja.cl\/w\/wp-content\/uploads\/2026\/04\/DSC06609-768x432.jpg 768w, https:\/\/munilaja.cl\/w\/wp-content\/uploads\/2026\/04\/DSC06609-1536x864.jpg 1536w, https:\/\/munilaja.cl\/w\/wp-content\/uploads\/2026\/04\/DSC06609-2048x1153.jpg 2048w\" sizes=\"(max-width: 1024px) 100vw, 1024px\" \/><\/a><\/figure>\n\n\n\n<figure class=\"wp-block-image size-large\"><a href=\"https:\/\/munilaja.cl\/w\/wp-content\/uploads\/2026\/04\/DSC06625-scaled.jpg\"><img loading=\"lazy\" decoding=\"async\" width=\"1024\" height=\"576\" data-id=\"74210\" src=\"https:\/\/munilaja.cl\/w\/wp-content\/uploads\/2026\/04\/DSC06625-1024x576.jpg\" alt=\"\" class=\"wp-image-74210\" srcset=\"https:\/\/munilaja.cl\/w\/wp-content\/uploads\/2026\/04\/DSC06625-1024x576.jpg 1024w, https:\/\/munilaja.cl\/w\/wp-content\/uploads\/2026\/04\/DSC06625-300x169.jpg 300w, https:\/\/munilaja.cl\/w\/wp-content\/uploads\/2026\/04\/DSC06625-768x432.jpg 768w, https:\/\/munilaja.cl\/w\/wp-content\/uploads\/2026\/04\/DSC06625-1536x864.jpg 1536w, https:\/\/munilaja.cl\/w\/wp-content\/uploads\/2026\/04\/DSC06625-2048x1153.jpg 2048w\" sizes=\"(max-width: 1024px) 100vw, 1024px\" \/><\/a><\/figure>\n\n\n\n<figure class=\"wp-block-image size-large\"><a href=\"https:\/\/munilaja.cl\/w\/wp-content\/uploads\/2026\/04\/DSC06628-scaled.jpg\"><img loading=\"lazy\" decoding=\"async\" width=\"1024\" height=\"576\" data-id=\"74206\" src=\"https:\/\/munilaja.cl\/w\/wp-content\/uploads\/2026\/04\/DSC06628-1024x576.jpg\" alt=\"\" class=\"wp-image-74206\" srcset=\"https:\/\/munilaja.cl\/w\/wp-content\/uploads\/2026\/04\/DSC06628-1024x576.jpg 1024w, https:\/\/munilaja.cl\/w\/wp-content\/uploads\/2026\/04\/DSC06628-300x169.jpg 300w, https:\/\/munilaja.cl\/w\/wp-content\/uploads\/2026\/04\/DSC06628-768x432.jpg 768w, https:\/\/munilaja.cl\/w\/wp-content\/uploads\/2026\/04\/DSC06628-1536x864.jpg 1536w, https:\/\/munilaja.cl\/w\/wp-content\/uploads\/2026\/04\/DSC06628-2048x1153.jpg 2048w\" sizes=\"(max-width: 1024px) 100vw, 1024px\" \/><\/a><\/figure>\n\n\n\n<figure class=\"wp-block-image size-large\"><a href=\"https:\/\/munilaja.cl\/w\/wp-content\/uploads\/2026\/04\/DSC06645-scaled.jpg\"><img loading=\"lazy\" decoding=\"async\" width=\"1024\" height=\"576\" data-id=\"74221\" src=\"https:\/\/munilaja.cl\/w\/wp-content\/uploads\/2026\/04\/DSC06645-1024x576.jpg\" alt=\"\" class=\"wp-image-74221\" srcset=\"https:\/\/munilaja.cl\/w\/wp-content\/uploads\/2026\/04\/DSC06645-1024x576.jpg 1024w, https:\/\/munilaja.cl\/w\/wp-content\/uploads\/2026\/04\/DSC06645-300x169.jpg 300w, https:\/\/munilaja.cl\/w\/wp-content\/uploads\/2026\/04\/DSC06645-768x432.jpg 768w, https:\/\/munilaja.cl\/w\/wp-content\/uploads\/2026\/04\/DSC06645-1536x864.jpg 1536w, https:\/\/munilaja.cl\/w\/wp-content\/uploads\/2026\/04\/DSC06645-2048x1153.jpg 2048w\" sizes=\"(max-width: 1024px) 100vw, 1024px\" \/><\/a><\/figure>\n<\/figure>\n","protected":false},"excerpt":{"rendered":"<p>En una emotiva ceremonia realizada este mi\u00e9rcoles 29 de abril, la comuna de Laja rindi\u00f3 un significativo reconocimiento a seis docentes que, tras a\u00f1os de vocaci\u00f3n, compromiso y servicio, concluyeron su etapa laboral en la educaci\u00f3n municipal. Se trata de las profesoras Erica Smith Claver\u00eda, Miriam Valenzuela Pe\u00f1a, Silvia Melo Herrera, Luc\u00eda Espinoza Oliveros, Nancy [&hellip;]<\/p>\n","protected":false},"author":11,"featured_media":74218,"comment_status":"closed","ping_status":"closed","sticky":false,"template":"","format":"standard","meta":{"zakra_sidebar_layout":"customizer","zakra_remove_content_margin":false,"zakra_sidebar":"customizer","zakra_transparent_header":"customizer","zakra_logo":0,"zakra_main_header_style":"default","zakra_menu_item_color":"","zakra_menu_item_hover_color":"","zakra_menu_item_active_color":"","zakra_menu_active_style":"zakra_menu_active_style","zakra_page_header":true,"footnotes":""},"categories":[17],"tags":[],"class_list":["post-74195","post","type-post","status-publish","format-standard","has-post-thumbnail","hentry","category-servicio-a-la-comunidad"],"yoast_head":"<!-- This site is optimized with the Yoast SEO plugin v24.0 - https:\/\/yoast.com\/wordpress\/plugins\/seo\/ -->\n<title>Laja reconoce la trayectoria de seis destacadas docentes que culminan su etapa en la educaci\u00f3n p\u00fablica - Municipalidad de Laja<\/title>\n<meta name=\"robots\" content=\"index, follow, max-snippet:-1, max-image-preview:large, max-video-preview:-1\" \/>\n<link rel=\"canonical\" href=\"https:\/\/munilaja.cl\/w\/laja-reconoce-la-trayectoria-de-seis-destacadas-docentes-que-culminan-su-etapa-en-la-educacion-publica\/\" \/>\n<meta property=\"og:locale\" content=\"es_ES\" \/>\n<meta property=\"og:type\" content=\"article\" \/>\n<meta property=\"og:title\" content=\"Laja reconoce la trayectoria de seis destacadas docentes que culminan su etapa en la educaci\u00f3n p\u00fablica - Municipalidad de Laja\" \/>\n<meta property=\"og:description\" content=\"En una emotiva ceremonia realizada este mi\u00e9rcoles 29 de abril, la comuna de Laja rindi\u00f3 un significativo reconocimiento a seis docentes que, tras a\u00f1os de vocaci\u00f3n, compromiso y servicio, concluyeron su etapa laboral en la educaci\u00f3n municipal. Se trata de las profesoras Erica Smith Claver\u00eda, Miriam Valenzuela Pe\u00f1a, Silvia Melo Herrera, Luc\u00eda Espinoza Oliveros, Nancy [&hellip;]\" \/>\n<meta property=\"og:url\" content=\"https:\/\/munilaja.cl\/w\/laja-reconoce-la-trayectoria-de-seis-destacadas-docentes-que-culminan-su-etapa-en-la-educacion-publica\/\" \/>\n<meta property=\"og:site_name\" content=\"Municipalidad de Laja\" \/>\n<meta property=\"article:published_time\" content=\"2026-04-30T15:51:52+00:00\" \/>\n<meta property=\"article:modified_time\" content=\"2026-04-30T15:51:53+00:00\" \/>\n<meta property=\"og:image\" content=\"https:\/\/munilaja.cl\/w\/wp-content\/uploads\/2026\/04\/DSC06609-scaled.jpg\" \/>\n\t<meta property=\"og:image:width\" content=\"2560\" \/>\n\t<meta property=\"og:image:height\" content=\"1441\" \/>\n\t<meta property=\"og:image:type\" content=\"image\/jpeg\" \/>\n<meta name=\"author\" content=\"Administrador\" \/>\n<meta name=\"twitter:card\" content=\"summary_large_image\" \/>\n<meta name=\"twitter:label1\" content=\"Escrito por\" \/>\n\t<meta name=\"twitter:data1\" content=\"Administrador\" \/>\n\t<meta name=\"twitter:label2\" content=\"Tiempo de lectura\" \/>\n\t<meta name=\"twitter:data2\" content=\"8 minutos\" \/>\n<script type=\"application\/ld+json\" class=\"yoast-schema-graph\">{\"@context\":\"https:\/\/schema.org\",\"@graph\":[{\"@type\":\"Article\",\"@id\":\"https:\/\/munilaja.cl\/w\/laja-reconoce-la-trayectoria-de-seis-destacadas-docentes-que-culminan-su-etapa-en-la-educacion-publica\/#article\",\"isPartOf\":{\"@id\":\"https:\/\/munilaja.cl\/w\/laja-reconoce-la-trayectoria-de-seis-destacadas-docentes-que-culminan-su-etapa-en-la-educacion-publica\/\"},\"author\":{\"name\":\"Administrador\",\"@id\":\"https:\/\/munilaja.cl\/w\/#\/schema\/person\/4650348f4978773bf1c5b31f9c7da744\"},\"headline\":\"Laja reconoce la trayectoria de seis destacadas docentes que culminan su etapa en la educaci\u00f3n p\u00fablica\",\"datePublished\":\"2026-04-30T15:51:52+00:00\",\"dateModified\":\"2026-04-30T15:51:53+00:00\",\"mainEntityOfPage\":{\"@id\":\"https:\/\/munilaja.cl\/w\/laja-reconoce-la-trayectoria-de-seis-destacadas-docentes-que-culminan-su-etapa-en-la-educacion-publica\/\"},\"wordCount\":550,\"publisher\":{\"@id\":\"https:\/\/munilaja.cl\/w\/#organization\"},\"image\":{\"@id\":\"https:\/\/munilaja.cl\/w\/laja-reconoce-la-trayectoria-de-seis-destacadas-docentes-que-culminan-su-etapa-en-la-educacion-publica\/#primaryimage\"},\"thumbnailUrl\":\"https:\/\/munilaja.cl\/w\/wp-content\/uploads\/2026\/04\/DSC06609-scaled.jpg\",\"articleSection\":[\"Servicio a la comunidad\"],\"inLanguage\":\"es\"},{\"@type\":\"WebPage\",\"@id\":\"https:\/\/munilaja.cl\/w\/laja-reconoce-la-trayectoria-de-seis-destacadas-docentes-que-culminan-su-etapa-en-la-educacion-publica\/\",\"url\":\"https:\/\/munilaja.cl\/w\/laja-reconoce-la-trayectoria-de-seis-destacadas-docentes-que-culminan-su-etapa-en-la-educacion-publica\/\",\"name\":\"Laja reconoce la trayectoria de seis destacadas docentes que culminan su etapa en la educaci\u00f3n p\u00fablica - Municipalidad de Laja\",\"isPartOf\":{\"@id\":\"https:\/\/munilaja.cl\/w\/#website\"},\"primaryImageOfPage\":{\"@id\":\"https:\/\/munilaja.cl\/w\/laja-reconoce-la-trayectoria-de-seis-destacadas-docentes-que-culminan-su-etapa-en-la-educacion-publica\/#primaryimage\"},\"image\":{\"@id\":\"https:\/\/munilaja.cl\/w\/laja-reconoce-la-trayectoria-de-seis-destacadas-docentes-que-culminan-su-etapa-en-la-educacion-publica\/#primaryimage\"},\"thumbnailUrl\":\"https:\/\/munilaja.cl\/w\/wp-content\/uploads\/2026\/04\/DSC06609-scaled.jpg\",\"datePublished\":\"2026-04-30T15:51:52+00:00\",\"dateModified\":\"2026-04-30T15:51:53+00:00\",\"breadcrumb\":{\"@id\":\"https:\/\/munilaja.cl\/w\/laja-reconoce-la-trayectoria-de-seis-destacadas-docentes-que-culminan-su-etapa-en-la-educacion-publica\/#breadcrumb\"},\"inLanguage\":\"es\",\"potentialAction\":[{\"@type\":\"ReadAction\",\"target\":[\"https:\/\/munilaja.cl\/w\/laja-reconoce-la-trayectoria-de-seis-destacadas-docentes-que-culminan-su-etapa-en-la-educacion-publica\/\"]}]},{\"@type\":\"ImageObject\",\"inLanguage\":\"es\",\"@id\":\"https:\/\/munilaja.cl\/w\/laja-reconoce-la-trayectoria-de-seis-destacadas-docentes-que-culminan-su-etapa-en-la-educacion-publica\/#primaryimage\",\"url\":\"https:\/\/munilaja.cl\/w\/wp-content\/uploads\/2026\/04\/DSC06609-scaled.jpg\",\"contentUrl\":\"https:\/\/munilaja.cl\/w\/wp-content\/uploads\/2026\/04\/DSC06609-scaled.jpg\",\"width\":2560,\"height\":1441},{\"@type\":\"BreadcrumbList\",\"@id\":\"https:\/\/munilaja.cl\/w\/laja-reconoce-la-trayectoria-de-seis-destacadas-docentes-que-culminan-su-etapa-en-la-educacion-publica\/#breadcrumb\",\"itemListElement\":[{\"@type\":\"ListItem\",\"position\":1,\"name\":\"Portada\",\"item\":\"https:\/\/munilaja.cl\/w\/\"},{\"@type\":\"ListItem\",\"position\":2,\"name\":\"Laja reconoce la trayectoria de seis destacadas docentes que culminan su etapa en la educaci\u00f3n p\u00fablica\"}]},{\"@type\":\"WebSite\",\"@id\":\"https:\/\/munilaja.cl\/w\/#website\",\"url\":\"https:\/\/munilaja.cl\/w\/\",\"name\":\"Municipalidad de Laja\",\"description\":\"Web Municipal\",\"publisher\":{\"@id\":\"https:\/\/munilaja.cl\/w\/#organization\"},\"potentialAction\":[{\"@type\":\"SearchAction\",\"target\":{\"@type\":\"EntryPoint\",\"urlTemplate\":\"https:\/\/munilaja.cl\/w\/?s={search_term_string}\"},\"query-input\":{\"@type\":\"PropertyValueSpecification\",\"valueRequired\":true,\"valueName\":\"search_term_string\"}}],\"inLanguage\":\"es\"},{\"@type\":\"Organization\",\"@id\":\"https:\/\/munilaja.cl\/w\/#organization\",\"name\":\"Municipalidad de Laja\",\"url\":\"https:\/\/munilaja.cl\/w\/\",\"logo\":{\"@type\":\"ImageObject\",\"inLanguage\":\"es\",\"@id\":\"https:\/\/munilaja.cl\/w\/#\/schema\/logo\/image\/\",\"url\":\"https:\/\/munilaja.cl\/w\/wp-content\/uploads\/2024\/11\/ESCUDO-LAJA-LETRAS-BLANCAS-LOGO-WEB.png\",\"contentUrl\":\"https:\/\/munilaja.cl\/w\/wp-content\/uploads\/2024\/11\/ESCUDO-LAJA-LETRAS-BLANCAS-LOGO-WEB.png\",\"width\":150,\"height\":150,\"caption\":\"Municipalidad de Laja\"},\"image\":{\"@id\":\"https:\/\/munilaja.cl\/w\/#\/schema\/logo\/image\/\"}},{\"@type\":\"Person\",\"@id\":\"https:\/\/munilaja.cl\/w\/#\/schema\/person\/4650348f4978773bf1c5b31f9c7da744\",\"name\":\"Administrador\",\"url\":\"https:\/\/munilaja.cl\/w\/author\/rssmunilaja\/\"}]}<\/script>\n<!-- \/ Yoast SEO plugin. -->","yoast_head_json":{"title":"Laja reconoce la trayectoria de seis destacadas docentes que culminan su etapa en la educaci\u00f3n p\u00fablica - Municipalidad de Laja","robots":{"index":"index","follow":"follow","max-snippet":"max-snippet:-1","max-image-preview":"max-image-preview:large","max-video-preview":"max-video-preview:-1"},"canonical":"https:\/\/munilaja.cl\/w\/laja-reconoce-la-trayectoria-de-seis-destacadas-docentes-que-culminan-su-etapa-en-la-educacion-publica\/","og_locale":"es_ES","og_type":"article","og_title":"Laja reconoce la trayectoria de seis destacadas docentes que culminan su etapa en la educaci\u00f3n p\u00fablica - Municipalidad de Laja","og_description":"En una emotiva ceremonia realizada este mi\u00e9rcoles 29 de abril, la comuna de Laja rindi\u00f3 un significativo reconocimiento a seis docentes que, tras a\u00f1os de vocaci\u00f3n, compromiso y servicio, concluyeron su etapa laboral en la educaci\u00f3n municipal. Se trata de las profesoras Erica Smith Claver\u00eda, Miriam Valenzuela Pe\u00f1a, Silvia Melo Herrera, Luc\u00eda Espinoza Oliveros, Nancy [&hellip;]","og_url":"https:\/\/munilaja.cl\/w\/laja-reconoce-la-trayectoria-de-seis-destacadas-docentes-que-culminan-su-etapa-en-la-educacion-publica\/","og_site_name":"Municipalidad de Laja","article_published_time":"2026-04-30T15:51:52+00:00","article_modified_time":"2026-04-30T15:51:53+00:00","og_image":[{"width":2560,"height":1441,"url":"https:\/\/munilaja.cl\/w\/wp-content\/uploads\/2026\/04\/DSC06609-scaled.jpg","type":"image\/jpeg"}],"author":"Administrador","twitter_card":"summary_large_image","twitter_misc":{"Escrito por":"Administrador","Tiempo de lectura":"8 minutos"},"schema":{"@context":"https:\/\/schema.org","@graph":[{"@type":"Article","@id":"https:\/\/munilaja.cl\/w\/laja-reconoce-la-trayectoria-de-seis-destacadas-docentes-que-culminan-su-etapa-en-la-educacion-publica\/#article","isPartOf":{"@id":"https:\/\/munilaja.cl\/w\/laja-reconoce-la-trayectoria-de-seis-destacadas-docentes-que-culminan-su-etapa-en-la-educacion-publica\/"},"author":{"name":"Administrador","@id":"https:\/\/munilaja.cl\/w\/#\/schema\/person\/4650348f4978773bf1c5b31f9c7da744"},"headline":"Laja reconoce la trayectoria de seis destacadas docentes que culminan su etapa en la educaci\u00f3n p\u00fablica","datePublished":"2026-04-30T15:51:52+00:00","dateModified":"2026-04-30T15:51:53+00:00","mainEntityOfPage":{"@id":"https:\/\/munilaja.cl\/w\/laja-reconoce-la-trayectoria-de-seis-destacadas-docentes-que-culminan-su-etapa-en-la-educacion-publica\/"},"wordCount":550,"publisher":{"@id":"https:\/\/munilaja.cl\/w\/#organization"},"image":{"@id":"https:\/\/munilaja.cl\/w\/laja-reconoce-la-trayectoria-de-seis-destacadas-docentes-que-culminan-su-etapa-en-la-educacion-publica\/#primaryimage"},"thumbnailUrl":"https:\/\/munilaja.cl\/w\/wp-content\/uploads\/2026\/04\/DSC06609-scaled.jpg","articleSection":["Servicio a la comunidad"],"inLanguage":"es"},{"@type":"WebPage","@id":"https:\/\/munilaja.cl\/w\/laja-reconoce-la-trayectoria-de-seis-destacadas-docentes-que-culminan-su-etapa-en-la-educacion-publica\/","url":"https:\/\/munilaja.cl\/w\/laja-reconoce-la-trayectoria-de-seis-destacadas-docentes-que-culminan-su-etapa-en-la-educacion-publica\/","name":"Laja reconoce la trayectoria de seis destacadas docentes que culminan su etapa en la educaci\u00f3n p\u00fablica - Municipalidad de Laja","isPartOf":{"@id":"https:\/\/munilaja.cl\/w\/#website"},"primaryImageOfPage":{"@id":"https:\/\/munilaja.cl\/w\/laja-reconoce-la-trayectoria-de-seis-destacadas-docentes-que-culminan-su-etapa-en-la-educacion-publica\/#primaryimage"},"image":{"@id":"https:\/\/munilaja.cl\/w\/laja-reconoce-la-trayectoria-de-seis-destacadas-docentes-que-culminan-su-etapa-en-la-educacion-publica\/#primaryimage"},"thumbnailUrl":"https:\/\/munilaja.cl\/w\/wp-content\/uploads\/2026\/04\/DSC06609-scaled.jpg","datePublished":"2026-04-30T15:51:52+00:00","dateModified":"2026-04-30T15:51:53+00:00","breadcrumb":{"@id":"https:\/\/munilaja.cl\/w\/laja-reconoce-la-trayectoria-de-seis-destacadas-docentes-que-culminan-su-etapa-en-la-educacion-publica\/#breadcrumb"},"inLanguage":"es","potentialAction":[{"@type":"ReadAction","target":["https:\/\/munilaja.cl\/w\/laja-reconoce-la-trayectoria-de-seis-destacadas-docentes-que-culminan-su-etapa-en-la-educacion-publica\/"]}]},{"@type":"ImageObject","inLanguage":"es","@id":"https:\/\/munilaja.cl\/w\/laja-reconoce-la-trayectoria-de-seis-destacadas-docentes-que-culminan-su-etapa-en-la-educacion-publica\/#primaryimage","url":"https:\/\/munilaja.cl\/w\/wp-content\/uploads\/2026\/04\/DSC06609-scaled.jpg","contentUrl":"https:\/\/munilaja.cl\/w\/wp-content\/uploads\/2026\/04\/DSC06609-scaled.jpg","width":2560,"height":1441},{"@type":"BreadcrumbList","@id":"https:\/\/munilaja.cl\/w\/laja-reconoce-la-trayectoria-de-seis-destacadas-docentes-que-culminan-su-etapa-en-la-educacion-publica\/#breadcrumb","itemListElement":[{"@type":"ListItem","position":1,"name":"Portada","item":"https:\/\/munilaja.cl\/w\/"},{"@type":"ListItem","position":2,"name":"Laja reconoce la trayectoria de seis destacadas docentes que culminan su etapa en la educaci\u00f3n p\u00fablica"}]},{"@type":"WebSite","@id":"https:\/\/munilaja.cl\/w\/#website","url":"https:\/\/munilaja.cl\/w\/","name":"Municipalidad de Laja","description":"Web Municipal","publisher":{"@id":"https:\/\/munilaja.cl\/w\/#organization"},"potentialAction":[{"@type":"SearchAction","target":{"@type":"EntryPoint","urlTemplate":"https:\/\/munilaja.cl\/w\/?s={search_term_string}"},"query-input":{"@type":"PropertyValueSpecification","valueRequired":true,"valueName":"search_term_string"}}],"inLanguage":"es"},{"@type":"Organization","@id":"https:\/\/munilaja.cl\/w\/#organization","name":"Municipalidad de Laja","url":"https:\/\/munilaja.cl\/w\/","logo":{"@type":"ImageObject","inLanguage":"es","@id":"https:\/\/munilaja.cl\/w\/#\/schema\/logo\/image\/","url":"https:\/\/munilaja.cl\/w\/wp-content\/uploads\/2024\/11\/ESCUDO-LAJA-LETRAS-BLANCAS-LOGO-WEB.png","contentUrl":"https:\/\/munilaja.cl\/w\/wp-content\/uploads\/2024\/11\/ESCUDO-LAJA-LETRAS-BLANCAS-LOGO-WEB.png","width":150,"height":150,"caption":"Municipalidad de Laja"},"image":{"@id":"https:\/\/munilaja.cl\/w\/#\/schema\/logo\/image\/"}},{"@type":"Person","@id":"https:\/\/munilaja.cl\/w\/#\/schema\/person\/4650348f4978773bf1c5b31f9c7da744","name":"Administrador","url":"https:\/\/munilaja.cl\/w\/author\/rssmunilaja\/"}]}},"_links":{"self":[{"href":"https:\/\/munilaja.cl\/w\/wp-json\/wp\/v2\/posts\/74195"}],"collection":[{"href":"https:\/\/munilaja.cl\/w\/wp-json\/wp\/v2\/posts"}],"about":[{"href":"https:\/\/munilaja.cl\/w\/wp-json\/wp\/v2\/types\/post"}],"author":[{"embeddable":true,"href":"https:\/\/munilaja.cl\/w\/wp-json\/wp\/v2\/users\/11"}],"replies":[{"embeddable":true,"href":"https:\/\/munilaja.cl\/w\/wp-json\/wp\/v2\/comments?post=74195"}],"version-history":[{"count":1,"href":"https:\/\/munilaja.cl\/w\/wp-json\/wp\/v2\/posts\/74195\/revisions"}],"predecessor-version":[{"id":74229,"href":"https:\/\/munilaja.cl\/w\/wp-json\/wp\/v2\/posts\/74195\/revisions\/74229"}],"wp:featuredmedia":[{"embeddable":true,"href":"https:\/\/munilaja.cl\/w\/wp-json\/wp\/v2\/media\/74218"}],"wp:attachment":[{"href":"https:\/\/munilaja.cl\/w\/wp-json\/wp\/v2\/media?parent=74195"}],"wp:term":[{"taxonomy":"category","embeddable":true,"href":"https:\/\/munilaja.cl\/w\/wp-json\/wp\/v2\/categories?post=74195"},{"taxonomy":"post_tag","embeddable":true,"href":"https:\/\/munilaja.cl\/w\/wp-json\/wp\/v2\/tags?post=74195"}],"curies":[{"name":"wp","href":"https:\/\/api.w.org\/{rel}","templated":true}]}}