{"id":74121,"date":"2026-04-27T16:22:58","date_gmt":"2026-04-27T20:22:58","guid":{"rendered":"https:\/\/munilaja.cl\/w\/?p=74121"},"modified":"2026-04-27T16:22:59","modified_gmt":"2026-04-27T20:22:59","slug":"laja-conmemoro-el-dia-del-carabinero-con-emotiva-ceremonia-y-reconocimientos-a-su-labor","status":"publish","type":"post","link":"https:\/\/munilaja.cl\/w\/laja-conmemoro-el-dia-del-carabinero-con-emotiva-ceremonia-y-reconocimientos-a-su-labor\/","title":{"rendered":"Laja conmemor\u00f3 el D\u00eda del Carabinero con emotiva ceremonia y reconocimientos a su labor"},"content":{"rendered":"\n<p><em>Con una jornada marcada por el respeto, la cercan\u00eda y el reconocimiento, la comuna de Laja conmemor\u00f3 este lunes 27 de abril el D\u00eda del Carabinero, en el marco de los 99 a\u00f1os de la instituci\u00f3n.<\/em><\/p>\n\n\n\n<p>Las actividades comenzaron a primera hora con el izamiento del pabell\u00f3n patrio en la Subcomisar\u00eda de Laja, instancia que cont\u00f3 con la presencia del Capit\u00e1n de Carabineros, Franco Mu\u00f1oz, junto al Alcalde de la comuna, Vladimir Fica Toledo, adem\u00e1s de concejales y funcionarios policiales.<\/p>\n\n\n\n<p>Posteriormente, la conmemoraci\u00f3n continu\u00f3 con una emotiva ceremonia realizada en el auditorio del Liceo Bicentenario H\u00e9roes de la Concepci\u00f3n, donde se destac\u00f3 el compromiso, la vocaci\u00f3n de servicio y el trabajo comunitario de Carabineros en el territorio.<\/p>\n\n\n\n<p>En la instancia, se llev\u00f3 a cabo el ascenso de la Cabo 2\u00b0 Mar\u00eda Daniela Pacheco Vinet a Cabo 1\u00b0, un significativo reconocimiento a su trayectoria y dedicaci\u00f3n dentro de la instituci\u00f3n.<\/p>\n\n\n\n<p>Asimismo, durante la ceremonia se premi\u00f3 a los estudiantes que participaron en el tradicional Concurso Comunal Escolar de Dibujo, iniciativa que reuni\u00f3 a establecimientos educacionales como la Escuela Andr\u00e9s Alc\u00e1zar, Jos\u00e9 Abelardo N\u00fa\u00f1ez, Amanda Labarca, La Colonia, Francisco Zattera, Puente Perales, Las Ci\u00e9nagas, Nivequet\u00e9n y el Liceo Bicentenario H\u00e9roes de la Concepci\u00f3n, fortaleciendo el v\u00ednculo entre Carabineros y la comunidad educativa.<\/p>\n\n\n\n<p>El Capit\u00e1n de Carabineros, Franco Mu\u00f1oz, valor\u00f3 especialmente el reconocimiento proveniente de la comunidad. <em>\u201cSolamente quisiera reafirmar mis palabras en el sentido de agradecer esta invitaci\u00f3n que es netamente por parte de la comunidad. Es un reconocimiento del estima y el cari\u00f1o de cada uno de los j\u00f3venes que participaron en esta actividad. Eso nos reconforta bastante. Agradecer sinceramente a la comunidad y que conf\u00ede en nuestra labor y continuaremos trabajando para que Laja siga siendo m\u00e1s seguro\u201d<\/em>, se\u00f1al\u00f3.<\/p>\n\n\n\n<p>Por su parte, el alcalde Vladimir Fica Toledo destac\u00f3 el rol fundamental que cumple la instituci\u00f3n en la comuna. <em>\u201cEs una fecha muy importante, no solamente en nuestra comuna, sino que a nivel nacional. Felicitar a nuestros Carabineros por su trabajo, su entrega, por estar siempre disponibles, a pesar de que muchas veces resulta ser un trabajo tan ingrato. Fue una ceremonia muy emotiva, con mucho significado, no solamente para la Cabo que ascendi\u00f3, sino por cada uno de los funcionarios que hoy trabaja en nuestra comunidad\u201d<\/em>, expres\u00f3.<\/p>\n\n\n\n<p>La jornada permiti\u00f3 relevar el valor del trabajo conjunto entre Carabineros, el municipio y la comunidad, en una fecha que no solo conmemora un nuevo aniversario, sino que tambi\u00e9n proyecta el desaf\u00edo de seguir fortaleciendo la seguridad y la confianza en el territorio.<\/p>\n\n\n\n<figure class=\"wp-block-gallery has-nested-images columns-default is-cropped wp-block-gallery-1 is-layout-flex wp-block-gallery-is-layout-flex\">\n<figure class=\"wp-block-image size-large\"><a href=\"https:\/\/munilaja.cl\/w\/wp-content\/uploads\/2026\/04\/DSC05332.jpg\"><img fetchpriority=\"high\" decoding=\"async\" width=\"1024\" height=\"576\" data-id=\"74143\" src=\"https:\/\/munilaja.cl\/w\/wp-content\/uploads\/2026\/04\/DSC05332.jpg\" alt=\"\" class=\"wp-image-74143\" srcset=\"https:\/\/munilaja.cl\/w\/wp-content\/uploads\/2026\/04\/DSC05332.jpg 1024w, https:\/\/munilaja.cl\/w\/wp-content\/uploads\/2026\/04\/DSC05332-300x169.jpg 300w, https:\/\/munilaja.cl\/w\/wp-content\/uploads\/2026\/04\/DSC05332-768x432.jpg 768w\" sizes=\"(max-width: 1024px) 100vw, 1024px\" \/><\/a><\/figure>\n\n\n\n<figure class=\"wp-block-image size-large\"><a href=\"https:\/\/munilaja.cl\/w\/wp-content\/uploads\/2026\/04\/DSC05333.jpg\"><img decoding=\"async\" width=\"1024\" height=\"576\" data-id=\"74138\" src=\"https:\/\/munilaja.cl\/w\/wp-content\/uploads\/2026\/04\/DSC05333.jpg\" alt=\"\" class=\"wp-image-74138\" srcset=\"https:\/\/munilaja.cl\/w\/wp-content\/uploads\/2026\/04\/DSC05333.jpg 1024w, https:\/\/munilaja.cl\/w\/wp-content\/uploads\/2026\/04\/DSC05333-300x169.jpg 300w, https:\/\/munilaja.cl\/w\/wp-content\/uploads\/2026\/04\/DSC05333-768x432.jpg 768w\" sizes=\"(max-width: 1024px) 100vw, 1024px\" \/><\/a><\/figure>\n\n\n\n<figure class=\"wp-block-image size-large\"><a href=\"https:\/\/munilaja.cl\/w\/wp-content\/uploads\/2026\/04\/DSC05343.jpg\"><img decoding=\"async\" width=\"1024\" height=\"576\" data-id=\"74122\" src=\"https:\/\/munilaja.cl\/w\/wp-content\/uploads\/2026\/04\/DSC05343.jpg\" alt=\"\" class=\"wp-image-74122\" srcset=\"https:\/\/munilaja.cl\/w\/wp-content\/uploads\/2026\/04\/DSC05343.jpg 1024w, https:\/\/munilaja.cl\/w\/wp-content\/uploads\/2026\/04\/DSC05343-300x169.jpg 300w, https:\/\/munilaja.cl\/w\/wp-content\/uploads\/2026\/04\/DSC05343-768x432.jpg 768w\" sizes=\"(max-width: 1024px) 100vw, 1024px\" \/><\/a><\/figure>\n\n\n\n<figure class=\"wp-block-image size-large\"><a href=\"https:\/\/munilaja.cl\/w\/wp-content\/uploads\/2026\/04\/DSC05346.jpg\"><img loading=\"lazy\" decoding=\"async\" width=\"1024\" height=\"576\" data-id=\"74123\" src=\"https:\/\/munilaja.cl\/w\/wp-content\/uploads\/2026\/04\/DSC05346.jpg\" alt=\"\" class=\"wp-image-74123\" srcset=\"https:\/\/munilaja.cl\/w\/wp-content\/uploads\/2026\/04\/DSC05346.jpg 1024w, https:\/\/munilaja.cl\/w\/wp-content\/uploads\/2026\/04\/DSC05346-300x169.jpg 300w, https:\/\/munilaja.cl\/w\/wp-content\/uploads\/2026\/04\/DSC05346-768x432.jpg 768w\" sizes=\"(max-width: 1024px) 100vw, 1024px\" \/><\/a><\/figure>\n\n\n\n<figure class=\"wp-block-image size-large\"><a href=\"https:\/\/munilaja.cl\/w\/wp-content\/uploads\/2026\/04\/DSC05351.jpg\"><img loading=\"lazy\" decoding=\"async\" width=\"1024\" height=\"576\" data-id=\"74132\" src=\"https:\/\/munilaja.cl\/w\/wp-content\/uploads\/2026\/04\/DSC05351.jpg\" alt=\"\" class=\"wp-image-74132\" srcset=\"https:\/\/munilaja.cl\/w\/wp-content\/uploads\/2026\/04\/DSC05351.jpg 1024w, https:\/\/munilaja.cl\/w\/wp-content\/uploads\/2026\/04\/DSC05351-300x169.jpg 300w, https:\/\/munilaja.cl\/w\/wp-content\/uploads\/2026\/04\/DSC05351-768x432.jpg 768w\" sizes=\"(max-width: 1024px) 100vw, 1024px\" \/><\/a><\/figure>\n\n\n\n<figure class=\"wp-block-image size-large\"><a href=\"https:\/\/munilaja.cl\/w\/wp-content\/uploads\/2026\/04\/DSC05354.jpg\"><img loading=\"lazy\" decoding=\"async\" width=\"1024\" height=\"576\" data-id=\"74152\" src=\"https:\/\/munilaja.cl\/w\/wp-content\/uploads\/2026\/04\/DSC05354.jpg\" alt=\"\" class=\"wp-image-74152\" srcset=\"https:\/\/munilaja.cl\/w\/wp-content\/uploads\/2026\/04\/DSC05354.jpg 1024w, https:\/\/munilaja.cl\/w\/wp-content\/uploads\/2026\/04\/DSC05354-300x169.jpg 300w, https:\/\/munilaja.cl\/w\/wp-content\/uploads\/2026\/04\/DSC05354-768x432.jpg 768w\" sizes=\"(max-width: 1024px) 100vw, 1024px\" \/><\/a><\/figure>\n\n\n\n<figure class=\"wp-block-image size-large\"><a href=\"https:\/\/munilaja.cl\/w\/wp-content\/uploads\/2026\/04\/DSC05356.jpg\"><img loading=\"lazy\" decoding=\"async\" width=\"1024\" height=\"576\" data-id=\"74149\" src=\"https:\/\/munilaja.cl\/w\/wp-content\/uploads\/2026\/04\/DSC05356.jpg\" alt=\"\" class=\"wp-image-74149\" srcset=\"https:\/\/munilaja.cl\/w\/wp-content\/uploads\/2026\/04\/DSC05356.jpg 1024w, https:\/\/munilaja.cl\/w\/wp-content\/uploads\/2026\/04\/DSC05356-300x169.jpg 300w, https:\/\/munilaja.cl\/w\/wp-content\/uploads\/2026\/04\/DSC05356-768x432.jpg 768w\" sizes=\"(max-width: 1024px) 100vw, 1024px\" \/><\/a><\/figure>\n\n\n\n<figure class=\"wp-block-image size-large\"><a href=\"https:\/\/munilaja.cl\/w\/wp-content\/uploads\/2026\/04\/DSC05363.jpg\"><img loading=\"lazy\" decoding=\"async\" width=\"1024\" height=\"576\" data-id=\"74164\" src=\"https:\/\/munilaja.cl\/w\/wp-content\/uploads\/2026\/04\/DSC05363.jpg\" alt=\"\" class=\"wp-image-74164\" srcset=\"https:\/\/munilaja.cl\/w\/wp-content\/uploads\/2026\/04\/DSC05363.jpg 1024w, https:\/\/munilaja.cl\/w\/wp-content\/uploads\/2026\/04\/DSC05363-300x169.jpg 300w, https:\/\/munilaja.cl\/w\/wp-content\/uploads\/2026\/04\/DSC05363-768x432.jpg 768w\" sizes=\"(max-width: 1024px) 100vw, 1024px\" \/><\/a><\/figure>\n\n\n\n<figure class=\"wp-block-image size-large\"><a href=\"https:\/\/munilaja.cl\/w\/wp-content\/uploads\/2026\/04\/DSC05371.jpg\"><img loading=\"lazy\" decoding=\"async\" width=\"1024\" height=\"576\" data-id=\"74124\" src=\"https:\/\/munilaja.cl\/w\/wp-content\/uploads\/2026\/04\/DSC05371.jpg\" alt=\"\" class=\"wp-image-74124\" srcset=\"https:\/\/munilaja.cl\/w\/wp-content\/uploads\/2026\/04\/DSC05371.jpg 1024w, https:\/\/munilaja.cl\/w\/wp-content\/uploads\/2026\/04\/DSC05371-300x169.jpg 300w, https:\/\/munilaja.cl\/w\/wp-content\/uploads\/2026\/04\/DSC05371-768x432.jpg 768w\" sizes=\"(max-width: 1024px) 100vw, 1024px\" \/><\/a><\/figure>\n\n\n\n<figure class=\"wp-block-image size-large\"><a href=\"https:\/\/munilaja.cl\/w\/wp-content\/uploads\/2026\/04\/DSC05376.jpg\"><img loading=\"lazy\" decoding=\"async\" width=\"1024\" height=\"576\" data-id=\"74167\" src=\"https:\/\/munilaja.cl\/w\/wp-content\/uploads\/2026\/04\/DSC05376.jpg\" alt=\"\" class=\"wp-image-74167\" srcset=\"https:\/\/munilaja.cl\/w\/wp-content\/uploads\/2026\/04\/DSC05376.jpg 1024w, https:\/\/munilaja.cl\/w\/wp-content\/uploads\/2026\/04\/DSC05376-300x169.jpg 300w, https:\/\/munilaja.cl\/w\/wp-content\/uploads\/2026\/04\/DSC05376-768x432.jpg 768w\" sizes=\"(max-width: 1024px) 100vw, 1024px\" \/><\/a><\/figure>\n\n\n\n<figure class=\"wp-block-image size-large\"><a href=\"https:\/\/munilaja.cl\/w\/wp-content\/uploads\/2026\/04\/DSC05382.jpg\"><img loading=\"lazy\" decoding=\"async\" width=\"1024\" height=\"576\" data-id=\"74128\" src=\"https:\/\/munilaja.cl\/w\/wp-content\/uploads\/2026\/04\/DSC05382.jpg\" alt=\"\" class=\"wp-image-74128\" srcset=\"https:\/\/munilaja.cl\/w\/wp-content\/uploads\/2026\/04\/DSC05382.jpg 1024w, https:\/\/munilaja.cl\/w\/wp-content\/uploads\/2026\/04\/DSC05382-300x169.jpg 300w, https:\/\/munilaja.cl\/w\/wp-content\/uploads\/2026\/04\/DSC05382-768x432.jpg 768w\" sizes=\"(max-width: 1024px) 100vw, 1024px\" \/><\/a><\/figure>\n\n\n\n<figure class=\"wp-block-image size-large\"><a href=\"https:\/\/munilaja.cl\/w\/wp-content\/uploads\/2026\/04\/DSC05388.jpg\"><img loading=\"lazy\" decoding=\"async\" width=\"1024\" height=\"576\" data-id=\"74131\" src=\"https:\/\/munilaja.cl\/w\/wp-content\/uploads\/2026\/04\/DSC05388.jpg\" alt=\"\" class=\"wp-image-74131\" srcset=\"https:\/\/munilaja.cl\/w\/wp-content\/uploads\/2026\/04\/DSC05388.jpg 1024w, https:\/\/munilaja.cl\/w\/wp-content\/uploads\/2026\/04\/DSC05388-300x169.jpg 300w, https:\/\/munilaja.cl\/w\/wp-content\/uploads\/2026\/04\/DSC05388-768x432.jpg 768w\" sizes=\"(max-width: 1024px) 100vw, 1024px\" \/><\/a><\/figure>\n\n\n\n<figure class=\"wp-block-image size-large\"><a href=\"https:\/\/munilaja.cl\/w\/wp-content\/uploads\/2026\/04\/DSC05391.jpg\"><img loading=\"lazy\" decoding=\"async\" width=\"1024\" height=\"576\" data-id=\"74133\" src=\"https:\/\/munilaja.cl\/w\/wp-content\/uploads\/2026\/04\/DSC05391.jpg\" alt=\"\" class=\"wp-image-74133\" srcset=\"https:\/\/munilaja.cl\/w\/wp-content\/uploads\/2026\/04\/DSC05391.jpg 1024w, https:\/\/munilaja.cl\/w\/wp-content\/uploads\/2026\/04\/DSC05391-300x169.jpg 300w, https:\/\/munilaja.cl\/w\/wp-content\/uploads\/2026\/04\/DSC05391-768x432.jpg 768w\" sizes=\"(max-width: 1024px) 100vw, 1024px\" \/><\/a><\/figure>\n\n\n\n<figure class=\"wp-block-image size-large\"><a href=\"https:\/\/munilaja.cl\/w\/wp-content\/uploads\/2026\/04\/DSC05401.jpg\"><img loading=\"lazy\" decoding=\"async\" width=\"1024\" height=\"576\" data-id=\"74129\" src=\"https:\/\/munilaja.cl\/w\/wp-content\/uploads\/2026\/04\/DSC05401.jpg\" alt=\"\" class=\"wp-image-74129\" srcset=\"https:\/\/munilaja.cl\/w\/wp-content\/uploads\/2026\/04\/DSC05401.jpg 1024w, https:\/\/munilaja.cl\/w\/wp-content\/uploads\/2026\/04\/DSC05401-300x169.jpg 300w, https:\/\/munilaja.cl\/w\/wp-content\/uploads\/2026\/04\/DSC05401-768x432.jpg 768w\" sizes=\"(max-width: 1024px) 100vw, 1024px\" \/><\/a><\/figure>\n\n\n\n<figure class=\"wp-block-image size-large\"><a href=\"https:\/\/munilaja.cl\/w\/wp-content\/uploads\/2026\/04\/DSC05417.jpg\"><img loading=\"lazy\" decoding=\"async\" width=\"1024\" height=\"576\" data-id=\"74178\" src=\"https:\/\/munilaja.cl\/w\/wp-content\/uploads\/2026\/04\/DSC05417.jpg\" alt=\"\" class=\"wp-image-74178\" srcset=\"https:\/\/munilaja.cl\/w\/wp-content\/uploads\/2026\/04\/DSC05417.jpg 1024w, https:\/\/munilaja.cl\/w\/wp-content\/uploads\/2026\/04\/DSC05417-300x169.jpg 300w, https:\/\/munilaja.cl\/w\/wp-content\/uploads\/2026\/04\/DSC05417-768x432.jpg 768w\" sizes=\"(max-width: 1024px) 100vw, 1024px\" \/><\/a><\/figure>\n\n\n\n<figure class=\"wp-block-image size-large\"><a href=\"https:\/\/munilaja.cl\/w\/wp-content\/uploads\/2026\/04\/DSC05421.jpg\"><img loading=\"lazy\" decoding=\"async\" width=\"1024\" height=\"576\" data-id=\"74158\" src=\"https:\/\/munilaja.cl\/w\/wp-content\/uploads\/2026\/04\/DSC05421.jpg\" alt=\"\" class=\"wp-image-74158\" srcset=\"https:\/\/munilaja.cl\/w\/wp-content\/uploads\/2026\/04\/DSC05421.jpg 1024w, https:\/\/munilaja.cl\/w\/wp-content\/uploads\/2026\/04\/DSC05421-300x169.jpg 300w, https:\/\/munilaja.cl\/w\/wp-content\/uploads\/2026\/04\/DSC05421-768x432.jpg 768w\" sizes=\"(max-width: 1024px) 100vw, 1024px\" \/><\/a><\/figure>\n\n\n\n<figure class=\"wp-block-image size-large\"><a href=\"https:\/\/munilaja.cl\/w\/wp-content\/uploads\/2026\/04\/DSC05430.jpg\"><img loading=\"lazy\" decoding=\"async\" width=\"1024\" height=\"576\" data-id=\"74160\" src=\"https:\/\/munilaja.cl\/w\/wp-content\/uploads\/2026\/04\/DSC05430.jpg\" alt=\"\" class=\"wp-image-74160\" srcset=\"https:\/\/munilaja.cl\/w\/wp-content\/uploads\/2026\/04\/DSC05430.jpg 1024w, https:\/\/munilaja.cl\/w\/wp-content\/uploads\/2026\/04\/DSC05430-300x169.jpg 300w, https:\/\/munilaja.cl\/w\/wp-content\/uploads\/2026\/04\/DSC05430-768x432.jpg 768w\" sizes=\"(max-width: 1024px) 100vw, 1024px\" \/><\/a><\/figure>\n\n\n\n<figure class=\"wp-block-image size-large\"><a href=\"https:\/\/munilaja.cl\/w\/wp-content\/uploads\/2026\/04\/DSC05431.jpg\"><img loading=\"lazy\" decoding=\"async\" width=\"1024\" height=\"576\" data-id=\"74127\" src=\"https:\/\/munilaja.cl\/w\/wp-content\/uploads\/2026\/04\/DSC05431.jpg\" alt=\"\" class=\"wp-image-74127\" srcset=\"https:\/\/munilaja.cl\/w\/wp-content\/uploads\/2026\/04\/DSC05431.jpg 1024w, https:\/\/munilaja.cl\/w\/wp-content\/uploads\/2026\/04\/DSC05431-300x169.jpg 300w, https:\/\/munilaja.cl\/w\/wp-content\/uploads\/2026\/04\/DSC05431-768x432.jpg 768w\" sizes=\"(max-width: 1024px) 100vw, 1024px\" \/><\/a><\/figure>\n\n\n\n<figure class=\"wp-block-image size-large\"><a href=\"https:\/\/munilaja.cl\/w\/wp-content\/uploads\/2026\/04\/DSC05439.jpg\"><img loading=\"lazy\" decoding=\"async\" width=\"1024\" height=\"576\" data-id=\"74125\" src=\"https:\/\/munilaja.cl\/w\/wp-content\/uploads\/2026\/04\/DSC05439.jpg\" alt=\"\" class=\"wp-image-74125\" srcset=\"https:\/\/munilaja.cl\/w\/wp-content\/uploads\/2026\/04\/DSC05439.jpg 1024w, https:\/\/munilaja.cl\/w\/wp-content\/uploads\/2026\/04\/DSC05439-300x169.jpg 300w, https:\/\/munilaja.cl\/w\/wp-content\/uploads\/2026\/04\/DSC05439-768x432.jpg 768w\" sizes=\"(max-width: 1024px) 100vw, 1024px\" \/><\/a><\/figure>\n\n\n\n<figure class=\"wp-block-image size-large\"><a href=\"https:\/\/munilaja.cl\/w\/wp-content\/uploads\/2026\/04\/DSC05443.jpg\"><img loading=\"lazy\" decoding=\"async\" width=\"1024\" height=\"576\" data-id=\"74126\" src=\"https:\/\/munilaja.cl\/w\/wp-content\/uploads\/2026\/04\/DSC05443.jpg\" alt=\"\" class=\"wp-image-74126\" srcset=\"https:\/\/munilaja.cl\/w\/wp-content\/uploads\/2026\/04\/DSC05443.jpg 1024w, https:\/\/munilaja.cl\/w\/wp-content\/uploads\/2026\/04\/DSC05443-300x169.jpg 300w, https:\/\/munilaja.cl\/w\/wp-content\/uploads\/2026\/04\/DSC05443-768x432.jpg 768w\" sizes=\"(max-width: 1024px) 100vw, 1024px\" \/><\/a><\/figure>\n\n\n\n<figure class=\"wp-block-image size-large\"><a href=\"https:\/\/munilaja.cl\/w\/wp-content\/uploads\/2026\/04\/DSC05449.jpg\"><img loading=\"lazy\" decoding=\"async\" width=\"1024\" height=\"576\" data-id=\"74130\" src=\"https:\/\/munilaja.cl\/w\/wp-content\/uploads\/2026\/04\/DSC05449.jpg\" alt=\"\" class=\"wp-image-74130\" srcset=\"https:\/\/munilaja.cl\/w\/wp-content\/uploads\/2026\/04\/DSC05449.jpg 1024w, https:\/\/munilaja.cl\/w\/wp-content\/uploads\/2026\/04\/DSC05449-300x169.jpg 300w, https:\/\/munilaja.cl\/w\/wp-content\/uploads\/2026\/04\/DSC05449-768x432.jpg 768w\" sizes=\"(max-width: 1024px) 100vw, 1024px\" \/><\/a><\/figure>\n\n\n\n<figure class=\"wp-block-image size-large\"><a href=\"https:\/\/munilaja.cl\/w\/wp-content\/uploads\/2026\/04\/DSC05477.jpg\"><img loading=\"lazy\" decoding=\"async\" width=\"1024\" height=\"576\" data-id=\"74145\" src=\"https:\/\/munilaja.cl\/w\/wp-content\/uploads\/2026\/04\/DSC05477.jpg\" alt=\"\" class=\"wp-image-74145\" srcset=\"https:\/\/munilaja.cl\/w\/wp-content\/uploads\/2026\/04\/DSC05477.jpg 1024w, https:\/\/munilaja.cl\/w\/wp-content\/uploads\/2026\/04\/DSC05477-300x169.jpg 300w, https:\/\/munilaja.cl\/w\/wp-content\/uploads\/2026\/04\/DSC05477-768x432.jpg 768w\" sizes=\"(max-width: 1024px) 100vw, 1024px\" \/><\/a><\/figure>\n\n\n\n<figure class=\"wp-block-image size-large\"><a href=\"https:\/\/munilaja.cl\/w\/wp-content\/uploads\/2026\/04\/DSC05480.jpg\"><img loading=\"lazy\" decoding=\"async\" width=\"1024\" height=\"576\" data-id=\"74150\" src=\"https:\/\/munilaja.cl\/w\/wp-content\/uploads\/2026\/04\/DSC05480.jpg\" alt=\"\" class=\"wp-image-74150\" srcset=\"https:\/\/munilaja.cl\/w\/wp-content\/uploads\/2026\/04\/DSC05480.jpg 1024w, https:\/\/munilaja.cl\/w\/wp-content\/uploads\/2026\/04\/DSC05480-300x169.jpg 300w, https:\/\/munilaja.cl\/w\/wp-content\/uploads\/2026\/04\/DSC05480-768x432.jpg 768w\" sizes=\"(max-width: 1024px) 100vw, 1024px\" \/><\/a><\/figure>\n\n\n\n<figure class=\"wp-block-image size-large\"><a href=\"https:\/\/munilaja.cl\/w\/wp-content\/uploads\/2026\/04\/DSC05484.jpg\"><img loading=\"lazy\" decoding=\"async\" width=\"1024\" height=\"576\" data-id=\"74141\" src=\"https:\/\/munilaja.cl\/w\/wp-content\/uploads\/2026\/04\/DSC05484.jpg\" alt=\"\" class=\"wp-image-74141\" srcset=\"https:\/\/munilaja.cl\/w\/wp-content\/uploads\/2026\/04\/DSC05484.jpg 1024w, https:\/\/munilaja.cl\/w\/wp-content\/uploads\/2026\/04\/DSC05484-300x169.jpg 300w, https:\/\/munilaja.cl\/w\/wp-content\/uploads\/2026\/04\/DSC05484-768x432.jpg 768w\" sizes=\"(max-width: 1024px) 100vw, 1024px\" \/><\/a><\/figure>\n\n\n\n<figure class=\"wp-block-image size-large\"><a href=\"https:\/\/munilaja.cl\/w\/wp-content\/uploads\/2026\/04\/DSC05487.jpg\"><img loading=\"lazy\" decoding=\"async\" width=\"1024\" height=\"576\" data-id=\"74137\" src=\"https:\/\/munilaja.cl\/w\/wp-content\/uploads\/2026\/04\/DSC05487.jpg\" alt=\"\" class=\"wp-image-74137\" srcset=\"https:\/\/munilaja.cl\/w\/wp-content\/uploads\/2026\/04\/DSC05487.jpg 1024w, https:\/\/munilaja.cl\/w\/wp-content\/uploads\/2026\/04\/DSC05487-300x169.jpg 300w, https:\/\/munilaja.cl\/w\/wp-content\/uploads\/2026\/04\/DSC05487-768x432.jpg 768w\" sizes=\"(max-width: 1024px) 100vw, 1024px\" \/><\/a><\/figure>\n\n\n\n<figure class=\"wp-block-image size-large\"><a href=\"https:\/\/munilaja.cl\/w\/wp-content\/uploads\/2026\/04\/DSC05490.jpg\"><img loading=\"lazy\" decoding=\"async\" width=\"1024\" height=\"576\" data-id=\"74142\" src=\"https:\/\/munilaja.cl\/w\/wp-content\/uploads\/2026\/04\/DSC05490.jpg\" alt=\"\" class=\"wp-image-74142\" srcset=\"https:\/\/munilaja.cl\/w\/wp-content\/uploads\/2026\/04\/DSC05490.jpg 1024w, https:\/\/munilaja.cl\/w\/wp-content\/uploads\/2026\/04\/DSC05490-300x169.jpg 300w, https:\/\/munilaja.cl\/w\/wp-content\/uploads\/2026\/04\/DSC05490-768x432.jpg 768w\" sizes=\"(max-width: 1024px) 100vw, 1024px\" \/><\/a><\/figure>\n\n\n\n<figure class=\"wp-block-image size-large\"><a href=\"https:\/\/munilaja.cl\/w\/wp-content\/uploads\/2026\/04\/DSC05509.jpg\"><img loading=\"lazy\" decoding=\"async\" width=\"1024\" height=\"576\" data-id=\"74135\" src=\"https:\/\/munilaja.cl\/w\/wp-content\/uploads\/2026\/04\/DSC05509.jpg\" alt=\"\" class=\"wp-image-74135\" srcset=\"https:\/\/munilaja.cl\/w\/wp-content\/uploads\/2026\/04\/DSC05509.jpg 1024w, https:\/\/munilaja.cl\/w\/wp-content\/uploads\/2026\/04\/DSC05509-300x169.jpg 300w, https:\/\/munilaja.cl\/w\/wp-content\/uploads\/2026\/04\/DSC05509-768x432.jpg 768w\" sizes=\"(max-width: 1024px) 100vw, 1024px\" \/><\/a><\/figure>\n\n\n\n<figure class=\"wp-block-image size-large\"><a href=\"https:\/\/munilaja.cl\/w\/wp-content\/uploads\/2026\/04\/DSC05531.jpg\"><img loading=\"lazy\" decoding=\"async\" width=\"1024\" height=\"710\" data-id=\"74170\" src=\"https:\/\/munilaja.cl\/w\/wp-content\/uploads\/2026\/04\/DSC05531.jpg\" alt=\"\" class=\"wp-image-74170\" srcset=\"https:\/\/munilaja.cl\/w\/wp-content\/uploads\/2026\/04\/DSC05531.jpg 1024w, https:\/\/munilaja.cl\/w\/wp-content\/uploads\/2026\/04\/DSC05531-300x208.jpg 300w, https:\/\/munilaja.cl\/w\/wp-content\/uploads\/2026\/04\/DSC05531-768x533.jpg 768w\" sizes=\"(max-width: 1024px) 100vw, 1024px\" \/><\/a><\/figure>\n\n\n\n<figure class=\"wp-block-image size-large\"><a href=\"https:\/\/munilaja.cl\/w\/wp-content\/uploads\/2026\/04\/DSC05532.jpg\"><img loading=\"lazy\" decoding=\"async\" width=\"1024\" height=\"658\" data-id=\"74153\" src=\"https:\/\/munilaja.cl\/w\/wp-content\/uploads\/2026\/04\/DSC05532.jpg\" alt=\"\" class=\"wp-image-74153\" srcset=\"https:\/\/munilaja.cl\/w\/wp-content\/uploads\/2026\/04\/DSC05532.jpg 1024w, https:\/\/munilaja.cl\/w\/wp-content\/uploads\/2026\/04\/DSC05532-300x193.jpg 300w, https:\/\/munilaja.cl\/w\/wp-content\/uploads\/2026\/04\/DSC05532-768x494.jpg 768w\" sizes=\"(max-width: 1024px) 100vw, 1024px\" \/><\/a><\/figure>\n\n\n\n<figure class=\"wp-block-image size-large\"><a href=\"https:\/\/munilaja.cl\/w\/wp-content\/uploads\/2026\/04\/DSC05545.jpg\"><img loading=\"lazy\" decoding=\"async\" width=\"1024\" height=\"672\" data-id=\"74165\" src=\"https:\/\/munilaja.cl\/w\/wp-content\/uploads\/2026\/04\/DSC05545.jpg\" alt=\"\" class=\"wp-image-74165\" srcset=\"https:\/\/munilaja.cl\/w\/wp-content\/uploads\/2026\/04\/DSC05545.jpg 1024w, https:\/\/munilaja.cl\/w\/wp-content\/uploads\/2026\/04\/DSC05545-300x197.jpg 300w, https:\/\/munilaja.cl\/w\/wp-content\/uploads\/2026\/04\/DSC05545-768x504.jpg 768w\" sizes=\"(max-width: 1024px) 100vw, 1024px\" \/><\/a><\/figure>\n\n\n\n<figure class=\"wp-block-image size-large\"><a href=\"https:\/\/munilaja.cl\/w\/wp-content\/uploads\/2026\/04\/DSC05548.jpg\"><img loading=\"lazy\" decoding=\"async\" width=\"1024\" height=\"752\" data-id=\"74171\" src=\"https:\/\/munilaja.cl\/w\/wp-content\/uploads\/2026\/04\/DSC05548.jpg\" alt=\"\" class=\"wp-image-74171\" srcset=\"https:\/\/munilaja.cl\/w\/wp-content\/uploads\/2026\/04\/DSC05548.jpg 1024w, https:\/\/munilaja.cl\/w\/wp-content\/uploads\/2026\/04\/DSC05548-300x220.jpg 300w, https:\/\/munilaja.cl\/w\/wp-content\/uploads\/2026\/04\/DSC05548-768x564.jpg 768w\" sizes=\"(max-width: 1024px) 100vw, 1024px\" \/><\/a><\/figure>\n\n\n\n<figure class=\"wp-block-image size-large\"><a href=\"https:\/\/munilaja.cl\/w\/wp-content\/uploads\/2026\/04\/DSC05551.jpg\"><img loading=\"lazy\" decoding=\"async\" width=\"1024\" height=\"700\" data-id=\"74161\" src=\"https:\/\/munilaja.cl\/w\/wp-content\/uploads\/2026\/04\/DSC05551.jpg\" alt=\"\" class=\"wp-image-74161\" srcset=\"https:\/\/munilaja.cl\/w\/wp-content\/uploads\/2026\/04\/DSC05551.jpg 1024w, https:\/\/munilaja.cl\/w\/wp-content\/uploads\/2026\/04\/DSC05551-300x205.jpg 300w, https:\/\/munilaja.cl\/w\/wp-content\/uploads\/2026\/04\/DSC05551-768x525.jpg 768w\" sizes=\"(max-width: 1024px) 100vw, 1024px\" \/><\/a><\/figure>\n\n\n\n<figure class=\"wp-block-image size-large\"><a href=\"https:\/\/munilaja.cl\/w\/wp-content\/uploads\/2026\/04\/DSC05555.jpg\"><img loading=\"lazy\" decoding=\"async\" width=\"1024\" height=\"576\" data-id=\"74146\" src=\"https:\/\/munilaja.cl\/w\/wp-content\/uploads\/2026\/04\/DSC05555.jpg\" alt=\"\" class=\"wp-image-74146\" srcset=\"https:\/\/munilaja.cl\/w\/wp-content\/uploads\/2026\/04\/DSC05555.jpg 1024w, https:\/\/munilaja.cl\/w\/wp-content\/uploads\/2026\/04\/DSC05555-300x169.jpg 300w, https:\/\/munilaja.cl\/w\/wp-content\/uploads\/2026\/04\/DSC05555-768x432.jpg 768w\" sizes=\"(max-width: 1024px) 100vw, 1024px\" \/><\/a><\/figure>\n\n\n\n<figure class=\"wp-block-image size-large\"><a href=\"https:\/\/munilaja.cl\/w\/wp-content\/uploads\/2026\/04\/DSC05563.jpg\"><img loading=\"lazy\" decoding=\"async\" width=\"1024\" height=\"645\" data-id=\"74163\" src=\"https:\/\/munilaja.cl\/w\/wp-content\/uploads\/2026\/04\/DSC05563.jpg\" alt=\"\" class=\"wp-image-74163\" srcset=\"https:\/\/munilaja.cl\/w\/wp-content\/uploads\/2026\/04\/DSC05563.jpg 1024w, https:\/\/munilaja.cl\/w\/wp-content\/uploads\/2026\/04\/DSC05563-300x189.jpg 300w, https:\/\/munilaja.cl\/w\/wp-content\/uploads\/2026\/04\/DSC05563-768x484.jpg 768w\" sizes=\"(max-width: 1024px) 100vw, 1024px\" \/><\/a><\/figure>\n\n\n\n<figure class=\"wp-block-image size-large\"><a href=\"https:\/\/munilaja.cl\/w\/wp-content\/uploads\/2026\/04\/DSC05566.jpg\"><img loading=\"lazy\" decoding=\"async\" width=\"1024\" height=\"576\" data-id=\"74148\" src=\"https:\/\/munilaja.cl\/w\/wp-content\/uploads\/2026\/04\/DSC05566.jpg\" alt=\"\" class=\"wp-image-74148\" srcset=\"https:\/\/munilaja.cl\/w\/wp-content\/uploads\/2026\/04\/DSC05566.jpg 1024w, https:\/\/munilaja.cl\/w\/wp-content\/uploads\/2026\/04\/DSC05566-300x169.jpg 300w, https:\/\/munilaja.cl\/w\/wp-content\/uploads\/2026\/04\/DSC05566-768x432.jpg 768w\" sizes=\"(max-width: 1024px) 100vw, 1024px\" \/><\/a><\/figure>\n\n\n\n<figure class=\"wp-block-image size-large\"><a href=\"https:\/\/munilaja.cl\/w\/wp-content\/uploads\/2026\/04\/DSC05573.jpg\"><img loading=\"lazy\" decoding=\"async\" width=\"1024\" height=\"668\" data-id=\"74180\" src=\"https:\/\/munilaja.cl\/w\/wp-content\/uploads\/2026\/04\/DSC05573.jpg\" alt=\"\" class=\"wp-image-74180\" srcset=\"https:\/\/munilaja.cl\/w\/wp-content\/uploads\/2026\/04\/DSC05573.jpg 1024w, https:\/\/munilaja.cl\/w\/wp-content\/uploads\/2026\/04\/DSC05573-300x196.jpg 300w, https:\/\/munilaja.cl\/w\/wp-content\/uploads\/2026\/04\/DSC05573-768x501.jpg 768w\" sizes=\"(max-width: 1024px) 100vw, 1024px\" \/><\/a><\/figure>\n\n\n\n<figure class=\"wp-block-image size-large\"><a href=\"https:\/\/munilaja.cl\/w\/wp-content\/uploads\/2026\/04\/DSC05578.jpg\"><img loading=\"lazy\" decoding=\"async\" width=\"1024\" height=\"576\" data-id=\"74147\" src=\"https:\/\/munilaja.cl\/w\/wp-content\/uploads\/2026\/04\/DSC05578.jpg\" alt=\"\" class=\"wp-image-74147\" srcset=\"https:\/\/munilaja.cl\/w\/wp-content\/uploads\/2026\/04\/DSC05578.jpg 1024w, https:\/\/munilaja.cl\/w\/wp-content\/uploads\/2026\/04\/DSC05578-300x169.jpg 300w, https:\/\/munilaja.cl\/w\/wp-content\/uploads\/2026\/04\/DSC05578-768x432.jpg 768w\" sizes=\"(max-width: 1024px) 100vw, 1024px\" \/><\/a><\/figure>\n\n\n\n<figure class=\"wp-block-image size-large\"><a href=\"https:\/\/munilaja.cl\/w\/wp-content\/uploads\/2026\/04\/DSC05585.jpg\"><img loading=\"lazy\" decoding=\"async\" width=\"1024\" height=\"576\" data-id=\"74157\" src=\"https:\/\/munilaja.cl\/w\/wp-content\/uploads\/2026\/04\/DSC05585.jpg\" alt=\"\" class=\"wp-image-74157\" srcset=\"https:\/\/munilaja.cl\/w\/wp-content\/uploads\/2026\/04\/DSC05585.jpg 1024w, https:\/\/munilaja.cl\/w\/wp-content\/uploads\/2026\/04\/DSC05585-300x169.jpg 300w, https:\/\/munilaja.cl\/w\/wp-content\/uploads\/2026\/04\/DSC05585-768x432.jpg 768w\" sizes=\"(max-width: 1024px) 100vw, 1024px\" \/><\/a><\/figure>\n\n\n\n<figure class=\"wp-block-image size-large\"><a href=\"https:\/\/munilaja.cl\/w\/wp-content\/uploads\/2026\/04\/DSC05595.jpg\"><img loading=\"lazy\" decoding=\"async\" width=\"1024\" height=\"576\" data-id=\"74159\" src=\"https:\/\/munilaja.cl\/w\/wp-content\/uploads\/2026\/04\/DSC05595.jpg\" alt=\"\" class=\"wp-image-74159\" srcset=\"https:\/\/munilaja.cl\/w\/wp-content\/uploads\/2026\/04\/DSC05595.jpg 1024w, https:\/\/munilaja.cl\/w\/wp-content\/uploads\/2026\/04\/DSC05595-300x169.jpg 300w, https:\/\/munilaja.cl\/w\/wp-content\/uploads\/2026\/04\/DSC05595-768x432.jpg 768w\" sizes=\"(max-width: 1024px) 100vw, 1024px\" \/><\/a><\/figure>\n\n\n\n<figure class=\"wp-block-image size-large\"><a href=\"https:\/\/munilaja.cl\/w\/wp-content\/uploads\/2026\/04\/DSC05597.jpg\"><img loading=\"lazy\" decoding=\"async\" width=\"1024\" height=\"615\" data-id=\"74182\" src=\"https:\/\/munilaja.cl\/w\/wp-content\/uploads\/2026\/04\/DSC05597.jpg\" alt=\"\" class=\"wp-image-74182\" srcset=\"https:\/\/munilaja.cl\/w\/wp-content\/uploads\/2026\/04\/DSC05597.jpg 1024w, https:\/\/munilaja.cl\/w\/wp-content\/uploads\/2026\/04\/DSC05597-300x180.jpg 300w, https:\/\/munilaja.cl\/w\/wp-content\/uploads\/2026\/04\/DSC05597-768x461.jpg 768w\" sizes=\"(max-width: 1024px) 100vw, 1024px\" \/><\/a><\/figure>\n\n\n\n<figure class=\"wp-block-image size-large\"><a href=\"https:\/\/munilaja.cl\/w\/wp-content\/uploads\/2026\/04\/DSC05600.jpg\"><img loading=\"lazy\" decoding=\"async\" width=\"1024\" height=\"576\" data-id=\"74181\" src=\"https:\/\/munilaja.cl\/w\/wp-content\/uploads\/2026\/04\/DSC05600.jpg\" alt=\"\" class=\"wp-image-74181\" srcset=\"https:\/\/munilaja.cl\/w\/wp-content\/uploads\/2026\/04\/DSC05600.jpg 1024w, https:\/\/munilaja.cl\/w\/wp-content\/uploads\/2026\/04\/DSC05600-300x169.jpg 300w, https:\/\/munilaja.cl\/w\/wp-content\/uploads\/2026\/04\/DSC05600-768x432.jpg 768w\" sizes=\"(max-width: 1024px) 100vw, 1024px\" \/><\/a><\/figure>\n\n\n\n<figure class=\"wp-block-image size-large\"><a href=\"https:\/\/munilaja.cl\/w\/wp-content\/uploads\/2026\/04\/DSC05611.jpg\"><img loading=\"lazy\" decoding=\"async\" width=\"1024\" height=\"576\" data-id=\"74140\" src=\"https:\/\/munilaja.cl\/w\/wp-content\/uploads\/2026\/04\/DSC05611.jpg\" alt=\"\" class=\"wp-image-74140\" srcset=\"https:\/\/munilaja.cl\/w\/wp-content\/uploads\/2026\/04\/DSC05611.jpg 1024w, https:\/\/munilaja.cl\/w\/wp-content\/uploads\/2026\/04\/DSC05611-300x169.jpg 300w, https:\/\/munilaja.cl\/w\/wp-content\/uploads\/2026\/04\/DSC05611-768x432.jpg 768w\" sizes=\"(max-width: 1024px) 100vw, 1024px\" \/><\/a><\/figure>\n\n\n\n<figure class=\"wp-block-image size-large\"><a href=\"https:\/\/munilaja.cl\/w\/wp-content\/uploads\/2026\/04\/DSC05614.jpg\"><img loading=\"lazy\" decoding=\"async\" width=\"1024\" height=\"576\" data-id=\"74144\" src=\"https:\/\/munilaja.cl\/w\/wp-content\/uploads\/2026\/04\/DSC05614.jpg\" alt=\"\" class=\"wp-image-74144\" srcset=\"https:\/\/munilaja.cl\/w\/wp-content\/uploads\/2026\/04\/DSC05614.jpg 1024w, https:\/\/munilaja.cl\/w\/wp-content\/uploads\/2026\/04\/DSC05614-300x169.jpg 300w, https:\/\/munilaja.cl\/w\/wp-content\/uploads\/2026\/04\/DSC05614-768x432.jpg 768w\" sizes=\"(max-width: 1024px) 100vw, 1024px\" \/><\/a><\/figure>\n\n\n\n<figure class=\"wp-block-image size-large\"><a href=\"https:\/\/munilaja.cl\/w\/wp-content\/uploads\/2026\/04\/DSC05620.jpg\"><img loading=\"lazy\" decoding=\"async\" width=\"1024\" height=\"576\" data-id=\"74156\" src=\"https:\/\/munilaja.cl\/w\/wp-content\/uploads\/2026\/04\/DSC05620.jpg\" alt=\"\" class=\"wp-image-74156\" srcset=\"https:\/\/munilaja.cl\/w\/wp-content\/uploads\/2026\/04\/DSC05620.jpg 1024w, https:\/\/munilaja.cl\/w\/wp-content\/uploads\/2026\/04\/DSC05620-300x169.jpg 300w, https:\/\/munilaja.cl\/w\/wp-content\/uploads\/2026\/04\/DSC05620-768x432.jpg 768w\" sizes=\"(max-width: 1024px) 100vw, 1024px\" \/><\/a><\/figure>\n\n\n\n<figure class=\"wp-block-image size-large\"><a href=\"https:\/\/munilaja.cl\/w\/wp-content\/uploads\/2026\/04\/DSC05635.jpg\"><img loading=\"lazy\" decoding=\"async\" width=\"1024\" height=\"576\" data-id=\"74136\" src=\"https:\/\/munilaja.cl\/w\/wp-content\/uploads\/2026\/04\/DSC05635.jpg\" alt=\"\" class=\"wp-image-74136\" srcset=\"https:\/\/munilaja.cl\/w\/wp-content\/uploads\/2026\/04\/DSC05635.jpg 1024w, https:\/\/munilaja.cl\/w\/wp-content\/uploads\/2026\/04\/DSC05635-300x169.jpg 300w, https:\/\/munilaja.cl\/w\/wp-content\/uploads\/2026\/04\/DSC05635-768x432.jpg 768w\" sizes=\"(max-width: 1024px) 100vw, 1024px\" \/><\/a><\/figure>\n\n\n\n<figure class=\"wp-block-image size-large\"><a href=\"https:\/\/munilaja.cl\/w\/wp-content\/uploads\/2026\/04\/DSC05640.jpg\"><img loading=\"lazy\" decoding=\"async\" width=\"1011\" height=\"768\" data-id=\"74174\" src=\"https:\/\/munilaja.cl\/w\/wp-content\/uploads\/2026\/04\/DSC05640.jpg\" alt=\"\" class=\"wp-image-74174\" srcset=\"https:\/\/munilaja.cl\/w\/wp-content\/uploads\/2026\/04\/DSC05640.jpg 1011w, https:\/\/munilaja.cl\/w\/wp-content\/uploads\/2026\/04\/DSC05640-300x228.jpg 300w, https:\/\/munilaja.cl\/w\/wp-content\/uploads\/2026\/04\/DSC05640-768x583.jpg 768w\" sizes=\"(max-width: 1011px) 100vw, 1011px\" \/><\/a><\/figure>\n\n\n\n<figure class=\"wp-block-image size-large\"><a href=\"https:\/\/munilaja.cl\/w\/wp-content\/uploads\/2026\/04\/DSC05650.jpg\"><img loading=\"lazy\" decoding=\"async\" width=\"1024\" height=\"576\" data-id=\"74155\" src=\"https:\/\/munilaja.cl\/w\/wp-content\/uploads\/2026\/04\/DSC05650.jpg\" alt=\"\" class=\"wp-image-74155\" srcset=\"https:\/\/munilaja.cl\/w\/wp-content\/uploads\/2026\/04\/DSC05650.jpg 1024w, https:\/\/munilaja.cl\/w\/wp-content\/uploads\/2026\/04\/DSC05650-300x169.jpg 300w, https:\/\/munilaja.cl\/w\/wp-content\/uploads\/2026\/04\/DSC05650-768x432.jpg 768w\" sizes=\"(max-width: 1024px) 100vw, 1024px\" \/><\/a><\/figure>\n\n\n\n<figure class=\"wp-block-image size-large\"><a href=\"https:\/\/munilaja.cl\/w\/wp-content\/uploads\/2026\/04\/DSC05655.jpg\"><img loading=\"lazy\" decoding=\"async\" width=\"1024\" height=\"690\" data-id=\"74168\" src=\"https:\/\/munilaja.cl\/w\/wp-content\/uploads\/2026\/04\/DSC05655.jpg\" alt=\"\" class=\"wp-image-74168\" srcset=\"https:\/\/munilaja.cl\/w\/wp-content\/uploads\/2026\/04\/DSC05655.jpg 1024w, https:\/\/munilaja.cl\/w\/wp-content\/uploads\/2026\/04\/DSC05655-300x202.jpg 300w, https:\/\/munilaja.cl\/w\/wp-content\/uploads\/2026\/04\/DSC05655-768x518.jpg 768w\" sizes=\"(max-width: 1024px) 100vw, 1024px\" \/><\/a><\/figure>\n\n\n\n<figure class=\"wp-block-image size-large\"><a href=\"https:\/\/munilaja.cl\/w\/wp-content\/uploads\/2026\/04\/DSC05659.jpg\"><img loading=\"lazy\" decoding=\"async\" width=\"1024\" height=\"576\" data-id=\"74176\" src=\"https:\/\/munilaja.cl\/w\/wp-content\/uploads\/2026\/04\/DSC05659.jpg\" alt=\"\" class=\"wp-image-74176\" srcset=\"https:\/\/munilaja.cl\/w\/wp-content\/uploads\/2026\/04\/DSC05659.jpg 1024w, https:\/\/munilaja.cl\/w\/wp-content\/uploads\/2026\/04\/DSC05659-300x169.jpg 300w, https:\/\/munilaja.cl\/w\/wp-content\/uploads\/2026\/04\/DSC05659-768x432.jpg 768w\" sizes=\"(max-width: 1024px) 100vw, 1024px\" \/><\/a><\/figure>\n\n\n\n<figure class=\"wp-block-image size-large\"><a href=\"https:\/\/munilaja.cl\/w\/wp-content\/uploads\/2026\/04\/DSC05660.jpg\"><img loading=\"lazy\" decoding=\"async\" width=\"1024\" height=\"576\" data-id=\"74134\" src=\"https:\/\/munilaja.cl\/w\/wp-content\/uploads\/2026\/04\/DSC05660.jpg\" alt=\"\" class=\"wp-image-74134\" srcset=\"https:\/\/munilaja.cl\/w\/wp-content\/uploads\/2026\/04\/DSC05660.jpg 1024w, https:\/\/munilaja.cl\/w\/wp-content\/uploads\/2026\/04\/DSC05660-300x169.jpg 300w, https:\/\/munilaja.cl\/w\/wp-content\/uploads\/2026\/04\/DSC05660-768x432.jpg 768w\" sizes=\"(max-width: 1024px) 100vw, 1024px\" \/><\/a><\/figure>\n\n\n\n<figure class=\"wp-block-image size-large\"><a href=\"https:\/\/munilaja.cl\/w\/wp-content\/uploads\/2026\/04\/DSC05663.jpg\"><img loading=\"lazy\" decoding=\"async\" width=\"1024\" height=\"576\" data-id=\"74177\" src=\"https:\/\/munilaja.cl\/w\/wp-content\/uploads\/2026\/04\/DSC05663.jpg\" alt=\"\" class=\"wp-image-74177\" srcset=\"https:\/\/munilaja.cl\/w\/wp-content\/uploads\/2026\/04\/DSC05663.jpg 1024w, https:\/\/munilaja.cl\/w\/wp-content\/uploads\/2026\/04\/DSC05663-300x169.jpg 300w, https:\/\/munilaja.cl\/w\/wp-content\/uploads\/2026\/04\/DSC05663-768x432.jpg 768w\" sizes=\"(max-width: 1024px) 100vw, 1024px\" \/><\/a><\/figure>\n\n\n\n<figure class=\"wp-block-image size-large\"><a href=\"https:\/\/munilaja.cl\/w\/wp-content\/uploads\/2026\/04\/DSC05679.jpg\"><img loading=\"lazy\" decoding=\"async\" width=\"1024\" height=\"576\" data-id=\"74154\" src=\"https:\/\/munilaja.cl\/w\/wp-content\/uploads\/2026\/04\/DSC05679.jpg\" alt=\"\" class=\"wp-image-74154\" srcset=\"https:\/\/munilaja.cl\/w\/wp-content\/uploads\/2026\/04\/DSC05679.jpg 1024w, https:\/\/munilaja.cl\/w\/wp-content\/uploads\/2026\/04\/DSC05679-300x169.jpg 300w, https:\/\/munilaja.cl\/w\/wp-content\/uploads\/2026\/04\/DSC05679-768x432.jpg 768w\" sizes=\"(max-width: 1024px) 100vw, 1024px\" \/><\/a><\/figure>\n\n\n\n<figure class=\"wp-block-image size-large\"><a href=\"https:\/\/munilaja.cl\/w\/wp-content\/uploads\/2026\/04\/DSC05705.jpg\"><img loading=\"lazy\" decoding=\"async\" width=\"1024\" height=\"576\" data-id=\"74139\" src=\"https:\/\/munilaja.cl\/w\/wp-content\/uploads\/2026\/04\/DSC05705.jpg\" alt=\"\" class=\"wp-image-74139\" srcset=\"https:\/\/munilaja.cl\/w\/wp-content\/uploads\/2026\/04\/DSC05705.jpg 1024w, https:\/\/munilaja.cl\/w\/wp-content\/uploads\/2026\/04\/DSC05705-300x169.jpg 300w, https:\/\/munilaja.cl\/w\/wp-content\/uploads\/2026\/04\/DSC05705-768x432.jpg 768w\" sizes=\"(max-width: 1024px) 100vw, 1024px\" \/><\/a><\/figure>\n\n\n\n<figure class=\"wp-block-image size-large\"><a href=\"https:\/\/munilaja.cl\/w\/wp-content\/uploads\/2026\/04\/DSC05713.jpg\"><img loading=\"lazy\" decoding=\"async\" width=\"1024\" height=\"576\" data-id=\"74151\" src=\"https:\/\/munilaja.cl\/w\/wp-content\/uploads\/2026\/04\/DSC05713.jpg\" alt=\"\" class=\"wp-image-74151\" srcset=\"https:\/\/munilaja.cl\/w\/wp-content\/uploads\/2026\/04\/DSC05713.jpg 1024w, https:\/\/munilaja.cl\/w\/wp-content\/uploads\/2026\/04\/DSC05713-300x169.jpg 300w, https:\/\/munilaja.cl\/w\/wp-content\/uploads\/2026\/04\/DSC05713-768x432.jpg 768w\" sizes=\"(max-width: 1024px) 100vw, 1024px\" \/><\/a><\/figure>\n\n\n\n<figure class=\"wp-block-image size-large\"><a href=\"https:\/\/munilaja.cl\/w\/wp-content\/uploads\/2026\/04\/DSC05720.jpg\"><img loading=\"lazy\" decoding=\"async\" width=\"1024\" height=\"520\" data-id=\"74162\" src=\"https:\/\/munilaja.cl\/w\/wp-content\/uploads\/2026\/04\/DSC05720.jpg\" alt=\"\" class=\"wp-image-74162\" srcset=\"https:\/\/munilaja.cl\/w\/wp-content\/uploads\/2026\/04\/DSC05720.jpg 1024w, https:\/\/munilaja.cl\/w\/wp-content\/uploads\/2026\/04\/DSC05720-300x152.jpg 300w, https:\/\/munilaja.cl\/w\/wp-content\/uploads\/2026\/04\/DSC05720-768x390.jpg 768w\" sizes=\"(max-width: 1024px) 100vw, 1024px\" \/><\/a><\/figure>\n\n\n\n<figure class=\"wp-block-image size-large\"><a href=\"https:\/\/munilaja.cl\/w\/wp-content\/uploads\/2026\/04\/DSC05725.jpg\"><img loading=\"lazy\" decoding=\"async\" width=\"1024\" height=\"576\" data-id=\"74175\" src=\"https:\/\/munilaja.cl\/w\/wp-content\/uploads\/2026\/04\/DSC05725.jpg\" alt=\"\" class=\"wp-image-74175\" srcset=\"https:\/\/munilaja.cl\/w\/wp-content\/uploads\/2026\/04\/DSC05725.jpg 1024w, https:\/\/munilaja.cl\/w\/wp-content\/uploads\/2026\/04\/DSC05725-300x169.jpg 300w, https:\/\/munilaja.cl\/w\/wp-content\/uploads\/2026\/04\/DSC05725-768x432.jpg 768w\" sizes=\"(max-width: 1024px) 100vw, 1024px\" \/><\/a><\/figure>\n\n\n\n<figure class=\"wp-block-image size-large\"><a href=\"https:\/\/munilaja.cl\/w\/wp-content\/uploads\/2026\/04\/DSC05727.jpg\"><img loading=\"lazy\" decoding=\"async\" width=\"1024\" height=\"576\" data-id=\"74172\" src=\"https:\/\/munilaja.cl\/w\/wp-content\/uploads\/2026\/04\/DSC05727.jpg\" alt=\"\" class=\"wp-image-74172\" srcset=\"https:\/\/munilaja.cl\/w\/wp-content\/uploads\/2026\/04\/DSC05727.jpg 1024w, https:\/\/munilaja.cl\/w\/wp-content\/uploads\/2026\/04\/DSC05727-300x169.jpg 300w, https:\/\/munilaja.cl\/w\/wp-content\/uploads\/2026\/04\/DSC05727-768x432.jpg 768w\" sizes=\"(max-width: 1024px) 100vw, 1024px\" \/><\/a><\/figure>\n\n\n\n<figure class=\"wp-block-image size-large\"><a href=\"https:\/\/munilaja.cl\/w\/wp-content\/uploads\/2026\/04\/DSC05732.jpg\"><img loading=\"lazy\" decoding=\"async\" width=\"1024\" height=\"576\" data-id=\"74173\" src=\"https:\/\/munilaja.cl\/w\/wp-content\/uploads\/2026\/04\/DSC05732.jpg\" alt=\"\" class=\"wp-image-74173\" srcset=\"https:\/\/munilaja.cl\/w\/wp-content\/uploads\/2026\/04\/DSC05732.jpg 1024w, https:\/\/munilaja.cl\/w\/wp-content\/uploads\/2026\/04\/DSC05732-300x169.jpg 300w, https:\/\/munilaja.cl\/w\/wp-content\/uploads\/2026\/04\/DSC05732-768x432.jpg 768w\" sizes=\"(max-width: 1024px) 100vw, 1024px\" \/><\/a><\/figure>\n\n\n\n<figure class=\"wp-block-image size-large\"><a href=\"https:\/\/munilaja.cl\/w\/wp-content\/uploads\/2026\/04\/DSC05737.jpg\"><img loading=\"lazy\" decoding=\"async\" width=\"1024\" height=\"576\" data-id=\"74179\" src=\"https:\/\/munilaja.cl\/w\/wp-content\/uploads\/2026\/04\/DSC05737.jpg\" alt=\"\" class=\"wp-image-74179\" srcset=\"https:\/\/munilaja.cl\/w\/wp-content\/uploads\/2026\/04\/DSC05737.jpg 1024w, https:\/\/munilaja.cl\/w\/wp-content\/uploads\/2026\/04\/DSC05737-300x169.jpg 300w, https:\/\/munilaja.cl\/w\/wp-content\/uploads\/2026\/04\/DSC05737-768x432.jpg 768w\" sizes=\"(max-width: 1024px) 100vw, 1024px\" \/><\/a><\/figure>\n\n\n\n<figure class=\"wp-block-image size-large\"><a href=\"https:\/\/munilaja.cl\/w\/wp-content\/uploads\/2026\/04\/DSC05738.jpg\"><img loading=\"lazy\" decoding=\"async\" width=\"1024\" height=\"576\" data-id=\"74169\" src=\"https:\/\/munilaja.cl\/w\/wp-content\/uploads\/2026\/04\/DSC05738.jpg\" alt=\"\" class=\"wp-image-74169\" srcset=\"https:\/\/munilaja.cl\/w\/wp-content\/uploads\/2026\/04\/DSC05738.jpg 1024w, https:\/\/munilaja.cl\/w\/wp-content\/uploads\/2026\/04\/DSC05738-300x169.jpg 300w, https:\/\/munilaja.cl\/w\/wp-content\/uploads\/2026\/04\/DSC05738-768x432.jpg 768w\" sizes=\"(max-width: 1024px) 100vw, 1024px\" \/><\/a><\/figure>\n\n\n\n<figure class=\"wp-block-image size-large\"><a href=\"https:\/\/munilaja.cl\/w\/wp-content\/uploads\/2026\/04\/DSC05743.jpg\"><img loading=\"lazy\" decoding=\"async\" width=\"873\" height=\"768\" data-id=\"74166\" src=\"https:\/\/munilaja.cl\/w\/wp-content\/uploads\/2026\/04\/DSC05743.jpg\" alt=\"\" class=\"wp-image-74166\" srcset=\"https:\/\/munilaja.cl\/w\/wp-content\/uploads\/2026\/04\/DSC05743.jpg 873w, https:\/\/munilaja.cl\/w\/wp-content\/uploads\/2026\/04\/DSC05743-300x264.jpg 300w, https:\/\/munilaja.cl\/w\/wp-content\/uploads\/2026\/04\/DSC05743-768x676.jpg 768w\" sizes=\"(max-width: 873px) 100vw, 873px\" \/><\/a><\/figure>\n<\/figure>\n","protected":false},"excerpt":{"rendered":"<p>Con una jornada marcada por el respeto, la cercan\u00eda y el reconocimiento, la comuna de Laja conmemor\u00f3 este lunes 27 de abril el D\u00eda del Carabinero, en el marco de los 99 a\u00f1os de la instituci\u00f3n. Las actividades comenzaron a primera hora con el izamiento del pabell\u00f3n patrio en la Subcomisar\u00eda de Laja, instancia que [&hellip;]<\/p>\n","protected":false},"author":11,"featured_media":74158,"comment_status":"closed","ping_status":"closed","sticky":false,"template":"","format":"standard","meta":{"zakra_sidebar_layout":"customizer","zakra_remove_content_margin":false,"zakra_sidebar":"customizer","zakra_transparent_header":"customizer","zakra_logo":0,"zakra_main_header_style":"default","zakra_menu_item_color":"","zakra_menu_item_hover_color":"","zakra_menu_item_active_color":"","zakra_menu_active_style":"zakra_menu_active_style","zakra_page_header":true,"footnotes":""},"categories":[17],"tags":[],"class_list":["post-74121","post","type-post","status-publish","format-standard","has-post-thumbnail","hentry","category-servicio-a-la-comunidad"],"yoast_head":"<!-- This site is optimized with the Yoast SEO plugin v24.0 - https:\/\/yoast.com\/wordpress\/plugins\/seo\/ -->\n<title>Laja conmemor\u00f3 el D\u00eda del Carabinero con emotiva ceremonia y reconocimientos a su labor - Municipalidad de Laja<\/title>\n<meta name=\"robots\" content=\"index, follow, max-snippet:-1, max-image-preview:large, max-video-preview:-1\" \/>\n<link rel=\"canonical\" href=\"https:\/\/munilaja.cl\/w\/laja-conmemoro-el-dia-del-carabinero-con-emotiva-ceremonia-y-reconocimientos-a-su-labor\/\" \/>\n<meta property=\"og:locale\" content=\"es_ES\" \/>\n<meta property=\"og:type\" content=\"article\" \/>\n<meta property=\"og:title\" content=\"Laja conmemor\u00f3 el D\u00eda del Carabinero con emotiva ceremonia y reconocimientos a su labor - Municipalidad de Laja\" \/>\n<meta property=\"og:description\" content=\"Con una jornada marcada por el respeto, la cercan\u00eda y el reconocimiento, la comuna de Laja conmemor\u00f3 este lunes 27 de abril el D\u00eda del Carabinero, en el marco de los 99 a\u00f1os de la instituci\u00f3n. Las actividades comenzaron a primera hora con el izamiento del pabell\u00f3n patrio en la Subcomisar\u00eda de Laja, instancia que [&hellip;]\" \/>\n<meta property=\"og:url\" content=\"https:\/\/munilaja.cl\/w\/laja-conmemoro-el-dia-del-carabinero-con-emotiva-ceremonia-y-reconocimientos-a-su-labor\/\" \/>\n<meta property=\"og:site_name\" content=\"Municipalidad de Laja\" \/>\n<meta property=\"article:published_time\" content=\"2026-04-27T20:22:58+00:00\" \/>\n<meta property=\"article:modified_time\" content=\"2026-04-27T20:22:59+00:00\" \/>\n<meta property=\"og:image\" content=\"https:\/\/munilaja.cl\/w\/wp-content\/uploads\/2026\/04\/DSC05421.jpg\" \/>\n\t<meta property=\"og:image:width\" content=\"1024\" \/>\n\t<meta property=\"og:image:height\" content=\"576\" \/>\n\t<meta property=\"og:image:type\" content=\"image\/jpeg\" \/>\n<meta name=\"author\" content=\"Administrador\" \/>\n<meta name=\"twitter:card\" content=\"summary_large_image\" \/>\n<meta name=\"twitter:label1\" content=\"Escrito por\" \/>\n\t<meta name=\"twitter:data1\" content=\"Administrador\" \/>\n\t<meta name=\"twitter:label2\" content=\"Tiempo de lectura\" \/>\n\t<meta name=\"twitter:data2\" content=\"15 minutos\" \/>\n<script type=\"application\/ld+json\" class=\"yoast-schema-graph\">{\"@context\":\"https:\/\/schema.org\",\"@graph\":[{\"@type\":\"Article\",\"@id\":\"https:\/\/munilaja.cl\/w\/laja-conmemoro-el-dia-del-carabinero-con-emotiva-ceremonia-y-reconocimientos-a-su-labor\/#article\",\"isPartOf\":{\"@id\":\"https:\/\/munilaja.cl\/w\/laja-conmemoro-el-dia-del-carabinero-con-emotiva-ceremonia-y-reconocimientos-a-su-labor\/\"},\"author\":{\"name\":\"Administrador\",\"@id\":\"https:\/\/munilaja.cl\/w\/#\/schema\/person\/4650348f4978773bf1c5b31f9c7da744\"},\"headline\":\"Laja conmemor\u00f3 el D\u00eda del Carabinero con emotiva ceremonia y reconocimientos a su labor\",\"datePublished\":\"2026-04-27T20:22:58+00:00\",\"dateModified\":\"2026-04-27T20:22:59+00:00\",\"mainEntityOfPage\":{\"@id\":\"https:\/\/munilaja.cl\/w\/laja-conmemoro-el-dia-del-carabinero-con-emotiva-ceremonia-y-reconocimientos-a-su-labor\/\"},\"wordCount\":466,\"publisher\":{\"@id\":\"https:\/\/munilaja.cl\/w\/#organization\"},\"image\":{\"@id\":\"https:\/\/munilaja.cl\/w\/laja-conmemoro-el-dia-del-carabinero-con-emotiva-ceremonia-y-reconocimientos-a-su-labor\/#primaryimage\"},\"thumbnailUrl\":\"https:\/\/munilaja.cl\/w\/wp-content\/uploads\/2026\/04\/DSC05421.jpg\",\"articleSection\":[\"Servicio a la comunidad\"],\"inLanguage\":\"es\"},{\"@type\":\"WebPage\",\"@id\":\"https:\/\/munilaja.cl\/w\/laja-conmemoro-el-dia-del-carabinero-con-emotiva-ceremonia-y-reconocimientos-a-su-labor\/\",\"url\":\"https:\/\/munilaja.cl\/w\/laja-conmemoro-el-dia-del-carabinero-con-emotiva-ceremonia-y-reconocimientos-a-su-labor\/\",\"name\":\"Laja conmemor\u00f3 el D\u00eda del Carabinero con emotiva ceremonia y reconocimientos a su labor - Municipalidad de Laja\",\"isPartOf\":{\"@id\":\"https:\/\/munilaja.cl\/w\/#website\"},\"primaryImageOfPage\":{\"@id\":\"https:\/\/munilaja.cl\/w\/laja-conmemoro-el-dia-del-carabinero-con-emotiva-ceremonia-y-reconocimientos-a-su-labor\/#primaryimage\"},\"image\":{\"@id\":\"https:\/\/munilaja.cl\/w\/laja-conmemoro-el-dia-del-carabinero-con-emotiva-ceremonia-y-reconocimientos-a-su-labor\/#primaryimage\"},\"thumbnailUrl\":\"https:\/\/munilaja.cl\/w\/wp-content\/uploads\/2026\/04\/DSC05421.jpg\",\"datePublished\":\"2026-04-27T20:22:58+00:00\",\"dateModified\":\"2026-04-27T20:22:59+00:00\",\"breadcrumb\":{\"@id\":\"https:\/\/munilaja.cl\/w\/laja-conmemoro-el-dia-del-carabinero-con-emotiva-ceremonia-y-reconocimientos-a-su-labor\/#breadcrumb\"},\"inLanguage\":\"es\",\"potentialAction\":[{\"@type\":\"ReadAction\",\"target\":[\"https:\/\/munilaja.cl\/w\/laja-conmemoro-el-dia-del-carabinero-con-emotiva-ceremonia-y-reconocimientos-a-su-labor\/\"]}]},{\"@type\":\"ImageObject\",\"inLanguage\":\"es\",\"@id\":\"https:\/\/munilaja.cl\/w\/laja-conmemoro-el-dia-del-carabinero-con-emotiva-ceremonia-y-reconocimientos-a-su-labor\/#primaryimage\",\"url\":\"https:\/\/munilaja.cl\/w\/wp-content\/uploads\/2026\/04\/DSC05421.jpg\",\"contentUrl\":\"https:\/\/munilaja.cl\/w\/wp-content\/uploads\/2026\/04\/DSC05421.jpg\",\"width\":1024,\"height\":576},{\"@type\":\"BreadcrumbList\",\"@id\":\"https:\/\/munilaja.cl\/w\/laja-conmemoro-el-dia-del-carabinero-con-emotiva-ceremonia-y-reconocimientos-a-su-labor\/#breadcrumb\",\"itemListElement\":[{\"@type\":\"ListItem\",\"position\":1,\"name\":\"Portada\",\"item\":\"https:\/\/munilaja.cl\/w\/\"},{\"@type\":\"ListItem\",\"position\":2,\"name\":\"Laja conmemor\u00f3 el D\u00eda del Carabinero con emotiva ceremonia y reconocimientos a su labor\"}]},{\"@type\":\"WebSite\",\"@id\":\"https:\/\/munilaja.cl\/w\/#website\",\"url\":\"https:\/\/munilaja.cl\/w\/\",\"name\":\"Municipalidad de Laja\",\"description\":\"Web Municipal\",\"publisher\":{\"@id\":\"https:\/\/munilaja.cl\/w\/#organization\"},\"potentialAction\":[{\"@type\":\"SearchAction\",\"target\":{\"@type\":\"EntryPoint\",\"urlTemplate\":\"https:\/\/munilaja.cl\/w\/?s={search_term_string}\"},\"query-input\":{\"@type\":\"PropertyValueSpecification\",\"valueRequired\":true,\"valueName\":\"search_term_string\"}}],\"inLanguage\":\"es\"},{\"@type\":\"Organization\",\"@id\":\"https:\/\/munilaja.cl\/w\/#organization\",\"name\":\"Municipalidad de Laja\",\"url\":\"https:\/\/munilaja.cl\/w\/\",\"logo\":{\"@type\":\"ImageObject\",\"inLanguage\":\"es\",\"@id\":\"https:\/\/munilaja.cl\/w\/#\/schema\/logo\/image\/\",\"url\":\"https:\/\/munilaja.cl\/w\/wp-content\/uploads\/2024\/11\/ESCUDO-LAJA-LETRAS-BLANCAS-LOGO-WEB.png\",\"contentUrl\":\"https:\/\/munilaja.cl\/w\/wp-content\/uploads\/2024\/11\/ESCUDO-LAJA-LETRAS-BLANCAS-LOGO-WEB.png\",\"width\":150,\"height\":150,\"caption\":\"Municipalidad de Laja\"},\"image\":{\"@id\":\"https:\/\/munilaja.cl\/w\/#\/schema\/logo\/image\/\"}},{\"@type\":\"Person\",\"@id\":\"https:\/\/munilaja.cl\/w\/#\/schema\/person\/4650348f4978773bf1c5b31f9c7da744\",\"name\":\"Administrador\",\"url\":\"https:\/\/munilaja.cl\/w\/author\/rssmunilaja\/\"}]}<\/script>\n<!-- \/ Yoast SEO plugin. -->","yoast_head_json":{"title":"Laja conmemor\u00f3 el D\u00eda del Carabinero con emotiva ceremonia y reconocimientos a su labor - Municipalidad de Laja","robots":{"index":"index","follow":"follow","max-snippet":"max-snippet:-1","max-image-preview":"max-image-preview:large","max-video-preview":"max-video-preview:-1"},"canonical":"https:\/\/munilaja.cl\/w\/laja-conmemoro-el-dia-del-carabinero-con-emotiva-ceremonia-y-reconocimientos-a-su-labor\/","og_locale":"es_ES","og_type":"article","og_title":"Laja conmemor\u00f3 el D\u00eda del Carabinero con emotiva ceremonia y reconocimientos a su labor - Municipalidad de Laja","og_description":"Con una jornada marcada por el respeto, la cercan\u00eda y el reconocimiento, la comuna de Laja conmemor\u00f3 este lunes 27 de abril el D\u00eda del Carabinero, en el marco de los 99 a\u00f1os de la instituci\u00f3n. Las actividades comenzaron a primera hora con el izamiento del pabell\u00f3n patrio en la Subcomisar\u00eda de Laja, instancia que [&hellip;]","og_url":"https:\/\/munilaja.cl\/w\/laja-conmemoro-el-dia-del-carabinero-con-emotiva-ceremonia-y-reconocimientos-a-su-labor\/","og_site_name":"Municipalidad de Laja","article_published_time":"2026-04-27T20:22:58+00:00","article_modified_time":"2026-04-27T20:22:59+00:00","og_image":[{"width":1024,"height":576,"url":"https:\/\/munilaja.cl\/w\/wp-content\/uploads\/2026\/04\/DSC05421.jpg","type":"image\/jpeg"}],"author":"Administrador","twitter_card":"summary_large_image","twitter_misc":{"Escrito por":"Administrador","Tiempo de lectura":"15 minutos"},"schema":{"@context":"https:\/\/schema.org","@graph":[{"@type":"Article","@id":"https:\/\/munilaja.cl\/w\/laja-conmemoro-el-dia-del-carabinero-con-emotiva-ceremonia-y-reconocimientos-a-su-labor\/#article","isPartOf":{"@id":"https:\/\/munilaja.cl\/w\/laja-conmemoro-el-dia-del-carabinero-con-emotiva-ceremonia-y-reconocimientos-a-su-labor\/"},"author":{"name":"Administrador","@id":"https:\/\/munilaja.cl\/w\/#\/schema\/person\/4650348f4978773bf1c5b31f9c7da744"},"headline":"Laja conmemor\u00f3 el D\u00eda del Carabinero con emotiva ceremonia y reconocimientos a su labor","datePublished":"2026-04-27T20:22:58+00:00","dateModified":"2026-04-27T20:22:59+00:00","mainEntityOfPage":{"@id":"https:\/\/munilaja.cl\/w\/laja-conmemoro-el-dia-del-carabinero-con-emotiva-ceremonia-y-reconocimientos-a-su-labor\/"},"wordCount":466,"publisher":{"@id":"https:\/\/munilaja.cl\/w\/#organization"},"image":{"@id":"https:\/\/munilaja.cl\/w\/laja-conmemoro-el-dia-del-carabinero-con-emotiva-ceremonia-y-reconocimientos-a-su-labor\/#primaryimage"},"thumbnailUrl":"https:\/\/munilaja.cl\/w\/wp-content\/uploads\/2026\/04\/DSC05421.jpg","articleSection":["Servicio a la comunidad"],"inLanguage":"es"},{"@type":"WebPage","@id":"https:\/\/munilaja.cl\/w\/laja-conmemoro-el-dia-del-carabinero-con-emotiva-ceremonia-y-reconocimientos-a-su-labor\/","url":"https:\/\/munilaja.cl\/w\/laja-conmemoro-el-dia-del-carabinero-con-emotiva-ceremonia-y-reconocimientos-a-su-labor\/","name":"Laja conmemor\u00f3 el D\u00eda del Carabinero con emotiva ceremonia y reconocimientos a su labor - Municipalidad de Laja","isPartOf":{"@id":"https:\/\/munilaja.cl\/w\/#website"},"primaryImageOfPage":{"@id":"https:\/\/munilaja.cl\/w\/laja-conmemoro-el-dia-del-carabinero-con-emotiva-ceremonia-y-reconocimientos-a-su-labor\/#primaryimage"},"image":{"@id":"https:\/\/munilaja.cl\/w\/laja-conmemoro-el-dia-del-carabinero-con-emotiva-ceremonia-y-reconocimientos-a-su-labor\/#primaryimage"},"thumbnailUrl":"https:\/\/munilaja.cl\/w\/wp-content\/uploads\/2026\/04\/DSC05421.jpg","datePublished":"2026-04-27T20:22:58+00:00","dateModified":"2026-04-27T20:22:59+00:00","breadcrumb":{"@id":"https:\/\/munilaja.cl\/w\/laja-conmemoro-el-dia-del-carabinero-con-emotiva-ceremonia-y-reconocimientos-a-su-labor\/#breadcrumb"},"inLanguage":"es","potentialAction":[{"@type":"ReadAction","target":["https:\/\/munilaja.cl\/w\/laja-conmemoro-el-dia-del-carabinero-con-emotiva-ceremonia-y-reconocimientos-a-su-labor\/"]}]},{"@type":"ImageObject","inLanguage":"es","@id":"https:\/\/munilaja.cl\/w\/laja-conmemoro-el-dia-del-carabinero-con-emotiva-ceremonia-y-reconocimientos-a-su-labor\/#primaryimage","url":"https:\/\/munilaja.cl\/w\/wp-content\/uploads\/2026\/04\/DSC05421.jpg","contentUrl":"https:\/\/munilaja.cl\/w\/wp-content\/uploads\/2026\/04\/DSC05421.jpg","width":1024,"height":576},{"@type":"BreadcrumbList","@id":"https:\/\/munilaja.cl\/w\/laja-conmemoro-el-dia-del-carabinero-con-emotiva-ceremonia-y-reconocimientos-a-su-labor\/#breadcrumb","itemListElement":[{"@type":"ListItem","position":1,"name":"Portada","item":"https:\/\/munilaja.cl\/w\/"},{"@type":"ListItem","position":2,"name":"Laja conmemor\u00f3 el D\u00eda del Carabinero con emotiva ceremonia y reconocimientos a su labor"}]},{"@type":"WebSite","@id":"https:\/\/munilaja.cl\/w\/#website","url":"https:\/\/munilaja.cl\/w\/","name":"Municipalidad de Laja","description":"Web Municipal","publisher":{"@id":"https:\/\/munilaja.cl\/w\/#organization"},"potentialAction":[{"@type":"SearchAction","target":{"@type":"EntryPoint","urlTemplate":"https:\/\/munilaja.cl\/w\/?s={search_term_string}"},"query-input":{"@type":"PropertyValueSpecification","valueRequired":true,"valueName":"search_term_string"}}],"inLanguage":"es"},{"@type":"Organization","@id":"https:\/\/munilaja.cl\/w\/#organization","name":"Municipalidad de Laja","url":"https:\/\/munilaja.cl\/w\/","logo":{"@type":"ImageObject","inLanguage":"es","@id":"https:\/\/munilaja.cl\/w\/#\/schema\/logo\/image\/","url":"https:\/\/munilaja.cl\/w\/wp-content\/uploads\/2024\/11\/ESCUDO-LAJA-LETRAS-BLANCAS-LOGO-WEB.png","contentUrl":"https:\/\/munilaja.cl\/w\/wp-content\/uploads\/2024\/11\/ESCUDO-LAJA-LETRAS-BLANCAS-LOGO-WEB.png","width":150,"height":150,"caption":"Municipalidad de Laja"},"image":{"@id":"https:\/\/munilaja.cl\/w\/#\/schema\/logo\/image\/"}},{"@type":"Person","@id":"https:\/\/munilaja.cl\/w\/#\/schema\/person\/4650348f4978773bf1c5b31f9c7da744","name":"Administrador","url":"https:\/\/munilaja.cl\/w\/author\/rssmunilaja\/"}]}},"_links":{"self":[{"href":"https:\/\/munilaja.cl\/w\/wp-json\/wp\/v2\/posts\/74121"}],"collection":[{"href":"https:\/\/munilaja.cl\/w\/wp-json\/wp\/v2\/posts"}],"about":[{"href":"https:\/\/munilaja.cl\/w\/wp-json\/wp\/v2\/types\/post"}],"author":[{"embeddable":true,"href":"https:\/\/munilaja.cl\/w\/wp-json\/wp\/v2\/users\/11"}],"replies":[{"embeddable":true,"href":"https:\/\/munilaja.cl\/w\/wp-json\/wp\/v2\/comments?post=74121"}],"version-history":[{"count":1,"href":"https:\/\/munilaja.cl\/w\/wp-json\/wp\/v2\/posts\/74121\/revisions"}],"predecessor-version":[{"id":74183,"href":"https:\/\/munilaja.cl\/w\/wp-json\/wp\/v2\/posts\/74121\/revisions\/74183"}],"wp:featuredmedia":[{"embeddable":true,"href":"https:\/\/munilaja.cl\/w\/wp-json\/wp\/v2\/media\/74158"}],"wp:attachment":[{"href":"https:\/\/munilaja.cl\/w\/wp-json\/wp\/v2\/media?parent=74121"}],"wp:term":[{"taxonomy":"category","embeddable":true,"href":"https:\/\/munilaja.cl\/w\/wp-json\/wp\/v2\/categories?post=74121"},{"taxonomy":"post_tag","embeddable":true,"href":"https:\/\/munilaja.cl\/w\/wp-json\/wp\/v2\/tags?post=74121"}],"curies":[{"name":"wp","href":"https:\/\/api.w.org\/{rel}","templated":true}]}}