{"id":74097,"date":"2026-04-27T09:38:22","date_gmt":"2026-04-27T13:38:22","guid":{"rendered":"https:\/\/munilaja.cl\/w\/?p=74097"},"modified":"2026-04-27T09:38:23","modified_gmt":"2026-04-27T13:38:23","slug":"municipalidad-de-laja-presenta-cuenta-publica-2025-marcada-por-orden-y-proyeccion-de-desarrollo","status":"publish","type":"post","link":"https:\/\/munilaja.cl\/w\/municipalidad-de-laja-presenta-cuenta-publica-2025-marcada-por-orden-y-proyeccion-de-desarrollo\/","title":{"rendered":"Municipalidad de Laja presenta Cuenta P\u00fablica 2025 marcada por orden y proyecci\u00f3n de desarrollo"},"content":{"rendered":"\n<p>Con una alta convocatoria de vecinos, dirigentes sociales y autoridades, la Municipalidad de Laja realiz\u00f3 su Cuenta P\u00fablica Gesti\u00f3n 2025, instancia en la que el alcalde Vladimir Fica Toledo dio a conocer los principales avances de su administraci\u00f3n, destacando un a\u00f1o enfocado en el orden, el control administrativo y la toma de decisiones.<\/p>\n\n\n\n<p>Durante la exposici\u00f3n, la autoridad comunal abord\u00f3 uno de los principales desaf\u00edos enfrentados: la situaci\u00f3n del Departamento de Educaci\u00f3n Municipal, donde se implementaron medidas para asegurar la continuidad del servicio y avanzar en su ordenamiento financiero.<\/p>\n\n\n\n<p><em>\u201cEste ha sido un a\u00f1o en que tomamos decisiones que otros no tomaron. Ordenamos, enfrentamos problemas y hoy podemos decir que Laja tiene una gesti\u00f3n con control, con rumbo y con proyecci\u00f3n. En estos 16 meses que llevamos, hemos encausado a lo que siempre Laja debi\u00f3 estar enfocado. No somos una comuna peque\u00f1a, somos importantes dentro la provincia y de la regi\u00f3n, trabajamos para que a nuestra gente le vaya bien, para que nuestros estudiantes tengan un mejor futuro y para que nuestros adultos mayores tengan una mejor calidad de vida\u201d, se\u00f1al\u00f3 el alcalde.<\/em><\/p>\n\n\n\n<p>En materia de avances, se destac\u00f3 la recuperaci\u00f3n de proyectos emblem\u00e1ticos como el Liceo T\u00e9cnico Profesional, la ejecuci\u00f3n de obras en espacios p\u00fablicos como Costanera Sur y Parque Capponi, y el impulso a soluciones habitacionales que se encontraban paralizadas, reactivando iniciativas que hoy benefician a cientos de familias, como Villa Peumay\u00e9n en Las Ci\u00e9nagas, y la actual construcci\u00f3n de Las Cumbres.<\/p>\n\n\n\n<p>Asimismo, se relev\u00f3 la consolidaci\u00f3n de una cartera de proyectos con financiamiento y desarrollo avanzado, permitiendo proyectar el crecimiento de la comuna en los pr\u00f3ximos a\u00f1os.<\/p>\n\n\n\n<p>Autoridades presentes valoraron la gesti\u00f3n municipal. El concejal Jhonny Gonz\u00e1lez destac\u00f3 que<em> \u201csiempre y en lo particular, se trabaja en pro del avance de la comuna. Nuestro objetivo como Concejo Municipal es trabajar, independiente del color pol\u00edtico, es aportar en el avance de esta comuna\u201d<\/em>.<\/p>\n\n\n\n<p>Por su parte, la diputada Flor Weisse se\u00f1al\u00f3 que <em>\u201ces importante ver una gesti\u00f3n que se hace cargo de los problemas y que proyecta desarrollo con responsabilidad. Vemos una gesti\u00f3n que abarc\u00f3 todos los \u00e1mbitos de la gesti\u00f3n municipal en asumir todo lo que estaba pendiente o inconcluso y para plantearse nuevos desaf\u00edos de manera eficiente como lo es en conectividad, vivienda, adquiriendo compromisos y que como hemos visto se han cumplido, como es el caso de vivienda concretando un proyecto tan significativo como en Las Ci\u00e9nagas\u201d<\/em>.<\/p>\n\n\n\n<p>En tanto, la diputada Johanna P\u00e9rez indic\u00f3 que <em>\u201ccuando hay decisiones firmes, los resultados comienzan a verse, y eso hoy se refleja en Laja. Valoro much\u00edsimo el trabajo que realiza este Alcalde, el cual he estado apoyando en sus gestiones, en temas de vivienda, agua potable (\u2026) logrando inversi\u00f3n en infraestructura lo que genera empleo y dinamismo econ\u00f3mico para la comuna\u201d<\/em>.<\/p>\n\n\n\n<p>Igualmente, el concejal Jonnathan Cea dio sus impresiones: <em>\u201cagradecer las gestiones del Alcalde. Hemos tenido nuestros inconvenientes, sin embargo hemos podido salir adelante y seguir trabajando por nuestra comuna que es lo prioritario, el seguir trabajando y apoyando a nuestros vecinos\u201d<\/em>.<\/p>\n\n\n\n<p>En tanto, el concejal Luis Espinoza Arroyo destac\u00f3 la presentaci\u00f3n realizada por el Alcalde de Laja. \u00a0<em>\u201cFue una excelente cuenta p\u00fablica, que da a conocer el trabajo de la gesti\u00f3n municipal. Fue un a\u00f1o dif\u00edcil, considerando que tenemos dificultades econ\u00f3micas en un \u00e1rea tan sensible como lo es la educaci\u00f3n, nos hizo cambiar el rumbo en algunas ocasiones, pero seguimos avanzando en \u00e1reas estrat\u00e9gicas como vivienda y APR y en cada \u00e1rea que permite que nuestros vecinos puedan mejorar su calidad de vida\u201d<\/em>.<\/p>\n\n\n\n<p>Quien tambi\u00e9n tuvo palabra posterior a este acto fue el Concejal Juan Carlos Cuevas: <em>\u201cFue una cuenta p\u00fablica concisa y muy maciza. Tenemos un Alcalde con gesti\u00f3n y de trabajo. Como concejales estamos trabajando en apoyar toda iniciativa que vaya en pro de nuestra comunidad, y concejal de este gobierno, tambi\u00e9n estamos trabajando con diferentes unidades del Estado para seguir impulsando iniciativas como vivienda y seguridad\u201d.<\/em><\/p>\n\n\n\n<p>En tanto, el concejal Fredy Castro, igualmente destac\u00f3 la presentaci\u00f3n de la cuenta P\u00fablica, sin embargo, manifest\u00f3 que <em>\u201chay una serie de situaciones que a mi gusto no quedaron suficientemente expresas, como el que en nuestra comuna tenemos una serie d\u00e9ficit en materia de seguridad (\u2026) tambi\u00e9n en materia de trabajo social, si bien es importante el trabajo de infraestructura, no lo es todo, hay materias que requieren mayor particularidad. Sin embargo, hay un esfuerzo de traer recursos, no todo es negativo\u201d.<\/em><\/p>\n\n\n\n<p>Finalmente, el senador Enrique Van Rysselberghe valor\u00f3 que <em>\u201cexista una administraci\u00f3n que est\u00e9 ordenando y proyectando el desarrollo comunal con una mirada de futuro. Por mi parte, feliz de hacer equipo con el Alcalde, su equipo, y el Concejo Municipal para hacer que ocurran las cosas en Laja\u201d<\/em>.<\/p>\n\n\n\n<p>La jornada finaliz\u00f3 con un llamado a seguir avanzando en conjunto, fortaleciendo una gesti\u00f3n que busca consolidar resultados concretos para la comunidad lajina.<\/p>\n\n\n\n<figure class=\"wp-block-gallery has-nested-images columns-default is-cropped wp-block-gallery-1 is-layout-flex wp-block-gallery-is-layout-flex\">\n<figure class=\"wp-block-image size-large\"><a href=\"https:\/\/munilaja.cl\/w\/wp-content\/uploads\/2026\/04\/DSC05037.JPG-scaled.jpeg\"><img fetchpriority=\"high\" decoding=\"async\" width=\"1024\" height=\"576\" data-id=\"74098\" src=\"https:\/\/munilaja.cl\/w\/wp-content\/uploads\/2026\/04\/DSC05037.JPG-1024x576.jpeg\" alt=\"\" class=\"wp-image-74098\" srcset=\"https:\/\/munilaja.cl\/w\/wp-content\/uploads\/2026\/04\/DSC05037.JPG-1024x576.jpeg 1024w, https:\/\/munilaja.cl\/w\/wp-content\/uploads\/2026\/04\/DSC05037.JPG-300x169.jpeg 300w, https:\/\/munilaja.cl\/w\/wp-content\/uploads\/2026\/04\/DSC05037.JPG-768x432.jpeg 768w, https:\/\/munilaja.cl\/w\/wp-content\/uploads\/2026\/04\/DSC05037.JPG-1536x864.jpeg 1536w, https:\/\/munilaja.cl\/w\/wp-content\/uploads\/2026\/04\/DSC05037.JPG-2048x1153.jpeg 2048w\" sizes=\"(max-width: 1024px) 100vw, 1024px\" \/><\/a><\/figure>\n\n\n\n<figure class=\"wp-block-image size-large\"><a href=\"https:\/\/munilaja.cl\/w\/wp-content\/uploads\/2026\/04\/DSC05043.JPG-scaled.jpeg\"><img decoding=\"async\" width=\"1024\" height=\"576\" data-id=\"74105\" src=\"https:\/\/munilaja.cl\/w\/wp-content\/uploads\/2026\/04\/DSC05043.JPG-1024x576.jpeg\" alt=\"\" class=\"wp-image-74105\" srcset=\"https:\/\/munilaja.cl\/w\/wp-content\/uploads\/2026\/04\/DSC05043.JPG-1024x576.jpeg 1024w, https:\/\/munilaja.cl\/w\/wp-content\/uploads\/2026\/04\/DSC05043.JPG-300x169.jpeg 300w, https:\/\/munilaja.cl\/w\/wp-content\/uploads\/2026\/04\/DSC05043.JPG-768x432.jpeg 768w, https:\/\/munilaja.cl\/w\/wp-content\/uploads\/2026\/04\/DSC05043.JPG-1536x864.jpeg 1536w, https:\/\/munilaja.cl\/w\/wp-content\/uploads\/2026\/04\/DSC05043.JPG-2048x1153.jpeg 2048w\" sizes=\"(max-width: 1024px) 100vw, 1024px\" \/><\/a><\/figure>\n\n\n\n<figure class=\"wp-block-image size-large\"><a href=\"https:\/\/munilaja.cl\/w\/wp-content\/uploads\/2026\/04\/DSC05066.JPG-scaled.jpeg\"><img decoding=\"async\" width=\"1024\" height=\"576\" data-id=\"74101\" src=\"https:\/\/munilaja.cl\/w\/wp-content\/uploads\/2026\/04\/DSC05066.JPG-1024x576.jpeg\" alt=\"\" class=\"wp-image-74101\" srcset=\"https:\/\/munilaja.cl\/w\/wp-content\/uploads\/2026\/04\/DSC05066.JPG-1024x576.jpeg 1024w, https:\/\/munilaja.cl\/w\/wp-content\/uploads\/2026\/04\/DSC05066.JPG-300x169.jpeg 300w, https:\/\/munilaja.cl\/w\/wp-content\/uploads\/2026\/04\/DSC05066.JPG-768x432.jpeg 768w, https:\/\/munilaja.cl\/w\/wp-content\/uploads\/2026\/04\/DSC05066.JPG-1536x864.jpeg 1536w, https:\/\/munilaja.cl\/w\/wp-content\/uploads\/2026\/04\/DSC05066.JPG-2048x1153.jpeg 2048w\" sizes=\"(max-width: 1024px) 100vw, 1024px\" \/><\/a><\/figure>\n\n\n\n<figure class=\"wp-block-image size-large\"><a href=\"https:\/\/munilaja.cl\/w\/wp-content\/uploads\/2026\/04\/DSC05072.JPG-scaled.jpeg\"><img loading=\"lazy\" decoding=\"async\" width=\"1024\" height=\"576\" data-id=\"74107\" src=\"https:\/\/munilaja.cl\/w\/wp-content\/uploads\/2026\/04\/DSC05072.JPG-1024x576.jpeg\" alt=\"\" class=\"wp-image-74107\" srcset=\"https:\/\/munilaja.cl\/w\/wp-content\/uploads\/2026\/04\/DSC05072.JPG-1024x576.jpeg 1024w, https:\/\/munilaja.cl\/w\/wp-content\/uploads\/2026\/04\/DSC05072.JPG-300x169.jpeg 300w, https:\/\/munilaja.cl\/w\/wp-content\/uploads\/2026\/04\/DSC05072.JPG-768x432.jpeg 768w, https:\/\/munilaja.cl\/w\/wp-content\/uploads\/2026\/04\/DSC05072.JPG-1536x864.jpeg 1536w, https:\/\/munilaja.cl\/w\/wp-content\/uploads\/2026\/04\/DSC05072.JPG-2048x1153.jpeg 2048w\" sizes=\"(max-width: 1024px) 100vw, 1024px\" \/><\/a><\/figure>\n\n\n\n<figure class=\"wp-block-image size-large\"><a href=\"https:\/\/munilaja.cl\/w\/wp-content\/uploads\/2026\/04\/DSC05086.JPG-scaled.jpeg\"><img loading=\"lazy\" decoding=\"async\" width=\"1024\" height=\"576\" data-id=\"74112\" src=\"https:\/\/munilaja.cl\/w\/wp-content\/uploads\/2026\/04\/DSC05086.JPG-1024x576.jpeg\" alt=\"\" class=\"wp-image-74112\" srcset=\"https:\/\/munilaja.cl\/w\/wp-content\/uploads\/2026\/04\/DSC05086.JPG-1024x576.jpeg 1024w, https:\/\/munilaja.cl\/w\/wp-content\/uploads\/2026\/04\/DSC05086.JPG-300x169.jpeg 300w, https:\/\/munilaja.cl\/w\/wp-content\/uploads\/2026\/04\/DSC05086.JPG-768x432.jpeg 768w, https:\/\/munilaja.cl\/w\/wp-content\/uploads\/2026\/04\/DSC05086.JPG-1536x864.jpeg 1536w, https:\/\/munilaja.cl\/w\/wp-content\/uploads\/2026\/04\/DSC05086.JPG-2048x1153.jpeg 2048w\" sizes=\"(max-width: 1024px) 100vw, 1024px\" \/><\/a><\/figure>\n\n\n\n<figure class=\"wp-block-image size-large\"><a href=\"https:\/\/munilaja.cl\/w\/wp-content\/uploads\/2026\/04\/DSC05090.JPG-scaled.jpeg\"><img loading=\"lazy\" decoding=\"async\" width=\"1024\" height=\"576\" data-id=\"74110\" src=\"https:\/\/munilaja.cl\/w\/wp-content\/uploads\/2026\/04\/DSC05090.JPG-1024x576.jpeg\" alt=\"\" class=\"wp-image-74110\" srcset=\"https:\/\/munilaja.cl\/w\/wp-content\/uploads\/2026\/04\/DSC05090.JPG-1024x576.jpeg 1024w, https:\/\/munilaja.cl\/w\/wp-content\/uploads\/2026\/04\/DSC05090.JPG-300x169.jpeg 300w, https:\/\/munilaja.cl\/w\/wp-content\/uploads\/2026\/04\/DSC05090.JPG-768x432.jpeg 768w, https:\/\/munilaja.cl\/w\/wp-content\/uploads\/2026\/04\/DSC05090.JPG-1536x864.jpeg 1536w, https:\/\/munilaja.cl\/w\/wp-content\/uploads\/2026\/04\/DSC05090.JPG-2048x1153.jpeg 2048w\" sizes=\"(max-width: 1024px) 100vw, 1024px\" \/><\/a><\/figure>\n\n\n\n<figure class=\"wp-block-image size-large\"><a href=\"https:\/\/munilaja.cl\/w\/wp-content\/uploads\/2026\/04\/DSC05099.JPG-scaled.jpeg\"><img loading=\"lazy\" decoding=\"async\" width=\"1024\" height=\"576\" data-id=\"74102\" src=\"https:\/\/munilaja.cl\/w\/wp-content\/uploads\/2026\/04\/DSC05099.JPG-1024x576.jpeg\" alt=\"\" class=\"wp-image-74102\" srcset=\"https:\/\/munilaja.cl\/w\/wp-content\/uploads\/2026\/04\/DSC05099.JPG-1024x576.jpeg 1024w, https:\/\/munilaja.cl\/w\/wp-content\/uploads\/2026\/04\/DSC05099.JPG-300x169.jpeg 300w, https:\/\/munilaja.cl\/w\/wp-content\/uploads\/2026\/04\/DSC05099.JPG-768x432.jpeg 768w, https:\/\/munilaja.cl\/w\/wp-content\/uploads\/2026\/04\/DSC05099.JPG-1536x864.jpeg 1536w, https:\/\/munilaja.cl\/w\/wp-content\/uploads\/2026\/04\/DSC05099.JPG-2048x1153.jpeg 2048w\" sizes=\"(max-width: 1024px) 100vw, 1024px\" \/><\/a><\/figure>\n\n\n\n<figure class=\"wp-block-image size-large\"><a href=\"https:\/\/munilaja.cl\/w\/wp-content\/uploads\/2026\/04\/DSC05109.JPG-scaled.jpeg\"><img loading=\"lazy\" decoding=\"async\" width=\"1024\" height=\"576\" data-id=\"74099\" src=\"https:\/\/munilaja.cl\/w\/wp-content\/uploads\/2026\/04\/DSC05109.JPG-1024x576.jpeg\" alt=\"\" class=\"wp-image-74099\" srcset=\"https:\/\/munilaja.cl\/w\/wp-content\/uploads\/2026\/04\/DSC05109.JPG-1024x576.jpeg 1024w, https:\/\/munilaja.cl\/w\/wp-content\/uploads\/2026\/04\/DSC05109.JPG-300x169.jpeg 300w, https:\/\/munilaja.cl\/w\/wp-content\/uploads\/2026\/04\/DSC05109.JPG-768x432.jpeg 768w, https:\/\/munilaja.cl\/w\/wp-content\/uploads\/2026\/04\/DSC05109.JPG-1536x864.jpeg 1536w, https:\/\/munilaja.cl\/w\/wp-content\/uploads\/2026\/04\/DSC05109.JPG-2048x1153.jpeg 2048w\" sizes=\"(max-width: 1024px) 100vw, 1024px\" \/><\/a><\/figure>\n\n\n\n<figure class=\"wp-block-image size-large\"><a href=\"https:\/\/munilaja.cl\/w\/wp-content\/uploads\/2026\/04\/DSC05130.JPG-scaled.jpeg\"><img loading=\"lazy\" decoding=\"async\" width=\"1024\" height=\"576\" data-id=\"74119\" src=\"https:\/\/munilaja.cl\/w\/wp-content\/uploads\/2026\/04\/DSC05130.JPG-1024x576.jpeg\" alt=\"\" class=\"wp-image-74119\" srcset=\"https:\/\/munilaja.cl\/w\/wp-content\/uploads\/2026\/04\/DSC05130.JPG-1024x576.jpeg 1024w, https:\/\/munilaja.cl\/w\/wp-content\/uploads\/2026\/04\/DSC05130.JPG-300x169.jpeg 300w, https:\/\/munilaja.cl\/w\/wp-content\/uploads\/2026\/04\/DSC05130.JPG-768x432.jpeg 768w, https:\/\/munilaja.cl\/w\/wp-content\/uploads\/2026\/04\/DSC05130.JPG-1536x864.jpeg 1536w, https:\/\/munilaja.cl\/w\/wp-content\/uploads\/2026\/04\/DSC05130.JPG-2048x1153.jpeg 2048w\" sizes=\"(max-width: 1024px) 100vw, 1024px\" \/><\/a><\/figure>\n\n\n\n<figure class=\"wp-block-image size-large\"><a href=\"https:\/\/munilaja.cl\/w\/wp-content\/uploads\/2026\/04\/DSC05137.JPG-scaled.jpeg\"><img loading=\"lazy\" decoding=\"async\" width=\"1024\" height=\"576\" data-id=\"74104\" src=\"https:\/\/munilaja.cl\/w\/wp-content\/uploads\/2026\/04\/DSC05137.JPG-1024x576.jpeg\" alt=\"\" class=\"wp-image-74104\" srcset=\"https:\/\/munilaja.cl\/w\/wp-content\/uploads\/2026\/04\/DSC05137.JPG-1024x576.jpeg 1024w, https:\/\/munilaja.cl\/w\/wp-content\/uploads\/2026\/04\/DSC05137.JPG-300x169.jpeg 300w, https:\/\/munilaja.cl\/w\/wp-content\/uploads\/2026\/04\/DSC05137.JPG-768x432.jpeg 768w, https:\/\/munilaja.cl\/w\/wp-content\/uploads\/2026\/04\/DSC05137.JPG-1536x864.jpeg 1536w, https:\/\/munilaja.cl\/w\/wp-content\/uploads\/2026\/04\/DSC05137.JPG-2048x1153.jpeg 2048w\" sizes=\"(max-width: 1024px) 100vw, 1024px\" \/><\/a><\/figure>\n\n\n\n<figure class=\"wp-block-image size-large\"><a href=\"https:\/\/munilaja.cl\/w\/wp-content\/uploads\/2026\/04\/DSC05148.JPG-scaled.jpeg\"><img loading=\"lazy\" decoding=\"async\" width=\"1024\" height=\"576\" data-id=\"74114\" src=\"https:\/\/munilaja.cl\/w\/wp-content\/uploads\/2026\/04\/DSC05148.JPG-1024x576.jpeg\" alt=\"\" class=\"wp-image-74114\" srcset=\"https:\/\/munilaja.cl\/w\/wp-content\/uploads\/2026\/04\/DSC05148.JPG-1024x576.jpeg 1024w, https:\/\/munilaja.cl\/w\/wp-content\/uploads\/2026\/04\/DSC05148.JPG-300x169.jpeg 300w, https:\/\/munilaja.cl\/w\/wp-content\/uploads\/2026\/04\/DSC05148.JPG-768x432.jpeg 768w, https:\/\/munilaja.cl\/w\/wp-content\/uploads\/2026\/04\/DSC05148.JPG-1536x864.jpeg 1536w, https:\/\/munilaja.cl\/w\/wp-content\/uploads\/2026\/04\/DSC05148.JPG-2048x1153.jpeg 2048w\" sizes=\"(max-width: 1024px) 100vw, 1024px\" \/><\/a><\/figure>\n\n\n\n<figure class=\"wp-block-image size-large\"><a href=\"https:\/\/munilaja.cl\/w\/wp-content\/uploads\/2026\/04\/DSC05164.JPG-scaled.jpeg\"><img loading=\"lazy\" decoding=\"async\" width=\"1024\" height=\"576\" data-id=\"74103\" src=\"https:\/\/munilaja.cl\/w\/wp-content\/uploads\/2026\/04\/DSC05164.JPG-1024x576.jpeg\" alt=\"\" class=\"wp-image-74103\" srcset=\"https:\/\/munilaja.cl\/w\/wp-content\/uploads\/2026\/04\/DSC05164.JPG-1024x576.jpeg 1024w, https:\/\/munilaja.cl\/w\/wp-content\/uploads\/2026\/04\/DSC05164.JPG-300x169.jpeg 300w, https:\/\/munilaja.cl\/w\/wp-content\/uploads\/2026\/04\/DSC05164.JPG-768x432.jpeg 768w, https:\/\/munilaja.cl\/w\/wp-content\/uploads\/2026\/04\/DSC05164.JPG-1536x864.jpeg 1536w, https:\/\/munilaja.cl\/w\/wp-content\/uploads\/2026\/04\/DSC05164.JPG-2048x1153.jpeg 2048w\" sizes=\"(max-width: 1024px) 100vw, 1024px\" \/><\/a><\/figure>\n\n\n\n<figure class=\"wp-block-image size-large\"><a href=\"https:\/\/munilaja.cl\/w\/wp-content\/uploads\/2026\/04\/DSC05172.JPG-scaled.jpeg\"><img loading=\"lazy\" decoding=\"async\" width=\"1024\" height=\"576\" data-id=\"74108\" src=\"https:\/\/munilaja.cl\/w\/wp-content\/uploads\/2026\/04\/DSC05172.JPG-1024x576.jpeg\" alt=\"\" class=\"wp-image-74108\" srcset=\"https:\/\/munilaja.cl\/w\/wp-content\/uploads\/2026\/04\/DSC05172.JPG-1024x576.jpeg 1024w, https:\/\/munilaja.cl\/w\/wp-content\/uploads\/2026\/04\/DSC05172.JPG-300x169.jpeg 300w, https:\/\/munilaja.cl\/w\/wp-content\/uploads\/2026\/04\/DSC05172.JPG-768x432.jpeg 768w, https:\/\/munilaja.cl\/w\/wp-content\/uploads\/2026\/04\/DSC05172.JPG-1536x864.jpeg 1536w, https:\/\/munilaja.cl\/w\/wp-content\/uploads\/2026\/04\/DSC05172.JPG-2048x1153.jpeg 2048w\" sizes=\"(max-width: 1024px) 100vw, 1024px\" \/><\/a><\/figure>\n\n\n\n<figure class=\"wp-block-image size-large\"><a href=\"https:\/\/munilaja.cl\/w\/wp-content\/uploads\/2026\/04\/DSC05191.JPG-scaled.jpeg\"><img loading=\"lazy\" decoding=\"async\" width=\"1024\" height=\"576\" data-id=\"74118\" src=\"https:\/\/munilaja.cl\/w\/wp-content\/uploads\/2026\/04\/DSC05191.JPG-1024x576.jpeg\" alt=\"\" class=\"wp-image-74118\" srcset=\"https:\/\/munilaja.cl\/w\/wp-content\/uploads\/2026\/04\/DSC05191.JPG-1024x576.jpeg 1024w, https:\/\/munilaja.cl\/w\/wp-content\/uploads\/2026\/04\/DSC05191.JPG-300x169.jpeg 300w, https:\/\/munilaja.cl\/w\/wp-content\/uploads\/2026\/04\/DSC05191.JPG-768x432.jpeg 768w, https:\/\/munilaja.cl\/w\/wp-content\/uploads\/2026\/04\/DSC05191.JPG-1536x864.jpeg 1536w, https:\/\/munilaja.cl\/w\/wp-content\/uploads\/2026\/04\/DSC05191.JPG-2048x1153.jpeg 2048w\" sizes=\"(max-width: 1024px) 100vw, 1024px\" \/><\/a><\/figure>\n\n\n\n<figure class=\"wp-block-image size-large\"><a href=\"https:\/\/munilaja.cl\/w\/wp-content\/uploads\/2026\/04\/DSC05206.JPG-scaled.jpeg\"><img loading=\"lazy\" decoding=\"async\" width=\"1024\" height=\"576\" data-id=\"74115\" src=\"https:\/\/munilaja.cl\/w\/wp-content\/uploads\/2026\/04\/DSC05206.JPG-1024x576.jpeg\" alt=\"\" class=\"wp-image-74115\" srcset=\"https:\/\/munilaja.cl\/w\/wp-content\/uploads\/2026\/04\/DSC05206.JPG-1024x576.jpeg 1024w, https:\/\/munilaja.cl\/w\/wp-content\/uploads\/2026\/04\/DSC05206.JPG-300x169.jpeg 300w, https:\/\/munilaja.cl\/w\/wp-content\/uploads\/2026\/04\/DSC05206.JPG-768x432.jpeg 768w, https:\/\/munilaja.cl\/w\/wp-content\/uploads\/2026\/04\/DSC05206.JPG-1536x864.jpeg 1536w, https:\/\/munilaja.cl\/w\/wp-content\/uploads\/2026\/04\/DSC05206.JPG-2048x1153.jpeg 2048w\" sizes=\"(max-width: 1024px) 100vw, 1024px\" \/><\/a><\/figure>\n\n\n\n<figure class=\"wp-block-image size-large\"><a href=\"https:\/\/munilaja.cl\/w\/wp-content\/uploads\/2026\/04\/DSC05210.JPG-scaled.jpeg\"><img loading=\"lazy\" decoding=\"async\" width=\"1024\" height=\"576\" data-id=\"74109\" src=\"https:\/\/munilaja.cl\/w\/wp-content\/uploads\/2026\/04\/DSC05210.JPG-1024x576.jpeg\" alt=\"\" class=\"wp-image-74109\" srcset=\"https:\/\/munilaja.cl\/w\/wp-content\/uploads\/2026\/04\/DSC05210.JPG-1024x576.jpeg 1024w, https:\/\/munilaja.cl\/w\/wp-content\/uploads\/2026\/04\/DSC05210.JPG-300x169.jpeg 300w, https:\/\/munilaja.cl\/w\/wp-content\/uploads\/2026\/04\/DSC05210.JPG-768x432.jpeg 768w, https:\/\/munilaja.cl\/w\/wp-content\/uploads\/2026\/04\/DSC05210.JPG-1536x864.jpeg 1536w, https:\/\/munilaja.cl\/w\/wp-content\/uploads\/2026\/04\/DSC05210.JPG-2048x1153.jpeg 2048w\" sizes=\"(max-width: 1024px) 100vw, 1024px\" \/><\/a><\/figure>\n\n\n\n<figure class=\"wp-block-image size-large\"><a href=\"https:\/\/munilaja.cl\/w\/wp-content\/uploads\/2026\/04\/DSC05213.JPG-scaled.jpeg\"><img loading=\"lazy\" decoding=\"async\" width=\"1024\" height=\"576\" data-id=\"74113\" src=\"https:\/\/munilaja.cl\/w\/wp-content\/uploads\/2026\/04\/DSC05213.JPG-1024x576.jpeg\" alt=\"\" class=\"wp-image-74113\" srcset=\"https:\/\/munilaja.cl\/w\/wp-content\/uploads\/2026\/04\/DSC05213.JPG-1024x576.jpeg 1024w, https:\/\/munilaja.cl\/w\/wp-content\/uploads\/2026\/04\/DSC05213.JPG-300x169.jpeg 300w, https:\/\/munilaja.cl\/w\/wp-content\/uploads\/2026\/04\/DSC05213.JPG-768x432.jpeg 768w, https:\/\/munilaja.cl\/w\/wp-content\/uploads\/2026\/04\/DSC05213.JPG-1536x864.jpeg 1536w, https:\/\/munilaja.cl\/w\/wp-content\/uploads\/2026\/04\/DSC05213.JPG-2048x1153.jpeg 2048w\" sizes=\"(max-width: 1024px) 100vw, 1024px\" \/><\/a><\/figure>\n\n\n\n<figure class=\"wp-block-image size-large\"><a href=\"https:\/\/munilaja.cl\/w\/wp-content\/uploads\/2026\/04\/DSC05225.JPG-scaled.jpeg\"><img loading=\"lazy\" decoding=\"async\" width=\"1024\" height=\"576\" data-id=\"74117\" src=\"https:\/\/munilaja.cl\/w\/wp-content\/uploads\/2026\/04\/DSC05225.JPG-1024x576.jpeg\" alt=\"\" class=\"wp-image-74117\" srcset=\"https:\/\/munilaja.cl\/w\/wp-content\/uploads\/2026\/04\/DSC05225.JPG-1024x576.jpeg 1024w, https:\/\/munilaja.cl\/w\/wp-content\/uploads\/2026\/04\/DSC05225.JPG-300x169.jpeg 300w, https:\/\/munilaja.cl\/w\/wp-content\/uploads\/2026\/04\/DSC05225.JPG-768x432.jpeg 768w, https:\/\/munilaja.cl\/w\/wp-content\/uploads\/2026\/04\/DSC05225.JPG-1536x864.jpeg 1536w, https:\/\/munilaja.cl\/w\/wp-content\/uploads\/2026\/04\/DSC05225.JPG-2048x1153.jpeg 2048w\" sizes=\"(max-width: 1024px) 100vw, 1024px\" \/><\/a><\/figure>\n\n\n\n<figure class=\"wp-block-image size-large\"><a href=\"https:\/\/munilaja.cl\/w\/wp-content\/uploads\/2026\/04\/DSC05241.JPG-scaled.jpeg\"><img loading=\"lazy\" decoding=\"async\" width=\"1024\" height=\"576\" data-id=\"74106\" src=\"https:\/\/munilaja.cl\/w\/wp-content\/uploads\/2026\/04\/DSC05241.JPG-1024x576.jpeg\" alt=\"\" class=\"wp-image-74106\" srcset=\"https:\/\/munilaja.cl\/w\/wp-content\/uploads\/2026\/04\/DSC05241.JPG-1024x576.jpeg 1024w, https:\/\/munilaja.cl\/w\/wp-content\/uploads\/2026\/04\/DSC05241.JPG-300x169.jpeg 300w, https:\/\/munilaja.cl\/w\/wp-content\/uploads\/2026\/04\/DSC05241.JPG-768x432.jpeg 768w, https:\/\/munilaja.cl\/w\/wp-content\/uploads\/2026\/04\/DSC05241.JPG-1536x864.jpeg 1536w, https:\/\/munilaja.cl\/w\/wp-content\/uploads\/2026\/04\/DSC05241.JPG-2048x1153.jpeg 2048w\" sizes=\"(max-width: 1024px) 100vw, 1024px\" \/><\/a><\/figure>\n\n\n\n<figure class=\"wp-block-image size-large\"><a href=\"https:\/\/munilaja.cl\/w\/wp-content\/uploads\/2026\/04\/DSC05250.JPG-scaled.jpeg\"><img loading=\"lazy\" decoding=\"async\" width=\"1024\" height=\"576\" data-id=\"74116\" src=\"https:\/\/munilaja.cl\/w\/wp-content\/uploads\/2026\/04\/DSC05250.JPG-1024x576.jpeg\" alt=\"\" class=\"wp-image-74116\" srcset=\"https:\/\/munilaja.cl\/w\/wp-content\/uploads\/2026\/04\/DSC05250.JPG-1024x576.jpeg 1024w, https:\/\/munilaja.cl\/w\/wp-content\/uploads\/2026\/04\/DSC05250.JPG-300x169.jpeg 300w, https:\/\/munilaja.cl\/w\/wp-content\/uploads\/2026\/04\/DSC05250.JPG-768x432.jpeg 768w, https:\/\/munilaja.cl\/w\/wp-content\/uploads\/2026\/04\/DSC05250.JPG-1536x864.jpeg 1536w, https:\/\/munilaja.cl\/w\/wp-content\/uploads\/2026\/04\/DSC05250.JPG-2048x1153.jpeg 2048w\" sizes=\"(max-width: 1024px) 100vw, 1024px\" \/><\/a><\/figure>\n\n\n\n<figure class=\"wp-block-image size-large\"><a href=\"https:\/\/munilaja.cl\/w\/wp-content\/uploads\/2026\/04\/DSC05270.JPG-scaled.jpeg\"><img loading=\"lazy\" decoding=\"async\" width=\"1024\" height=\"576\" data-id=\"74111\" src=\"https:\/\/munilaja.cl\/w\/wp-content\/uploads\/2026\/04\/DSC05270.JPG-1024x576.jpeg\" alt=\"\" class=\"wp-image-74111\" srcset=\"https:\/\/munilaja.cl\/w\/wp-content\/uploads\/2026\/04\/DSC05270.JPG-1024x576.jpeg 1024w, https:\/\/munilaja.cl\/w\/wp-content\/uploads\/2026\/04\/DSC05270.JPG-300x169.jpeg 300w, https:\/\/munilaja.cl\/w\/wp-content\/uploads\/2026\/04\/DSC05270.JPG-768x432.jpeg 768w, https:\/\/munilaja.cl\/w\/wp-content\/uploads\/2026\/04\/DSC05270.JPG-1536x864.jpeg 1536w, https:\/\/munilaja.cl\/w\/wp-content\/uploads\/2026\/04\/DSC05270.JPG-2048x1153.jpeg 2048w\" sizes=\"(max-width: 1024px) 100vw, 1024px\" \/><\/a><\/figure>\n\n\n\n<figure class=\"wp-block-image size-large\"><a href=\"https:\/\/munilaja.cl\/w\/wp-content\/uploads\/2026\/04\/DSC05297.JPG-scaled.jpeg\"><img loading=\"lazy\" decoding=\"async\" width=\"1024\" height=\"576\" data-id=\"74100\" src=\"https:\/\/munilaja.cl\/w\/wp-content\/uploads\/2026\/04\/DSC05297.JPG-1024x576.jpeg\" alt=\"\" class=\"wp-image-74100\" srcset=\"https:\/\/munilaja.cl\/w\/wp-content\/uploads\/2026\/04\/DSC05297.JPG-1024x576.jpeg 1024w, https:\/\/munilaja.cl\/w\/wp-content\/uploads\/2026\/04\/DSC05297.JPG-300x169.jpeg 300w, https:\/\/munilaja.cl\/w\/wp-content\/uploads\/2026\/04\/DSC05297.JPG-768x432.jpeg 768w, https:\/\/munilaja.cl\/w\/wp-content\/uploads\/2026\/04\/DSC05297.JPG-1536x864.jpeg 1536w, https:\/\/munilaja.cl\/w\/wp-content\/uploads\/2026\/04\/DSC05297.JPG-2048x1153.jpeg 2048w\" sizes=\"(max-width: 1024px) 100vw, 1024px\" \/><\/a><\/figure>\n<\/figure>\n","protected":false},"excerpt":{"rendered":"<p>Con una alta convocatoria de vecinos, dirigentes sociales y autoridades, la Municipalidad de Laja realiz\u00f3 su Cuenta P\u00fablica Gesti\u00f3n 2025, instancia en la que el alcalde Vladimir Fica Toledo dio a conocer los principales avances de su administraci\u00f3n, destacando un a\u00f1o enfocado en el orden, el control administrativo y la toma de decisiones. Durante la [&hellip;]<\/p>\n","protected":false},"author":11,"featured_media":74117,"comment_status":"closed","ping_status":"closed","sticky":false,"template":"","format":"standard","meta":{"zakra_sidebar_layout":"customizer","zakra_remove_content_margin":false,"zakra_sidebar":"customizer","zakra_transparent_header":"customizer","zakra_logo":0,"zakra_main_header_style":"default","zakra_menu_item_color":"","zakra_menu_item_hover_color":"","zakra_menu_item_active_color":"","zakra_menu_active_style":"zakra_menu_active_style","zakra_page_header":true,"footnotes":""},"categories":[17],"tags":[],"class_list":["post-74097","post","type-post","status-publish","format-standard","has-post-thumbnail","hentry","category-servicio-a-la-comunidad"],"yoast_head":"<!-- This site is optimized with the Yoast SEO plugin v24.0 - https:\/\/yoast.com\/wordpress\/plugins\/seo\/ -->\n<title>Municipalidad de Laja presenta Cuenta P\u00fablica 2025 marcada por orden y proyecci\u00f3n de desarrollo - Municipalidad de Laja<\/title>\n<meta name=\"robots\" content=\"index, follow, max-snippet:-1, max-image-preview:large, max-video-preview:-1\" \/>\n<link rel=\"canonical\" href=\"https:\/\/munilaja.cl\/w\/municipalidad-de-laja-presenta-cuenta-publica-2025-marcada-por-orden-y-proyeccion-de-desarrollo\/\" \/>\n<meta property=\"og:locale\" content=\"es_ES\" \/>\n<meta property=\"og:type\" content=\"article\" \/>\n<meta property=\"og:title\" content=\"Municipalidad de Laja presenta Cuenta P\u00fablica 2025 marcada por orden y proyecci\u00f3n de desarrollo - Municipalidad de Laja\" \/>\n<meta property=\"og:description\" content=\"Con una alta convocatoria de vecinos, dirigentes sociales y autoridades, la Municipalidad de Laja realiz\u00f3 su Cuenta P\u00fablica Gesti\u00f3n 2025, instancia en la que el alcalde Vladimir Fica Toledo dio a conocer los principales avances de su administraci\u00f3n, destacando un a\u00f1o enfocado en el orden, el control administrativo y la toma de decisiones. Durante la [&hellip;]\" \/>\n<meta property=\"og:url\" content=\"https:\/\/munilaja.cl\/w\/municipalidad-de-laja-presenta-cuenta-publica-2025-marcada-por-orden-y-proyeccion-de-desarrollo\/\" \/>\n<meta property=\"og:site_name\" content=\"Municipalidad de Laja\" \/>\n<meta property=\"article:published_time\" content=\"2026-04-27T13:38:22+00:00\" \/>\n<meta property=\"article:modified_time\" content=\"2026-04-27T13:38:23+00:00\" \/>\n<meta property=\"og:image\" content=\"https:\/\/munilaja.cl\/w\/wp-content\/uploads\/2026\/04\/DSC05225.JPG-scaled.jpeg\" \/>\n\t<meta property=\"og:image:width\" content=\"2560\" \/>\n\t<meta property=\"og:image:height\" content=\"1441\" \/>\n\t<meta property=\"og:image:type\" content=\"image\/jpeg\" \/>\n<meta name=\"author\" content=\"Administrador\" \/>\n<meta name=\"twitter:card\" content=\"summary_large_image\" \/>\n<meta name=\"twitter:label1\" content=\"Escrito por\" \/>\n\t<meta name=\"twitter:data1\" content=\"Administrador\" \/>\n\t<meta name=\"twitter:label2\" content=\"Tiempo de lectura\" \/>\n\t<meta name=\"twitter:data2\" content=\"9 minutos\" \/>\n<script type=\"application\/ld+json\" class=\"yoast-schema-graph\">{\"@context\":\"https:\/\/schema.org\",\"@graph\":[{\"@type\":\"Article\",\"@id\":\"https:\/\/munilaja.cl\/w\/municipalidad-de-laja-presenta-cuenta-publica-2025-marcada-por-orden-y-proyeccion-de-desarrollo\/#article\",\"isPartOf\":{\"@id\":\"https:\/\/munilaja.cl\/w\/municipalidad-de-laja-presenta-cuenta-publica-2025-marcada-por-orden-y-proyeccion-de-desarrollo\/\"},\"author\":{\"name\":\"Administrador\",\"@id\":\"https:\/\/munilaja.cl\/w\/#\/schema\/person\/4650348f4978773bf1c5b31f9c7da744\"},\"headline\":\"Municipalidad de Laja presenta Cuenta P\u00fablica 2025 marcada por orden y proyecci\u00f3n de desarrollo\",\"datePublished\":\"2026-04-27T13:38:22+00:00\",\"dateModified\":\"2026-04-27T13:38:23+00:00\",\"mainEntityOfPage\":{\"@id\":\"https:\/\/munilaja.cl\/w\/municipalidad-de-laja-presenta-cuenta-publica-2025-marcada-por-orden-y-proyeccion-de-desarrollo\/\"},\"wordCount\":873,\"publisher\":{\"@id\":\"https:\/\/munilaja.cl\/w\/#organization\"},\"image\":{\"@id\":\"https:\/\/munilaja.cl\/w\/municipalidad-de-laja-presenta-cuenta-publica-2025-marcada-por-orden-y-proyeccion-de-desarrollo\/#primaryimage\"},\"thumbnailUrl\":\"https:\/\/munilaja.cl\/w\/wp-content\/uploads\/2026\/04\/DSC05225.JPG-scaled.jpeg\",\"articleSection\":[\"Servicio a la comunidad\"],\"inLanguage\":\"es\"},{\"@type\":\"WebPage\",\"@id\":\"https:\/\/munilaja.cl\/w\/municipalidad-de-laja-presenta-cuenta-publica-2025-marcada-por-orden-y-proyeccion-de-desarrollo\/\",\"url\":\"https:\/\/munilaja.cl\/w\/municipalidad-de-laja-presenta-cuenta-publica-2025-marcada-por-orden-y-proyeccion-de-desarrollo\/\",\"name\":\"Municipalidad de Laja presenta Cuenta P\u00fablica 2025 marcada por orden y proyecci\u00f3n de desarrollo - Municipalidad de Laja\",\"isPartOf\":{\"@id\":\"https:\/\/munilaja.cl\/w\/#website\"},\"primaryImageOfPage\":{\"@id\":\"https:\/\/munilaja.cl\/w\/municipalidad-de-laja-presenta-cuenta-publica-2025-marcada-por-orden-y-proyeccion-de-desarrollo\/#primaryimage\"},\"image\":{\"@id\":\"https:\/\/munilaja.cl\/w\/municipalidad-de-laja-presenta-cuenta-publica-2025-marcada-por-orden-y-proyeccion-de-desarrollo\/#primaryimage\"},\"thumbnailUrl\":\"https:\/\/munilaja.cl\/w\/wp-content\/uploads\/2026\/04\/DSC05225.JPG-scaled.jpeg\",\"datePublished\":\"2026-04-27T13:38:22+00:00\",\"dateModified\":\"2026-04-27T13:38:23+00:00\",\"breadcrumb\":{\"@id\":\"https:\/\/munilaja.cl\/w\/municipalidad-de-laja-presenta-cuenta-publica-2025-marcada-por-orden-y-proyeccion-de-desarrollo\/#breadcrumb\"},\"inLanguage\":\"es\",\"potentialAction\":[{\"@type\":\"ReadAction\",\"target\":[\"https:\/\/munilaja.cl\/w\/municipalidad-de-laja-presenta-cuenta-publica-2025-marcada-por-orden-y-proyeccion-de-desarrollo\/\"]}]},{\"@type\":\"ImageObject\",\"inLanguage\":\"es\",\"@id\":\"https:\/\/munilaja.cl\/w\/municipalidad-de-laja-presenta-cuenta-publica-2025-marcada-por-orden-y-proyeccion-de-desarrollo\/#primaryimage\",\"url\":\"https:\/\/munilaja.cl\/w\/wp-content\/uploads\/2026\/04\/DSC05225.JPG-scaled.jpeg\",\"contentUrl\":\"https:\/\/munilaja.cl\/w\/wp-content\/uploads\/2026\/04\/DSC05225.JPG-scaled.jpeg\",\"width\":2560,\"height\":1441},{\"@type\":\"BreadcrumbList\",\"@id\":\"https:\/\/munilaja.cl\/w\/municipalidad-de-laja-presenta-cuenta-publica-2025-marcada-por-orden-y-proyeccion-de-desarrollo\/#breadcrumb\",\"itemListElement\":[{\"@type\":\"ListItem\",\"position\":1,\"name\":\"Portada\",\"item\":\"https:\/\/munilaja.cl\/w\/\"},{\"@type\":\"ListItem\",\"position\":2,\"name\":\"Municipalidad de Laja presenta Cuenta P\u00fablica 2025 marcada por orden y proyecci\u00f3n de desarrollo\"}]},{\"@type\":\"WebSite\",\"@id\":\"https:\/\/munilaja.cl\/w\/#website\",\"url\":\"https:\/\/munilaja.cl\/w\/\",\"name\":\"Municipalidad de Laja\",\"description\":\"Web Municipal\",\"publisher\":{\"@id\":\"https:\/\/munilaja.cl\/w\/#organization\"},\"potentialAction\":[{\"@type\":\"SearchAction\",\"target\":{\"@type\":\"EntryPoint\",\"urlTemplate\":\"https:\/\/munilaja.cl\/w\/?s={search_term_string}\"},\"query-input\":{\"@type\":\"PropertyValueSpecification\",\"valueRequired\":true,\"valueName\":\"search_term_string\"}}],\"inLanguage\":\"es\"},{\"@type\":\"Organization\",\"@id\":\"https:\/\/munilaja.cl\/w\/#organization\",\"name\":\"Municipalidad de Laja\",\"url\":\"https:\/\/munilaja.cl\/w\/\",\"logo\":{\"@type\":\"ImageObject\",\"inLanguage\":\"es\",\"@id\":\"https:\/\/munilaja.cl\/w\/#\/schema\/logo\/image\/\",\"url\":\"https:\/\/munilaja.cl\/w\/wp-content\/uploads\/2024\/11\/ESCUDO-LAJA-LETRAS-BLANCAS-LOGO-WEB.png\",\"contentUrl\":\"https:\/\/munilaja.cl\/w\/wp-content\/uploads\/2024\/11\/ESCUDO-LAJA-LETRAS-BLANCAS-LOGO-WEB.png\",\"width\":150,\"height\":150,\"caption\":\"Municipalidad de Laja\"},\"image\":{\"@id\":\"https:\/\/munilaja.cl\/w\/#\/schema\/logo\/image\/\"}},{\"@type\":\"Person\",\"@id\":\"https:\/\/munilaja.cl\/w\/#\/schema\/person\/4650348f4978773bf1c5b31f9c7da744\",\"name\":\"Administrador\",\"url\":\"https:\/\/munilaja.cl\/w\/author\/rssmunilaja\/\"}]}<\/script>\n<!-- \/ Yoast SEO plugin. -->","yoast_head_json":{"title":"Municipalidad de Laja presenta Cuenta P\u00fablica 2025 marcada por orden y proyecci\u00f3n de desarrollo - Municipalidad de Laja","robots":{"index":"index","follow":"follow","max-snippet":"max-snippet:-1","max-image-preview":"max-image-preview:large","max-video-preview":"max-video-preview:-1"},"canonical":"https:\/\/munilaja.cl\/w\/municipalidad-de-laja-presenta-cuenta-publica-2025-marcada-por-orden-y-proyeccion-de-desarrollo\/","og_locale":"es_ES","og_type":"article","og_title":"Municipalidad de Laja presenta Cuenta P\u00fablica 2025 marcada por orden y proyecci\u00f3n de desarrollo - Municipalidad de Laja","og_description":"Con una alta convocatoria de vecinos, dirigentes sociales y autoridades, la Municipalidad de Laja realiz\u00f3 su Cuenta P\u00fablica Gesti\u00f3n 2025, instancia en la que el alcalde Vladimir Fica Toledo dio a conocer los principales avances de su administraci\u00f3n, destacando un a\u00f1o enfocado en el orden, el control administrativo y la toma de decisiones. Durante la [&hellip;]","og_url":"https:\/\/munilaja.cl\/w\/municipalidad-de-laja-presenta-cuenta-publica-2025-marcada-por-orden-y-proyeccion-de-desarrollo\/","og_site_name":"Municipalidad de Laja","article_published_time":"2026-04-27T13:38:22+00:00","article_modified_time":"2026-04-27T13:38:23+00:00","og_image":[{"width":2560,"height":1441,"url":"https:\/\/munilaja.cl\/w\/wp-content\/uploads\/2026\/04\/DSC05225.JPG-scaled.jpeg","type":"image\/jpeg"}],"author":"Administrador","twitter_card":"summary_large_image","twitter_misc":{"Escrito por":"Administrador","Tiempo de lectura":"9 minutos"},"schema":{"@context":"https:\/\/schema.org","@graph":[{"@type":"Article","@id":"https:\/\/munilaja.cl\/w\/municipalidad-de-laja-presenta-cuenta-publica-2025-marcada-por-orden-y-proyeccion-de-desarrollo\/#article","isPartOf":{"@id":"https:\/\/munilaja.cl\/w\/municipalidad-de-laja-presenta-cuenta-publica-2025-marcada-por-orden-y-proyeccion-de-desarrollo\/"},"author":{"name":"Administrador","@id":"https:\/\/munilaja.cl\/w\/#\/schema\/person\/4650348f4978773bf1c5b31f9c7da744"},"headline":"Municipalidad de Laja presenta Cuenta P\u00fablica 2025 marcada por orden y proyecci\u00f3n de desarrollo","datePublished":"2026-04-27T13:38:22+00:00","dateModified":"2026-04-27T13:38:23+00:00","mainEntityOfPage":{"@id":"https:\/\/munilaja.cl\/w\/municipalidad-de-laja-presenta-cuenta-publica-2025-marcada-por-orden-y-proyeccion-de-desarrollo\/"},"wordCount":873,"publisher":{"@id":"https:\/\/munilaja.cl\/w\/#organization"},"image":{"@id":"https:\/\/munilaja.cl\/w\/municipalidad-de-laja-presenta-cuenta-publica-2025-marcada-por-orden-y-proyeccion-de-desarrollo\/#primaryimage"},"thumbnailUrl":"https:\/\/munilaja.cl\/w\/wp-content\/uploads\/2026\/04\/DSC05225.JPG-scaled.jpeg","articleSection":["Servicio a la comunidad"],"inLanguage":"es"},{"@type":"WebPage","@id":"https:\/\/munilaja.cl\/w\/municipalidad-de-laja-presenta-cuenta-publica-2025-marcada-por-orden-y-proyeccion-de-desarrollo\/","url":"https:\/\/munilaja.cl\/w\/municipalidad-de-laja-presenta-cuenta-publica-2025-marcada-por-orden-y-proyeccion-de-desarrollo\/","name":"Municipalidad de Laja presenta Cuenta P\u00fablica 2025 marcada por orden y proyecci\u00f3n de desarrollo - Municipalidad de Laja","isPartOf":{"@id":"https:\/\/munilaja.cl\/w\/#website"},"primaryImageOfPage":{"@id":"https:\/\/munilaja.cl\/w\/municipalidad-de-laja-presenta-cuenta-publica-2025-marcada-por-orden-y-proyeccion-de-desarrollo\/#primaryimage"},"image":{"@id":"https:\/\/munilaja.cl\/w\/municipalidad-de-laja-presenta-cuenta-publica-2025-marcada-por-orden-y-proyeccion-de-desarrollo\/#primaryimage"},"thumbnailUrl":"https:\/\/munilaja.cl\/w\/wp-content\/uploads\/2026\/04\/DSC05225.JPG-scaled.jpeg","datePublished":"2026-04-27T13:38:22+00:00","dateModified":"2026-04-27T13:38:23+00:00","breadcrumb":{"@id":"https:\/\/munilaja.cl\/w\/municipalidad-de-laja-presenta-cuenta-publica-2025-marcada-por-orden-y-proyeccion-de-desarrollo\/#breadcrumb"},"inLanguage":"es","potentialAction":[{"@type":"ReadAction","target":["https:\/\/munilaja.cl\/w\/municipalidad-de-laja-presenta-cuenta-publica-2025-marcada-por-orden-y-proyeccion-de-desarrollo\/"]}]},{"@type":"ImageObject","inLanguage":"es","@id":"https:\/\/munilaja.cl\/w\/municipalidad-de-laja-presenta-cuenta-publica-2025-marcada-por-orden-y-proyeccion-de-desarrollo\/#primaryimage","url":"https:\/\/munilaja.cl\/w\/wp-content\/uploads\/2026\/04\/DSC05225.JPG-scaled.jpeg","contentUrl":"https:\/\/munilaja.cl\/w\/wp-content\/uploads\/2026\/04\/DSC05225.JPG-scaled.jpeg","width":2560,"height":1441},{"@type":"BreadcrumbList","@id":"https:\/\/munilaja.cl\/w\/municipalidad-de-laja-presenta-cuenta-publica-2025-marcada-por-orden-y-proyeccion-de-desarrollo\/#breadcrumb","itemListElement":[{"@type":"ListItem","position":1,"name":"Portada","item":"https:\/\/munilaja.cl\/w\/"},{"@type":"ListItem","position":2,"name":"Municipalidad de Laja presenta Cuenta P\u00fablica 2025 marcada por orden y proyecci\u00f3n de desarrollo"}]},{"@type":"WebSite","@id":"https:\/\/munilaja.cl\/w\/#website","url":"https:\/\/munilaja.cl\/w\/","name":"Municipalidad de Laja","description":"Web Municipal","publisher":{"@id":"https:\/\/munilaja.cl\/w\/#organization"},"potentialAction":[{"@type":"SearchAction","target":{"@type":"EntryPoint","urlTemplate":"https:\/\/munilaja.cl\/w\/?s={search_term_string}"},"query-input":{"@type":"PropertyValueSpecification","valueRequired":true,"valueName":"search_term_string"}}],"inLanguage":"es"},{"@type":"Organization","@id":"https:\/\/munilaja.cl\/w\/#organization","name":"Municipalidad de Laja","url":"https:\/\/munilaja.cl\/w\/","logo":{"@type":"ImageObject","inLanguage":"es","@id":"https:\/\/munilaja.cl\/w\/#\/schema\/logo\/image\/","url":"https:\/\/munilaja.cl\/w\/wp-content\/uploads\/2024\/11\/ESCUDO-LAJA-LETRAS-BLANCAS-LOGO-WEB.png","contentUrl":"https:\/\/munilaja.cl\/w\/wp-content\/uploads\/2024\/11\/ESCUDO-LAJA-LETRAS-BLANCAS-LOGO-WEB.png","width":150,"height":150,"caption":"Municipalidad de Laja"},"image":{"@id":"https:\/\/munilaja.cl\/w\/#\/schema\/logo\/image\/"}},{"@type":"Person","@id":"https:\/\/munilaja.cl\/w\/#\/schema\/person\/4650348f4978773bf1c5b31f9c7da744","name":"Administrador","url":"https:\/\/munilaja.cl\/w\/author\/rssmunilaja\/"}]}},"_links":{"self":[{"href":"https:\/\/munilaja.cl\/w\/wp-json\/wp\/v2\/posts\/74097"}],"collection":[{"href":"https:\/\/munilaja.cl\/w\/wp-json\/wp\/v2\/posts"}],"about":[{"href":"https:\/\/munilaja.cl\/w\/wp-json\/wp\/v2\/types\/post"}],"author":[{"embeddable":true,"href":"https:\/\/munilaja.cl\/w\/wp-json\/wp\/v2\/users\/11"}],"replies":[{"embeddable":true,"href":"https:\/\/munilaja.cl\/w\/wp-json\/wp\/v2\/comments?post=74097"}],"version-history":[{"count":1,"href":"https:\/\/munilaja.cl\/w\/wp-json\/wp\/v2\/posts\/74097\/revisions"}],"predecessor-version":[{"id":74120,"href":"https:\/\/munilaja.cl\/w\/wp-json\/wp\/v2\/posts\/74097\/revisions\/74120"}],"wp:featuredmedia":[{"embeddable":true,"href":"https:\/\/munilaja.cl\/w\/wp-json\/wp\/v2\/media\/74117"}],"wp:attachment":[{"href":"https:\/\/munilaja.cl\/w\/wp-json\/wp\/v2\/media?parent=74097"}],"wp:term":[{"taxonomy":"category","embeddable":true,"href":"https:\/\/munilaja.cl\/w\/wp-json\/wp\/v2\/categories?post=74097"},{"taxonomy":"post_tag","embeddable":true,"href":"https:\/\/munilaja.cl\/w\/wp-json\/wp\/v2\/tags?post=74097"}],"curies":[{"name":"wp","href":"https:\/\/api.w.org\/{rel}","templated":true}]}}