{"id":73758,"date":"2026-02-12T12:09:58","date_gmt":"2026-02-12T16:09:58","guid":{"rendered":"https:\/\/munilaja.cl\/w\/?p=73758"},"modified":"2026-02-12T12:09:59","modified_gmt":"2026-02-12T16:09:59","slug":"acreditacion-festival-vive-laja-2026","status":"publish","type":"post","link":"https:\/\/munilaja.cl\/w\/acreditacion-festival-vive-laja-2026\/","title":{"rendered":"Acreditaci\u00f3n Festival Vive Laja 2026"},"content":{"rendered":"\n<p>Municipalidad informa que ya se encuentra disponible el <strong>Formulario de Acreditaci\u00f3n de Prensa<\/strong> para medios de comunicaci\u00f3n interesados en cubrir el <strong>Festival Vive Laja 2026<\/strong>, evento que se desarrollar\u00e1 los d\u00edas <strong>27 y 28 de febrero<\/strong> en la comuna.<\/p>\n\n\n\n<p>La convocatoria est\u00e1 dirigida a <strong>medios tradicionales y digitales<\/strong> que cumplan labores de difusi\u00f3n informativa. <\/p>\n\n\n\n<p>Las solicitudes ser\u00e1n evaluadas por la Comisi\u00f3n Organizadora y se recibir\u00e1n <strong>hasta el 20 de febrero de 2026 a las 17:00 horas<\/strong>.<\/p>\n\n\n\n<p>\ud83d\udccc Revisa los requisitos y completa el formulario en el siguiente enlace:<br>\ud83d\udd17<a href=\"https:\/\/forms.office.com\/r\/jKPR3hPvwg?origin=lprLink\"><strong>Ingresa Formulario de Acreditaci\u00f3n Vive Laja 2026<\/strong><\/a><\/p>\n\n\n\n<p>Para consultas, dirigirse al Departamento de Comunicaciones del municipio o escribir a <strong>comunicaciones@munilaja.cl<\/strong><\/p>\n\n\n\n<p><\/p>\n","protected":false},"excerpt":{"rendered":"<p>Municipalidad informa que ya se encuentra disponible el Formulario de Acreditaci\u00f3n de Prensa para medios de comunicaci\u00f3n interesados en cubrir el Festival Vive Laja 2026, evento que se desarrollar\u00e1 los d\u00edas 27 y 28 de febrero en la comuna. La convocatoria est\u00e1 dirigida a medios tradicionales y digitales que cumplan labores de difusi\u00f3n informativa. Las [&hellip;]<\/p>\n","protected":false},"author":11,"featured_media":73759,"comment_status":"closed","ping_status":"closed","sticky":false,"template":"","format":"standard","meta":{"zakra_sidebar_layout":"customizer","zakra_remove_content_margin":false,"zakra_sidebar":"customizer","zakra_transparent_header":"customizer","zakra_logo":0,"zakra_main_header_style":"default","zakra_menu_item_color":"","zakra_menu_item_hover_color":"","zakra_menu_item_active_color":"","zakra_menu_active_style":"zakra_menu_active_style","zakra_page_header":true,"footnotes":""},"categories":[17],"tags":[],"class_list":["post-73758","post","type-post","status-publish","format-standard","has-post-thumbnail","hentry","category-servicio-a-la-comunidad"],"yoast_head":"<!-- This site is optimized with the Yoast SEO plugin v24.0 - https:\/\/yoast.com\/wordpress\/plugins\/seo\/ -->\n<title>Acreditaci\u00f3n Festival Vive Laja 2026 - Municipalidad de Laja<\/title>\n<meta name=\"robots\" content=\"index, follow, max-snippet:-1, max-image-preview:large, max-video-preview:-1\" \/>\n<link rel=\"canonical\" href=\"https:\/\/munilaja.cl\/w\/acreditacion-festival-vive-laja-2026\/\" \/>\n<meta property=\"og:locale\" content=\"es_ES\" \/>\n<meta property=\"og:type\" content=\"article\" \/>\n<meta property=\"og:title\" content=\"Acreditaci\u00f3n Festival Vive Laja 2026 - Municipalidad de Laja\" \/>\n<meta property=\"og:description\" content=\"Municipalidad informa que ya se encuentra disponible el Formulario de Acreditaci\u00f3n de Prensa para medios de comunicaci\u00f3n interesados en cubrir el Festival Vive Laja 2026, evento que se desarrollar\u00e1 los d\u00edas 27 y 28 de febrero en la comuna. La convocatoria est\u00e1 dirigida a medios tradicionales y digitales que cumplan labores de difusi\u00f3n informativa. Las [&hellip;]\" \/>\n<meta property=\"og:url\" content=\"https:\/\/munilaja.cl\/w\/acreditacion-festival-vive-laja-2026\/\" \/>\n<meta property=\"og:site_name\" content=\"Municipalidad de Laja\" \/>\n<meta property=\"article:published_time\" content=\"2026-02-12T16:09:58+00:00\" \/>\n<meta property=\"article:modified_time\" content=\"2026-02-12T16:09:59+00:00\" \/>\n<meta property=\"og:image\" content=\"https:\/\/munilaja.cl\/w\/wp-content\/uploads\/2026\/02\/acreditacion-de-medios.jpg.jpeg\" \/>\n\t<meta property=\"og:image:width\" content=\"1080\" \/>\n\t<meta property=\"og:image:height\" content=\"1350\" \/>\n\t<meta property=\"og:image:type\" content=\"image\/jpeg\" \/>\n<meta name=\"author\" content=\"Administrador\" \/>\n<meta name=\"twitter:card\" content=\"summary_large_image\" \/>\n<meta name=\"twitter:label1\" content=\"Escrito por\" \/>\n\t<meta name=\"twitter:data1\" content=\"Administrador\" \/>\n\t<meta name=\"twitter:label2\" content=\"Tiempo de lectura\" \/>\n\t<meta name=\"twitter:data2\" content=\"1 minuto\" \/>\n<script type=\"application\/ld+json\" class=\"yoast-schema-graph\">{\"@context\":\"https:\/\/schema.org\",\"@graph\":[{\"@type\":\"Article\",\"@id\":\"https:\/\/munilaja.cl\/w\/acreditacion-festival-vive-laja-2026\/#article\",\"isPartOf\":{\"@id\":\"https:\/\/munilaja.cl\/w\/acreditacion-festival-vive-laja-2026\/\"},\"author\":{\"name\":\"Administrador\",\"@id\":\"https:\/\/munilaja.cl\/w\/#\/schema\/person\/4650348f4978773bf1c5b31f9c7da744\"},\"headline\":\"Acreditaci\u00f3n Festival Vive Laja 2026\",\"datePublished\":\"2026-02-12T16:09:58+00:00\",\"dateModified\":\"2026-02-12T16:09:59+00:00\",\"mainEntityOfPage\":{\"@id\":\"https:\/\/munilaja.cl\/w\/acreditacion-festival-vive-laja-2026\/\"},\"wordCount\":115,\"publisher\":{\"@id\":\"https:\/\/munilaja.cl\/w\/#organization\"},\"image\":{\"@id\":\"https:\/\/munilaja.cl\/w\/acreditacion-festival-vive-laja-2026\/#primaryimage\"},\"thumbnailUrl\":\"https:\/\/munilaja.cl\/w\/wp-content\/uploads\/2026\/02\/acreditacion-de-medios.jpg.jpeg\",\"articleSection\":[\"Servicio a la comunidad\"],\"inLanguage\":\"es\"},{\"@type\":\"WebPage\",\"@id\":\"https:\/\/munilaja.cl\/w\/acreditacion-festival-vive-laja-2026\/\",\"url\":\"https:\/\/munilaja.cl\/w\/acreditacion-festival-vive-laja-2026\/\",\"name\":\"Acreditaci\u00f3n Festival Vive Laja 2026 - Municipalidad de Laja\",\"isPartOf\":{\"@id\":\"https:\/\/munilaja.cl\/w\/#website\"},\"primaryImageOfPage\":{\"@id\":\"https:\/\/munilaja.cl\/w\/acreditacion-festival-vive-laja-2026\/#primaryimage\"},\"image\":{\"@id\":\"https:\/\/munilaja.cl\/w\/acreditacion-festival-vive-laja-2026\/#primaryimage\"},\"thumbnailUrl\":\"https:\/\/munilaja.cl\/w\/wp-content\/uploads\/2026\/02\/acreditacion-de-medios.jpg.jpeg\",\"datePublished\":\"2026-02-12T16:09:58+00:00\",\"dateModified\":\"2026-02-12T16:09:59+00:00\",\"breadcrumb\":{\"@id\":\"https:\/\/munilaja.cl\/w\/acreditacion-festival-vive-laja-2026\/#breadcrumb\"},\"inLanguage\":\"es\",\"potentialAction\":[{\"@type\":\"ReadAction\",\"target\":[\"https:\/\/munilaja.cl\/w\/acreditacion-festival-vive-laja-2026\/\"]}]},{\"@type\":\"ImageObject\",\"inLanguage\":\"es\",\"@id\":\"https:\/\/munilaja.cl\/w\/acreditacion-festival-vive-laja-2026\/#primaryimage\",\"url\":\"https:\/\/munilaja.cl\/w\/wp-content\/uploads\/2026\/02\/acreditacion-de-medios.jpg.jpeg\",\"contentUrl\":\"https:\/\/munilaja.cl\/w\/wp-content\/uploads\/2026\/02\/acreditacion-de-medios.jpg.jpeg\",\"width\":1080,\"height\":1350},{\"@type\":\"BreadcrumbList\",\"@id\":\"https:\/\/munilaja.cl\/w\/acreditacion-festival-vive-laja-2026\/#breadcrumb\",\"itemListElement\":[{\"@type\":\"ListItem\",\"position\":1,\"name\":\"Portada\",\"item\":\"https:\/\/munilaja.cl\/w\/\"},{\"@type\":\"ListItem\",\"position\":2,\"name\":\"Acreditaci\u00f3n Festival Vive Laja 2026\"}]},{\"@type\":\"WebSite\",\"@id\":\"https:\/\/munilaja.cl\/w\/#website\",\"url\":\"https:\/\/munilaja.cl\/w\/\",\"name\":\"Municipalidad de Laja\",\"description\":\"Web Municipal\",\"publisher\":{\"@id\":\"https:\/\/munilaja.cl\/w\/#organization\"},\"potentialAction\":[{\"@type\":\"SearchAction\",\"target\":{\"@type\":\"EntryPoint\",\"urlTemplate\":\"https:\/\/munilaja.cl\/w\/?s={search_term_string}\"},\"query-input\":{\"@type\":\"PropertyValueSpecification\",\"valueRequired\":true,\"valueName\":\"search_term_string\"}}],\"inLanguage\":\"es\"},{\"@type\":\"Organization\",\"@id\":\"https:\/\/munilaja.cl\/w\/#organization\",\"name\":\"Municipalidad de Laja\",\"url\":\"https:\/\/munilaja.cl\/w\/\",\"logo\":{\"@type\":\"ImageObject\",\"inLanguage\":\"es\",\"@id\":\"https:\/\/munilaja.cl\/w\/#\/schema\/logo\/image\/\",\"url\":\"https:\/\/munilaja.cl\/w\/wp-content\/uploads\/2024\/11\/ESCUDO-LAJA-LETRAS-BLANCAS-LOGO-WEB.png\",\"contentUrl\":\"https:\/\/munilaja.cl\/w\/wp-content\/uploads\/2024\/11\/ESCUDO-LAJA-LETRAS-BLANCAS-LOGO-WEB.png\",\"width\":150,\"height\":150,\"caption\":\"Municipalidad de Laja\"},\"image\":{\"@id\":\"https:\/\/munilaja.cl\/w\/#\/schema\/logo\/image\/\"}},{\"@type\":\"Person\",\"@id\":\"https:\/\/munilaja.cl\/w\/#\/schema\/person\/4650348f4978773bf1c5b31f9c7da744\",\"name\":\"Administrador\",\"url\":\"https:\/\/munilaja.cl\/w\/author\/rssmunilaja\/\"}]}<\/script>\n<!-- \/ Yoast SEO plugin. -->","yoast_head_json":{"title":"Acreditaci\u00f3n Festival Vive Laja 2026 - Municipalidad de Laja","robots":{"index":"index","follow":"follow","max-snippet":"max-snippet:-1","max-image-preview":"max-image-preview:large","max-video-preview":"max-video-preview:-1"},"canonical":"https:\/\/munilaja.cl\/w\/acreditacion-festival-vive-laja-2026\/","og_locale":"es_ES","og_type":"article","og_title":"Acreditaci\u00f3n Festival Vive Laja 2026 - Municipalidad de Laja","og_description":"Municipalidad informa que ya se encuentra disponible el Formulario de Acreditaci\u00f3n de Prensa para medios de comunicaci\u00f3n interesados en cubrir el Festival Vive Laja 2026, evento que se desarrollar\u00e1 los d\u00edas 27 y 28 de febrero en la comuna. La convocatoria est\u00e1 dirigida a medios tradicionales y digitales que cumplan labores de difusi\u00f3n informativa. Las [&hellip;]","og_url":"https:\/\/munilaja.cl\/w\/acreditacion-festival-vive-laja-2026\/","og_site_name":"Municipalidad de Laja","article_published_time":"2026-02-12T16:09:58+00:00","article_modified_time":"2026-02-12T16:09:59+00:00","og_image":[{"width":1080,"height":1350,"url":"https:\/\/munilaja.cl\/w\/wp-content\/uploads\/2026\/02\/acreditacion-de-medios.jpg.jpeg","type":"image\/jpeg"}],"author":"Administrador","twitter_card":"summary_large_image","twitter_misc":{"Escrito por":"Administrador","Tiempo de lectura":"1 minuto"},"schema":{"@context":"https:\/\/schema.org","@graph":[{"@type":"Article","@id":"https:\/\/munilaja.cl\/w\/acreditacion-festival-vive-laja-2026\/#article","isPartOf":{"@id":"https:\/\/munilaja.cl\/w\/acreditacion-festival-vive-laja-2026\/"},"author":{"name":"Administrador","@id":"https:\/\/munilaja.cl\/w\/#\/schema\/person\/4650348f4978773bf1c5b31f9c7da744"},"headline":"Acreditaci\u00f3n Festival Vive Laja 2026","datePublished":"2026-02-12T16:09:58+00:00","dateModified":"2026-02-12T16:09:59+00:00","mainEntityOfPage":{"@id":"https:\/\/munilaja.cl\/w\/acreditacion-festival-vive-laja-2026\/"},"wordCount":115,"publisher":{"@id":"https:\/\/munilaja.cl\/w\/#organization"},"image":{"@id":"https:\/\/munilaja.cl\/w\/acreditacion-festival-vive-laja-2026\/#primaryimage"},"thumbnailUrl":"https:\/\/munilaja.cl\/w\/wp-content\/uploads\/2026\/02\/acreditacion-de-medios.jpg.jpeg","articleSection":["Servicio a la comunidad"],"inLanguage":"es"},{"@type":"WebPage","@id":"https:\/\/munilaja.cl\/w\/acreditacion-festival-vive-laja-2026\/","url":"https:\/\/munilaja.cl\/w\/acreditacion-festival-vive-laja-2026\/","name":"Acreditaci\u00f3n Festival Vive Laja 2026 - Municipalidad de Laja","isPartOf":{"@id":"https:\/\/munilaja.cl\/w\/#website"},"primaryImageOfPage":{"@id":"https:\/\/munilaja.cl\/w\/acreditacion-festival-vive-laja-2026\/#primaryimage"},"image":{"@id":"https:\/\/munilaja.cl\/w\/acreditacion-festival-vive-laja-2026\/#primaryimage"},"thumbnailUrl":"https:\/\/munilaja.cl\/w\/wp-content\/uploads\/2026\/02\/acreditacion-de-medios.jpg.jpeg","datePublished":"2026-02-12T16:09:58+00:00","dateModified":"2026-02-12T16:09:59+00:00","breadcrumb":{"@id":"https:\/\/munilaja.cl\/w\/acreditacion-festival-vive-laja-2026\/#breadcrumb"},"inLanguage":"es","potentialAction":[{"@type":"ReadAction","target":["https:\/\/munilaja.cl\/w\/acreditacion-festival-vive-laja-2026\/"]}]},{"@type":"ImageObject","inLanguage":"es","@id":"https:\/\/munilaja.cl\/w\/acreditacion-festival-vive-laja-2026\/#primaryimage","url":"https:\/\/munilaja.cl\/w\/wp-content\/uploads\/2026\/02\/acreditacion-de-medios.jpg.jpeg","contentUrl":"https:\/\/munilaja.cl\/w\/wp-content\/uploads\/2026\/02\/acreditacion-de-medios.jpg.jpeg","width":1080,"height":1350},{"@type":"BreadcrumbList","@id":"https:\/\/munilaja.cl\/w\/acreditacion-festival-vive-laja-2026\/#breadcrumb","itemListElement":[{"@type":"ListItem","position":1,"name":"Portada","item":"https:\/\/munilaja.cl\/w\/"},{"@type":"ListItem","position":2,"name":"Acreditaci\u00f3n Festival Vive Laja 2026"}]},{"@type":"WebSite","@id":"https:\/\/munilaja.cl\/w\/#website","url":"https:\/\/munilaja.cl\/w\/","name":"Municipalidad de Laja","description":"Web Municipal","publisher":{"@id":"https:\/\/munilaja.cl\/w\/#organization"},"potentialAction":[{"@type":"SearchAction","target":{"@type":"EntryPoint","urlTemplate":"https:\/\/munilaja.cl\/w\/?s={search_term_string}"},"query-input":{"@type":"PropertyValueSpecification","valueRequired":true,"valueName":"search_term_string"}}],"inLanguage":"es"},{"@type":"Organization","@id":"https:\/\/munilaja.cl\/w\/#organization","name":"Municipalidad de Laja","url":"https:\/\/munilaja.cl\/w\/","logo":{"@type":"ImageObject","inLanguage":"es","@id":"https:\/\/munilaja.cl\/w\/#\/schema\/logo\/image\/","url":"https:\/\/munilaja.cl\/w\/wp-content\/uploads\/2024\/11\/ESCUDO-LAJA-LETRAS-BLANCAS-LOGO-WEB.png","contentUrl":"https:\/\/munilaja.cl\/w\/wp-content\/uploads\/2024\/11\/ESCUDO-LAJA-LETRAS-BLANCAS-LOGO-WEB.png","width":150,"height":150,"caption":"Municipalidad de Laja"},"image":{"@id":"https:\/\/munilaja.cl\/w\/#\/schema\/logo\/image\/"}},{"@type":"Person","@id":"https:\/\/munilaja.cl\/w\/#\/schema\/person\/4650348f4978773bf1c5b31f9c7da744","name":"Administrador","url":"https:\/\/munilaja.cl\/w\/author\/rssmunilaja\/"}]}},"_links":{"self":[{"href":"https:\/\/munilaja.cl\/w\/wp-json\/wp\/v2\/posts\/73758"}],"collection":[{"href":"https:\/\/munilaja.cl\/w\/wp-json\/wp\/v2\/posts"}],"about":[{"href":"https:\/\/munilaja.cl\/w\/wp-json\/wp\/v2\/types\/post"}],"author":[{"embeddable":true,"href":"https:\/\/munilaja.cl\/w\/wp-json\/wp\/v2\/users\/11"}],"replies":[{"embeddable":true,"href":"https:\/\/munilaja.cl\/w\/wp-json\/wp\/v2\/comments?post=73758"}],"version-history":[{"count":1,"href":"https:\/\/munilaja.cl\/w\/wp-json\/wp\/v2\/posts\/73758\/revisions"}],"predecessor-version":[{"id":73760,"href":"https:\/\/munilaja.cl\/w\/wp-json\/wp\/v2\/posts\/73758\/revisions\/73760"}],"wp:featuredmedia":[{"embeddable":true,"href":"https:\/\/munilaja.cl\/w\/wp-json\/wp\/v2\/media\/73759"}],"wp:attachment":[{"href":"https:\/\/munilaja.cl\/w\/wp-json\/wp\/v2\/media?parent=73758"}],"wp:term":[{"taxonomy":"category","embeddable":true,"href":"https:\/\/munilaja.cl\/w\/wp-json\/wp\/v2\/categories?post=73758"},{"taxonomy":"post_tag","embeddable":true,"href":"https:\/\/munilaja.cl\/w\/wp-json\/wp\/v2\/tags?post=73758"}],"curies":[{"name":"wp","href":"https:\/\/api.w.org\/{rel}","templated":true}]}}