{"id":73751,"date":"2026-02-11T17:22:56","date_gmt":"2026-02-11T21:22:56","guid":{"rendered":"https:\/\/munilaja.cl\/w\/?p=73751"},"modified":"2026-02-11T17:22:57","modified_gmt":"2026-02-11T21:22:57","slug":"autoridades-inspeccionan-instalaciones-electricas-en-viviendas-de-emergencia-gestionadas-por-el-municipio-de-laja","status":"publish","type":"post","link":"https:\/\/munilaja.cl\/w\/autoridades-inspeccionan-instalaciones-electricas-en-viviendas-de-emergencia-gestionadas-por-el-municipio-de-laja\/","title":{"rendered":"Autoridades inspeccionan instalaciones el\u00e9ctricas en viviendas de emergencia gestionadas por el Municipio de Laja"},"content":{"rendered":"\n<p>En el marco del proceso de apoyo a las familias afectadas por los incendios forestales, la comuna de Laja recibi\u00f3 la visita del <strong>Seremi de Energ\u00eda del Biob\u00edo<\/strong> y del <strong>Director Regional de la Superintendencia de Electricidad y Combustibles (SEC)<\/strong>, quienes, junto al equipo municipal, realizaron una <strong>inspecci\u00f3n t\u00e9cnica a las instalaciones el\u00e9ctricas de viviendas de emergencia<\/strong>.<\/p>\n\n\n\n<p>Estas soluciones habitacionales fueron posibles gracias a la <strong>gesti\u00f3n del alcalde Vladimir Fica Toledo<\/strong>, quien impuls\u00f3 coordinaciones con organismos t\u00e9cnicos como <strong>SENAPRED<\/strong>, permitiendo avanzar con respuestas concretas y oportunas para las familias damnificadas.<\/p>\n\n\n\n<p>El recorrido se desarroll\u00f3 en el sector <strong>Chorrillos y Pantanillos<\/strong>, donde se efectu\u00f3 un levantamiento t\u00e9cnico para verificar que las viviendas cuenten con condiciones el\u00e9ctricas seguras.<\/p>\n\n\n\n<p>El <strong>encargado comunal de Emergencias, Cristian Sep\u00falveda<\/strong>, destac\u00f3 el trabajo coordinado: <em>\u201cEstamos espec\u00edficamente ac\u00e1 en el sector de Chorrillos, Pantanillos. Justamente a mi espalda tengo una vivienda de emergencia que ha sido gestionada por el alcalde Vladimir Fica Toledo, a trav\u00e9s de los diferentes organismos t\u00e9cnicos en la materia, como Senapred. Estamos haciendo un recorrido junto al equipo t\u00e9cnico del \u00e1rea de la SEC, junto al Seremi de Energ\u00eda presente ac\u00e1 en la comuna, recorriendo las viviendas para hacer un levantamiento t\u00e9cnico y as\u00ed poder tener las condiciones \u00f3ptimas de cada una de las viviendas de emergencia entregadas gracias a la gesti\u00f3n de nuestro alcalde.\u201d<\/em><\/p>\n\n\n\n<p>Por su parte, el <strong>Seremi de Energ\u00eda de la regi\u00f3n del Biob\u00edo, Danilo Ulloa<\/strong>, valor\u00f3 la coordinaci\u00f3n con el municipio: <em>\u201cGracias a una coordinaci\u00f3n con el alcalde de la comuna de Laja hemos podido llegar junto a la SEC a hacer una visita t\u00e9cnica a la infraestructura el\u00e9ctrica de las viviendas de emergencia. Esta es una actividad de gran importancia porque permite entregar certezas a las familias que se han visto afectadas de contar con un suministro, en este caso de energ\u00eda, de manera estable y segura. Seguiremos trabajando para llegar oportunamente con mejor calidad de servicios en materia de energ\u00eda en la regi\u00f3n y a todas las familias.\u201d<\/em><\/p>\n\n\n\n<p>En tanto, el <strong>Director Regional de la SEC, Manuel Cartagena<\/strong>, explic\u00f3 el rol fiscalizador del organismo: <em>\u201cJunto al equipo municipal de Laja y con el Seremi de Energ\u00eda, nuestros equipos t\u00e9cnicos tambi\u00e9n de fiscalizadores de la superintendencia estamos revisando la instalaci\u00f3n el\u00e9ctrica de viviendas de emergencia que est\u00e1n instaladas en la comuna, para efectos de poder garantizar la seguridad de estas instalaciones. Recordar que la labor de la superintendencia en esta etapa es garantizar que estas instalaciones, aun cuando son de emergencia y son transitorias, deban cumplir los est\u00e1ndares de seguridad fijados por la SEC, en este contexto de vivienda de tr\u00e1mite \u00e1gil, de tr\u00e1mite m\u00e1s expedito de las instalaciones, pero que s\u00ed contengan los niveles m\u00ednimos de seguridad que la norma establece.\u201d<\/em><\/p>\n\n\n\n<p>Desde el municipio recalcaron que estas acciones forman parte del compromiso del alcalde para que <strong>cada familia lajina damnificada cuente con una soluci\u00f3n pronta, digna y segura<\/strong>, avanzando no solo en la entrega de viviendas de emergencia, sino tambi\u00e9n en asegurar condiciones b\u00e1sicas que resguarden su bienestar.<\/p>\n\n\n\n<figure class=\"wp-block-gallery has-nested-images columns-default is-cropped wp-block-gallery-1 is-layout-flex wp-block-gallery-is-layout-flex\">\n<figure class=\"wp-block-image size-large\"><a href=\"https:\/\/munilaja.cl\/w\/wp-content\/uploads\/2026\/02\/20260211_115627-scaled.jpg\"><img fetchpriority=\"high\" decoding=\"async\" width=\"1024\" height=\"577\" data-id=\"73752\" src=\"https:\/\/munilaja.cl\/w\/wp-content\/uploads\/2026\/02\/20260211_115627-1024x577.jpg\" alt=\"\" class=\"wp-image-73752\" srcset=\"https:\/\/munilaja.cl\/w\/wp-content\/uploads\/2026\/02\/20260211_115627-1024x577.jpg 1024w, https:\/\/munilaja.cl\/w\/wp-content\/uploads\/2026\/02\/20260211_115627-300x169.jpg 300w, https:\/\/munilaja.cl\/w\/wp-content\/uploads\/2026\/02\/20260211_115627-768x432.jpg 768w, https:\/\/munilaja.cl\/w\/wp-content\/uploads\/2026\/02\/20260211_115627-1536x865.jpg 1536w, https:\/\/munilaja.cl\/w\/wp-content\/uploads\/2026\/02\/20260211_115627-2048x1153.jpg 2048w\" sizes=\"(max-width: 1024px) 100vw, 1024px\" \/><\/a><\/figure>\n\n\n\n<figure class=\"wp-block-image size-large\"><a href=\"https:\/\/munilaja.cl\/w\/wp-content\/uploads\/2026\/02\/20260211_120227-scaled.jpg\"><img decoding=\"async\" width=\"1024\" height=\"577\" data-id=\"73755\" src=\"https:\/\/munilaja.cl\/w\/wp-content\/uploads\/2026\/02\/20260211_120227-1024x577.jpg\" alt=\"\" class=\"wp-image-73755\" srcset=\"https:\/\/munilaja.cl\/w\/wp-content\/uploads\/2026\/02\/20260211_120227-1024x577.jpg 1024w, https:\/\/munilaja.cl\/w\/wp-content\/uploads\/2026\/02\/20260211_120227-300x169.jpg 300w, https:\/\/munilaja.cl\/w\/wp-content\/uploads\/2026\/02\/20260211_120227-768x432.jpg 768w, https:\/\/munilaja.cl\/w\/wp-content\/uploads\/2026\/02\/20260211_120227-1536x865.jpg 1536w, https:\/\/munilaja.cl\/w\/wp-content\/uploads\/2026\/02\/20260211_120227-2048x1153.jpg 2048w\" sizes=\"(max-width: 1024px) 100vw, 1024px\" \/><\/a><\/figure>\n\n\n\n<figure class=\"wp-block-image size-large\"><a href=\"https:\/\/munilaja.cl\/w\/wp-content\/uploads\/2026\/02\/20260211_120832-scaled.jpg\"><img decoding=\"async\" width=\"1024\" height=\"577\" data-id=\"73753\" src=\"https:\/\/munilaja.cl\/w\/wp-content\/uploads\/2026\/02\/20260211_120832-1024x577.jpg\" alt=\"\" class=\"wp-image-73753\" srcset=\"https:\/\/munilaja.cl\/w\/wp-content\/uploads\/2026\/02\/20260211_120832-1024x577.jpg 1024w, https:\/\/munilaja.cl\/w\/wp-content\/uploads\/2026\/02\/20260211_120832-300x169.jpg 300w, https:\/\/munilaja.cl\/w\/wp-content\/uploads\/2026\/02\/20260211_120832-768x432.jpg 768w, https:\/\/munilaja.cl\/w\/wp-content\/uploads\/2026\/02\/20260211_120832-1536x865.jpg 1536w, https:\/\/munilaja.cl\/w\/wp-content\/uploads\/2026\/02\/20260211_120832-2048x1153.jpg 2048w\" sizes=\"(max-width: 1024px) 100vw, 1024px\" \/><\/a><\/figure>\n\n\n\n<figure class=\"wp-block-image size-large\"><a href=\"https:\/\/munilaja.cl\/w\/wp-content\/uploads\/2026\/02\/20260211_120907-scaled.jpg\"><img loading=\"lazy\" decoding=\"async\" width=\"1024\" height=\"577\" data-id=\"73756\" src=\"https:\/\/munilaja.cl\/w\/wp-content\/uploads\/2026\/02\/20260211_120907-1024x577.jpg\" alt=\"\" class=\"wp-image-73756\" srcset=\"https:\/\/munilaja.cl\/w\/wp-content\/uploads\/2026\/02\/20260211_120907-1024x577.jpg 1024w, https:\/\/munilaja.cl\/w\/wp-content\/uploads\/2026\/02\/20260211_120907-300x169.jpg 300w, https:\/\/munilaja.cl\/w\/wp-content\/uploads\/2026\/02\/20260211_120907-768x432.jpg 768w, https:\/\/munilaja.cl\/w\/wp-content\/uploads\/2026\/02\/20260211_120907-1536x865.jpg 1536w, https:\/\/munilaja.cl\/w\/wp-content\/uploads\/2026\/02\/20260211_120907-2048x1153.jpg 2048w\" sizes=\"(max-width: 1024px) 100vw, 1024px\" \/><\/a><\/figure>\n\n\n\n<figure class=\"wp-block-image size-large\"><a href=\"https:\/\/munilaja.cl\/w\/wp-content\/uploads\/2026\/02\/20260211_124412-scaled.jpg\"><img loading=\"lazy\" decoding=\"async\" width=\"1024\" height=\"577\" data-id=\"73754\" src=\"https:\/\/munilaja.cl\/w\/wp-content\/uploads\/2026\/02\/20260211_124412-1024x577.jpg\" alt=\"\" class=\"wp-image-73754\" srcset=\"https:\/\/munilaja.cl\/w\/wp-content\/uploads\/2026\/02\/20260211_124412-1024x577.jpg 1024w, https:\/\/munilaja.cl\/w\/wp-content\/uploads\/2026\/02\/20260211_124412-300x169.jpg 300w, https:\/\/munilaja.cl\/w\/wp-content\/uploads\/2026\/02\/20260211_124412-768x432.jpg 768w, https:\/\/munilaja.cl\/w\/wp-content\/uploads\/2026\/02\/20260211_124412-1536x865.jpg 1536w, https:\/\/munilaja.cl\/w\/wp-content\/uploads\/2026\/02\/20260211_124412-2048x1153.jpg 2048w\" sizes=\"(max-width: 1024px) 100vw, 1024px\" \/><\/a><\/figure>\n<\/figure>\n","protected":false},"excerpt":{"rendered":"<p>En el marco del proceso de apoyo a las familias afectadas por los incendios forestales, la comuna de Laja recibi\u00f3 la visita del Seremi de Energ\u00eda del Biob\u00edo y del Director Regional de la Superintendencia de Electricidad y Combustibles (SEC), quienes, junto al equipo municipal, realizaron una inspecci\u00f3n t\u00e9cnica a las instalaciones el\u00e9ctricas de viviendas [&hellip;]<\/p>\n","protected":false},"author":11,"featured_media":73752,"comment_status":"closed","ping_status":"closed","sticky":false,"template":"","format":"standard","meta":{"zakra_sidebar_layout":"customizer","zakra_remove_content_margin":false,"zakra_sidebar":"customizer","zakra_transparent_header":"customizer","zakra_logo":0,"zakra_main_header_style":"default","zakra_menu_item_color":"","zakra_menu_item_hover_color":"","zakra_menu_item_active_color":"","zakra_menu_active_style":"zakra_menu_active_style","zakra_page_header":true,"footnotes":""},"categories":[17],"tags":[],"class_list":["post-73751","post","type-post","status-publish","format-standard","has-post-thumbnail","hentry","category-servicio-a-la-comunidad"],"yoast_head":"<!-- This site is optimized with the Yoast SEO plugin v24.0 - https:\/\/yoast.com\/wordpress\/plugins\/seo\/ -->\n<title>Autoridades inspeccionan instalaciones el\u00e9ctricas en viviendas de emergencia gestionadas por el Municipio de Laja - Municipalidad de Laja<\/title>\n<meta name=\"robots\" content=\"index, follow, max-snippet:-1, max-image-preview:large, max-video-preview:-1\" \/>\n<link rel=\"canonical\" href=\"https:\/\/munilaja.cl\/w\/autoridades-inspeccionan-instalaciones-electricas-en-viviendas-de-emergencia-gestionadas-por-el-municipio-de-laja\/\" \/>\n<meta property=\"og:locale\" content=\"es_ES\" \/>\n<meta property=\"og:type\" content=\"article\" \/>\n<meta property=\"og:title\" content=\"Autoridades inspeccionan instalaciones el\u00e9ctricas en viviendas de emergencia gestionadas por el Municipio de Laja - Municipalidad de Laja\" \/>\n<meta property=\"og:description\" content=\"En el marco del proceso de apoyo a las familias afectadas por los incendios forestales, la comuna de Laja recibi\u00f3 la visita del Seremi de Energ\u00eda del Biob\u00edo y del Director Regional de la Superintendencia de Electricidad y Combustibles (SEC), quienes, junto al equipo municipal, realizaron una inspecci\u00f3n t\u00e9cnica a las instalaciones el\u00e9ctricas de viviendas [&hellip;]\" \/>\n<meta property=\"og:url\" content=\"https:\/\/munilaja.cl\/w\/autoridades-inspeccionan-instalaciones-electricas-en-viviendas-de-emergencia-gestionadas-por-el-municipio-de-laja\/\" \/>\n<meta property=\"og:site_name\" content=\"Municipalidad de Laja\" \/>\n<meta property=\"article:published_time\" content=\"2026-02-11T21:22:56+00:00\" \/>\n<meta property=\"article:modified_time\" content=\"2026-02-11T21:22:57+00:00\" \/>\n<meta property=\"og:image\" content=\"https:\/\/munilaja.cl\/w\/wp-content\/uploads\/2026\/02\/20260211_115627-scaled.jpg\" \/>\n\t<meta property=\"og:image:width\" content=\"2560\" \/>\n\t<meta property=\"og:image:height\" content=\"1441\" \/>\n\t<meta property=\"og:image:type\" content=\"image\/jpeg\" \/>\n<meta name=\"author\" content=\"Administrador\" \/>\n<meta name=\"twitter:card\" content=\"summary_large_image\" \/>\n<meta name=\"twitter:label1\" content=\"Escrito por\" \/>\n\t<meta name=\"twitter:data1\" content=\"Administrador\" \/>\n\t<meta name=\"twitter:label2\" content=\"Tiempo de lectura\" \/>\n\t<meta name=\"twitter:data2\" content=\"4 minutos\" \/>\n<script type=\"application\/ld+json\" class=\"yoast-schema-graph\">{\"@context\":\"https:\/\/schema.org\",\"@graph\":[{\"@type\":\"Article\",\"@id\":\"https:\/\/munilaja.cl\/w\/autoridades-inspeccionan-instalaciones-electricas-en-viviendas-de-emergencia-gestionadas-por-el-municipio-de-laja\/#article\",\"isPartOf\":{\"@id\":\"https:\/\/munilaja.cl\/w\/autoridades-inspeccionan-instalaciones-electricas-en-viviendas-de-emergencia-gestionadas-por-el-municipio-de-laja\/\"},\"author\":{\"name\":\"Administrador\",\"@id\":\"https:\/\/munilaja.cl\/w\/#\/schema\/person\/4650348f4978773bf1c5b31f9c7da744\"},\"headline\":\"Autoridades inspeccionan instalaciones el\u00e9ctricas en viviendas de emergencia gestionadas por el Municipio de Laja\",\"datePublished\":\"2026-02-11T21:22:56+00:00\",\"dateModified\":\"2026-02-11T21:22:57+00:00\",\"mainEntityOfPage\":{\"@id\":\"https:\/\/munilaja.cl\/w\/autoridades-inspeccionan-instalaciones-electricas-en-viviendas-de-emergencia-gestionadas-por-el-municipio-de-laja\/\"},\"wordCount\":556,\"publisher\":{\"@id\":\"https:\/\/munilaja.cl\/w\/#organization\"},\"image\":{\"@id\":\"https:\/\/munilaja.cl\/w\/autoridades-inspeccionan-instalaciones-electricas-en-viviendas-de-emergencia-gestionadas-por-el-municipio-de-laja\/#primaryimage\"},\"thumbnailUrl\":\"https:\/\/munilaja.cl\/w\/wp-content\/uploads\/2026\/02\/20260211_115627-scaled.jpg\",\"articleSection\":[\"Servicio a la comunidad\"],\"inLanguage\":\"es\"},{\"@type\":\"WebPage\",\"@id\":\"https:\/\/munilaja.cl\/w\/autoridades-inspeccionan-instalaciones-electricas-en-viviendas-de-emergencia-gestionadas-por-el-municipio-de-laja\/\",\"url\":\"https:\/\/munilaja.cl\/w\/autoridades-inspeccionan-instalaciones-electricas-en-viviendas-de-emergencia-gestionadas-por-el-municipio-de-laja\/\",\"name\":\"Autoridades inspeccionan instalaciones el\u00e9ctricas en viviendas de emergencia gestionadas por el Municipio de Laja - Municipalidad de Laja\",\"isPartOf\":{\"@id\":\"https:\/\/munilaja.cl\/w\/#website\"},\"primaryImageOfPage\":{\"@id\":\"https:\/\/munilaja.cl\/w\/autoridades-inspeccionan-instalaciones-electricas-en-viviendas-de-emergencia-gestionadas-por-el-municipio-de-laja\/#primaryimage\"},\"image\":{\"@id\":\"https:\/\/munilaja.cl\/w\/autoridades-inspeccionan-instalaciones-electricas-en-viviendas-de-emergencia-gestionadas-por-el-municipio-de-laja\/#primaryimage\"},\"thumbnailUrl\":\"https:\/\/munilaja.cl\/w\/wp-content\/uploads\/2026\/02\/20260211_115627-scaled.jpg\",\"datePublished\":\"2026-02-11T21:22:56+00:00\",\"dateModified\":\"2026-02-11T21:22:57+00:00\",\"breadcrumb\":{\"@id\":\"https:\/\/munilaja.cl\/w\/autoridades-inspeccionan-instalaciones-electricas-en-viviendas-de-emergencia-gestionadas-por-el-municipio-de-laja\/#breadcrumb\"},\"inLanguage\":\"es\",\"potentialAction\":[{\"@type\":\"ReadAction\",\"target\":[\"https:\/\/munilaja.cl\/w\/autoridades-inspeccionan-instalaciones-electricas-en-viviendas-de-emergencia-gestionadas-por-el-municipio-de-laja\/\"]}]},{\"@type\":\"ImageObject\",\"inLanguage\":\"es\",\"@id\":\"https:\/\/munilaja.cl\/w\/autoridades-inspeccionan-instalaciones-electricas-en-viviendas-de-emergencia-gestionadas-por-el-municipio-de-laja\/#primaryimage\",\"url\":\"https:\/\/munilaja.cl\/w\/wp-content\/uploads\/2026\/02\/20260211_115627-scaled.jpg\",\"contentUrl\":\"https:\/\/munilaja.cl\/w\/wp-content\/uploads\/2026\/02\/20260211_115627-scaled.jpg\",\"width\":2560,\"height\":1441},{\"@type\":\"BreadcrumbList\",\"@id\":\"https:\/\/munilaja.cl\/w\/autoridades-inspeccionan-instalaciones-electricas-en-viviendas-de-emergencia-gestionadas-por-el-municipio-de-laja\/#breadcrumb\",\"itemListElement\":[{\"@type\":\"ListItem\",\"position\":1,\"name\":\"Portada\",\"item\":\"https:\/\/munilaja.cl\/w\/\"},{\"@type\":\"ListItem\",\"position\":2,\"name\":\"Autoridades inspeccionan instalaciones el\u00e9ctricas en viviendas de emergencia gestionadas por el Municipio de Laja\"}]},{\"@type\":\"WebSite\",\"@id\":\"https:\/\/munilaja.cl\/w\/#website\",\"url\":\"https:\/\/munilaja.cl\/w\/\",\"name\":\"Municipalidad de Laja\",\"description\":\"Web Municipal\",\"publisher\":{\"@id\":\"https:\/\/munilaja.cl\/w\/#organization\"},\"potentialAction\":[{\"@type\":\"SearchAction\",\"target\":{\"@type\":\"EntryPoint\",\"urlTemplate\":\"https:\/\/munilaja.cl\/w\/?s={search_term_string}\"},\"query-input\":{\"@type\":\"PropertyValueSpecification\",\"valueRequired\":true,\"valueName\":\"search_term_string\"}}],\"inLanguage\":\"es\"},{\"@type\":\"Organization\",\"@id\":\"https:\/\/munilaja.cl\/w\/#organization\",\"name\":\"Municipalidad de Laja\",\"url\":\"https:\/\/munilaja.cl\/w\/\",\"logo\":{\"@type\":\"ImageObject\",\"inLanguage\":\"es\",\"@id\":\"https:\/\/munilaja.cl\/w\/#\/schema\/logo\/image\/\",\"url\":\"https:\/\/munilaja.cl\/w\/wp-content\/uploads\/2024\/11\/ESCUDO-LAJA-LETRAS-BLANCAS-LOGO-WEB.png\",\"contentUrl\":\"https:\/\/munilaja.cl\/w\/wp-content\/uploads\/2024\/11\/ESCUDO-LAJA-LETRAS-BLANCAS-LOGO-WEB.png\",\"width\":150,\"height\":150,\"caption\":\"Municipalidad de Laja\"},\"image\":{\"@id\":\"https:\/\/munilaja.cl\/w\/#\/schema\/logo\/image\/\"}},{\"@type\":\"Person\",\"@id\":\"https:\/\/munilaja.cl\/w\/#\/schema\/person\/4650348f4978773bf1c5b31f9c7da744\",\"name\":\"Administrador\",\"url\":\"https:\/\/munilaja.cl\/w\/author\/rssmunilaja\/\"}]}<\/script>\n<!-- \/ Yoast SEO plugin. -->","yoast_head_json":{"title":"Autoridades inspeccionan instalaciones el\u00e9ctricas en viviendas de emergencia gestionadas por el Municipio de Laja - Municipalidad de Laja","robots":{"index":"index","follow":"follow","max-snippet":"max-snippet:-1","max-image-preview":"max-image-preview:large","max-video-preview":"max-video-preview:-1"},"canonical":"https:\/\/munilaja.cl\/w\/autoridades-inspeccionan-instalaciones-electricas-en-viviendas-de-emergencia-gestionadas-por-el-municipio-de-laja\/","og_locale":"es_ES","og_type":"article","og_title":"Autoridades inspeccionan instalaciones el\u00e9ctricas en viviendas de emergencia gestionadas por el Municipio de Laja - Municipalidad de Laja","og_description":"En el marco del proceso de apoyo a las familias afectadas por los incendios forestales, la comuna de Laja recibi\u00f3 la visita del Seremi de Energ\u00eda del Biob\u00edo y del Director Regional de la Superintendencia de Electricidad y Combustibles (SEC), quienes, junto al equipo municipal, realizaron una inspecci\u00f3n t\u00e9cnica a las instalaciones el\u00e9ctricas de viviendas [&hellip;]","og_url":"https:\/\/munilaja.cl\/w\/autoridades-inspeccionan-instalaciones-electricas-en-viviendas-de-emergencia-gestionadas-por-el-municipio-de-laja\/","og_site_name":"Municipalidad de Laja","article_published_time":"2026-02-11T21:22:56+00:00","article_modified_time":"2026-02-11T21:22:57+00:00","og_image":[{"width":2560,"height":1441,"url":"https:\/\/munilaja.cl\/w\/wp-content\/uploads\/2026\/02\/20260211_115627-scaled.jpg","type":"image\/jpeg"}],"author":"Administrador","twitter_card":"summary_large_image","twitter_misc":{"Escrito por":"Administrador","Tiempo de lectura":"4 minutos"},"schema":{"@context":"https:\/\/schema.org","@graph":[{"@type":"Article","@id":"https:\/\/munilaja.cl\/w\/autoridades-inspeccionan-instalaciones-electricas-en-viviendas-de-emergencia-gestionadas-por-el-municipio-de-laja\/#article","isPartOf":{"@id":"https:\/\/munilaja.cl\/w\/autoridades-inspeccionan-instalaciones-electricas-en-viviendas-de-emergencia-gestionadas-por-el-municipio-de-laja\/"},"author":{"name":"Administrador","@id":"https:\/\/munilaja.cl\/w\/#\/schema\/person\/4650348f4978773bf1c5b31f9c7da744"},"headline":"Autoridades inspeccionan instalaciones el\u00e9ctricas en viviendas de emergencia gestionadas por el Municipio de Laja","datePublished":"2026-02-11T21:22:56+00:00","dateModified":"2026-02-11T21:22:57+00:00","mainEntityOfPage":{"@id":"https:\/\/munilaja.cl\/w\/autoridades-inspeccionan-instalaciones-electricas-en-viviendas-de-emergencia-gestionadas-por-el-municipio-de-laja\/"},"wordCount":556,"publisher":{"@id":"https:\/\/munilaja.cl\/w\/#organization"},"image":{"@id":"https:\/\/munilaja.cl\/w\/autoridades-inspeccionan-instalaciones-electricas-en-viviendas-de-emergencia-gestionadas-por-el-municipio-de-laja\/#primaryimage"},"thumbnailUrl":"https:\/\/munilaja.cl\/w\/wp-content\/uploads\/2026\/02\/20260211_115627-scaled.jpg","articleSection":["Servicio a la comunidad"],"inLanguage":"es"},{"@type":"WebPage","@id":"https:\/\/munilaja.cl\/w\/autoridades-inspeccionan-instalaciones-electricas-en-viviendas-de-emergencia-gestionadas-por-el-municipio-de-laja\/","url":"https:\/\/munilaja.cl\/w\/autoridades-inspeccionan-instalaciones-electricas-en-viviendas-de-emergencia-gestionadas-por-el-municipio-de-laja\/","name":"Autoridades inspeccionan instalaciones el\u00e9ctricas en viviendas de emergencia gestionadas por el Municipio de Laja - Municipalidad de Laja","isPartOf":{"@id":"https:\/\/munilaja.cl\/w\/#website"},"primaryImageOfPage":{"@id":"https:\/\/munilaja.cl\/w\/autoridades-inspeccionan-instalaciones-electricas-en-viviendas-de-emergencia-gestionadas-por-el-municipio-de-laja\/#primaryimage"},"image":{"@id":"https:\/\/munilaja.cl\/w\/autoridades-inspeccionan-instalaciones-electricas-en-viviendas-de-emergencia-gestionadas-por-el-municipio-de-laja\/#primaryimage"},"thumbnailUrl":"https:\/\/munilaja.cl\/w\/wp-content\/uploads\/2026\/02\/20260211_115627-scaled.jpg","datePublished":"2026-02-11T21:22:56+00:00","dateModified":"2026-02-11T21:22:57+00:00","breadcrumb":{"@id":"https:\/\/munilaja.cl\/w\/autoridades-inspeccionan-instalaciones-electricas-en-viviendas-de-emergencia-gestionadas-por-el-municipio-de-laja\/#breadcrumb"},"inLanguage":"es","potentialAction":[{"@type":"ReadAction","target":["https:\/\/munilaja.cl\/w\/autoridades-inspeccionan-instalaciones-electricas-en-viviendas-de-emergencia-gestionadas-por-el-municipio-de-laja\/"]}]},{"@type":"ImageObject","inLanguage":"es","@id":"https:\/\/munilaja.cl\/w\/autoridades-inspeccionan-instalaciones-electricas-en-viviendas-de-emergencia-gestionadas-por-el-municipio-de-laja\/#primaryimage","url":"https:\/\/munilaja.cl\/w\/wp-content\/uploads\/2026\/02\/20260211_115627-scaled.jpg","contentUrl":"https:\/\/munilaja.cl\/w\/wp-content\/uploads\/2026\/02\/20260211_115627-scaled.jpg","width":2560,"height":1441},{"@type":"BreadcrumbList","@id":"https:\/\/munilaja.cl\/w\/autoridades-inspeccionan-instalaciones-electricas-en-viviendas-de-emergencia-gestionadas-por-el-municipio-de-laja\/#breadcrumb","itemListElement":[{"@type":"ListItem","position":1,"name":"Portada","item":"https:\/\/munilaja.cl\/w\/"},{"@type":"ListItem","position":2,"name":"Autoridades inspeccionan instalaciones el\u00e9ctricas en viviendas de emergencia gestionadas por el Municipio de Laja"}]},{"@type":"WebSite","@id":"https:\/\/munilaja.cl\/w\/#website","url":"https:\/\/munilaja.cl\/w\/","name":"Municipalidad de Laja","description":"Web Municipal","publisher":{"@id":"https:\/\/munilaja.cl\/w\/#organization"},"potentialAction":[{"@type":"SearchAction","target":{"@type":"EntryPoint","urlTemplate":"https:\/\/munilaja.cl\/w\/?s={search_term_string}"},"query-input":{"@type":"PropertyValueSpecification","valueRequired":true,"valueName":"search_term_string"}}],"inLanguage":"es"},{"@type":"Organization","@id":"https:\/\/munilaja.cl\/w\/#organization","name":"Municipalidad de Laja","url":"https:\/\/munilaja.cl\/w\/","logo":{"@type":"ImageObject","inLanguage":"es","@id":"https:\/\/munilaja.cl\/w\/#\/schema\/logo\/image\/","url":"https:\/\/munilaja.cl\/w\/wp-content\/uploads\/2024\/11\/ESCUDO-LAJA-LETRAS-BLANCAS-LOGO-WEB.png","contentUrl":"https:\/\/munilaja.cl\/w\/wp-content\/uploads\/2024\/11\/ESCUDO-LAJA-LETRAS-BLANCAS-LOGO-WEB.png","width":150,"height":150,"caption":"Municipalidad de Laja"},"image":{"@id":"https:\/\/munilaja.cl\/w\/#\/schema\/logo\/image\/"}},{"@type":"Person","@id":"https:\/\/munilaja.cl\/w\/#\/schema\/person\/4650348f4978773bf1c5b31f9c7da744","name":"Administrador","url":"https:\/\/munilaja.cl\/w\/author\/rssmunilaja\/"}]}},"_links":{"self":[{"href":"https:\/\/munilaja.cl\/w\/wp-json\/wp\/v2\/posts\/73751"}],"collection":[{"href":"https:\/\/munilaja.cl\/w\/wp-json\/wp\/v2\/posts"}],"about":[{"href":"https:\/\/munilaja.cl\/w\/wp-json\/wp\/v2\/types\/post"}],"author":[{"embeddable":true,"href":"https:\/\/munilaja.cl\/w\/wp-json\/wp\/v2\/users\/11"}],"replies":[{"embeddable":true,"href":"https:\/\/munilaja.cl\/w\/wp-json\/wp\/v2\/comments?post=73751"}],"version-history":[{"count":1,"href":"https:\/\/munilaja.cl\/w\/wp-json\/wp\/v2\/posts\/73751\/revisions"}],"predecessor-version":[{"id":73757,"href":"https:\/\/munilaja.cl\/w\/wp-json\/wp\/v2\/posts\/73751\/revisions\/73757"}],"wp:featuredmedia":[{"embeddable":true,"href":"https:\/\/munilaja.cl\/w\/wp-json\/wp\/v2\/media\/73752"}],"wp:attachment":[{"href":"https:\/\/munilaja.cl\/w\/wp-json\/wp\/v2\/media?parent=73751"}],"wp:term":[{"taxonomy":"category","embeddable":true,"href":"https:\/\/munilaja.cl\/w\/wp-json\/wp\/v2\/categories?post=73751"},{"taxonomy":"post_tag","embeddable":true,"href":"https:\/\/munilaja.cl\/w\/wp-json\/wp\/v2\/tags?post=73751"}],"curies":[{"name":"wp","href":"https:\/\/api.w.org\/{rel}","templated":true}]}}