{"id":73707,"date":"2026-01-16T14:40:55","date_gmt":"2026-01-16T18:40:55","guid":{"rendered":"https:\/\/munilaja.cl\/w\/?p=73707"},"modified":"2026-01-16T14:40:56","modified_gmt":"2026-01-16T18:40:56","slug":"municipalidad-de-laja-inicia-instalacion-bandas-de-alerta-para-reforzar-la-seguridad-vial-y-reducir-la-velocidad","status":"publish","type":"post","link":"https:\/\/munilaja.cl\/w\/municipalidad-de-laja-inicia-instalacion-bandas-de-alerta-para-reforzar-la-seguridad-vial-y-reducir-la-velocidad\/","title":{"rendered":"Municipalidad de Laja inicia instalaci\u00f3n bandas de alerta para reforzar la seguridad vial y reducir la velocidad"},"content":{"rendered":"\n<p>Con el objetivo de <strong>prevenir accidentes de tr\u00e1nsito y resguardar la seguridad de peatones y conductores<\/strong>, la Municipalidad de Laja lleva a cabo la <strong>instalaci\u00f3n de bandas de alerta para reducci\u00f3n de velocidad<\/strong> en distintos puntos estrat\u00e9gicos de la comuna.<\/p>\n\n\n\n<p>Las intervenciones se est\u00e1n realizando en puntos estrat\u00e9gicos: <strong>por Avda. Los R\u00edos frente al ingreso al Balneario Municipal;<\/strong> <strong>frente a Villa Laja<\/strong> y <strong>por calle F\u00e9lix Eicher, frente a la Parroquia Cristo Rey<\/strong>, sectores de alta circulaci\u00f3n vehicular y peatonal, donde se hace necesario reforzar las medidas de prevenci\u00f3n.<\/p>\n\n\n\n<p>Estas bandas de alerta cumplen una funci\u00f3n clave: <strong>advertir a los conductores sobre la necesidad de disminuir la velocidad<\/strong>, especialmente en zonas residenciales, espacios recreativos y entornos donde transitan familias, adultos mayores, ni\u00f1os y ni\u00f1as.<\/p>\n\n\n\n<p>Desde el municipio se hizo un llamado a la comunidad a <strong>conducir con responsabilidad<\/strong>, respetar la se\u00f1alizaci\u00f3n vial, las <strong>leyes de tr\u00e1nsito vigentes<\/strong> y los <strong>l\u00edmites m\u00e1ximos de velocidad<\/strong>, recordando que una conducci\u00f3n prudente puede marcar la diferencia entre un viaje seguro y una tragedia evitable.<\/p>\n\n\n\n<p>La Municipalidad de Laja reitera su compromiso con la seguridad vial y se\u00f1al\u00f3 que estas acciones forman parte de un trabajo permanente orientado a <strong>proteger la vida y mejorar la convivencia en los espacios p\u00fablicos<\/strong>, apelando siempre a la colaboraci\u00f3n y conciencia de todos los usuarios de las v\u00edas.<\/p>\n\n\n\n<figure class=\"wp-block-gallery has-nested-images columns-default is-cropped wp-block-gallery-1 is-layout-flex wp-block-gallery-is-layout-flex\">\n<figure class=\"wp-block-image size-large\"><a href=\"https:\/\/munilaja.cl\/w\/wp-content\/uploads\/2026\/01\/1-scaled.jpeg\"><img fetchpriority=\"high\" decoding=\"async\" width=\"1024\" height=\"576\" data-id=\"73708\" src=\"https:\/\/munilaja.cl\/w\/wp-content\/uploads\/2026\/01\/1-1024x576.jpeg\" alt=\"\" class=\"wp-image-73708\" srcset=\"https:\/\/munilaja.cl\/w\/wp-content\/uploads\/2026\/01\/1-1024x576.jpeg 1024w, https:\/\/munilaja.cl\/w\/wp-content\/uploads\/2026\/01\/1-300x169.jpeg 300w, https:\/\/munilaja.cl\/w\/wp-content\/uploads\/2026\/01\/1-768x432.jpeg 768w, https:\/\/munilaja.cl\/w\/wp-content\/uploads\/2026\/01\/1-1536x864.jpeg 1536w, https:\/\/munilaja.cl\/w\/wp-content\/uploads\/2026\/01\/1-2048x1152.jpeg 2048w\" sizes=\"(max-width: 1024px) 100vw, 1024px\" \/><\/a><\/figure>\n\n\n\n<figure class=\"wp-block-image size-large\"><a href=\"https:\/\/munilaja.cl\/w\/wp-content\/uploads\/2026\/01\/2-scaled.jpeg\"><img decoding=\"async\" width=\"1024\" height=\"768\" data-id=\"73710\" src=\"https:\/\/munilaja.cl\/w\/wp-content\/uploads\/2026\/01\/2-1024x768.jpeg\" alt=\"\" class=\"wp-image-73710\" srcset=\"https:\/\/munilaja.cl\/w\/wp-content\/uploads\/2026\/01\/2-1024x768.jpeg 1024w, https:\/\/munilaja.cl\/w\/wp-content\/uploads\/2026\/01\/2-300x225.jpeg 300w, https:\/\/munilaja.cl\/w\/wp-content\/uploads\/2026\/01\/2-768x576.jpeg 768w, https:\/\/munilaja.cl\/w\/wp-content\/uploads\/2026\/01\/2-1536x1152.jpeg 1536w, https:\/\/munilaja.cl\/w\/wp-content\/uploads\/2026\/01\/2-2048x1536.jpeg 2048w\" sizes=\"(max-width: 1024px) 100vw, 1024px\" \/><\/a><\/figure>\n\n\n\n<figure class=\"wp-block-image size-large\"><a href=\"https:\/\/munilaja.cl\/w\/wp-content\/uploads\/2026\/01\/3-scaled.jpeg\"><img decoding=\"async\" width=\"768\" height=\"1024\" data-id=\"73712\" src=\"https:\/\/munilaja.cl\/w\/wp-content\/uploads\/2026\/01\/3-768x1024.jpeg\" alt=\"\" class=\"wp-image-73712\" srcset=\"https:\/\/munilaja.cl\/w\/wp-content\/uploads\/2026\/01\/3-768x1024.jpeg 768w, https:\/\/munilaja.cl\/w\/wp-content\/uploads\/2026\/01\/3-225x300.jpeg 225w, https:\/\/munilaja.cl\/w\/wp-content\/uploads\/2026\/01\/3-1152x1536.jpeg 1152w, https:\/\/munilaja.cl\/w\/wp-content\/uploads\/2026\/01\/3-1536x2048.jpeg 1536w, https:\/\/munilaja.cl\/w\/wp-content\/uploads\/2026\/01\/3-scaled.jpeg 1920w\" sizes=\"(max-width: 768px) 100vw, 768px\" \/><\/a><\/figure>\n\n\n\n<figure class=\"wp-block-image size-large\"><a href=\"https:\/\/munilaja.cl\/w\/wp-content\/uploads\/2026\/01\/4-scaled.jpeg\"><img loading=\"lazy\" decoding=\"async\" width=\"768\" height=\"1024\" data-id=\"73711\" src=\"https:\/\/munilaja.cl\/w\/wp-content\/uploads\/2026\/01\/4-768x1024.jpeg\" alt=\"\" class=\"wp-image-73711\" srcset=\"https:\/\/munilaja.cl\/w\/wp-content\/uploads\/2026\/01\/4-768x1024.jpeg 768w, https:\/\/munilaja.cl\/w\/wp-content\/uploads\/2026\/01\/4-225x300.jpeg 225w, https:\/\/munilaja.cl\/w\/wp-content\/uploads\/2026\/01\/4-1152x1536.jpeg 1152w, https:\/\/munilaja.cl\/w\/wp-content\/uploads\/2026\/01\/4-1536x2048.jpeg 1536w, https:\/\/munilaja.cl\/w\/wp-content\/uploads\/2026\/01\/4-scaled.jpeg 1920w\" sizes=\"(max-width: 768px) 100vw, 768px\" \/><\/a><\/figure>\n\n\n\n<figure class=\"wp-block-image size-large\"><a href=\"https:\/\/munilaja.cl\/w\/wp-content\/uploads\/2026\/01\/5-scaled.jpeg\"><img loading=\"lazy\" decoding=\"async\" width=\"1024\" height=\"768\" data-id=\"73709\" src=\"https:\/\/munilaja.cl\/w\/wp-content\/uploads\/2026\/01\/5-1024x768.jpeg\" alt=\"\" class=\"wp-image-73709\" srcset=\"https:\/\/munilaja.cl\/w\/wp-content\/uploads\/2026\/01\/5-1024x768.jpeg 1024w, https:\/\/munilaja.cl\/w\/wp-content\/uploads\/2026\/01\/5-300x225.jpeg 300w, https:\/\/munilaja.cl\/w\/wp-content\/uploads\/2026\/01\/5-768x576.jpeg 768w, https:\/\/munilaja.cl\/w\/wp-content\/uploads\/2026\/01\/5-1536x1152.jpeg 1536w, https:\/\/munilaja.cl\/w\/wp-content\/uploads\/2026\/01\/5-2048x1536.jpeg 2048w\" sizes=\"(max-width: 1024px) 100vw, 1024px\" \/><\/a><\/figure>\n<\/figure>\n","protected":false},"excerpt":{"rendered":"<p>Con el objetivo de prevenir accidentes de tr\u00e1nsito y resguardar la seguridad de peatones y conductores, la Municipalidad de Laja lleva a cabo la instalaci\u00f3n de bandas de alerta para reducci\u00f3n de velocidad en distintos puntos estrat\u00e9gicos de la comuna. Las intervenciones se est\u00e1n realizando en puntos estrat\u00e9gicos: por Avda. Los R\u00edos frente al ingreso [&hellip;]<\/p>\n","protected":false},"author":11,"featured_media":73708,"comment_status":"closed","ping_status":"closed","sticky":false,"template":"","format":"standard","meta":{"zakra_sidebar_layout":"customizer","zakra_remove_content_margin":false,"zakra_sidebar":"customizer","zakra_transparent_header":"customizer","zakra_logo":0,"zakra_main_header_style":"default","zakra_menu_item_color":"","zakra_menu_item_hover_color":"","zakra_menu_item_active_color":"","zakra_menu_active_style":"zakra_menu_active_style","zakra_page_header":true,"footnotes":""},"categories":[17],"tags":[],"class_list":["post-73707","post","type-post","status-publish","format-standard","has-post-thumbnail","hentry","category-servicio-a-la-comunidad"],"yoast_head":"<!-- This site is optimized with the Yoast SEO plugin v24.0 - https:\/\/yoast.com\/wordpress\/plugins\/seo\/ -->\n<title>Municipalidad de Laja inicia instalaci\u00f3n bandas de alerta para reforzar la seguridad vial y reducir la velocidad - Municipalidad de Laja<\/title>\n<meta name=\"robots\" content=\"index, follow, max-snippet:-1, max-image-preview:large, max-video-preview:-1\" \/>\n<link rel=\"canonical\" href=\"https:\/\/munilaja.cl\/w\/municipalidad-de-laja-inicia-instalacion-bandas-de-alerta-para-reforzar-la-seguridad-vial-y-reducir-la-velocidad\/\" \/>\n<meta property=\"og:locale\" content=\"es_ES\" \/>\n<meta property=\"og:type\" content=\"article\" \/>\n<meta property=\"og:title\" content=\"Municipalidad de Laja inicia instalaci\u00f3n bandas de alerta para reforzar la seguridad vial y reducir la velocidad - Municipalidad de Laja\" \/>\n<meta property=\"og:description\" content=\"Con el objetivo de prevenir accidentes de tr\u00e1nsito y resguardar la seguridad de peatones y conductores, la Municipalidad de Laja lleva a cabo la instalaci\u00f3n de bandas de alerta para reducci\u00f3n de velocidad en distintos puntos estrat\u00e9gicos de la comuna. Las intervenciones se est\u00e1n realizando en puntos estrat\u00e9gicos: por Avda. Los R\u00edos frente al ingreso [&hellip;]\" \/>\n<meta property=\"og:url\" content=\"https:\/\/munilaja.cl\/w\/municipalidad-de-laja-inicia-instalacion-bandas-de-alerta-para-reforzar-la-seguridad-vial-y-reducir-la-velocidad\/\" \/>\n<meta property=\"og:site_name\" content=\"Municipalidad de Laja\" \/>\n<meta property=\"article:published_time\" content=\"2026-01-16T18:40:55+00:00\" \/>\n<meta property=\"article:modified_time\" content=\"2026-01-16T18:40:56+00:00\" \/>\n<meta property=\"og:image\" content=\"https:\/\/munilaja.cl\/w\/wp-content\/uploads\/2026\/01\/1-scaled.jpeg\" \/>\n\t<meta property=\"og:image:width\" content=\"2560\" \/>\n\t<meta property=\"og:image:height\" content=\"1440\" \/>\n\t<meta property=\"og:image:type\" content=\"image\/jpeg\" \/>\n<meta name=\"author\" content=\"Administrador\" \/>\n<meta name=\"twitter:card\" content=\"summary_large_image\" \/>\n<meta name=\"twitter:label1\" content=\"Escrito por\" \/>\n\t<meta name=\"twitter:data1\" content=\"Administrador\" \/>\n\t<meta name=\"twitter:label2\" content=\"Tiempo de lectura\" \/>\n\t<meta name=\"twitter:data2\" content=\"3 minutos\" \/>\n<script type=\"application\/ld+json\" class=\"yoast-schema-graph\">{\"@context\":\"https:\/\/schema.org\",\"@graph\":[{\"@type\":\"Article\",\"@id\":\"https:\/\/munilaja.cl\/w\/municipalidad-de-laja-inicia-instalacion-bandas-de-alerta-para-reforzar-la-seguridad-vial-y-reducir-la-velocidad\/#article\",\"isPartOf\":{\"@id\":\"https:\/\/munilaja.cl\/w\/municipalidad-de-laja-inicia-instalacion-bandas-de-alerta-para-reforzar-la-seguridad-vial-y-reducir-la-velocidad\/\"},\"author\":{\"name\":\"Administrador\",\"@id\":\"https:\/\/munilaja.cl\/w\/#\/schema\/person\/4650348f4978773bf1c5b31f9c7da744\"},\"headline\":\"Municipalidad de Laja inicia instalaci\u00f3n bandas de alerta para reforzar la seguridad vial y reducir la velocidad\",\"datePublished\":\"2026-01-16T18:40:55+00:00\",\"dateModified\":\"2026-01-16T18:40:56+00:00\",\"mainEntityOfPage\":{\"@id\":\"https:\/\/munilaja.cl\/w\/municipalidad-de-laja-inicia-instalacion-bandas-de-alerta-para-reforzar-la-seguridad-vial-y-reducir-la-velocidad\/\"},\"wordCount\":260,\"publisher\":{\"@id\":\"https:\/\/munilaja.cl\/w\/#organization\"},\"image\":{\"@id\":\"https:\/\/munilaja.cl\/w\/municipalidad-de-laja-inicia-instalacion-bandas-de-alerta-para-reforzar-la-seguridad-vial-y-reducir-la-velocidad\/#primaryimage\"},\"thumbnailUrl\":\"https:\/\/munilaja.cl\/w\/wp-content\/uploads\/2026\/01\/1-scaled.jpeg\",\"articleSection\":[\"Servicio a la comunidad\"],\"inLanguage\":\"es\"},{\"@type\":\"WebPage\",\"@id\":\"https:\/\/munilaja.cl\/w\/municipalidad-de-laja-inicia-instalacion-bandas-de-alerta-para-reforzar-la-seguridad-vial-y-reducir-la-velocidad\/\",\"url\":\"https:\/\/munilaja.cl\/w\/municipalidad-de-laja-inicia-instalacion-bandas-de-alerta-para-reforzar-la-seguridad-vial-y-reducir-la-velocidad\/\",\"name\":\"Municipalidad de Laja inicia instalaci\u00f3n bandas de alerta para reforzar la seguridad vial y reducir la velocidad - Municipalidad de Laja\",\"isPartOf\":{\"@id\":\"https:\/\/munilaja.cl\/w\/#website\"},\"primaryImageOfPage\":{\"@id\":\"https:\/\/munilaja.cl\/w\/municipalidad-de-laja-inicia-instalacion-bandas-de-alerta-para-reforzar-la-seguridad-vial-y-reducir-la-velocidad\/#primaryimage\"},\"image\":{\"@id\":\"https:\/\/munilaja.cl\/w\/municipalidad-de-laja-inicia-instalacion-bandas-de-alerta-para-reforzar-la-seguridad-vial-y-reducir-la-velocidad\/#primaryimage\"},\"thumbnailUrl\":\"https:\/\/munilaja.cl\/w\/wp-content\/uploads\/2026\/01\/1-scaled.jpeg\",\"datePublished\":\"2026-01-16T18:40:55+00:00\",\"dateModified\":\"2026-01-16T18:40:56+00:00\",\"breadcrumb\":{\"@id\":\"https:\/\/munilaja.cl\/w\/municipalidad-de-laja-inicia-instalacion-bandas-de-alerta-para-reforzar-la-seguridad-vial-y-reducir-la-velocidad\/#breadcrumb\"},\"inLanguage\":\"es\",\"potentialAction\":[{\"@type\":\"ReadAction\",\"target\":[\"https:\/\/munilaja.cl\/w\/municipalidad-de-laja-inicia-instalacion-bandas-de-alerta-para-reforzar-la-seguridad-vial-y-reducir-la-velocidad\/\"]}]},{\"@type\":\"ImageObject\",\"inLanguage\":\"es\",\"@id\":\"https:\/\/munilaja.cl\/w\/municipalidad-de-laja-inicia-instalacion-bandas-de-alerta-para-reforzar-la-seguridad-vial-y-reducir-la-velocidad\/#primaryimage\",\"url\":\"https:\/\/munilaja.cl\/w\/wp-content\/uploads\/2026\/01\/1-scaled.jpeg\",\"contentUrl\":\"https:\/\/munilaja.cl\/w\/wp-content\/uploads\/2026\/01\/1-scaled.jpeg\",\"width\":2560,\"height\":1440},{\"@type\":\"BreadcrumbList\",\"@id\":\"https:\/\/munilaja.cl\/w\/municipalidad-de-laja-inicia-instalacion-bandas-de-alerta-para-reforzar-la-seguridad-vial-y-reducir-la-velocidad\/#breadcrumb\",\"itemListElement\":[{\"@type\":\"ListItem\",\"position\":1,\"name\":\"Portada\",\"item\":\"https:\/\/munilaja.cl\/w\/\"},{\"@type\":\"ListItem\",\"position\":2,\"name\":\"Municipalidad de Laja inicia instalaci\u00f3n bandas de alerta para reforzar la seguridad vial y reducir la velocidad\"}]},{\"@type\":\"WebSite\",\"@id\":\"https:\/\/munilaja.cl\/w\/#website\",\"url\":\"https:\/\/munilaja.cl\/w\/\",\"name\":\"Municipalidad de Laja\",\"description\":\"Web Municipal\",\"publisher\":{\"@id\":\"https:\/\/munilaja.cl\/w\/#organization\"},\"potentialAction\":[{\"@type\":\"SearchAction\",\"target\":{\"@type\":\"EntryPoint\",\"urlTemplate\":\"https:\/\/munilaja.cl\/w\/?s={search_term_string}\"},\"query-input\":{\"@type\":\"PropertyValueSpecification\",\"valueRequired\":true,\"valueName\":\"search_term_string\"}}],\"inLanguage\":\"es\"},{\"@type\":\"Organization\",\"@id\":\"https:\/\/munilaja.cl\/w\/#organization\",\"name\":\"Municipalidad de Laja\",\"url\":\"https:\/\/munilaja.cl\/w\/\",\"logo\":{\"@type\":\"ImageObject\",\"inLanguage\":\"es\",\"@id\":\"https:\/\/munilaja.cl\/w\/#\/schema\/logo\/image\/\",\"url\":\"https:\/\/munilaja.cl\/w\/wp-content\/uploads\/2024\/11\/ESCUDO-LAJA-LETRAS-BLANCAS-LOGO-WEB.png\",\"contentUrl\":\"https:\/\/munilaja.cl\/w\/wp-content\/uploads\/2024\/11\/ESCUDO-LAJA-LETRAS-BLANCAS-LOGO-WEB.png\",\"width\":150,\"height\":150,\"caption\":\"Municipalidad de Laja\"},\"image\":{\"@id\":\"https:\/\/munilaja.cl\/w\/#\/schema\/logo\/image\/\"}},{\"@type\":\"Person\",\"@id\":\"https:\/\/munilaja.cl\/w\/#\/schema\/person\/4650348f4978773bf1c5b31f9c7da744\",\"name\":\"Administrador\",\"url\":\"https:\/\/munilaja.cl\/w\/author\/rssmunilaja\/\"}]}<\/script>\n<!-- \/ Yoast SEO plugin. -->","yoast_head_json":{"title":"Municipalidad de Laja inicia instalaci\u00f3n bandas de alerta para reforzar la seguridad vial y reducir la velocidad - Municipalidad de Laja","robots":{"index":"index","follow":"follow","max-snippet":"max-snippet:-1","max-image-preview":"max-image-preview:large","max-video-preview":"max-video-preview:-1"},"canonical":"https:\/\/munilaja.cl\/w\/municipalidad-de-laja-inicia-instalacion-bandas-de-alerta-para-reforzar-la-seguridad-vial-y-reducir-la-velocidad\/","og_locale":"es_ES","og_type":"article","og_title":"Municipalidad de Laja inicia instalaci\u00f3n bandas de alerta para reforzar la seguridad vial y reducir la velocidad - Municipalidad de Laja","og_description":"Con el objetivo de prevenir accidentes de tr\u00e1nsito y resguardar la seguridad de peatones y conductores, la Municipalidad de Laja lleva a cabo la instalaci\u00f3n de bandas de alerta para reducci\u00f3n de velocidad en distintos puntos estrat\u00e9gicos de la comuna. Las intervenciones se est\u00e1n realizando en puntos estrat\u00e9gicos: por Avda. Los R\u00edos frente al ingreso [&hellip;]","og_url":"https:\/\/munilaja.cl\/w\/municipalidad-de-laja-inicia-instalacion-bandas-de-alerta-para-reforzar-la-seguridad-vial-y-reducir-la-velocidad\/","og_site_name":"Municipalidad de Laja","article_published_time":"2026-01-16T18:40:55+00:00","article_modified_time":"2026-01-16T18:40:56+00:00","og_image":[{"width":2560,"height":1440,"url":"https:\/\/munilaja.cl\/w\/wp-content\/uploads\/2026\/01\/1-scaled.jpeg","type":"image\/jpeg"}],"author":"Administrador","twitter_card":"summary_large_image","twitter_misc":{"Escrito por":"Administrador","Tiempo de lectura":"3 minutos"},"schema":{"@context":"https:\/\/schema.org","@graph":[{"@type":"Article","@id":"https:\/\/munilaja.cl\/w\/municipalidad-de-laja-inicia-instalacion-bandas-de-alerta-para-reforzar-la-seguridad-vial-y-reducir-la-velocidad\/#article","isPartOf":{"@id":"https:\/\/munilaja.cl\/w\/municipalidad-de-laja-inicia-instalacion-bandas-de-alerta-para-reforzar-la-seguridad-vial-y-reducir-la-velocidad\/"},"author":{"name":"Administrador","@id":"https:\/\/munilaja.cl\/w\/#\/schema\/person\/4650348f4978773bf1c5b31f9c7da744"},"headline":"Municipalidad de Laja inicia instalaci\u00f3n bandas de alerta para reforzar la seguridad vial y reducir la velocidad","datePublished":"2026-01-16T18:40:55+00:00","dateModified":"2026-01-16T18:40:56+00:00","mainEntityOfPage":{"@id":"https:\/\/munilaja.cl\/w\/municipalidad-de-laja-inicia-instalacion-bandas-de-alerta-para-reforzar-la-seguridad-vial-y-reducir-la-velocidad\/"},"wordCount":260,"publisher":{"@id":"https:\/\/munilaja.cl\/w\/#organization"},"image":{"@id":"https:\/\/munilaja.cl\/w\/municipalidad-de-laja-inicia-instalacion-bandas-de-alerta-para-reforzar-la-seguridad-vial-y-reducir-la-velocidad\/#primaryimage"},"thumbnailUrl":"https:\/\/munilaja.cl\/w\/wp-content\/uploads\/2026\/01\/1-scaled.jpeg","articleSection":["Servicio a la comunidad"],"inLanguage":"es"},{"@type":"WebPage","@id":"https:\/\/munilaja.cl\/w\/municipalidad-de-laja-inicia-instalacion-bandas-de-alerta-para-reforzar-la-seguridad-vial-y-reducir-la-velocidad\/","url":"https:\/\/munilaja.cl\/w\/municipalidad-de-laja-inicia-instalacion-bandas-de-alerta-para-reforzar-la-seguridad-vial-y-reducir-la-velocidad\/","name":"Municipalidad de Laja inicia instalaci\u00f3n bandas de alerta para reforzar la seguridad vial y reducir la velocidad - Municipalidad de Laja","isPartOf":{"@id":"https:\/\/munilaja.cl\/w\/#website"},"primaryImageOfPage":{"@id":"https:\/\/munilaja.cl\/w\/municipalidad-de-laja-inicia-instalacion-bandas-de-alerta-para-reforzar-la-seguridad-vial-y-reducir-la-velocidad\/#primaryimage"},"image":{"@id":"https:\/\/munilaja.cl\/w\/municipalidad-de-laja-inicia-instalacion-bandas-de-alerta-para-reforzar-la-seguridad-vial-y-reducir-la-velocidad\/#primaryimage"},"thumbnailUrl":"https:\/\/munilaja.cl\/w\/wp-content\/uploads\/2026\/01\/1-scaled.jpeg","datePublished":"2026-01-16T18:40:55+00:00","dateModified":"2026-01-16T18:40:56+00:00","breadcrumb":{"@id":"https:\/\/munilaja.cl\/w\/municipalidad-de-laja-inicia-instalacion-bandas-de-alerta-para-reforzar-la-seguridad-vial-y-reducir-la-velocidad\/#breadcrumb"},"inLanguage":"es","potentialAction":[{"@type":"ReadAction","target":["https:\/\/munilaja.cl\/w\/municipalidad-de-laja-inicia-instalacion-bandas-de-alerta-para-reforzar-la-seguridad-vial-y-reducir-la-velocidad\/"]}]},{"@type":"ImageObject","inLanguage":"es","@id":"https:\/\/munilaja.cl\/w\/municipalidad-de-laja-inicia-instalacion-bandas-de-alerta-para-reforzar-la-seguridad-vial-y-reducir-la-velocidad\/#primaryimage","url":"https:\/\/munilaja.cl\/w\/wp-content\/uploads\/2026\/01\/1-scaled.jpeg","contentUrl":"https:\/\/munilaja.cl\/w\/wp-content\/uploads\/2026\/01\/1-scaled.jpeg","width":2560,"height":1440},{"@type":"BreadcrumbList","@id":"https:\/\/munilaja.cl\/w\/municipalidad-de-laja-inicia-instalacion-bandas-de-alerta-para-reforzar-la-seguridad-vial-y-reducir-la-velocidad\/#breadcrumb","itemListElement":[{"@type":"ListItem","position":1,"name":"Portada","item":"https:\/\/munilaja.cl\/w\/"},{"@type":"ListItem","position":2,"name":"Municipalidad de Laja inicia instalaci\u00f3n bandas de alerta para reforzar la seguridad vial y reducir la velocidad"}]},{"@type":"WebSite","@id":"https:\/\/munilaja.cl\/w\/#website","url":"https:\/\/munilaja.cl\/w\/","name":"Municipalidad de Laja","description":"Web Municipal","publisher":{"@id":"https:\/\/munilaja.cl\/w\/#organization"},"potentialAction":[{"@type":"SearchAction","target":{"@type":"EntryPoint","urlTemplate":"https:\/\/munilaja.cl\/w\/?s={search_term_string}"},"query-input":{"@type":"PropertyValueSpecification","valueRequired":true,"valueName":"search_term_string"}}],"inLanguage":"es"},{"@type":"Organization","@id":"https:\/\/munilaja.cl\/w\/#organization","name":"Municipalidad de Laja","url":"https:\/\/munilaja.cl\/w\/","logo":{"@type":"ImageObject","inLanguage":"es","@id":"https:\/\/munilaja.cl\/w\/#\/schema\/logo\/image\/","url":"https:\/\/munilaja.cl\/w\/wp-content\/uploads\/2024\/11\/ESCUDO-LAJA-LETRAS-BLANCAS-LOGO-WEB.png","contentUrl":"https:\/\/munilaja.cl\/w\/wp-content\/uploads\/2024\/11\/ESCUDO-LAJA-LETRAS-BLANCAS-LOGO-WEB.png","width":150,"height":150,"caption":"Municipalidad de Laja"},"image":{"@id":"https:\/\/munilaja.cl\/w\/#\/schema\/logo\/image\/"}},{"@type":"Person","@id":"https:\/\/munilaja.cl\/w\/#\/schema\/person\/4650348f4978773bf1c5b31f9c7da744","name":"Administrador","url":"https:\/\/munilaja.cl\/w\/author\/rssmunilaja\/"}]}},"_links":{"self":[{"href":"https:\/\/munilaja.cl\/w\/wp-json\/wp\/v2\/posts\/73707"}],"collection":[{"href":"https:\/\/munilaja.cl\/w\/wp-json\/wp\/v2\/posts"}],"about":[{"href":"https:\/\/munilaja.cl\/w\/wp-json\/wp\/v2\/types\/post"}],"author":[{"embeddable":true,"href":"https:\/\/munilaja.cl\/w\/wp-json\/wp\/v2\/users\/11"}],"replies":[{"embeddable":true,"href":"https:\/\/munilaja.cl\/w\/wp-json\/wp\/v2\/comments?post=73707"}],"version-history":[{"count":1,"href":"https:\/\/munilaja.cl\/w\/wp-json\/wp\/v2\/posts\/73707\/revisions"}],"predecessor-version":[{"id":73713,"href":"https:\/\/munilaja.cl\/w\/wp-json\/wp\/v2\/posts\/73707\/revisions\/73713"}],"wp:featuredmedia":[{"embeddable":true,"href":"https:\/\/munilaja.cl\/w\/wp-json\/wp\/v2\/media\/73708"}],"wp:attachment":[{"href":"https:\/\/munilaja.cl\/w\/wp-json\/wp\/v2\/media?parent=73707"}],"wp:term":[{"taxonomy":"category","embeddable":true,"href":"https:\/\/munilaja.cl\/w\/wp-json\/wp\/v2\/categories?post=73707"},{"taxonomy":"post_tag","embeddable":true,"href":"https:\/\/munilaja.cl\/w\/wp-json\/wp\/v2\/tags?post=73707"}],"curies":[{"name":"wp","href":"https:\/\/api.w.org\/{rel}","templated":true}]}}