{"id":73689,"date":"2026-01-07T08:43:04","date_gmt":"2026-01-07T12:43:04","guid":{"rendered":"https:\/\/munilaja.cl\/w\/?p=73689"},"modified":"2026-01-07T08:43:05","modified_gmt":"2026-01-07T12:43:05","slug":"postulacion-trilla-2026-comerciantes-y-emprendedores-de-laja","status":"publish","type":"post","link":"https:\/\/munilaja.cl\/w\/postulacion-trilla-2026-comerciantes-y-emprendedores-de-laja\/","title":{"rendered":"POSTULACI\u00d3N TRILLA 2026 | COMERCIANTES Y EMPRENDEDORES DE LAJA"},"content":{"rendered":"\n<p>La <strong>Municipalidad de Laja<\/strong> invita a comerciantes y emprendedores de la comuna a postular para participar en la <strong>Trilla 2026<\/strong>, una tradicional celebraci\u00f3n que pone en valor nuestras costumbres, la gastronom\u00eda y el emprendimiento local.<\/p>\n\n\n\n<p><\/p>\n\n\n\n<h4 class=\"wp-block-heading\"><strong>CATEGOR\u00cdAS DE POSTULACI\u00d3N<\/strong><\/h4>\n\n\n\n<p>Podr\u00e1n postular quienes desarrollen actividades en las siguientes \u00e1reas:<\/p>\n\n\n\n<p><\/p>\n\n\n\n<ul class=\"wp-block-list\">\n<li><strong>Cociner\u00eda<\/strong>: Venta obligatoria de COLACIONES Y PLATOS T\u00cdPICOS de tipo costumbrista o campestre. Debe vender a lo menos tres tipos de men\u00fa, los cuales debe indicar al momento de entregar el formulario.<\/li>\n\n\n\n<li><strong>Gastronom\u00eda<\/strong>: Venta de COMIDA DE MENOR ELABORACI\u00d3N O AL PASO: empanadas, sopaipillas,<\/li>\n\n\n\n<li>completos, salchipapas, jugos naturales, cafeter\u00eda, reposter\u00eda, pizzer\u00eda etc. Se incluye tambi\u00e9n las CERVECER\u00cdAS. Quien postula esta categor\u00eda no puede vender colaciones o platos del rubro Cociner\u00eda.<\/li>\n\n\n\n<li><strong>Feria de emprendimiento<\/strong>: Venta de productos de elaboraci\u00f3n propia (madera, conservas, cueros,bisuter\u00eda, talabarter\u00eda, flores etc). Se privilegiar\u00e1 aquellos que posean artesan\u00edas t\u00edpicas y productos de creaci\u00f3n y elaboraci\u00f3n propia en el proceso de selecci\u00f3n. No est\u00e1 autorizada la venta de alimentos.<\/li>\n\n\n\n<li><strong>Food trucks:<\/strong> poseer resoluci\u00f3n sanitaria y certificaci\u00f3n el\u00e9ctrica PLANO TEE1. Generador propio.<\/li>\n\n\n\n<li><strong>Carros de palomitas:<\/strong> venta de palomitas, algodones, bebidas o lo que indique exclusivamente su Resoluci\u00f3n Sanitaria, la cual debe adjuntar en el formulario. Deber\u00e1 llevar su generador propio.<\/li>\n\n\n\n<li><strong>Juegos:<\/strong> Implica Camas El\u00e1sticas, Juegos inflables o similares. Postulante debe llevar su propio generador.<\/li>\n<\/ul>\n\n\n\n<p><\/p>\n\n\n\n<h4 class=\"wp-block-heading\"><strong>REQUISITOS GENERALES<\/strong><\/h4>\n\n\n\n<ul class=\"wp-block-list\">\n<li>Todas y todos los postulantes deben contar con <strong>Inicio de Actividades en el Servicio de Impuestos Internos (SII)<\/strong>.<\/li>\n\n\n\n<li>Quienes no lo posean deber\u00e1n regularizar su situaci\u00f3n tributaria ante el SII y cumplir con los <strong>permisos municipales correspondientes<\/strong>, conforme a la normativa vigente.<\/li>\n<\/ul>\n\n\n\n<p><\/p>\n\n\n\n<h4 class=\"wp-block-heading\"><strong>DOCUMENTOS A ADJUNTAR<\/strong><\/h4>\n\n\n\n<p><strong>Personas Naturales<\/strong><\/p>\n\n\n\n<ul class=\"wp-block-list\">\n<li>Copia de C\u00e9dula de Identidad<\/li>\n\n\n\n<li>Registro Social de Hogares<\/li>\n\n\n\n<li>Fotograf\u00edas de los productos a vender o servicios a entregar<\/li>\n\n\n\n<li>Certificado de Inicio de Actividades en el SII (si corresponde)<\/li>\n<\/ul>\n\n\n\n<p><strong>Agrupaciones<\/strong><\/p>\n\n\n\n<ul class=\"wp-block-list\">\n<li>Certificado de Directiva Vigente.<\/li>\n\n\n\n<li>Fotocopia de C\u00e9dula de Identidad del Presidente y Tesorero.<\/li>\n\n\n\n<li>Fotocpia Carnet SII.<\/li>\n\n\n\n<li>Carta firmada y timbrada por el Presidente solicitando el puesto.<\/li>\n\n\n\n<li>Fotograf\u00edas de los productos o servicios a ofrecer.<\/li>\n<\/ul>\n\n\n\n<h4 class=\"wp-block-heading\">\ud83d\uddd3\ufe0f <strong>PLAZO Y LUGAR DE POSTULACI\u00d3N<\/strong><\/h4>\n\n\n\n<p>\ud83d\udcc5 <strong>Hasta el mi\u00e9rcoles 14 de enero de 2026<\/strong><br>\u23f0 <strong>Horario l\u00edmite: 13:30 horas<\/strong><br>\ud83d\udccd <strong>Oficina de Partes \u2013 Municipalidad de Laja<\/strong><\/p>\n\n\n\n<div data-wp-interactive=\"core\/file\" class=\"wp-block-file\"><object data-wp-bind--hidden=\"!state.hasPdfPreview\"  class=\"wp-block-file__embed\" data=\"https:\/\/munilaja.cl\/w\/wp-content\/uploads\/2026\/01\/Formulario-Postulacion-5.pdf\" type=\"application\/pdf\" style=\"width:100%;height:600px\" aria-label=\"Incrustado de Formulario Postulacion.\"><\/object><a id=\"wp-block-file--media-7d153cd8-1497-4018-822c-6392d8753f68\" href=\"https:\/\/munilaja.cl\/w\/wp-content\/uploads\/2026\/01\/Formulario-Postulacion-5.pdf\">Formulario Postulacion<\/a><a href=\"https:\/\/munilaja.cl\/w\/wp-content\/uploads\/2026\/01\/Formulario-Postulacion-5.pdf\" class=\"wp-block-file__button wp-element-button\" download aria-describedby=\"wp-block-file--media-7d153cd8-1497-4018-822c-6392d8753f68\">Descarga<\/a><\/div>\n","protected":false},"excerpt":{"rendered":"<p>La Municipalidad de Laja invita a comerciantes y emprendedores de la comuna a postular para participar en la Trilla 2026, una tradicional celebraci\u00f3n que pone en valor nuestras costumbres, la gastronom\u00eda y el emprendimiento local. CATEGOR\u00cdAS DE POSTULACI\u00d3N Podr\u00e1n postular quienes desarrollen actividades en las siguientes \u00e1reas: REQUISITOS GENERALES DOCUMENTOS A ADJUNTAR Personas Naturales Agrupaciones [&hellip;]<\/p>\n","protected":false},"author":11,"featured_media":73696,"comment_status":"closed","ping_status":"closed","sticky":false,"template":"","format":"standard","meta":{"zakra_sidebar_layout":"customizer","zakra_remove_content_margin":false,"zakra_sidebar":"customizer","zakra_transparent_header":"customizer","zakra_logo":0,"zakra_main_header_style":"default","zakra_menu_item_color":"","zakra_menu_item_hover_color":"","zakra_menu_item_active_color":"","zakra_menu_active_style":"zakra_menu_active_style","zakra_page_header":true,"footnotes":""},"categories":[17],"tags":[],"class_list":["post-73689","post","type-post","status-publish","format-standard","has-post-thumbnail","hentry","category-servicio-a-la-comunidad"],"yoast_head":"<!-- This site is optimized with the Yoast SEO plugin v24.0 - https:\/\/yoast.com\/wordpress\/plugins\/seo\/ -->\n<title>POSTULACI\u00d3N TRILLA 2026 | COMERCIANTES Y EMPRENDEDORES DE LAJA - Municipalidad de Laja<\/title>\n<meta name=\"robots\" content=\"index, follow, max-snippet:-1, max-image-preview:large, max-video-preview:-1\" \/>\n<link rel=\"canonical\" href=\"https:\/\/munilaja.cl\/w\/postulacion-trilla-2026-comerciantes-y-emprendedores-de-laja\/\" \/>\n<meta property=\"og:locale\" content=\"es_ES\" \/>\n<meta property=\"og:type\" content=\"article\" \/>\n<meta property=\"og:title\" content=\"POSTULACI\u00d3N TRILLA 2026 | COMERCIANTES Y EMPRENDEDORES DE LAJA - Municipalidad de Laja\" \/>\n<meta property=\"og:description\" content=\"La Municipalidad de Laja invita a comerciantes y emprendedores de la comuna a postular para participar en la Trilla 2026, una tradicional celebraci\u00f3n que pone en valor nuestras costumbres, la gastronom\u00eda y el emprendimiento local. CATEGOR\u00cdAS DE POSTULACI\u00d3N Podr\u00e1n postular quienes desarrollen actividades en las siguientes \u00e1reas: REQUISITOS GENERALES DOCUMENTOS A ADJUNTAR Personas Naturales Agrupaciones [&hellip;]\" \/>\n<meta property=\"og:url\" content=\"https:\/\/munilaja.cl\/w\/postulacion-trilla-2026-comerciantes-y-emprendedores-de-laja\/\" \/>\n<meta property=\"og:site_name\" content=\"Municipalidad de Laja\" \/>\n<meta property=\"article:published_time\" content=\"2026-01-07T12:43:04+00:00\" \/>\n<meta property=\"article:modified_time\" content=\"2026-01-07T12:43:05+00:00\" \/>\n<meta property=\"og:image\" content=\"https:\/\/munilaja.cl\/w\/wp-content\/uploads\/2026\/01\/trilla-afiche-200-formulario-de-inscripcion.jpg\" \/>\n\t<meta property=\"og:image:width\" content=\"1080\" \/>\n\t<meta property=\"og:image:height\" content=\"1350\" \/>\n\t<meta property=\"og:image:type\" content=\"image\/jpeg\" \/>\n<meta name=\"author\" content=\"Administrador\" \/>\n<meta name=\"twitter:card\" content=\"summary_large_image\" \/>\n<meta name=\"twitter:label1\" content=\"Escrito por\" \/>\n\t<meta name=\"twitter:data1\" content=\"Administrador\" \/>\n\t<meta name=\"twitter:label2\" content=\"Tiempo de lectura\" \/>\n\t<meta name=\"twitter:data2\" content=\"2 minutos\" \/>\n<script type=\"application\/ld+json\" class=\"yoast-schema-graph\">{\"@context\":\"https:\/\/schema.org\",\"@graph\":[{\"@type\":\"Article\",\"@id\":\"https:\/\/munilaja.cl\/w\/postulacion-trilla-2026-comerciantes-y-emprendedores-de-laja\/#article\",\"isPartOf\":{\"@id\":\"https:\/\/munilaja.cl\/w\/postulacion-trilla-2026-comerciantes-y-emprendedores-de-laja\/\"},\"author\":{\"name\":\"Administrador\",\"@id\":\"https:\/\/munilaja.cl\/w\/#\/schema\/person\/4650348f4978773bf1c5b31f9c7da744\"},\"headline\":\"POSTULACI\u00d3N TRILLA 2026 | COMERCIANTES Y EMPRENDEDORES DE LAJA\",\"datePublished\":\"2026-01-07T12:43:04+00:00\",\"dateModified\":\"2026-01-07T12:43:05+00:00\",\"mainEntityOfPage\":{\"@id\":\"https:\/\/munilaja.cl\/w\/postulacion-trilla-2026-comerciantes-y-emprendedores-de-laja\/\"},\"wordCount\":394,\"publisher\":{\"@id\":\"https:\/\/munilaja.cl\/w\/#organization\"},\"image\":{\"@id\":\"https:\/\/munilaja.cl\/w\/postulacion-trilla-2026-comerciantes-y-emprendedores-de-laja\/#primaryimage\"},\"thumbnailUrl\":\"https:\/\/munilaja.cl\/w\/wp-content\/uploads\/2026\/01\/trilla-afiche-200-formulario-de-inscripcion.jpg\",\"articleSection\":[\"Servicio a la comunidad\"],\"inLanguage\":\"es\"},{\"@type\":\"WebPage\",\"@id\":\"https:\/\/munilaja.cl\/w\/postulacion-trilla-2026-comerciantes-y-emprendedores-de-laja\/\",\"url\":\"https:\/\/munilaja.cl\/w\/postulacion-trilla-2026-comerciantes-y-emprendedores-de-laja\/\",\"name\":\"POSTULACI\u00d3N TRILLA 2026 | COMERCIANTES Y EMPRENDEDORES DE LAJA - Municipalidad de Laja\",\"isPartOf\":{\"@id\":\"https:\/\/munilaja.cl\/w\/#website\"},\"primaryImageOfPage\":{\"@id\":\"https:\/\/munilaja.cl\/w\/postulacion-trilla-2026-comerciantes-y-emprendedores-de-laja\/#primaryimage\"},\"image\":{\"@id\":\"https:\/\/munilaja.cl\/w\/postulacion-trilla-2026-comerciantes-y-emprendedores-de-laja\/#primaryimage\"},\"thumbnailUrl\":\"https:\/\/munilaja.cl\/w\/wp-content\/uploads\/2026\/01\/trilla-afiche-200-formulario-de-inscripcion.jpg\",\"datePublished\":\"2026-01-07T12:43:04+00:00\",\"dateModified\":\"2026-01-07T12:43:05+00:00\",\"breadcrumb\":{\"@id\":\"https:\/\/munilaja.cl\/w\/postulacion-trilla-2026-comerciantes-y-emprendedores-de-laja\/#breadcrumb\"},\"inLanguage\":\"es\",\"potentialAction\":[{\"@type\":\"ReadAction\",\"target\":[\"https:\/\/munilaja.cl\/w\/postulacion-trilla-2026-comerciantes-y-emprendedores-de-laja\/\"]}]},{\"@type\":\"ImageObject\",\"inLanguage\":\"es\",\"@id\":\"https:\/\/munilaja.cl\/w\/postulacion-trilla-2026-comerciantes-y-emprendedores-de-laja\/#primaryimage\",\"url\":\"https:\/\/munilaja.cl\/w\/wp-content\/uploads\/2026\/01\/trilla-afiche-200-formulario-de-inscripcion.jpg\",\"contentUrl\":\"https:\/\/munilaja.cl\/w\/wp-content\/uploads\/2026\/01\/trilla-afiche-200-formulario-de-inscripcion.jpg\",\"width\":1080,\"height\":1350},{\"@type\":\"BreadcrumbList\",\"@id\":\"https:\/\/munilaja.cl\/w\/postulacion-trilla-2026-comerciantes-y-emprendedores-de-laja\/#breadcrumb\",\"itemListElement\":[{\"@type\":\"ListItem\",\"position\":1,\"name\":\"Portada\",\"item\":\"https:\/\/munilaja.cl\/w\/\"},{\"@type\":\"ListItem\",\"position\":2,\"name\":\"POSTULACI\u00d3N TRILLA 2026 | COMERCIANTES Y EMPRENDEDORES DE LAJA\"}]},{\"@type\":\"WebSite\",\"@id\":\"https:\/\/munilaja.cl\/w\/#website\",\"url\":\"https:\/\/munilaja.cl\/w\/\",\"name\":\"Municipalidad de Laja\",\"description\":\"Web Municipal\",\"publisher\":{\"@id\":\"https:\/\/munilaja.cl\/w\/#organization\"},\"potentialAction\":[{\"@type\":\"SearchAction\",\"target\":{\"@type\":\"EntryPoint\",\"urlTemplate\":\"https:\/\/munilaja.cl\/w\/?s={search_term_string}\"},\"query-input\":{\"@type\":\"PropertyValueSpecification\",\"valueRequired\":true,\"valueName\":\"search_term_string\"}}],\"inLanguage\":\"es\"},{\"@type\":\"Organization\",\"@id\":\"https:\/\/munilaja.cl\/w\/#organization\",\"name\":\"Municipalidad de Laja\",\"url\":\"https:\/\/munilaja.cl\/w\/\",\"logo\":{\"@type\":\"ImageObject\",\"inLanguage\":\"es\",\"@id\":\"https:\/\/munilaja.cl\/w\/#\/schema\/logo\/image\/\",\"url\":\"https:\/\/munilaja.cl\/w\/wp-content\/uploads\/2024\/11\/ESCUDO-LAJA-LETRAS-BLANCAS-LOGO-WEB.png\",\"contentUrl\":\"https:\/\/munilaja.cl\/w\/wp-content\/uploads\/2024\/11\/ESCUDO-LAJA-LETRAS-BLANCAS-LOGO-WEB.png\",\"width\":150,\"height\":150,\"caption\":\"Municipalidad de Laja\"},\"image\":{\"@id\":\"https:\/\/munilaja.cl\/w\/#\/schema\/logo\/image\/\"}},{\"@type\":\"Person\",\"@id\":\"https:\/\/munilaja.cl\/w\/#\/schema\/person\/4650348f4978773bf1c5b31f9c7da744\",\"name\":\"Administrador\",\"url\":\"https:\/\/munilaja.cl\/w\/author\/rssmunilaja\/\"}]}<\/script>\n<!-- \/ Yoast SEO plugin. -->","yoast_head_json":{"title":"POSTULACI\u00d3N TRILLA 2026 | COMERCIANTES Y EMPRENDEDORES DE LAJA - Municipalidad de Laja","robots":{"index":"index","follow":"follow","max-snippet":"max-snippet:-1","max-image-preview":"max-image-preview:large","max-video-preview":"max-video-preview:-1"},"canonical":"https:\/\/munilaja.cl\/w\/postulacion-trilla-2026-comerciantes-y-emprendedores-de-laja\/","og_locale":"es_ES","og_type":"article","og_title":"POSTULACI\u00d3N TRILLA 2026 | COMERCIANTES Y EMPRENDEDORES DE LAJA - Municipalidad de Laja","og_description":"La Municipalidad de Laja invita a comerciantes y emprendedores de la comuna a postular para participar en la Trilla 2026, una tradicional celebraci\u00f3n que pone en valor nuestras costumbres, la gastronom\u00eda y el emprendimiento local. CATEGOR\u00cdAS DE POSTULACI\u00d3N Podr\u00e1n postular quienes desarrollen actividades en las siguientes \u00e1reas: REQUISITOS GENERALES DOCUMENTOS A ADJUNTAR Personas Naturales Agrupaciones [&hellip;]","og_url":"https:\/\/munilaja.cl\/w\/postulacion-trilla-2026-comerciantes-y-emprendedores-de-laja\/","og_site_name":"Municipalidad de Laja","article_published_time":"2026-01-07T12:43:04+00:00","article_modified_time":"2026-01-07T12:43:05+00:00","og_image":[{"width":1080,"height":1350,"url":"https:\/\/munilaja.cl\/w\/wp-content\/uploads\/2026\/01\/trilla-afiche-200-formulario-de-inscripcion.jpg","type":"image\/jpeg"}],"author":"Administrador","twitter_card":"summary_large_image","twitter_misc":{"Escrito por":"Administrador","Tiempo de lectura":"2 minutos"},"schema":{"@context":"https:\/\/schema.org","@graph":[{"@type":"Article","@id":"https:\/\/munilaja.cl\/w\/postulacion-trilla-2026-comerciantes-y-emprendedores-de-laja\/#article","isPartOf":{"@id":"https:\/\/munilaja.cl\/w\/postulacion-trilla-2026-comerciantes-y-emprendedores-de-laja\/"},"author":{"name":"Administrador","@id":"https:\/\/munilaja.cl\/w\/#\/schema\/person\/4650348f4978773bf1c5b31f9c7da744"},"headline":"POSTULACI\u00d3N TRILLA 2026 | COMERCIANTES Y EMPRENDEDORES DE LAJA","datePublished":"2026-01-07T12:43:04+00:00","dateModified":"2026-01-07T12:43:05+00:00","mainEntityOfPage":{"@id":"https:\/\/munilaja.cl\/w\/postulacion-trilla-2026-comerciantes-y-emprendedores-de-laja\/"},"wordCount":394,"publisher":{"@id":"https:\/\/munilaja.cl\/w\/#organization"},"image":{"@id":"https:\/\/munilaja.cl\/w\/postulacion-trilla-2026-comerciantes-y-emprendedores-de-laja\/#primaryimage"},"thumbnailUrl":"https:\/\/munilaja.cl\/w\/wp-content\/uploads\/2026\/01\/trilla-afiche-200-formulario-de-inscripcion.jpg","articleSection":["Servicio a la comunidad"],"inLanguage":"es"},{"@type":"WebPage","@id":"https:\/\/munilaja.cl\/w\/postulacion-trilla-2026-comerciantes-y-emprendedores-de-laja\/","url":"https:\/\/munilaja.cl\/w\/postulacion-trilla-2026-comerciantes-y-emprendedores-de-laja\/","name":"POSTULACI\u00d3N TRILLA 2026 | COMERCIANTES Y EMPRENDEDORES DE LAJA - Municipalidad de Laja","isPartOf":{"@id":"https:\/\/munilaja.cl\/w\/#website"},"primaryImageOfPage":{"@id":"https:\/\/munilaja.cl\/w\/postulacion-trilla-2026-comerciantes-y-emprendedores-de-laja\/#primaryimage"},"image":{"@id":"https:\/\/munilaja.cl\/w\/postulacion-trilla-2026-comerciantes-y-emprendedores-de-laja\/#primaryimage"},"thumbnailUrl":"https:\/\/munilaja.cl\/w\/wp-content\/uploads\/2026\/01\/trilla-afiche-200-formulario-de-inscripcion.jpg","datePublished":"2026-01-07T12:43:04+00:00","dateModified":"2026-01-07T12:43:05+00:00","breadcrumb":{"@id":"https:\/\/munilaja.cl\/w\/postulacion-trilla-2026-comerciantes-y-emprendedores-de-laja\/#breadcrumb"},"inLanguage":"es","potentialAction":[{"@type":"ReadAction","target":["https:\/\/munilaja.cl\/w\/postulacion-trilla-2026-comerciantes-y-emprendedores-de-laja\/"]}]},{"@type":"ImageObject","inLanguage":"es","@id":"https:\/\/munilaja.cl\/w\/postulacion-trilla-2026-comerciantes-y-emprendedores-de-laja\/#primaryimage","url":"https:\/\/munilaja.cl\/w\/wp-content\/uploads\/2026\/01\/trilla-afiche-200-formulario-de-inscripcion.jpg","contentUrl":"https:\/\/munilaja.cl\/w\/wp-content\/uploads\/2026\/01\/trilla-afiche-200-formulario-de-inscripcion.jpg","width":1080,"height":1350},{"@type":"BreadcrumbList","@id":"https:\/\/munilaja.cl\/w\/postulacion-trilla-2026-comerciantes-y-emprendedores-de-laja\/#breadcrumb","itemListElement":[{"@type":"ListItem","position":1,"name":"Portada","item":"https:\/\/munilaja.cl\/w\/"},{"@type":"ListItem","position":2,"name":"POSTULACI\u00d3N TRILLA 2026 | COMERCIANTES Y EMPRENDEDORES DE LAJA"}]},{"@type":"WebSite","@id":"https:\/\/munilaja.cl\/w\/#website","url":"https:\/\/munilaja.cl\/w\/","name":"Municipalidad de Laja","description":"Web Municipal","publisher":{"@id":"https:\/\/munilaja.cl\/w\/#organization"},"potentialAction":[{"@type":"SearchAction","target":{"@type":"EntryPoint","urlTemplate":"https:\/\/munilaja.cl\/w\/?s={search_term_string}"},"query-input":{"@type":"PropertyValueSpecification","valueRequired":true,"valueName":"search_term_string"}}],"inLanguage":"es"},{"@type":"Organization","@id":"https:\/\/munilaja.cl\/w\/#organization","name":"Municipalidad de Laja","url":"https:\/\/munilaja.cl\/w\/","logo":{"@type":"ImageObject","inLanguage":"es","@id":"https:\/\/munilaja.cl\/w\/#\/schema\/logo\/image\/","url":"https:\/\/munilaja.cl\/w\/wp-content\/uploads\/2024\/11\/ESCUDO-LAJA-LETRAS-BLANCAS-LOGO-WEB.png","contentUrl":"https:\/\/munilaja.cl\/w\/wp-content\/uploads\/2024\/11\/ESCUDO-LAJA-LETRAS-BLANCAS-LOGO-WEB.png","width":150,"height":150,"caption":"Municipalidad de Laja"},"image":{"@id":"https:\/\/munilaja.cl\/w\/#\/schema\/logo\/image\/"}},{"@type":"Person","@id":"https:\/\/munilaja.cl\/w\/#\/schema\/person\/4650348f4978773bf1c5b31f9c7da744","name":"Administrador","url":"https:\/\/munilaja.cl\/w\/author\/rssmunilaja\/"}]}},"_links":{"self":[{"href":"https:\/\/munilaja.cl\/w\/wp-json\/wp\/v2\/posts\/73689"}],"collection":[{"href":"https:\/\/munilaja.cl\/w\/wp-json\/wp\/v2\/posts"}],"about":[{"href":"https:\/\/munilaja.cl\/w\/wp-json\/wp\/v2\/types\/post"}],"author":[{"embeddable":true,"href":"https:\/\/munilaja.cl\/w\/wp-json\/wp\/v2\/users\/11"}],"replies":[{"embeddable":true,"href":"https:\/\/munilaja.cl\/w\/wp-json\/wp\/v2\/comments?post=73689"}],"version-history":[{"count":1,"href":"https:\/\/munilaja.cl\/w\/wp-json\/wp\/v2\/posts\/73689\/revisions"}],"predecessor-version":[{"id":73697,"href":"https:\/\/munilaja.cl\/w\/wp-json\/wp\/v2\/posts\/73689\/revisions\/73697"}],"wp:featuredmedia":[{"embeddable":true,"href":"https:\/\/munilaja.cl\/w\/wp-json\/wp\/v2\/media\/73696"}],"wp:attachment":[{"href":"https:\/\/munilaja.cl\/w\/wp-json\/wp\/v2\/media?parent=73689"}],"wp:term":[{"taxonomy":"category","embeddable":true,"href":"https:\/\/munilaja.cl\/w\/wp-json\/wp\/v2\/categories?post=73689"},{"taxonomy":"post_tag","embeddable":true,"href":"https:\/\/munilaja.cl\/w\/wp-json\/wp\/v2\/tags?post=73689"}],"curies":[{"name":"wp","href":"https:\/\/api.w.org\/{rel}","templated":true}]}}