{"id":73637,"date":"2025-12-26T14:50:02","date_gmt":"2025-12-26T18:50:02","guid":{"rendered":"https:\/\/munilaja.cl\/w\/?p=73637"},"modified":"2025-12-26T14:50:34","modified_gmt":"2025-12-26T18:50:34","slug":"exitosa-evaluacion-del-parque-navideno-de-laja-consolida-una-nueva-tradicion-familiar-en-la-comuna","status":"publish","type":"post","link":"https:\/\/munilaja.cl\/w\/exitosa-evaluacion-del-parque-navideno-de-laja-consolida-una-nueva-tradicion-familiar-en-la-comuna\/","title":{"rendered":"EXITOSA EVALUACI\u00d3N DEL PARQUE NAVIDE\u00d1O DE LAJA CONSOLIDA UNA NUEVA TRADICI\u00d3N FAMILIAR EN LA COMUNA"},"content":{"rendered":"\n<p>Con una positiva evaluaci\u00f3n por parte de la comunidad, finalizaron las actividades del Parque Navide\u00f1o de Laja, iniciativa impulsada por el municipio y, que durante seis jornadas consecutivas reuni\u00f3 a familias lajinas y tambi\u00e9n de la regi\u00f3n del Biob\u00edo, en torno a la celebraci\u00f3n de la Navidad y el reencuentro comunitario.<\/p>\n\n\n\n<p>Durante cada jornada, el Parque Navide\u00f1o congreg\u00f3 a cerca de 7 mil personas diarias, consolid\u00e1ndose como uno de los principales puntos de encuentro de la comuna durante el mes de diciembre. El espacio ofreci\u00f3 una variada programaci\u00f3n art\u00edstica, recreativa y familiar, promoviendo el uso del espacio p\u00fablico y fortaleciendo la participaci\u00f3n ciudadana en un entorno seguro, ordenado y festivo.<\/p>\n\n\n\n<p>El alcalde de Laja, <strong>Vladimir Fica Toledo<\/strong>, valor\u00f3 positivamente el desarrollo de la actividad y el impacto generado en la comunidad.<\/p>\n\n\n\n<p><em>\u201cEstamos muy contentos por c\u00f3mo se llevaron a cabo estos d\u00edas. Todo fue preparado con mucha dedicaci\u00f3n y responsabilidad, pensando en que nuestras familias lajinas pudieran disfrutar. Este proyecto no solo busca entregar un bonito espect\u00e1culo, sino tambi\u00e9n generar oportunidades de trabajo para el emprendimiento local. Agradezco al equipo municipal y a CMPC por su apoyo y compromiso con esta iniciativa<\/em>\u201d, se\u00f1al\u00f3 la autoridad comunal.<\/p>\n\n\n\n<p>Uno de los aspectos m\u00e1s destacados de esta versi\u00f3n fue el aumento en la participaci\u00f3n de emprendedores locales y foodtrucks, quienes pudieron exhibir y comercializar sus productos, dinamizando la econom\u00eda local y dando un sello identitario a la celebraci\u00f3n. A ello se sum\u00f3 la recaudaci\u00f3n de aportes voluntarios en beneficio del Cuerpo de Bomberos de Laja, la que super\u00f3 los 5 millones de pesos, reflejando el esp\u00edritu solidario de la comunidad.<\/p>\n\n\n\n<p>Desde el Concejo Municipal, el <strong>concejal Luis Espinoza<\/strong> destac\u00f3 el ambiente familiar vivido durante los seis d\u00edas de celebraci\u00f3n. <em>\u201cDa un gusto tremendo ver c\u00f3mo las familias han disfrutado estos d\u00edas. Hemos visto adultos mayores, j\u00f3venes y ni\u00f1os participando activamente. El ambiente que se ha generado es \u00fanico y muy significativo para nuestra comuna\u201d<\/em>, afirm\u00f3.<\/p>\n\n\n\n<p>La comunidad tambi\u00e9n valor\u00f3 positivamente la iniciativa. Gloria, vecina de Laja, destac\u00f3 la calidad de la celebraci\u00f3n. \u201cMuy bonito todo: las presentaciones, el \u00e1rbol, los juegos para los ni\u00f1os, la iluminaci\u00f3n y la feria. En los m\u00e1s de 40 a\u00f1os que llevamos viviendo en Laja, nunca hab\u00edamos visto una celebraci\u00f3n tan linda\u201d, coment\u00f3.<\/p>\n\n\n\n<p>Por su parte, <strong>Luis Abarca<\/strong> resalt\u00f3 la organizaci\u00f3n del evento<em>. \u201cLa iluminaci\u00f3n del \u00e1rbol y las presentaciones de los grupos musicales fueron muy bonitas. Felicitamos a la Municipalidad por la organizaci\u00f3n y tambi\u00e9n a CMPC por apoyar esta iniciativa\u201d,<\/em> se\u00f1al\u00f3.<\/p>\n\n\n\n<p>En tanto, <strong>Daniel Vergara<\/strong> valor\u00f3 el trabajo municipal. <em>\u201cHan sido jornadas muy hermosas para todo el pueblo lajino. Se nota el esfuerzo del municipio por organizar y convocar a los vecinos a disfrutar en familia<\/em>\u201d, indic\u00f3.<\/p>\n\n\n\n<p>Asimismo, <strong>Luis Figueroa<\/strong> destac\u00f3 el orden y la seguridad del Parque Navide\u00f1o. <em>\u201cTodo muy bien organizado: la limpieza, la seguridad, los juegos, la feria y los n\u00fameros art\u00edsticos. Se nota una planificaci\u00f3n seria y responsable<\/em>\u201d, expres\u00f3.<\/p>\n\n\n\n<p>Finalmente, Estefan\u00eda Burgos valor\u00f3 la diversidad de actividades. <em>\u201cTodo est\u00e1 muy bonito, especialmente las novedades de este a\u00f1o como la rueda de la fortuna. Es una instancia donde puede disfrutar toda la familia, desde adultos mayores hasta ni\u00f1os y j\u00f3venes, y eso se agradece\u201d,<\/em> coment\u00f3.<\/p>\n\n\n\n<p>Durante una de las jornadas tambi\u00e9n se conmemor\u00f3 el Aniversario N\u00b0134 de la comuna de Laja, reforzando el sentido de identidad local y proyectando al Parque Navide\u00f1o como una instancia que no solo celebra la Navidad, sino tambi\u00e9n la historia y proyecci\u00f3n de la comuna. Fue as\u00ed que, se relev\u00f3 el aporte de l\u00edderes sociales y representantes de la comunidad. Uno de ellos, Omar Fuentes, dirigente del sector rural Los Ci\u00e9nagos por m\u00e1s de 20 a\u00f1os, agradeci\u00f3 la distinci\u00f3n.<\/p>\n\n\n\n<p>\u201cMe voy muy contento y satisfecho por lo que hemos logrado con el apoyo de los vecinos y de las autoridades. Hemos trabajado con respeto y responsabilidad para aportar al desarrollo de nuestra querida comuna de Laja\u201d, expres\u00f3.<\/p>\n\n\n\n<p>Asimismo, Tom\u00e1s Figueroa, presidente nacional del Consejo Consultivo de Ni\u00f1os, Ni\u00f1as y Adolescentes, destac\u00f3 la importancia de visibilizar liderazgos locales. \u201cEs muy importante que se reconozca a l\u00edderes y futuros talentos de nuestra comuna. Esto demuestra que Laja es una comuna con futuro y con j\u00f3venes que pueden hacer un aporte significativo\u201d, se\u00f1al\u00f3.<\/p>\n\n\n\n<p>En definitiva, el Parque Navide\u00f1o de Laja cerr\u00f3 con un balance altamente positivo, consolid\u00e1ndose como una actividad que fortalece la vida comunitaria, impulsa el emprendimiento local y promueve la solidaridad, sentando las bases para que esta iniciativa se consolide como una tradici\u00f3n comunal y contin\u00fae creciendo en los pr\u00f3ximos a\u00f1os.<\/p>\n\n\n\n<figure class=\"wp-block-gallery has-nested-images columns-default is-cropped wp-block-gallery-1 is-layout-flex wp-block-gallery-is-layout-flex\">\n<figure class=\"wp-block-image size-large\"><a href=\"https:\/\/munilaja.cl\/w\/wp-content\/uploads\/2025\/12\/3Y9A8416-1-scaled.jpg\"><img fetchpriority=\"high\" decoding=\"async\" width=\"1024\" height=\"683\" data-id=\"73670\" src=\"https:\/\/munilaja.cl\/w\/wp-content\/uploads\/2025\/12\/3Y9A8416-1-1024x683.jpg\" alt=\"\" class=\"wp-image-73670\" srcset=\"https:\/\/munilaja.cl\/w\/wp-content\/uploads\/2025\/12\/3Y9A8416-1-1024x683.jpg 1024w, https:\/\/munilaja.cl\/w\/wp-content\/uploads\/2025\/12\/3Y9A8416-1-300x200.jpg 300w, https:\/\/munilaja.cl\/w\/wp-content\/uploads\/2025\/12\/3Y9A8416-1-768x512.jpg 768w, https:\/\/munilaja.cl\/w\/wp-content\/uploads\/2025\/12\/3Y9A8416-1-1536x1024.jpg 1536w, https:\/\/munilaja.cl\/w\/wp-content\/uploads\/2025\/12\/3Y9A8416-1-2048x1365.jpg 2048w\" sizes=\"(max-width: 1024px) 100vw, 1024px\" \/><\/a><\/figure>\n\n\n\n<figure class=\"wp-block-image size-large\"><a href=\"https:\/\/munilaja.cl\/w\/wp-content\/uploads\/2025\/12\/3Y9A8621-1-scaled.jpg\"><img decoding=\"async\" width=\"1024\" height=\"683\" data-id=\"73672\" src=\"https:\/\/munilaja.cl\/w\/wp-content\/uploads\/2025\/12\/3Y9A8621-1-1024x683.jpg\" alt=\"\" class=\"wp-image-73672\" srcset=\"https:\/\/munilaja.cl\/w\/wp-content\/uploads\/2025\/12\/3Y9A8621-1-1024x683.jpg 1024w, https:\/\/munilaja.cl\/w\/wp-content\/uploads\/2025\/12\/3Y9A8621-1-300x200.jpg 300w, https:\/\/munilaja.cl\/w\/wp-content\/uploads\/2025\/12\/3Y9A8621-1-768x512.jpg 768w, https:\/\/munilaja.cl\/w\/wp-content\/uploads\/2025\/12\/3Y9A8621-1-1536x1024.jpg 1536w, https:\/\/munilaja.cl\/w\/wp-content\/uploads\/2025\/12\/3Y9A8621-1-2048x1365.jpg 2048w\" sizes=\"(max-width: 1024px) 100vw, 1024px\" \/><\/a><\/figure>\n\n\n\n<figure class=\"wp-block-image size-large\"><a href=\"https:\/\/munilaja.cl\/w\/wp-content\/uploads\/2025\/12\/3Y9A9101-1-scaled.jpg\"><img decoding=\"async\" width=\"1024\" height=\"683\" data-id=\"73671\" src=\"https:\/\/munilaja.cl\/w\/wp-content\/uploads\/2025\/12\/3Y9A9101-1-1024x683.jpg\" alt=\"\" class=\"wp-image-73671\" srcset=\"https:\/\/munilaja.cl\/w\/wp-content\/uploads\/2025\/12\/3Y9A9101-1-1024x683.jpg 1024w, https:\/\/munilaja.cl\/w\/wp-content\/uploads\/2025\/12\/3Y9A9101-1-300x200.jpg 300w, https:\/\/munilaja.cl\/w\/wp-content\/uploads\/2025\/12\/3Y9A9101-1-768x512.jpg 768w, https:\/\/munilaja.cl\/w\/wp-content\/uploads\/2025\/12\/3Y9A9101-1-1536x1024.jpg 1536w, https:\/\/munilaja.cl\/w\/wp-content\/uploads\/2025\/12\/3Y9A9101-1-2048x1365.jpg 2048w\" sizes=\"(max-width: 1024px) 100vw, 1024px\" \/><\/a><\/figure>\n\n\n\n<figure class=\"wp-block-image size-large\"><a href=\"https:\/\/munilaja.cl\/w\/wp-content\/uploads\/2025\/12\/600278960_1185891763727432_361013827480384022_n.jpg\"><img loading=\"lazy\" decoding=\"async\" width=\"1024\" height=\"683\" data-id=\"73650\" src=\"https:\/\/munilaja.cl\/w\/wp-content\/uploads\/2025\/12\/600278960_1185891763727432_361013827480384022_n-1024x683.jpg\" alt=\"\" class=\"wp-image-73650\" srcset=\"https:\/\/munilaja.cl\/w\/wp-content\/uploads\/2025\/12\/600278960_1185891763727432_361013827480384022_n-1024x683.jpg 1024w, https:\/\/munilaja.cl\/w\/wp-content\/uploads\/2025\/12\/600278960_1185891763727432_361013827480384022_n-300x200.jpg 300w, https:\/\/munilaja.cl\/w\/wp-content\/uploads\/2025\/12\/600278960_1185891763727432_361013827480384022_n-768x512.jpg 768w, https:\/\/munilaja.cl\/w\/wp-content\/uploads\/2025\/12\/600278960_1185891763727432_361013827480384022_n-1536x1024.jpg 1536w, https:\/\/munilaja.cl\/w\/wp-content\/uploads\/2025\/12\/600278960_1185891763727432_361013827480384022_n.jpg 2048w\" sizes=\"(max-width: 1024px) 100vw, 1024px\" \/><\/a><\/figure>\n\n\n\n<figure class=\"wp-block-image size-large\"><a href=\"https:\/\/munilaja.cl\/w\/wp-content\/uploads\/2025\/12\/600918644_1185891007060841_5605971473524028325_n.jpg\"><img loading=\"lazy\" decoding=\"async\" width=\"1024\" height=\"769\" data-id=\"73646\" src=\"https:\/\/munilaja.cl\/w\/wp-content\/uploads\/2025\/12\/600918644_1185891007060841_5605971473524028325_n-1024x769.jpg\" alt=\"\" class=\"wp-image-73646\" srcset=\"https:\/\/munilaja.cl\/w\/wp-content\/uploads\/2025\/12\/600918644_1185891007060841_5605971473524028325_n-1024x769.jpg 1024w, https:\/\/munilaja.cl\/w\/wp-content\/uploads\/2025\/12\/600918644_1185891007060841_5605971473524028325_n-300x225.jpg 300w, https:\/\/munilaja.cl\/w\/wp-content\/uploads\/2025\/12\/600918644_1185891007060841_5605971473524028325_n-768x577.jpg 768w, https:\/\/munilaja.cl\/w\/wp-content\/uploads\/2025\/12\/600918644_1185891007060841_5605971473524028325_n-1536x1154.jpg 1536w, https:\/\/munilaja.cl\/w\/wp-content\/uploads\/2025\/12\/600918644_1185891007060841_5605971473524028325_n.jpg 2048w\" sizes=\"(max-width: 1024px) 100vw, 1024px\" \/><\/a><\/figure>\n\n\n\n<figure class=\"wp-block-image size-large\"><a href=\"https:\/\/munilaja.cl\/w\/wp-content\/uploads\/2025\/12\/601896702_1187580033558605_314618963815639457_n.jpg\"><img loading=\"lazy\" decoding=\"async\" width=\"1024\" height=\"769\" data-id=\"73656\" src=\"https:\/\/munilaja.cl\/w\/wp-content\/uploads\/2025\/12\/601896702_1187580033558605_314618963815639457_n-1024x769.jpg\" alt=\"\" class=\"wp-image-73656\" srcset=\"https:\/\/munilaja.cl\/w\/wp-content\/uploads\/2025\/12\/601896702_1187580033558605_314618963815639457_n-1024x769.jpg 1024w, https:\/\/munilaja.cl\/w\/wp-content\/uploads\/2025\/12\/601896702_1187580033558605_314618963815639457_n-300x225.jpg 300w, https:\/\/munilaja.cl\/w\/wp-content\/uploads\/2025\/12\/601896702_1187580033558605_314618963815639457_n-768x577.jpg 768w, https:\/\/munilaja.cl\/w\/wp-content\/uploads\/2025\/12\/601896702_1187580033558605_314618963815639457_n-1536x1154.jpg 1536w, https:\/\/munilaja.cl\/w\/wp-content\/uploads\/2025\/12\/601896702_1187580033558605_314618963815639457_n.jpg 2048w\" sizes=\"(max-width: 1024px) 100vw, 1024px\" \/><\/a><\/figure>\n\n\n\n<figure class=\"wp-block-image size-large\"><a href=\"https:\/\/munilaja.cl\/w\/wp-content\/uploads\/2025\/12\/602403279_1187580223558586_9080063106963442672_n.jpg\"><img loading=\"lazy\" decoding=\"async\" width=\"1024\" height=\"769\" data-id=\"73652\" src=\"https:\/\/munilaja.cl\/w\/wp-content\/uploads\/2025\/12\/602403279_1187580223558586_9080063106963442672_n-1024x769.jpg\" alt=\"\" class=\"wp-image-73652\" srcset=\"https:\/\/munilaja.cl\/w\/wp-content\/uploads\/2025\/12\/602403279_1187580223558586_9080063106963442672_n-1024x769.jpg 1024w, https:\/\/munilaja.cl\/w\/wp-content\/uploads\/2025\/12\/602403279_1187580223558586_9080063106963442672_n-300x225.jpg 300w, https:\/\/munilaja.cl\/w\/wp-content\/uploads\/2025\/12\/602403279_1187580223558586_9080063106963442672_n-768x577.jpg 768w, https:\/\/munilaja.cl\/w\/wp-content\/uploads\/2025\/12\/602403279_1187580223558586_9080063106963442672_n-1536x1154.jpg 1536w, https:\/\/munilaja.cl\/w\/wp-content\/uploads\/2025\/12\/602403279_1187580223558586_9080063106963442672_n.jpg 2048w\" sizes=\"(max-width: 1024px) 100vw, 1024px\" \/><\/a><\/figure>\n\n\n\n<figure class=\"wp-block-image size-large\"><a href=\"https:\/\/munilaja.cl\/w\/wp-content\/uploads\/2025\/12\/602888624_1187580283558580_6547467136911358367_n.jpg\"><img loading=\"lazy\" decoding=\"async\" width=\"1024\" height=\"769\" data-id=\"73647\" src=\"https:\/\/munilaja.cl\/w\/wp-content\/uploads\/2025\/12\/602888624_1187580283558580_6547467136911358367_n-1024x769.jpg\" alt=\"\" class=\"wp-image-73647\" srcset=\"https:\/\/munilaja.cl\/w\/wp-content\/uploads\/2025\/12\/602888624_1187580283558580_6547467136911358367_n-1024x769.jpg 1024w, https:\/\/munilaja.cl\/w\/wp-content\/uploads\/2025\/12\/602888624_1187580283558580_6547467136911358367_n-300x225.jpg 300w, https:\/\/munilaja.cl\/w\/wp-content\/uploads\/2025\/12\/602888624_1187580283558580_6547467136911358367_n-768x577.jpg 768w, https:\/\/munilaja.cl\/w\/wp-content\/uploads\/2025\/12\/602888624_1187580283558580_6547467136911358367_n-1536x1154.jpg 1536w, https:\/\/munilaja.cl\/w\/wp-content\/uploads\/2025\/12\/602888624_1187580283558580_6547467136911358367_n.jpg 2048w\" sizes=\"(max-width: 1024px) 100vw, 1024px\" \/><\/a><\/figure>\n\n\n\n<figure class=\"wp-block-image size-large\"><a href=\"https:\/\/munilaja.cl\/w\/wp-content\/uploads\/2025\/12\/602926126_1188208930162382_7634260042466300466_n.jpg\"><img loading=\"lazy\" decoding=\"async\" width=\"1024\" height=\"769\" data-id=\"73645\" src=\"https:\/\/munilaja.cl\/w\/wp-content\/uploads\/2025\/12\/602926126_1188208930162382_7634260042466300466_n-1024x769.jpg\" alt=\"\" class=\"wp-image-73645\" srcset=\"https:\/\/munilaja.cl\/w\/wp-content\/uploads\/2025\/12\/602926126_1188208930162382_7634260042466300466_n-1024x769.jpg 1024w, https:\/\/munilaja.cl\/w\/wp-content\/uploads\/2025\/12\/602926126_1188208930162382_7634260042466300466_n-300x225.jpg 300w, https:\/\/munilaja.cl\/w\/wp-content\/uploads\/2025\/12\/602926126_1188208930162382_7634260042466300466_n-768x577.jpg 768w, https:\/\/munilaja.cl\/w\/wp-content\/uploads\/2025\/12\/602926126_1188208930162382_7634260042466300466_n-1536x1154.jpg 1536w, https:\/\/munilaja.cl\/w\/wp-content\/uploads\/2025\/12\/602926126_1188208930162382_7634260042466300466_n.jpg 2048w\" sizes=\"(max-width: 1024px) 100vw, 1024px\" \/><\/a><\/figure>\n\n\n\n<figure class=\"wp-block-image size-large\"><a href=\"https:\/\/munilaja.cl\/w\/wp-content\/uploads\/2025\/12\/603087938_1188208886829053_1505961184762100899_n.jpg\"><img loading=\"lazy\" decoding=\"async\" width=\"1024\" height=\"769\" data-id=\"73651\" src=\"https:\/\/munilaja.cl\/w\/wp-content\/uploads\/2025\/12\/603087938_1188208886829053_1505961184762100899_n-1024x769.jpg\" alt=\"\" class=\"wp-image-73651\" srcset=\"https:\/\/munilaja.cl\/w\/wp-content\/uploads\/2025\/12\/603087938_1188208886829053_1505961184762100899_n-1024x769.jpg 1024w, https:\/\/munilaja.cl\/w\/wp-content\/uploads\/2025\/12\/603087938_1188208886829053_1505961184762100899_n-300x225.jpg 300w, https:\/\/munilaja.cl\/w\/wp-content\/uploads\/2025\/12\/603087938_1188208886829053_1505961184762100899_n-768x577.jpg 768w, https:\/\/munilaja.cl\/w\/wp-content\/uploads\/2025\/12\/603087938_1188208886829053_1505961184762100899_n-1536x1154.jpg 1536w, https:\/\/munilaja.cl\/w\/wp-content\/uploads\/2025\/12\/603087938_1188208886829053_1505961184762100899_n.jpg 2048w\" sizes=\"(max-width: 1024px) 100vw, 1024px\" \/><\/a><\/figure>\n\n\n\n<figure class=\"wp-block-image size-large\"><a href=\"https:\/\/munilaja.cl\/w\/wp-content\/uploads\/2025\/12\/603807648_1187579983558610_234420223329271638_n.jpg\"><img loading=\"lazy\" decoding=\"async\" width=\"1024\" height=\"769\" data-id=\"73668\" src=\"https:\/\/munilaja.cl\/w\/wp-content\/uploads\/2025\/12\/603807648_1187579983558610_234420223329271638_n-1024x769.jpg\" alt=\"\" class=\"wp-image-73668\" srcset=\"https:\/\/munilaja.cl\/w\/wp-content\/uploads\/2025\/12\/603807648_1187579983558610_234420223329271638_n-1024x769.jpg 1024w, https:\/\/munilaja.cl\/w\/wp-content\/uploads\/2025\/12\/603807648_1187579983558610_234420223329271638_n-300x225.jpg 300w, https:\/\/munilaja.cl\/w\/wp-content\/uploads\/2025\/12\/603807648_1187579983558610_234420223329271638_n-768x577.jpg 768w, https:\/\/munilaja.cl\/w\/wp-content\/uploads\/2025\/12\/603807648_1187579983558610_234420223329271638_n-1536x1154.jpg 1536w, https:\/\/munilaja.cl\/w\/wp-content\/uploads\/2025\/12\/603807648_1187579983558610_234420223329271638_n.jpg 2048w\" sizes=\"(max-width: 1024px) 100vw, 1024px\" \/><\/a><\/figure>\n\n\n\n<figure class=\"wp-block-image size-large\"><a href=\"https:\/\/munilaja.cl\/w\/wp-content\/uploads\/2025\/12\/603844051_1185891313727477_5420109901243148154_n.jpg\"><img loading=\"lazy\" decoding=\"async\" width=\"1024\" height=\"769\" data-id=\"73667\" src=\"https:\/\/munilaja.cl\/w\/wp-content\/uploads\/2025\/12\/603844051_1185891313727477_5420109901243148154_n-1024x769.jpg\" alt=\"\" class=\"wp-image-73667\" srcset=\"https:\/\/munilaja.cl\/w\/wp-content\/uploads\/2025\/12\/603844051_1185891313727477_5420109901243148154_n-1024x769.jpg 1024w, https:\/\/munilaja.cl\/w\/wp-content\/uploads\/2025\/12\/603844051_1185891313727477_5420109901243148154_n-300x225.jpg 300w, https:\/\/munilaja.cl\/w\/wp-content\/uploads\/2025\/12\/603844051_1185891313727477_5420109901243148154_n-768x577.jpg 768w, https:\/\/munilaja.cl\/w\/wp-content\/uploads\/2025\/12\/603844051_1185891313727477_5420109901243148154_n-1536x1154.jpg 1536w, https:\/\/munilaja.cl\/w\/wp-content\/uploads\/2025\/12\/603844051_1185891313727477_5420109901243148154_n.jpg 2048w\" sizes=\"(max-width: 1024px) 100vw, 1024px\" \/><\/a><\/figure>\n\n\n\n<figure class=\"wp-block-image size-large\"><a href=\"https:\/\/munilaja.cl\/w\/wp-content\/uploads\/2025\/12\/603845721_1188208993495709_2076541549290784296_n.jpg\"><img loading=\"lazy\" decoding=\"async\" width=\"1024\" height=\"769\" data-id=\"73649\" src=\"https:\/\/munilaja.cl\/w\/wp-content\/uploads\/2025\/12\/603845721_1188208993495709_2076541549290784296_n-1024x769.jpg\" alt=\"\" class=\"wp-image-73649\" srcset=\"https:\/\/munilaja.cl\/w\/wp-content\/uploads\/2025\/12\/603845721_1188208993495709_2076541549290784296_n-1024x769.jpg 1024w, https:\/\/munilaja.cl\/w\/wp-content\/uploads\/2025\/12\/603845721_1188208993495709_2076541549290784296_n-300x225.jpg 300w, https:\/\/munilaja.cl\/w\/wp-content\/uploads\/2025\/12\/603845721_1188208993495709_2076541549290784296_n-768x577.jpg 768w, https:\/\/munilaja.cl\/w\/wp-content\/uploads\/2025\/12\/603845721_1188208993495709_2076541549290784296_n-1536x1154.jpg 1536w, https:\/\/munilaja.cl\/w\/wp-content\/uploads\/2025\/12\/603845721_1188208993495709_2076541549290784296_n.jpg 2048w\" sizes=\"(max-width: 1024px) 100vw, 1024px\" \/><\/a><\/figure>\n\n\n\n<figure class=\"wp-block-image size-large\"><a href=\"https:\/\/munilaja.cl\/w\/wp-content\/uploads\/2025\/12\/603864722_1188208683495740_3100019357802351012_n.jpg\"><img loading=\"lazy\" decoding=\"async\" width=\"1024\" height=\"769\" data-id=\"73669\" src=\"https:\/\/munilaja.cl\/w\/wp-content\/uploads\/2025\/12\/603864722_1188208683495740_3100019357802351012_n-1024x769.jpg\" alt=\"\" class=\"wp-image-73669\" srcset=\"https:\/\/munilaja.cl\/w\/wp-content\/uploads\/2025\/12\/603864722_1188208683495740_3100019357802351012_n-1024x769.jpg 1024w, https:\/\/munilaja.cl\/w\/wp-content\/uploads\/2025\/12\/603864722_1188208683495740_3100019357802351012_n-300x225.jpg 300w, https:\/\/munilaja.cl\/w\/wp-content\/uploads\/2025\/12\/603864722_1188208683495740_3100019357802351012_n-768x577.jpg 768w, https:\/\/munilaja.cl\/w\/wp-content\/uploads\/2025\/12\/603864722_1188208683495740_3100019357802351012_n-1536x1154.jpg 1536w, https:\/\/munilaja.cl\/w\/wp-content\/uploads\/2025\/12\/603864722_1188208683495740_3100019357802351012_n.jpg 2048w\" sizes=\"(max-width: 1024px) 100vw, 1024px\" \/><\/a><\/figure>\n\n\n\n<figure class=\"wp-block-image size-large\"><a href=\"https:\/\/munilaja.cl\/w\/wp-content\/uploads\/2025\/12\/603883701_1185890997060842_2298945496383291639_n.jpg\"><img loading=\"lazy\" decoding=\"async\" width=\"1024\" height=\"769\" data-id=\"73662\" src=\"https:\/\/munilaja.cl\/w\/wp-content\/uploads\/2025\/12\/603883701_1185890997060842_2298945496383291639_n-1024x769.jpg\" alt=\"\" class=\"wp-image-73662\" srcset=\"https:\/\/munilaja.cl\/w\/wp-content\/uploads\/2025\/12\/603883701_1185890997060842_2298945496383291639_n-1024x769.jpg 1024w, https:\/\/munilaja.cl\/w\/wp-content\/uploads\/2025\/12\/603883701_1185890997060842_2298945496383291639_n-300x225.jpg 300w, https:\/\/munilaja.cl\/w\/wp-content\/uploads\/2025\/12\/603883701_1185890997060842_2298945496383291639_n-768x577.jpg 768w, https:\/\/munilaja.cl\/w\/wp-content\/uploads\/2025\/12\/603883701_1185890997060842_2298945496383291639_n-1536x1154.jpg 1536w, https:\/\/munilaja.cl\/w\/wp-content\/uploads\/2025\/12\/603883701_1185890997060842_2298945496383291639_n.jpg 2048w\" sizes=\"(max-width: 1024px) 100vw, 1024px\" \/><\/a><\/figure>\n\n\n\n<figure class=\"wp-block-image size-large\"><a href=\"https:\/\/munilaja.cl\/w\/wp-content\/uploads\/2025\/12\/603958341_1188208620162413_4224675303866361295_n.jpg\"><img loading=\"lazy\" decoding=\"async\" width=\"1024\" height=\"769\" data-id=\"73659\" src=\"https:\/\/munilaja.cl\/w\/wp-content\/uploads\/2025\/12\/603958341_1188208620162413_4224675303866361295_n-1024x769.jpg\" alt=\"\" class=\"wp-image-73659\" srcset=\"https:\/\/munilaja.cl\/w\/wp-content\/uploads\/2025\/12\/603958341_1188208620162413_4224675303866361295_n-1024x769.jpg 1024w, https:\/\/munilaja.cl\/w\/wp-content\/uploads\/2025\/12\/603958341_1188208620162413_4224675303866361295_n-300x225.jpg 300w, https:\/\/munilaja.cl\/w\/wp-content\/uploads\/2025\/12\/603958341_1188208620162413_4224675303866361295_n-768x577.jpg 768w, https:\/\/munilaja.cl\/w\/wp-content\/uploads\/2025\/12\/603958341_1188208620162413_4224675303866361295_n-1536x1154.jpg 1536w, https:\/\/munilaja.cl\/w\/wp-content\/uploads\/2025\/12\/603958341_1188208620162413_4224675303866361295_n.jpg 2048w\" sizes=\"(max-width: 1024px) 100vw, 1024px\" \/><\/a><\/figure>\n\n\n\n<figure class=\"wp-block-image size-large\"><a href=\"https:\/\/munilaja.cl\/w\/wp-content\/uploads\/2025\/12\/604266370_1188208746829067_1054727412496216583_n.jpg\"><img loading=\"lazy\" decoding=\"async\" width=\"1024\" height=\"769\" data-id=\"73661\" src=\"https:\/\/munilaja.cl\/w\/wp-content\/uploads\/2025\/12\/604266370_1188208746829067_1054727412496216583_n-1024x769.jpg\" alt=\"\" class=\"wp-image-73661\" srcset=\"https:\/\/munilaja.cl\/w\/wp-content\/uploads\/2025\/12\/604266370_1188208746829067_1054727412496216583_n-1024x769.jpg 1024w, https:\/\/munilaja.cl\/w\/wp-content\/uploads\/2025\/12\/604266370_1188208746829067_1054727412496216583_n-300x225.jpg 300w, https:\/\/munilaja.cl\/w\/wp-content\/uploads\/2025\/12\/604266370_1188208746829067_1054727412496216583_n-768x577.jpg 768w, https:\/\/munilaja.cl\/w\/wp-content\/uploads\/2025\/12\/604266370_1188208746829067_1054727412496216583_n-1536x1154.jpg 1536w, https:\/\/munilaja.cl\/w\/wp-content\/uploads\/2025\/12\/604266370_1188208746829067_1054727412496216583_n.jpg 2048w\" sizes=\"(max-width: 1024px) 100vw, 1024px\" \/><\/a><\/figure>\n\n\n\n<figure class=\"wp-block-image size-large\"><a href=\"https:\/\/munilaja.cl\/w\/wp-content\/uploads\/2025\/12\/604556223_1188208280162447_7273098624572524794_n.jpg\"><img loading=\"lazy\" decoding=\"async\" width=\"1024\" height=\"769\" data-id=\"73663\" src=\"https:\/\/munilaja.cl\/w\/wp-content\/uploads\/2025\/12\/604556223_1188208280162447_7273098624572524794_n-1024x769.jpg\" alt=\"\" class=\"wp-image-73663\" srcset=\"https:\/\/munilaja.cl\/w\/wp-content\/uploads\/2025\/12\/604556223_1188208280162447_7273098624572524794_n-1024x769.jpg 1024w, https:\/\/munilaja.cl\/w\/wp-content\/uploads\/2025\/12\/604556223_1188208280162447_7273098624572524794_n-300x225.jpg 300w, https:\/\/munilaja.cl\/w\/wp-content\/uploads\/2025\/12\/604556223_1188208280162447_7273098624572524794_n-768x577.jpg 768w, https:\/\/munilaja.cl\/w\/wp-content\/uploads\/2025\/12\/604556223_1188208280162447_7273098624572524794_n-1536x1154.jpg 1536w, https:\/\/munilaja.cl\/w\/wp-content\/uploads\/2025\/12\/604556223_1188208280162447_7273098624572524794_n.jpg 2048w\" sizes=\"(max-width: 1024px) 100vw, 1024px\" \/><\/a><\/figure>\n\n\n\n<figure class=\"wp-block-image size-large\"><a href=\"https:\/\/munilaja.cl\/w\/wp-content\/uploads\/2025\/12\/604848234_1188208063495802_3933905065440702151_n.jpg\"><img loading=\"lazy\" decoding=\"async\" width=\"1024\" height=\"769\" data-id=\"73655\" src=\"https:\/\/munilaja.cl\/w\/wp-content\/uploads\/2025\/12\/604848234_1188208063495802_3933905065440702151_n-1024x769.jpg\" alt=\"\" class=\"wp-image-73655\" srcset=\"https:\/\/munilaja.cl\/w\/wp-content\/uploads\/2025\/12\/604848234_1188208063495802_3933905065440702151_n-1024x769.jpg 1024w, https:\/\/munilaja.cl\/w\/wp-content\/uploads\/2025\/12\/604848234_1188208063495802_3933905065440702151_n-300x225.jpg 300w, https:\/\/munilaja.cl\/w\/wp-content\/uploads\/2025\/12\/604848234_1188208063495802_3933905065440702151_n-768x577.jpg 768w, https:\/\/munilaja.cl\/w\/wp-content\/uploads\/2025\/12\/604848234_1188208063495802_3933905065440702151_n-1536x1154.jpg 1536w, https:\/\/munilaja.cl\/w\/wp-content\/uploads\/2025\/12\/604848234_1188208063495802_3933905065440702151_n.jpg 2048w\" sizes=\"(max-width: 1024px) 100vw, 1024px\" \/><\/a><\/figure>\n\n\n\n<figure class=\"wp-block-image size-large\"><a href=\"https:\/\/munilaja.cl\/w\/wp-content\/uploads\/2025\/12\/604879495_1188208826829059_516992409375473774_n.jpg\"><img loading=\"lazy\" decoding=\"async\" width=\"1024\" height=\"769\" data-id=\"73657\" src=\"https:\/\/munilaja.cl\/w\/wp-content\/uploads\/2025\/12\/604879495_1188208826829059_516992409375473774_n-1024x769.jpg\" alt=\"\" class=\"wp-image-73657\" srcset=\"https:\/\/munilaja.cl\/w\/wp-content\/uploads\/2025\/12\/604879495_1188208826829059_516992409375473774_n-1024x769.jpg 1024w, https:\/\/munilaja.cl\/w\/wp-content\/uploads\/2025\/12\/604879495_1188208826829059_516992409375473774_n-300x225.jpg 300w, https:\/\/munilaja.cl\/w\/wp-content\/uploads\/2025\/12\/604879495_1188208826829059_516992409375473774_n-768x577.jpg 768w, https:\/\/munilaja.cl\/w\/wp-content\/uploads\/2025\/12\/604879495_1188208826829059_516992409375473774_n-1536x1154.jpg 1536w, https:\/\/munilaja.cl\/w\/wp-content\/uploads\/2025\/12\/604879495_1188208826829059_516992409375473774_n.jpg 2048w\" sizes=\"(max-width: 1024px) 100vw, 1024px\" \/><\/a><\/figure>\n\n\n\n<figure class=\"wp-block-image size-large\"><a href=\"https:\/\/munilaja.cl\/w\/wp-content\/uploads\/2025\/12\/605050971_1188208493495759_2962968567099960375_n.jpg\"><img loading=\"lazy\" decoding=\"async\" width=\"1024\" height=\"769\" data-id=\"73658\" src=\"https:\/\/munilaja.cl\/w\/wp-content\/uploads\/2025\/12\/605050971_1188208493495759_2962968567099960375_n-1024x769.jpg\" alt=\"\" class=\"wp-image-73658\" srcset=\"https:\/\/munilaja.cl\/w\/wp-content\/uploads\/2025\/12\/605050971_1188208493495759_2962968567099960375_n-1024x769.jpg 1024w, https:\/\/munilaja.cl\/w\/wp-content\/uploads\/2025\/12\/605050971_1188208493495759_2962968567099960375_n-300x225.jpg 300w, https:\/\/munilaja.cl\/w\/wp-content\/uploads\/2025\/12\/605050971_1188208493495759_2962968567099960375_n-768x577.jpg 768w, https:\/\/munilaja.cl\/w\/wp-content\/uploads\/2025\/12\/605050971_1188208493495759_2962968567099960375_n-1536x1154.jpg 1536w, https:\/\/munilaja.cl\/w\/wp-content\/uploads\/2025\/12\/605050971_1188208493495759_2962968567099960375_n.jpg 2048w\" sizes=\"(max-width: 1024px) 100vw, 1024px\" \/><\/a><\/figure>\n\n\n\n<figure class=\"wp-block-image size-large\"><a href=\"https:\/\/munilaja.cl\/w\/wp-content\/uploads\/2025\/12\/605081756_1188209036829038_4506207030565665768_n.jpg\"><img loading=\"lazy\" decoding=\"async\" width=\"1024\" height=\"769\" data-id=\"73653\" src=\"https:\/\/munilaja.cl\/w\/wp-content\/uploads\/2025\/12\/605081756_1188209036829038_4506207030565665768_n-1024x769.jpg\" alt=\"\" class=\"wp-image-73653\" srcset=\"https:\/\/munilaja.cl\/w\/wp-content\/uploads\/2025\/12\/605081756_1188209036829038_4506207030565665768_n-1024x769.jpg 1024w, https:\/\/munilaja.cl\/w\/wp-content\/uploads\/2025\/12\/605081756_1188209036829038_4506207030565665768_n-300x225.jpg 300w, https:\/\/munilaja.cl\/w\/wp-content\/uploads\/2025\/12\/605081756_1188209036829038_4506207030565665768_n-768x577.jpg 768w, https:\/\/munilaja.cl\/w\/wp-content\/uploads\/2025\/12\/605081756_1188209036829038_4506207030565665768_n-1536x1154.jpg 1536w, https:\/\/munilaja.cl\/w\/wp-content\/uploads\/2025\/12\/605081756_1188209036829038_4506207030565665768_n.jpg 2048w\" sizes=\"(max-width: 1024px) 100vw, 1024px\" \/><\/a><\/figure>\n\n\n\n<figure class=\"wp-block-image size-large\"><a href=\"https:\/\/munilaja.cl\/w\/wp-content\/uploads\/2025\/12\/605127974_1188208600162415_189133875493241373_n.jpg\"><img loading=\"lazy\" decoding=\"async\" width=\"1024\" height=\"769\" data-id=\"73660\" src=\"https:\/\/munilaja.cl\/w\/wp-content\/uploads\/2025\/12\/605127974_1188208600162415_189133875493241373_n-1024x769.jpg\" alt=\"\" class=\"wp-image-73660\" srcset=\"https:\/\/munilaja.cl\/w\/wp-content\/uploads\/2025\/12\/605127974_1188208600162415_189133875493241373_n-1024x769.jpg 1024w, https:\/\/munilaja.cl\/w\/wp-content\/uploads\/2025\/12\/605127974_1188208600162415_189133875493241373_n-300x225.jpg 300w, https:\/\/munilaja.cl\/w\/wp-content\/uploads\/2025\/12\/605127974_1188208600162415_189133875493241373_n-768x577.jpg 768w, https:\/\/munilaja.cl\/w\/wp-content\/uploads\/2025\/12\/605127974_1188208600162415_189133875493241373_n-1536x1154.jpg 1536w, https:\/\/munilaja.cl\/w\/wp-content\/uploads\/2025\/12\/605127974_1188208600162415_189133875493241373_n.jpg 2048w\" sizes=\"(max-width: 1024px) 100vw, 1024px\" \/><\/a><\/figure>\n\n\n\n<figure class=\"wp-block-image size-large\"><a href=\"https:\/\/munilaja.cl\/w\/wp-content\/uploads\/2025\/12\/607590949_1190187229964552_1056515128117890273_n.jpg\"><img loading=\"lazy\" decoding=\"async\" width=\"1024\" height=\"769\" data-id=\"73666\" src=\"https:\/\/munilaja.cl\/w\/wp-content\/uploads\/2025\/12\/607590949_1190187229964552_1056515128117890273_n-1024x769.jpg\" alt=\"\" class=\"wp-image-73666\" srcset=\"https:\/\/munilaja.cl\/w\/wp-content\/uploads\/2025\/12\/607590949_1190187229964552_1056515128117890273_n-1024x769.jpg 1024w, https:\/\/munilaja.cl\/w\/wp-content\/uploads\/2025\/12\/607590949_1190187229964552_1056515128117890273_n-300x225.jpg 300w, https:\/\/munilaja.cl\/w\/wp-content\/uploads\/2025\/12\/607590949_1190187229964552_1056515128117890273_n-768x577.jpg 768w, https:\/\/munilaja.cl\/w\/wp-content\/uploads\/2025\/12\/607590949_1190187229964552_1056515128117890273_n-1536x1154.jpg 1536w, https:\/\/munilaja.cl\/w\/wp-content\/uploads\/2025\/12\/607590949_1190187229964552_1056515128117890273_n.jpg 2048w\" sizes=\"(max-width: 1024px) 100vw, 1024px\" \/><\/a><\/figure>\n\n\n\n<figure class=\"wp-block-image size-large\"><a href=\"https:\/\/munilaja.cl\/w\/wp-content\/uploads\/2025\/12\/DJI_0962-1-scaled.jpg\"><img loading=\"lazy\" decoding=\"async\" width=\"1024\" height=\"768\" data-id=\"73648\" src=\"https:\/\/munilaja.cl\/w\/wp-content\/uploads\/2025\/12\/DJI_0962-1-1024x768.jpg\" alt=\"\" class=\"wp-image-73648\" srcset=\"https:\/\/munilaja.cl\/w\/wp-content\/uploads\/2025\/12\/DJI_0962-1-1024x768.jpg 1024w, https:\/\/munilaja.cl\/w\/wp-content\/uploads\/2025\/12\/DJI_0962-1-300x225.jpg 300w, https:\/\/munilaja.cl\/w\/wp-content\/uploads\/2025\/12\/DJI_0962-1-768x576.jpg 768w, https:\/\/munilaja.cl\/w\/wp-content\/uploads\/2025\/12\/DJI_0962-1-1536x1152.jpg 1536w, https:\/\/munilaja.cl\/w\/wp-content\/uploads\/2025\/12\/DJI_0962-1-2048x1536.jpg 2048w\" sizes=\"(max-width: 1024px) 100vw, 1024px\" \/><\/a><\/figure>\n\n\n\n<figure class=\"wp-block-image size-large\"><a href=\"https:\/\/munilaja.cl\/w\/wp-content\/uploads\/2025\/12\/DJI_0963-1.jpg\"><img loading=\"lazy\" decoding=\"async\" width=\"1024\" height=\"769\" data-id=\"73654\" src=\"https:\/\/munilaja.cl\/w\/wp-content\/uploads\/2025\/12\/DJI_0963-1-1024x769.jpg\" alt=\"\" class=\"wp-image-73654\" srcset=\"https:\/\/munilaja.cl\/w\/wp-content\/uploads\/2025\/12\/DJI_0963-1-1024x769.jpg 1024w, https:\/\/munilaja.cl\/w\/wp-content\/uploads\/2025\/12\/DJI_0963-1-300x225.jpg 300w, https:\/\/munilaja.cl\/w\/wp-content\/uploads\/2025\/12\/DJI_0963-1-768x577.jpg 768w, https:\/\/munilaja.cl\/w\/wp-content\/uploads\/2025\/12\/DJI_0963-1-1536x1154.jpg 1536w, https:\/\/munilaja.cl\/w\/wp-content\/uploads\/2025\/12\/DJI_0963-1.jpg 2048w\" sizes=\"(max-width: 1024px) 100vw, 1024px\" \/><\/a><\/figure>\n\n\n\n<figure class=\"wp-block-image size-large\"><a href=\"https:\/\/munilaja.cl\/w\/wp-content\/uploads\/2025\/12\/DJI_0967-1-scaled.jpg\"><img loading=\"lazy\" decoding=\"async\" width=\"1024\" height=\"768\" data-id=\"73664\" src=\"https:\/\/munilaja.cl\/w\/wp-content\/uploads\/2025\/12\/DJI_0967-1-1024x768.jpg\" alt=\"\" class=\"wp-image-73664\" srcset=\"https:\/\/munilaja.cl\/w\/wp-content\/uploads\/2025\/12\/DJI_0967-1-1024x768.jpg 1024w, https:\/\/munilaja.cl\/w\/wp-content\/uploads\/2025\/12\/DJI_0967-1-300x225.jpg 300w, https:\/\/munilaja.cl\/w\/wp-content\/uploads\/2025\/12\/DJI_0967-1-768x576.jpg 768w, https:\/\/munilaja.cl\/w\/wp-content\/uploads\/2025\/12\/DJI_0967-1-1536x1152.jpg 1536w, https:\/\/munilaja.cl\/w\/wp-content\/uploads\/2025\/12\/DJI_0967-1-2048x1536.jpg 2048w\" sizes=\"(max-width: 1024px) 100vw, 1024px\" \/><\/a><\/figure>\n\n\n\n<figure class=\"wp-block-image size-large\"><a href=\"https:\/\/munilaja.cl\/w\/wp-content\/uploads\/2025\/12\/DJI_09670-1.jpg\"><img loading=\"lazy\" decoding=\"async\" width=\"1024\" height=\"769\" data-id=\"73665\" src=\"https:\/\/munilaja.cl\/w\/wp-content\/uploads\/2025\/12\/DJI_09670-1-1024x769.jpg\" alt=\"\" class=\"wp-image-73665\" srcset=\"https:\/\/munilaja.cl\/w\/wp-content\/uploads\/2025\/12\/DJI_09670-1-1024x769.jpg 1024w, https:\/\/munilaja.cl\/w\/wp-content\/uploads\/2025\/12\/DJI_09670-1-300x225.jpg 300w, https:\/\/munilaja.cl\/w\/wp-content\/uploads\/2025\/12\/DJI_09670-1-768x577.jpg 768w, https:\/\/munilaja.cl\/w\/wp-content\/uploads\/2025\/12\/DJI_09670-1-1536x1154.jpg 1536w, https:\/\/munilaja.cl\/w\/wp-content\/uploads\/2025\/12\/DJI_09670-1.jpg 2048w\" sizes=\"(max-width: 1024px) 100vw, 1024px\" \/><\/a><\/figure>\n<\/figure>\n","protected":false},"excerpt":{"rendered":"<p>Con una positiva evaluaci\u00f3n por parte de la comunidad, finalizaron las actividades del Parque Navide\u00f1o de Laja, iniciativa impulsada por el municipio y, que durante seis jornadas consecutivas reuni\u00f3 a familias lajinas y tambi\u00e9n de la regi\u00f3n del Biob\u00edo, en torno a la celebraci\u00f3n de la Navidad y el reencuentro comunitario. Durante cada jornada, el [&hellip;]<\/p>\n","protected":false},"author":11,"featured_media":73672,"comment_status":"closed","ping_status":"closed","sticky":false,"template":"","format":"standard","meta":{"zakra_sidebar_layout":"customizer","zakra_remove_content_margin":false,"zakra_sidebar":"customizer","zakra_transparent_header":"customizer","zakra_logo":0,"zakra_main_header_style":"default","zakra_menu_item_color":"","zakra_menu_item_hover_color":"","zakra_menu_item_active_color":"","zakra_menu_active_style":"zakra_menu_active_style","zakra_page_header":true,"footnotes":""},"categories":[17],"tags":[],"class_list":["post-73637","post","type-post","status-publish","format-standard","has-post-thumbnail","hentry","category-servicio-a-la-comunidad"],"yoast_head":"<!-- This site is optimized with the Yoast SEO plugin v24.0 - https:\/\/yoast.com\/wordpress\/plugins\/seo\/ -->\n<title>EXITOSA EVALUACI\u00d3N DEL PARQUE NAVIDE\u00d1O DE LAJA CONSOLIDA UNA NUEVA TRADICI\u00d3N FAMILIAR EN LA COMUNA - Municipalidad de Laja<\/title>\n<meta name=\"robots\" content=\"index, follow, max-snippet:-1, max-image-preview:large, max-video-preview:-1\" \/>\n<link rel=\"canonical\" href=\"https:\/\/munilaja.cl\/w\/exitosa-evaluacion-del-parque-navideno-de-laja-consolida-una-nueva-tradicion-familiar-en-la-comuna\/\" \/>\n<meta property=\"og:locale\" content=\"es_ES\" \/>\n<meta property=\"og:type\" content=\"article\" \/>\n<meta property=\"og:title\" content=\"EXITOSA EVALUACI\u00d3N DEL PARQUE NAVIDE\u00d1O DE LAJA CONSOLIDA UNA NUEVA TRADICI\u00d3N FAMILIAR EN LA COMUNA - Municipalidad de Laja\" \/>\n<meta property=\"og:description\" content=\"Con una positiva evaluaci\u00f3n por parte de la comunidad, finalizaron las actividades del Parque Navide\u00f1o de Laja, iniciativa impulsada por el municipio y, que durante seis jornadas consecutivas reuni\u00f3 a familias lajinas y tambi\u00e9n de la regi\u00f3n del Biob\u00edo, en torno a la celebraci\u00f3n de la Navidad y el reencuentro comunitario. Durante cada jornada, el [&hellip;]\" \/>\n<meta property=\"og:url\" content=\"https:\/\/munilaja.cl\/w\/exitosa-evaluacion-del-parque-navideno-de-laja-consolida-una-nueva-tradicion-familiar-en-la-comuna\/\" \/>\n<meta property=\"og:site_name\" content=\"Municipalidad de Laja\" \/>\n<meta property=\"article:published_time\" content=\"2025-12-26T18:50:02+00:00\" \/>\n<meta property=\"article:modified_time\" content=\"2025-12-26T18:50:34+00:00\" \/>\n<meta property=\"og:image\" content=\"https:\/\/munilaja.cl\/w\/wp-content\/uploads\/2025\/12\/3Y9A8621-1-scaled.jpg\" \/>\n\t<meta property=\"og:image:width\" content=\"2560\" \/>\n\t<meta property=\"og:image:height\" content=\"1707\" \/>\n\t<meta property=\"og:image:type\" content=\"image\/jpeg\" \/>\n<meta name=\"author\" content=\"Administrador\" \/>\n<meta name=\"twitter:card\" content=\"summary_large_image\" \/>\n<meta name=\"twitter:label1\" content=\"Escrito por\" \/>\n\t<meta name=\"twitter:data1\" content=\"Administrador\" \/>\n\t<meta name=\"twitter:label2\" content=\"Tiempo de lectura\" \/>\n\t<meta name=\"twitter:data2\" content=\"10 minutos\" \/>\n<script type=\"application\/ld+json\" class=\"yoast-schema-graph\">{\"@context\":\"https:\/\/schema.org\",\"@graph\":[{\"@type\":\"Article\",\"@id\":\"https:\/\/munilaja.cl\/w\/exitosa-evaluacion-del-parque-navideno-de-laja-consolida-una-nueva-tradicion-familiar-en-la-comuna\/#article\",\"isPartOf\":{\"@id\":\"https:\/\/munilaja.cl\/w\/exitosa-evaluacion-del-parque-navideno-de-laja-consolida-una-nueva-tradicion-familiar-en-la-comuna\/\"},\"author\":{\"name\":\"Administrador\",\"@id\":\"https:\/\/munilaja.cl\/w\/#\/schema\/person\/4650348f4978773bf1c5b31f9c7da744\"},\"headline\":\"EXITOSA EVALUACI\u00d3N DEL PARQUE NAVIDE\u00d1O DE LAJA CONSOLIDA UNA NUEVA TRADICI\u00d3N FAMILIAR EN LA COMUNA\",\"datePublished\":\"2025-12-26T18:50:02+00:00\",\"dateModified\":\"2025-12-26T18:50:34+00:00\",\"mainEntityOfPage\":{\"@id\":\"https:\/\/munilaja.cl\/w\/exitosa-evaluacion-del-parque-navideno-de-laja-consolida-una-nueva-tradicion-familiar-en-la-comuna\/\"},\"wordCount\":839,\"publisher\":{\"@id\":\"https:\/\/munilaja.cl\/w\/#organization\"},\"image\":{\"@id\":\"https:\/\/munilaja.cl\/w\/exitosa-evaluacion-del-parque-navideno-de-laja-consolida-una-nueva-tradicion-familiar-en-la-comuna\/#primaryimage\"},\"thumbnailUrl\":\"https:\/\/munilaja.cl\/w\/wp-content\/uploads\/2025\/12\/3Y9A8621-1-scaled.jpg\",\"articleSection\":[\"Servicio a la comunidad\"],\"inLanguage\":\"es\"},{\"@type\":\"WebPage\",\"@id\":\"https:\/\/munilaja.cl\/w\/exitosa-evaluacion-del-parque-navideno-de-laja-consolida-una-nueva-tradicion-familiar-en-la-comuna\/\",\"url\":\"https:\/\/munilaja.cl\/w\/exitosa-evaluacion-del-parque-navideno-de-laja-consolida-una-nueva-tradicion-familiar-en-la-comuna\/\",\"name\":\"EXITOSA EVALUACI\u00d3N DEL PARQUE NAVIDE\u00d1O DE LAJA CONSOLIDA UNA NUEVA TRADICI\u00d3N FAMILIAR EN LA COMUNA - Municipalidad de Laja\",\"isPartOf\":{\"@id\":\"https:\/\/munilaja.cl\/w\/#website\"},\"primaryImageOfPage\":{\"@id\":\"https:\/\/munilaja.cl\/w\/exitosa-evaluacion-del-parque-navideno-de-laja-consolida-una-nueva-tradicion-familiar-en-la-comuna\/#primaryimage\"},\"image\":{\"@id\":\"https:\/\/munilaja.cl\/w\/exitosa-evaluacion-del-parque-navideno-de-laja-consolida-una-nueva-tradicion-familiar-en-la-comuna\/#primaryimage\"},\"thumbnailUrl\":\"https:\/\/munilaja.cl\/w\/wp-content\/uploads\/2025\/12\/3Y9A8621-1-scaled.jpg\",\"datePublished\":\"2025-12-26T18:50:02+00:00\",\"dateModified\":\"2025-12-26T18:50:34+00:00\",\"breadcrumb\":{\"@id\":\"https:\/\/munilaja.cl\/w\/exitosa-evaluacion-del-parque-navideno-de-laja-consolida-una-nueva-tradicion-familiar-en-la-comuna\/#breadcrumb\"},\"inLanguage\":\"es\",\"potentialAction\":[{\"@type\":\"ReadAction\",\"target\":[\"https:\/\/munilaja.cl\/w\/exitosa-evaluacion-del-parque-navideno-de-laja-consolida-una-nueva-tradicion-familiar-en-la-comuna\/\"]}]},{\"@type\":\"ImageObject\",\"inLanguage\":\"es\",\"@id\":\"https:\/\/munilaja.cl\/w\/exitosa-evaluacion-del-parque-navideno-de-laja-consolida-una-nueva-tradicion-familiar-en-la-comuna\/#primaryimage\",\"url\":\"https:\/\/munilaja.cl\/w\/wp-content\/uploads\/2025\/12\/3Y9A8621-1-scaled.jpg\",\"contentUrl\":\"https:\/\/munilaja.cl\/w\/wp-content\/uploads\/2025\/12\/3Y9A8621-1-scaled.jpg\",\"width\":2560,\"height\":1707},{\"@type\":\"BreadcrumbList\",\"@id\":\"https:\/\/munilaja.cl\/w\/exitosa-evaluacion-del-parque-navideno-de-laja-consolida-una-nueva-tradicion-familiar-en-la-comuna\/#breadcrumb\",\"itemListElement\":[{\"@type\":\"ListItem\",\"position\":1,\"name\":\"Portada\",\"item\":\"https:\/\/munilaja.cl\/w\/\"},{\"@type\":\"ListItem\",\"position\":2,\"name\":\"EXITOSA EVALUACI\u00d3N DEL PARQUE NAVIDE\u00d1O DE LAJA CONSOLIDA UNA NUEVA TRADICI\u00d3N FAMILIAR EN LA COMUNA\"}]},{\"@type\":\"WebSite\",\"@id\":\"https:\/\/munilaja.cl\/w\/#website\",\"url\":\"https:\/\/munilaja.cl\/w\/\",\"name\":\"Municipalidad de Laja\",\"description\":\"Web Municipal\",\"publisher\":{\"@id\":\"https:\/\/munilaja.cl\/w\/#organization\"},\"potentialAction\":[{\"@type\":\"SearchAction\",\"target\":{\"@type\":\"EntryPoint\",\"urlTemplate\":\"https:\/\/munilaja.cl\/w\/?s={search_term_string}\"},\"query-input\":{\"@type\":\"PropertyValueSpecification\",\"valueRequired\":true,\"valueName\":\"search_term_string\"}}],\"inLanguage\":\"es\"},{\"@type\":\"Organization\",\"@id\":\"https:\/\/munilaja.cl\/w\/#organization\",\"name\":\"Municipalidad de Laja\",\"url\":\"https:\/\/munilaja.cl\/w\/\",\"logo\":{\"@type\":\"ImageObject\",\"inLanguage\":\"es\",\"@id\":\"https:\/\/munilaja.cl\/w\/#\/schema\/logo\/image\/\",\"url\":\"https:\/\/munilaja.cl\/w\/wp-content\/uploads\/2024\/11\/ESCUDO-LAJA-LETRAS-BLANCAS-LOGO-WEB.png\",\"contentUrl\":\"https:\/\/munilaja.cl\/w\/wp-content\/uploads\/2024\/11\/ESCUDO-LAJA-LETRAS-BLANCAS-LOGO-WEB.png\",\"width\":150,\"height\":150,\"caption\":\"Municipalidad de Laja\"},\"image\":{\"@id\":\"https:\/\/munilaja.cl\/w\/#\/schema\/logo\/image\/\"}},{\"@type\":\"Person\",\"@id\":\"https:\/\/munilaja.cl\/w\/#\/schema\/person\/4650348f4978773bf1c5b31f9c7da744\",\"name\":\"Administrador\",\"url\":\"https:\/\/munilaja.cl\/w\/author\/rssmunilaja\/\"}]}<\/script>\n<!-- \/ Yoast SEO plugin. -->","yoast_head_json":{"title":"EXITOSA EVALUACI\u00d3N DEL PARQUE NAVIDE\u00d1O DE LAJA CONSOLIDA UNA NUEVA TRADICI\u00d3N FAMILIAR EN LA COMUNA - Municipalidad de Laja","robots":{"index":"index","follow":"follow","max-snippet":"max-snippet:-1","max-image-preview":"max-image-preview:large","max-video-preview":"max-video-preview:-1"},"canonical":"https:\/\/munilaja.cl\/w\/exitosa-evaluacion-del-parque-navideno-de-laja-consolida-una-nueva-tradicion-familiar-en-la-comuna\/","og_locale":"es_ES","og_type":"article","og_title":"EXITOSA EVALUACI\u00d3N DEL PARQUE NAVIDE\u00d1O DE LAJA CONSOLIDA UNA NUEVA TRADICI\u00d3N FAMILIAR EN LA COMUNA - Municipalidad de Laja","og_description":"Con una positiva evaluaci\u00f3n por parte de la comunidad, finalizaron las actividades del Parque Navide\u00f1o de Laja, iniciativa impulsada por el municipio y, que durante seis jornadas consecutivas reuni\u00f3 a familias lajinas y tambi\u00e9n de la regi\u00f3n del Biob\u00edo, en torno a la celebraci\u00f3n de la Navidad y el reencuentro comunitario. Durante cada jornada, el [&hellip;]","og_url":"https:\/\/munilaja.cl\/w\/exitosa-evaluacion-del-parque-navideno-de-laja-consolida-una-nueva-tradicion-familiar-en-la-comuna\/","og_site_name":"Municipalidad de Laja","article_published_time":"2025-12-26T18:50:02+00:00","article_modified_time":"2025-12-26T18:50:34+00:00","og_image":[{"width":2560,"height":1707,"url":"https:\/\/munilaja.cl\/w\/wp-content\/uploads\/2025\/12\/3Y9A8621-1-scaled.jpg","type":"image\/jpeg"}],"author":"Administrador","twitter_card":"summary_large_image","twitter_misc":{"Escrito por":"Administrador","Tiempo de lectura":"10 minutos"},"schema":{"@context":"https:\/\/schema.org","@graph":[{"@type":"Article","@id":"https:\/\/munilaja.cl\/w\/exitosa-evaluacion-del-parque-navideno-de-laja-consolida-una-nueva-tradicion-familiar-en-la-comuna\/#article","isPartOf":{"@id":"https:\/\/munilaja.cl\/w\/exitosa-evaluacion-del-parque-navideno-de-laja-consolida-una-nueva-tradicion-familiar-en-la-comuna\/"},"author":{"name":"Administrador","@id":"https:\/\/munilaja.cl\/w\/#\/schema\/person\/4650348f4978773bf1c5b31f9c7da744"},"headline":"EXITOSA EVALUACI\u00d3N DEL PARQUE NAVIDE\u00d1O DE LAJA CONSOLIDA UNA NUEVA TRADICI\u00d3N FAMILIAR EN LA COMUNA","datePublished":"2025-12-26T18:50:02+00:00","dateModified":"2025-12-26T18:50:34+00:00","mainEntityOfPage":{"@id":"https:\/\/munilaja.cl\/w\/exitosa-evaluacion-del-parque-navideno-de-laja-consolida-una-nueva-tradicion-familiar-en-la-comuna\/"},"wordCount":839,"publisher":{"@id":"https:\/\/munilaja.cl\/w\/#organization"},"image":{"@id":"https:\/\/munilaja.cl\/w\/exitosa-evaluacion-del-parque-navideno-de-laja-consolida-una-nueva-tradicion-familiar-en-la-comuna\/#primaryimage"},"thumbnailUrl":"https:\/\/munilaja.cl\/w\/wp-content\/uploads\/2025\/12\/3Y9A8621-1-scaled.jpg","articleSection":["Servicio a la comunidad"],"inLanguage":"es"},{"@type":"WebPage","@id":"https:\/\/munilaja.cl\/w\/exitosa-evaluacion-del-parque-navideno-de-laja-consolida-una-nueva-tradicion-familiar-en-la-comuna\/","url":"https:\/\/munilaja.cl\/w\/exitosa-evaluacion-del-parque-navideno-de-laja-consolida-una-nueva-tradicion-familiar-en-la-comuna\/","name":"EXITOSA EVALUACI\u00d3N DEL PARQUE NAVIDE\u00d1O DE LAJA CONSOLIDA UNA NUEVA TRADICI\u00d3N FAMILIAR EN LA COMUNA - Municipalidad de Laja","isPartOf":{"@id":"https:\/\/munilaja.cl\/w\/#website"},"primaryImageOfPage":{"@id":"https:\/\/munilaja.cl\/w\/exitosa-evaluacion-del-parque-navideno-de-laja-consolida-una-nueva-tradicion-familiar-en-la-comuna\/#primaryimage"},"image":{"@id":"https:\/\/munilaja.cl\/w\/exitosa-evaluacion-del-parque-navideno-de-laja-consolida-una-nueva-tradicion-familiar-en-la-comuna\/#primaryimage"},"thumbnailUrl":"https:\/\/munilaja.cl\/w\/wp-content\/uploads\/2025\/12\/3Y9A8621-1-scaled.jpg","datePublished":"2025-12-26T18:50:02+00:00","dateModified":"2025-12-26T18:50:34+00:00","breadcrumb":{"@id":"https:\/\/munilaja.cl\/w\/exitosa-evaluacion-del-parque-navideno-de-laja-consolida-una-nueva-tradicion-familiar-en-la-comuna\/#breadcrumb"},"inLanguage":"es","potentialAction":[{"@type":"ReadAction","target":["https:\/\/munilaja.cl\/w\/exitosa-evaluacion-del-parque-navideno-de-laja-consolida-una-nueva-tradicion-familiar-en-la-comuna\/"]}]},{"@type":"ImageObject","inLanguage":"es","@id":"https:\/\/munilaja.cl\/w\/exitosa-evaluacion-del-parque-navideno-de-laja-consolida-una-nueva-tradicion-familiar-en-la-comuna\/#primaryimage","url":"https:\/\/munilaja.cl\/w\/wp-content\/uploads\/2025\/12\/3Y9A8621-1-scaled.jpg","contentUrl":"https:\/\/munilaja.cl\/w\/wp-content\/uploads\/2025\/12\/3Y9A8621-1-scaled.jpg","width":2560,"height":1707},{"@type":"BreadcrumbList","@id":"https:\/\/munilaja.cl\/w\/exitosa-evaluacion-del-parque-navideno-de-laja-consolida-una-nueva-tradicion-familiar-en-la-comuna\/#breadcrumb","itemListElement":[{"@type":"ListItem","position":1,"name":"Portada","item":"https:\/\/munilaja.cl\/w\/"},{"@type":"ListItem","position":2,"name":"EXITOSA EVALUACI\u00d3N DEL PARQUE NAVIDE\u00d1O DE LAJA CONSOLIDA UNA NUEVA TRADICI\u00d3N FAMILIAR EN LA COMUNA"}]},{"@type":"WebSite","@id":"https:\/\/munilaja.cl\/w\/#website","url":"https:\/\/munilaja.cl\/w\/","name":"Municipalidad de Laja","description":"Web Municipal","publisher":{"@id":"https:\/\/munilaja.cl\/w\/#organization"},"potentialAction":[{"@type":"SearchAction","target":{"@type":"EntryPoint","urlTemplate":"https:\/\/munilaja.cl\/w\/?s={search_term_string}"},"query-input":{"@type":"PropertyValueSpecification","valueRequired":true,"valueName":"search_term_string"}}],"inLanguage":"es"},{"@type":"Organization","@id":"https:\/\/munilaja.cl\/w\/#organization","name":"Municipalidad de Laja","url":"https:\/\/munilaja.cl\/w\/","logo":{"@type":"ImageObject","inLanguage":"es","@id":"https:\/\/munilaja.cl\/w\/#\/schema\/logo\/image\/","url":"https:\/\/munilaja.cl\/w\/wp-content\/uploads\/2024\/11\/ESCUDO-LAJA-LETRAS-BLANCAS-LOGO-WEB.png","contentUrl":"https:\/\/munilaja.cl\/w\/wp-content\/uploads\/2024\/11\/ESCUDO-LAJA-LETRAS-BLANCAS-LOGO-WEB.png","width":150,"height":150,"caption":"Municipalidad de Laja"},"image":{"@id":"https:\/\/munilaja.cl\/w\/#\/schema\/logo\/image\/"}},{"@type":"Person","@id":"https:\/\/munilaja.cl\/w\/#\/schema\/person\/4650348f4978773bf1c5b31f9c7da744","name":"Administrador","url":"https:\/\/munilaja.cl\/w\/author\/rssmunilaja\/"}]}},"_links":{"self":[{"href":"https:\/\/munilaja.cl\/w\/wp-json\/wp\/v2\/posts\/73637"}],"collection":[{"href":"https:\/\/munilaja.cl\/w\/wp-json\/wp\/v2\/posts"}],"about":[{"href":"https:\/\/munilaja.cl\/w\/wp-json\/wp\/v2\/types\/post"}],"author":[{"embeddable":true,"href":"https:\/\/munilaja.cl\/w\/wp-json\/wp\/v2\/users\/11"}],"replies":[{"embeddable":true,"href":"https:\/\/munilaja.cl\/w\/wp-json\/wp\/v2\/comments?post=73637"}],"version-history":[{"count":2,"href":"https:\/\/munilaja.cl\/w\/wp-json\/wp\/v2\/posts\/73637\/revisions"}],"predecessor-version":[{"id":73674,"href":"https:\/\/munilaja.cl\/w\/wp-json\/wp\/v2\/posts\/73637\/revisions\/73674"}],"wp:featuredmedia":[{"embeddable":true,"href":"https:\/\/munilaja.cl\/w\/wp-json\/wp\/v2\/media\/73672"}],"wp:attachment":[{"href":"https:\/\/munilaja.cl\/w\/wp-json\/wp\/v2\/media?parent=73637"}],"wp:term":[{"taxonomy":"category","embeddable":true,"href":"https:\/\/munilaja.cl\/w\/wp-json\/wp\/v2\/categories?post=73637"},{"taxonomy":"post_tag","embeddable":true,"href":"https:\/\/munilaja.cl\/w\/wp-json\/wp\/v2\/tags?post=73637"}],"curies":[{"name":"wp","href":"https:\/\/api.w.org\/{rel}","templated":true}]}}