{"id":73629,"date":"2025-12-15T11:26:21","date_gmt":"2025-12-15T15:26:21","guid":{"rendered":"https:\/\/munilaja.cl\/w\/?p=73629"},"modified":"2025-12-16T11:26:46","modified_gmt":"2025-12-16T15:26:46","slug":"kast-se-impone-en-todas-las-regiones-del-pais-y-jara-solo-triunfa-en-32-de-346-comunas","status":"publish","type":"post","link":"https:\/\/munilaja.cl\/w\/kast-se-impone-en-todas-las-regiones-del-pais-y-jara-solo-triunfa-en-32-de-346-comunas\/","title":{"rendered":"Kast se impone en todas las regiones del pa\u00eds y Jara solo triunfa en 32 de 346 comunas"},"content":{"rendered":"\n<p>Este domingo 14 de diciembre culmin\u00f3 uno de los procesos electorales m\u00e1s grandes de los \u00faltimos a\u00f1os. Con el regreso del voto obligatorio,&nbsp;<strong>m\u00e1s de 13 millones personas votaron en la segunda vuelta presidencial,<\/strong>&nbsp;donde ya es posible conocer los resultados oficiales de las elecciones 2025.<\/p>\n\n\n\n<p>Despu\u00e9s de menos de dos horas del cierre de mesas, el conteo de votos determin\u00f3 que&nbsp;<strong>el pr\u00f3ximo presidente de Chile es Jos\u00e9 Antonio Kast,<\/strong>&nbsp;candidato del Partido Republicano y de la oposici\u00f3n. Revisemos el detalle a continuaci\u00f3n.<\/p>\n\n\n\n<p><strong>Resultados de las Elecciones Presidenciales 2025 en Chile<\/strong><\/p>\n\n\n\n<p>Seg\u00fan&nbsp;<a href=\"https:\/\/segundavotacion.servel.cl\/\" target=\"_blank\" rel=\"noreferrer noopener\">los datos oficiales proporcionados por el Servicio Electoral<\/a>&nbsp;(Servel), con 40.627 mesas escrutadas de un total de 40.900 mesas del pa\u00eds y del extranjero \u2014correspondiente al 99,33%\u2014, los resultados de la elecci\u00f3n presidencial fueron los siguientes:<\/p>\n\n\n\n<p><strong>JEANNETTE JARA ROM\u00c1N:<\/strong>&nbsp;Obtuvo 5.218.444 votos, lo que equivale a un 41,84%.<\/p>\n\n\n\n<p><strong>JOS\u00c9 ANTONIO KAST RIST:<\/strong>&nbsp;Obtuvo 7.254.850 votos, lo que equivale a un 58,16%.<\/p>\n\n\n\n<p>En total, sufragaron 13.362.344 personas.<\/p>\n\n\n\n<p>En la regi\u00f3n del Biob\u00edo, los resultados fueron 63,85% para Jos\u00e9 Antonio Kast y un 36,15% Jeannette Jara. Y en nuestra comuna el presidente electo, logr\u00f3 un 69,22% mientras que Jeannette Jara un 30,78%<\/p>\n\n\n\n<p>Este lunes el republicano asisti\u00f3 a una serie de encuentros, que van desde un desayuno con vecinos de Buin hasta una reuni\u00f3n privada con el Presidente Gabriel Boric.<br><br>Una ajetreada agenda tuvo este lunes el Presidente electo, Jos\u00e9 Antonio Kast, en su primer d\u00eda despu\u00e9s de los resultados que lo declararon vencedor en la segunda vuelta. El d\u00eda del Mandatario Electo parti\u00f3 temprano, ya que a eso de las 09:30 horas lleg\u00f3 hasta Buin para encabezar un desayuno con vecinos. Hasta el lugar lleg\u00f3 con su esposa, Mar\u00eda P\u00eda Adriasola, y parte de su equipo.<\/p>\n\n\n\n<p>Consultado, mencion\u00f3 a los asistentes \u00ab\u00bfPor qu\u00e9 partir aqu\u00ed en Buin? De hecho esta fue una casa, en alg\u00fan momento fue un restaurante, y ha ido evolucionando en el tiempo, y me trae muchos recuerdos (&#8230;) \u00bfY por qu\u00e9 hacerlo con ustedes el primer desayuno? Porque representan al pueblo chileno, en distintas \u00e1reas, en servicio p\u00fablico, en el trabajo de campo, en el esp\u00edritu religioso\u00bb.<\/p>\n\n\n\n<p>&nbsp;La actividad llam\u00f3 la atenci\u00f3n de varios, pues fue de car\u00e1cter m\u00e1s ciudadano y popular, a diferencia del resto de su agenda m\u00e1s pol\u00edtica.<\/p>\n\n\n\n<p>Cerca de las 11:30 horas el Presidente electo lleg\u00f3 hasta el Palacio de La Moneda para sostener una reuni\u00f3n con el Mandatario Gabriel Boric. Nuevamente lleg\u00f3 acompa\u00f1ado de su esposa, y fueron recibido por el ministro del Interior, \u00c1lvaro Elizalde, para luego dirigirse al Sal\u00f3n Azul. Hasta el lugar tambi\u00e9n llegaron la encargada del equipo de comunicaciones, Mar\u00eda Paz Fadel; el asesor Cristian Valenzuela; el exministro Claudio Alvarado; el asesor econ\u00f3mico Jorge Quiroz y el presidente de Republicanos, Arturo Squella. Ellos se reunieron con el jefe de gabinete y los ministros de Hacienda, Nicol\u00e1s Grau; Segegob, Camila Vallejo y Segpres, Macarena Lobos. Adem\u00e1s, el Presidente Boric le dio a Kast un recorrido por el palacio, e incluso, ambos se fotografiaron estrechando manos.<\/p>\n\n\n\n<p>El Presidente Boric se\u00f1al\u00f3 que \u00abdespu\u00e9s de la reuni\u00f3n con los equipos tuvimos una larga conversaci\u00f3n personal en mi oficina en donde compartimos algunas de las experiencias de estos cuatro a\u00f1os y de la dureza de las campa\u00f1as y del d\u00eda a d\u00eda tambi\u00e9n de gobernar\u00bb. Agreg\u00f3 que \u00abcuando el Presidente electo nomine a su gabinete, se realizar\u00e1n coordinaciones con cada uno de las y los ministros para poder realizar un traspaso impecable con toda la transparencia que corresponde\u00bb. \u00abSe lo plante\u00e9 y lo conversamos tambi\u00e9n con Jos\u00e9 Antonio Kast y hay disposici\u00f3n para iniciar las conversaciones, y que se pueda facilitar el que, ojal\u00e1 de llegar a acuerdo, podamos avanzar en estos proyectos durante lo que resta de este periodo presidencial\u00bb, complement\u00f3 el Mandatario.<\/p>\n\n\n\n<p>M\u00e1s tarde, Kast mantuvo reuniones protocolares con los presidentes de la C\u00e1mara, Jos\u00e9 Miguel Castro (RN) y del Senado, Manuel Jos\u00e9 Ossand\u00f3n (RN). El encuentro se concret\u00f3 en su nuevo centro de operaciones, conocido como \u00abMoneda chica\u00bb, en calle La Gloria en Las Condes. Al respecto, el diputado Castro se\u00f1al\u00f3 que \u00abes importante obviamente en t\u00e9rminos protocolares venir a saludarlo de forma formal como presidente de la C\u00e1mara, pero tambi\u00e9n una persona que est\u00e1 muy pendiente, el Presidente electo, de lo que est\u00e1 pasando hoy en d\u00eda en el Congreso\u00bb.<br><br>En tanto, &nbsp;durante la jornada de este lunes tambi\u00e9n alist\u00f3 su viaje que tiene programado para hoy martes a Buenos Aires, donde ser\u00e1 recibido en la Casa Rosada por el Mandatario argentino, Javier Milei.<\/p>\n\n\n\n<p>La nueva vocera de la Oficina del Presidente Electo, Mara Sedini, detall\u00f3 que en el encuentro con Milei se tratar\u00e1n temas como seguridad, migraci\u00f3n y econom\u00eda. Adem\u00e1s, afirm\u00f3 que Kast ser\u00e1 acompa\u00f1ado por su asesor econ\u00f3mico, Jorge Quiroz, y de las presidentas de la Confederaci\u00f3n de la Producci\u00f3n y del Comercio (CPC), Susana Jim\u00e9nez, y de la Sofofa, Rosario Navarro, adem\u00e1s de una delegaci\u00f3n.<\/p>\n","protected":false},"excerpt":{"rendered":"<p>Este domingo 14 de diciembre culmin\u00f3 uno de los procesos electorales m\u00e1s grandes de los \u00faltimos a\u00f1os. Con el regreso del voto obligatorio,&nbsp;m\u00e1s de 13 millones personas votaron en la segunda vuelta presidencial,&nbsp;donde ya es posible conocer los resultados oficiales de las elecciones 2025. Despu\u00e9s de menos de dos horas del cierre de mesas, el [&hellip;]<\/p>\n","protected":false},"author":11,"featured_media":73630,"comment_status":"closed","ping_status":"closed","sticky":false,"template":"","format":"standard","meta":{"zakra_sidebar_layout":"customizer","zakra_remove_content_margin":false,"zakra_sidebar":"customizer","zakra_transparent_header":"customizer","zakra_logo":0,"zakra_main_header_style":"default","zakra_menu_item_color":"","zakra_menu_item_hover_color":"","zakra_menu_item_active_color":"","zakra_menu_active_style":"zakra_menu_active_style","zakra_page_header":true,"footnotes":""},"categories":[17],"tags":[],"class_list":["post-73629","post","type-post","status-publish","format-standard","has-post-thumbnail","hentry","category-servicio-a-la-comunidad"],"yoast_head":"<!-- This site is optimized with the Yoast SEO plugin v24.0 - https:\/\/yoast.com\/wordpress\/plugins\/seo\/ -->\n<title>Kast se impone en todas las regiones del pa\u00eds y Jara solo triunfa en 32 de 346 comunas - Municipalidad de Laja<\/title>\n<meta name=\"robots\" content=\"index, follow, max-snippet:-1, max-image-preview:large, max-video-preview:-1\" \/>\n<link rel=\"canonical\" href=\"https:\/\/munilaja.cl\/w\/kast-se-impone-en-todas-las-regiones-del-pais-y-jara-solo-triunfa-en-32-de-346-comunas\/\" \/>\n<meta property=\"og:locale\" content=\"es_ES\" \/>\n<meta property=\"og:type\" content=\"article\" \/>\n<meta property=\"og:title\" content=\"Kast se impone en todas las regiones del pa\u00eds y Jara solo triunfa en 32 de 346 comunas - Municipalidad de Laja\" \/>\n<meta property=\"og:description\" content=\"Este domingo 14 de diciembre culmin\u00f3 uno de los procesos electorales m\u00e1s grandes de los \u00faltimos a\u00f1os. Con el regreso del voto obligatorio,&nbsp;m\u00e1s de 13 millones personas votaron en la segunda vuelta presidencial,&nbsp;donde ya es posible conocer los resultados oficiales de las elecciones 2025. Despu\u00e9s de menos de dos horas del cierre de mesas, el [&hellip;]\" \/>\n<meta property=\"og:url\" content=\"https:\/\/munilaja.cl\/w\/kast-se-impone-en-todas-las-regiones-del-pais-y-jara-solo-triunfa-en-32-de-346-comunas\/\" \/>\n<meta property=\"og:site_name\" content=\"Municipalidad de Laja\" \/>\n<meta property=\"article:published_time\" content=\"2025-12-15T15:26:21+00:00\" \/>\n<meta property=\"article:modified_time\" content=\"2025-12-16T15:26:46+00:00\" \/>\n<meta property=\"og:image\" content=\"https:\/\/munilaja.cl\/w\/wp-content\/uploads\/2025\/12\/banner-wordpress-2024-26.png\" \/>\n\t<meta property=\"og:image:width\" content=\"2560\" \/>\n\t<meta property=\"og:image:height\" content=\"1280\" \/>\n\t<meta property=\"og:image:type\" content=\"image\/png\" \/>\n<meta name=\"author\" content=\"Administrador\" \/>\n<meta name=\"twitter:card\" content=\"summary_large_image\" \/>\n<meta name=\"twitter:label1\" content=\"Escrito por\" \/>\n\t<meta name=\"twitter:data1\" content=\"Administrador\" \/>\n\t<meta name=\"twitter:label2\" content=\"Tiempo de lectura\" \/>\n\t<meta name=\"twitter:data2\" content=\"4 minutos\" \/>\n<script type=\"application\/ld+json\" class=\"yoast-schema-graph\">{\"@context\":\"https:\/\/schema.org\",\"@graph\":[{\"@type\":\"Article\",\"@id\":\"https:\/\/munilaja.cl\/w\/kast-se-impone-en-todas-las-regiones-del-pais-y-jara-solo-triunfa-en-32-de-346-comunas\/#article\",\"isPartOf\":{\"@id\":\"https:\/\/munilaja.cl\/w\/kast-se-impone-en-todas-las-regiones-del-pais-y-jara-solo-triunfa-en-32-de-346-comunas\/\"},\"author\":{\"name\":\"Administrador\",\"@id\":\"https:\/\/munilaja.cl\/w\/#\/schema\/person\/4650348f4978773bf1c5b31f9c7da744\"},\"headline\":\"Kast se impone en todas las regiones del pa\u00eds y Jara solo triunfa en 32 de 346 comunas\",\"datePublished\":\"2025-12-15T15:26:21+00:00\",\"dateModified\":\"2025-12-16T15:26:46+00:00\",\"mainEntityOfPage\":{\"@id\":\"https:\/\/munilaja.cl\/w\/kast-se-impone-en-todas-las-regiones-del-pais-y-jara-solo-triunfa-en-32-de-346-comunas\/\"},\"wordCount\":887,\"publisher\":{\"@id\":\"https:\/\/munilaja.cl\/w\/#organization\"},\"image\":{\"@id\":\"https:\/\/munilaja.cl\/w\/kast-se-impone-en-todas-las-regiones-del-pais-y-jara-solo-triunfa-en-32-de-346-comunas\/#primaryimage\"},\"thumbnailUrl\":\"https:\/\/munilaja.cl\/w\/wp-content\/uploads\/2025\/12\/banner-wordpress-2024-26.png\",\"articleSection\":[\"Servicio a la comunidad\"],\"inLanguage\":\"es\"},{\"@type\":\"WebPage\",\"@id\":\"https:\/\/munilaja.cl\/w\/kast-se-impone-en-todas-las-regiones-del-pais-y-jara-solo-triunfa-en-32-de-346-comunas\/\",\"url\":\"https:\/\/munilaja.cl\/w\/kast-se-impone-en-todas-las-regiones-del-pais-y-jara-solo-triunfa-en-32-de-346-comunas\/\",\"name\":\"Kast se impone en todas las regiones del pa\u00eds y Jara solo triunfa en 32 de 346 comunas - Municipalidad de Laja\",\"isPartOf\":{\"@id\":\"https:\/\/munilaja.cl\/w\/#website\"},\"primaryImageOfPage\":{\"@id\":\"https:\/\/munilaja.cl\/w\/kast-se-impone-en-todas-las-regiones-del-pais-y-jara-solo-triunfa-en-32-de-346-comunas\/#primaryimage\"},\"image\":{\"@id\":\"https:\/\/munilaja.cl\/w\/kast-se-impone-en-todas-las-regiones-del-pais-y-jara-solo-triunfa-en-32-de-346-comunas\/#primaryimage\"},\"thumbnailUrl\":\"https:\/\/munilaja.cl\/w\/wp-content\/uploads\/2025\/12\/banner-wordpress-2024-26.png\",\"datePublished\":\"2025-12-15T15:26:21+00:00\",\"dateModified\":\"2025-12-16T15:26:46+00:00\",\"breadcrumb\":{\"@id\":\"https:\/\/munilaja.cl\/w\/kast-se-impone-en-todas-las-regiones-del-pais-y-jara-solo-triunfa-en-32-de-346-comunas\/#breadcrumb\"},\"inLanguage\":\"es\",\"potentialAction\":[{\"@type\":\"ReadAction\",\"target\":[\"https:\/\/munilaja.cl\/w\/kast-se-impone-en-todas-las-regiones-del-pais-y-jara-solo-triunfa-en-32-de-346-comunas\/\"]}]},{\"@type\":\"ImageObject\",\"inLanguage\":\"es\",\"@id\":\"https:\/\/munilaja.cl\/w\/kast-se-impone-en-todas-las-regiones-del-pais-y-jara-solo-triunfa-en-32-de-346-comunas\/#primaryimage\",\"url\":\"https:\/\/munilaja.cl\/w\/wp-content\/uploads\/2025\/12\/banner-wordpress-2024-26.png\",\"contentUrl\":\"https:\/\/munilaja.cl\/w\/wp-content\/uploads\/2025\/12\/banner-wordpress-2024-26.png\",\"width\":2560,\"height\":1280},{\"@type\":\"BreadcrumbList\",\"@id\":\"https:\/\/munilaja.cl\/w\/kast-se-impone-en-todas-las-regiones-del-pais-y-jara-solo-triunfa-en-32-de-346-comunas\/#breadcrumb\",\"itemListElement\":[{\"@type\":\"ListItem\",\"position\":1,\"name\":\"Portada\",\"item\":\"https:\/\/munilaja.cl\/w\/\"},{\"@type\":\"ListItem\",\"position\":2,\"name\":\"Kast se impone en todas las regiones del pa\u00eds y Jara solo triunfa en 32 de 346 comunas\"}]},{\"@type\":\"WebSite\",\"@id\":\"https:\/\/munilaja.cl\/w\/#website\",\"url\":\"https:\/\/munilaja.cl\/w\/\",\"name\":\"Municipalidad de Laja\",\"description\":\"Web Municipal\",\"publisher\":{\"@id\":\"https:\/\/munilaja.cl\/w\/#organization\"},\"potentialAction\":[{\"@type\":\"SearchAction\",\"target\":{\"@type\":\"EntryPoint\",\"urlTemplate\":\"https:\/\/munilaja.cl\/w\/?s={search_term_string}\"},\"query-input\":{\"@type\":\"PropertyValueSpecification\",\"valueRequired\":true,\"valueName\":\"search_term_string\"}}],\"inLanguage\":\"es\"},{\"@type\":\"Organization\",\"@id\":\"https:\/\/munilaja.cl\/w\/#organization\",\"name\":\"Municipalidad de Laja\",\"url\":\"https:\/\/munilaja.cl\/w\/\",\"logo\":{\"@type\":\"ImageObject\",\"inLanguage\":\"es\",\"@id\":\"https:\/\/munilaja.cl\/w\/#\/schema\/logo\/image\/\",\"url\":\"https:\/\/munilaja.cl\/w\/wp-content\/uploads\/2024\/11\/ESCUDO-LAJA-LETRAS-BLANCAS-LOGO-WEB.png\",\"contentUrl\":\"https:\/\/munilaja.cl\/w\/wp-content\/uploads\/2024\/11\/ESCUDO-LAJA-LETRAS-BLANCAS-LOGO-WEB.png\",\"width\":150,\"height\":150,\"caption\":\"Municipalidad de Laja\"},\"image\":{\"@id\":\"https:\/\/munilaja.cl\/w\/#\/schema\/logo\/image\/\"}},{\"@type\":\"Person\",\"@id\":\"https:\/\/munilaja.cl\/w\/#\/schema\/person\/4650348f4978773bf1c5b31f9c7da744\",\"name\":\"Administrador\",\"url\":\"https:\/\/munilaja.cl\/w\/author\/rssmunilaja\/\"}]}<\/script>\n<!-- \/ Yoast SEO plugin. -->","yoast_head_json":{"title":"Kast se impone en todas las regiones del pa\u00eds y Jara solo triunfa en 32 de 346 comunas - Municipalidad de Laja","robots":{"index":"index","follow":"follow","max-snippet":"max-snippet:-1","max-image-preview":"max-image-preview:large","max-video-preview":"max-video-preview:-1"},"canonical":"https:\/\/munilaja.cl\/w\/kast-se-impone-en-todas-las-regiones-del-pais-y-jara-solo-triunfa-en-32-de-346-comunas\/","og_locale":"es_ES","og_type":"article","og_title":"Kast se impone en todas las regiones del pa\u00eds y Jara solo triunfa en 32 de 346 comunas - Municipalidad de Laja","og_description":"Este domingo 14 de diciembre culmin\u00f3 uno de los procesos electorales m\u00e1s grandes de los \u00faltimos a\u00f1os. Con el regreso del voto obligatorio,&nbsp;m\u00e1s de 13 millones personas votaron en la segunda vuelta presidencial,&nbsp;donde ya es posible conocer los resultados oficiales de las elecciones 2025. Despu\u00e9s de menos de dos horas del cierre de mesas, el [&hellip;]","og_url":"https:\/\/munilaja.cl\/w\/kast-se-impone-en-todas-las-regiones-del-pais-y-jara-solo-triunfa-en-32-de-346-comunas\/","og_site_name":"Municipalidad de Laja","article_published_time":"2025-12-15T15:26:21+00:00","article_modified_time":"2025-12-16T15:26:46+00:00","og_image":[{"width":2560,"height":1280,"url":"https:\/\/munilaja.cl\/w\/wp-content\/uploads\/2025\/12\/banner-wordpress-2024-26.png","type":"image\/png"}],"author":"Administrador","twitter_card":"summary_large_image","twitter_misc":{"Escrito por":"Administrador","Tiempo de lectura":"4 minutos"},"schema":{"@context":"https:\/\/schema.org","@graph":[{"@type":"Article","@id":"https:\/\/munilaja.cl\/w\/kast-se-impone-en-todas-las-regiones-del-pais-y-jara-solo-triunfa-en-32-de-346-comunas\/#article","isPartOf":{"@id":"https:\/\/munilaja.cl\/w\/kast-se-impone-en-todas-las-regiones-del-pais-y-jara-solo-triunfa-en-32-de-346-comunas\/"},"author":{"name":"Administrador","@id":"https:\/\/munilaja.cl\/w\/#\/schema\/person\/4650348f4978773bf1c5b31f9c7da744"},"headline":"Kast se impone en todas las regiones del pa\u00eds y Jara solo triunfa en 32 de 346 comunas","datePublished":"2025-12-15T15:26:21+00:00","dateModified":"2025-12-16T15:26:46+00:00","mainEntityOfPage":{"@id":"https:\/\/munilaja.cl\/w\/kast-se-impone-en-todas-las-regiones-del-pais-y-jara-solo-triunfa-en-32-de-346-comunas\/"},"wordCount":887,"publisher":{"@id":"https:\/\/munilaja.cl\/w\/#organization"},"image":{"@id":"https:\/\/munilaja.cl\/w\/kast-se-impone-en-todas-las-regiones-del-pais-y-jara-solo-triunfa-en-32-de-346-comunas\/#primaryimage"},"thumbnailUrl":"https:\/\/munilaja.cl\/w\/wp-content\/uploads\/2025\/12\/banner-wordpress-2024-26.png","articleSection":["Servicio a la comunidad"],"inLanguage":"es"},{"@type":"WebPage","@id":"https:\/\/munilaja.cl\/w\/kast-se-impone-en-todas-las-regiones-del-pais-y-jara-solo-triunfa-en-32-de-346-comunas\/","url":"https:\/\/munilaja.cl\/w\/kast-se-impone-en-todas-las-regiones-del-pais-y-jara-solo-triunfa-en-32-de-346-comunas\/","name":"Kast se impone en todas las regiones del pa\u00eds y Jara solo triunfa en 32 de 346 comunas - Municipalidad de Laja","isPartOf":{"@id":"https:\/\/munilaja.cl\/w\/#website"},"primaryImageOfPage":{"@id":"https:\/\/munilaja.cl\/w\/kast-se-impone-en-todas-las-regiones-del-pais-y-jara-solo-triunfa-en-32-de-346-comunas\/#primaryimage"},"image":{"@id":"https:\/\/munilaja.cl\/w\/kast-se-impone-en-todas-las-regiones-del-pais-y-jara-solo-triunfa-en-32-de-346-comunas\/#primaryimage"},"thumbnailUrl":"https:\/\/munilaja.cl\/w\/wp-content\/uploads\/2025\/12\/banner-wordpress-2024-26.png","datePublished":"2025-12-15T15:26:21+00:00","dateModified":"2025-12-16T15:26:46+00:00","breadcrumb":{"@id":"https:\/\/munilaja.cl\/w\/kast-se-impone-en-todas-las-regiones-del-pais-y-jara-solo-triunfa-en-32-de-346-comunas\/#breadcrumb"},"inLanguage":"es","potentialAction":[{"@type":"ReadAction","target":["https:\/\/munilaja.cl\/w\/kast-se-impone-en-todas-las-regiones-del-pais-y-jara-solo-triunfa-en-32-de-346-comunas\/"]}]},{"@type":"ImageObject","inLanguage":"es","@id":"https:\/\/munilaja.cl\/w\/kast-se-impone-en-todas-las-regiones-del-pais-y-jara-solo-triunfa-en-32-de-346-comunas\/#primaryimage","url":"https:\/\/munilaja.cl\/w\/wp-content\/uploads\/2025\/12\/banner-wordpress-2024-26.png","contentUrl":"https:\/\/munilaja.cl\/w\/wp-content\/uploads\/2025\/12\/banner-wordpress-2024-26.png","width":2560,"height":1280},{"@type":"BreadcrumbList","@id":"https:\/\/munilaja.cl\/w\/kast-se-impone-en-todas-las-regiones-del-pais-y-jara-solo-triunfa-en-32-de-346-comunas\/#breadcrumb","itemListElement":[{"@type":"ListItem","position":1,"name":"Portada","item":"https:\/\/munilaja.cl\/w\/"},{"@type":"ListItem","position":2,"name":"Kast se impone en todas las regiones del pa\u00eds y Jara solo triunfa en 32 de 346 comunas"}]},{"@type":"WebSite","@id":"https:\/\/munilaja.cl\/w\/#website","url":"https:\/\/munilaja.cl\/w\/","name":"Municipalidad de Laja","description":"Web Municipal","publisher":{"@id":"https:\/\/munilaja.cl\/w\/#organization"},"potentialAction":[{"@type":"SearchAction","target":{"@type":"EntryPoint","urlTemplate":"https:\/\/munilaja.cl\/w\/?s={search_term_string}"},"query-input":{"@type":"PropertyValueSpecification","valueRequired":true,"valueName":"search_term_string"}}],"inLanguage":"es"},{"@type":"Organization","@id":"https:\/\/munilaja.cl\/w\/#organization","name":"Municipalidad de Laja","url":"https:\/\/munilaja.cl\/w\/","logo":{"@type":"ImageObject","inLanguage":"es","@id":"https:\/\/munilaja.cl\/w\/#\/schema\/logo\/image\/","url":"https:\/\/munilaja.cl\/w\/wp-content\/uploads\/2024\/11\/ESCUDO-LAJA-LETRAS-BLANCAS-LOGO-WEB.png","contentUrl":"https:\/\/munilaja.cl\/w\/wp-content\/uploads\/2024\/11\/ESCUDO-LAJA-LETRAS-BLANCAS-LOGO-WEB.png","width":150,"height":150,"caption":"Municipalidad de Laja"},"image":{"@id":"https:\/\/munilaja.cl\/w\/#\/schema\/logo\/image\/"}},{"@type":"Person","@id":"https:\/\/munilaja.cl\/w\/#\/schema\/person\/4650348f4978773bf1c5b31f9c7da744","name":"Administrador","url":"https:\/\/munilaja.cl\/w\/author\/rssmunilaja\/"}]}},"_links":{"self":[{"href":"https:\/\/munilaja.cl\/w\/wp-json\/wp\/v2\/posts\/73629"}],"collection":[{"href":"https:\/\/munilaja.cl\/w\/wp-json\/wp\/v2\/posts"}],"about":[{"href":"https:\/\/munilaja.cl\/w\/wp-json\/wp\/v2\/types\/post"}],"author":[{"embeddable":true,"href":"https:\/\/munilaja.cl\/w\/wp-json\/wp\/v2\/users\/11"}],"replies":[{"embeddable":true,"href":"https:\/\/munilaja.cl\/w\/wp-json\/wp\/v2\/comments?post=73629"}],"version-history":[{"count":1,"href":"https:\/\/munilaja.cl\/w\/wp-json\/wp\/v2\/posts\/73629\/revisions"}],"predecessor-version":[{"id":73631,"href":"https:\/\/munilaja.cl\/w\/wp-json\/wp\/v2\/posts\/73629\/revisions\/73631"}],"wp:featuredmedia":[{"embeddable":true,"href":"https:\/\/munilaja.cl\/w\/wp-json\/wp\/v2\/media\/73630"}],"wp:attachment":[{"href":"https:\/\/munilaja.cl\/w\/wp-json\/wp\/v2\/media?parent=73629"}],"wp:term":[{"taxonomy":"category","embeddable":true,"href":"https:\/\/munilaja.cl\/w\/wp-json\/wp\/v2\/categories?post=73629"},{"taxonomy":"post_tag","embeddable":true,"href":"https:\/\/munilaja.cl\/w\/wp-json\/wp\/v2\/tags?post=73629"}],"curies":[{"name":"wp","href":"https:\/\/api.w.org\/{rel}","templated":true}]}}