{"id":73624,"date":"2025-12-16T11:08:30","date_gmt":"2025-12-16T15:08:30","guid":{"rendered":"https:\/\/munilaja.cl\/w\/?p=73624"},"modified":"2025-12-16T11:08:31","modified_gmt":"2025-12-16T15:08:31","slug":"laja-enciende-la-navidad-este-jueves-comienza-el-parque-navideno-con-el-esperado-encendido-del-arbol","status":"publish","type":"post","link":"https:\/\/munilaja.cl\/w\/laja-enciende-la-navidad-este-jueves-comienza-el-parque-navideno-con-el-esperado-encendido-del-arbol\/","title":{"rendered":"Laja enciende la Navidad: este jueves comienza el Parque Navide\u00f1o con el esperado encendido del \u00e1rbol"},"content":{"rendered":"\n<p><\/p>\n\n\n\n<p>La <strong>Municipalidad de Laja<\/strong>, con la <strong>colaboraci\u00f3n de CMPC<\/strong>, invita a toda la comunidad a participar del inicio oficial del <strong>Parque Navide\u00f1o Laja 2025<\/strong>, este <strong>jueves 18 de diciembre<\/strong>, instancia que marca el comienzo de una programaci\u00f3n pensada para el encuentro familiar y comunitario.<\/p>\n\n\n\n<p>Las actividades se iniciar\u00e1n a las <strong>18:00 horas<\/strong> en el <strong>Recinto Facela<\/strong>, con la apertura del parque y diversas presentaciones art\u00edsticas, y destacando a las <strong>21:30 horas<\/strong> con el tradicional y esperado <strong>encendido del \u00e1rbol navide\u00f1o<\/strong>, uno de los momentos m\u00e1s significativos de estas celebraciones.<\/p>\n\n\n\n<p>El Parque Navide\u00f1o se desarrollar\u00e1 entre el <strong>18 y el 23 de diciembre<\/strong>, con entrada liberada y una variada parrilla de actividades culturales, musicales y recreativas para todas las edades, reafirmando el compromiso municipal de generar espacios de encuentro, participaci\u00f3n y celebraci\u00f3n para la comunidad lajina.<\/p>\n\n\n\n<p><strong>PROGRAMACI\u00d3N:<\/strong><\/p>\n\n\n\n<figure><table><tbody><tr><td><strong>18 de diciembre<\/strong><\/td><td><strong>&nbsp;<\/strong><\/td><\/tr><tr><td><strong>18:00 hrs.<\/strong><strong><\/strong><\/td><td>Apertura Parque Navide\u00f1o<\/td><\/tr><tr><td><strong>20.45 hrs.<\/strong><\/td><td>Presentaci\u00f3n Orquesta Colegio Alem\u00e1n<\/td><\/tr><tr><td><strong>21.30 hrs.<\/strong><strong><\/strong><\/td><td>Encendido del Pino Navide\u00f1o<\/td><\/tr><tr><td><strong>22.00 hrs.<\/strong><\/td><td>Presentaci\u00f3n de Ensamble de M\u00fasica Popular<\/td><\/tr><\/tbody><\/table><\/figure>\n\n\n\n<figure><table><tbody><tr><td><strong>19 de diciembre<\/strong><\/td><td><strong>&nbsp;<\/strong><\/td><\/tr><tr><td><strong>18:00 hrs.<\/strong><strong><\/strong><\/td><td>Llegada del Trencito Navide\u00f1o Visita del Viejito Pascuero<\/td><\/tr><tr><td><strong>19.00 hrs.<\/strong><\/td><td>Presentaci\u00f3n Grupo Instrumental Adolescentes<\/td><\/tr><tr><td><strong>20.00 hrs.<\/strong><strong><\/strong><\/td><td>Coro Adulto Iglesia Pentecostal<\/td><\/tr><tr><td><strong>22.00 hrs.<\/strong><\/td><td>Presentaci\u00f3n de Ensamble de M\u00fasica Popular<\/td><\/tr><\/tbody><\/table><\/figure>\n\n\n\n<figure><table><tbody><tr><td><strong>20 de diciembre<\/strong><\/td><td><strong>&nbsp;<\/strong><\/td><\/tr><tr><td><strong>18:00 hrs.<\/strong><strong><\/strong><\/td><td>Llegada del Trencito Navide\u00f1o Visita del Viejito Pascuero<\/td><\/tr><tr><td><strong>20.00 hrs.<\/strong><\/td><td>Presentaci\u00f3n Coro Gustavo Wyneken<\/td><\/tr><tr><td><strong>21.00 hrs.<\/strong><strong><\/strong><\/td><td>Cuarteto Concepci\u00f3n<\/td><\/tr><tr><td><strong>22.00 hrs.<\/strong><\/td><td>Presentaci\u00f3n de Ensamble de M\u00fasica Popular<\/td><\/tr><\/tbody><\/table><\/figure>\n\n\n\n<figure><table><tbody><tr><td><strong>21 de diciembre<\/strong><\/td><td><strong>&nbsp;<\/strong><\/td><\/tr><tr><td><strong>18:00 hrs.<\/strong><strong><\/strong><\/td><td>Llegada del Trencito Navide\u00f1o Visita del Viejito Pascuero Grinch<\/td><\/tr><tr><td><strong>19.00 hrs.<\/strong><\/td><td>Batucada<\/td><\/tr><tr><td><strong>20.00 hrs.<\/strong><strong><\/strong><\/td><td>Big Band Colegio Raiquen<\/td><\/tr><tr><td><strong>21.00 hrs.<\/strong><\/td><td>M\u00fasica Navide\u00f1a<\/td><\/tr><\/tbody><\/table><\/figure>\n\n\n\n<figure><table><tbody><tr><td><strong>22 de diciembre<\/strong><\/td><td><strong>&nbsp;<\/strong><\/td><\/tr><tr><td><strong>18:00 hrs.<\/strong><strong><\/strong><\/td><td>Llegada del Trencito Navide\u00f1o Visita del Viejito Pascuero<\/td><\/tr><tr><td><strong>20.00 hrs.<\/strong><\/td><td>Banda Del Destacamento de Monta\u00f1a N\u00b017, Los Angeles<\/td><\/tr><tr><td><strong>21.00 hrs.<\/strong><strong><\/strong><\/td><td>Aniversario Comunal<\/td><\/tr><tr><td><strong>21.30 hrs.<\/strong><\/td><td>Orquesta Filarm\u00f3nica del Biob\u00edo<\/td><\/tr><\/tbody><\/table><\/figure>\n\n\n\n<figure><table><tbody><tr><td><strong>23 de diciembre<\/strong><\/td><td><strong>&nbsp;<\/strong><\/td><\/tr><tr><td><strong>18:00 hrs.<\/strong><strong><\/strong><\/td><td>Llegada del Trencito Navide\u00f1o Visita del Viejito Pascuero<\/td><\/tr><tr><td><strong>19.00 hrs.<\/strong><\/td><td>Coro de Ni\u00f1os Escuela D-975<\/td><\/tr><tr><td><strong>20.00 hrs.<\/strong><strong><\/strong><\/td><td>Estudiantina del TP de Laja<\/td><\/tr><tr><td><strong>21.00 hrs.<\/strong><\/td><td>Golden Son Big Band<\/td><\/tr><tr><td><strong>22.00 hrs.<\/strong><strong><\/strong><\/td><td>Taller de M\u00fasica del Liceo H\u00e9roes de la Concepci\u00f3n<\/td><\/tr><\/tbody><\/table><\/figure>\n","protected":false},"excerpt":{"rendered":"<p>La Municipalidad de Laja, con la colaboraci\u00f3n de CMPC, invita a toda la comunidad a participar del inicio oficial del Parque Navide\u00f1o Laja 2025, este jueves 18 de diciembre, instancia que marca el comienzo de una programaci\u00f3n pensada para el encuentro familiar y comunitario. Las actividades se iniciar\u00e1n a las 18:00 horas en el Recinto [&hellip;]<\/p>\n","protected":false},"author":11,"featured_media":73625,"comment_status":"closed","ping_status":"closed","sticky":false,"template":"","format":"standard","meta":{"zakra_sidebar_layout":"customizer","zakra_remove_content_margin":false,"zakra_sidebar":"customizer","zakra_transparent_header":"customizer","zakra_logo":0,"zakra_main_header_style":"default","zakra_menu_item_color":"","zakra_menu_item_hover_color":"","zakra_menu_item_active_color":"","zakra_menu_active_style":"zakra_menu_active_style","zakra_page_header":true,"footnotes":""},"categories":[17],"tags":[],"class_list":["post-73624","post","type-post","status-publish","format-standard","has-post-thumbnail","hentry","category-servicio-a-la-comunidad"],"yoast_head":"<!-- This site is optimized with the Yoast SEO plugin v24.0 - https:\/\/yoast.com\/wordpress\/plugins\/seo\/ -->\n<title>Laja enciende la Navidad: este jueves comienza el Parque Navide\u00f1o con el esperado encendido del \u00e1rbol - Municipalidad de Laja<\/title>\n<meta name=\"robots\" content=\"index, follow, max-snippet:-1, max-image-preview:large, max-video-preview:-1\" \/>\n<link rel=\"canonical\" href=\"https:\/\/munilaja.cl\/w\/laja-enciende-la-navidad-este-jueves-comienza-el-parque-navideno-con-el-esperado-encendido-del-arbol\/\" \/>\n<meta property=\"og:locale\" content=\"es_ES\" \/>\n<meta property=\"og:type\" content=\"article\" \/>\n<meta property=\"og:title\" content=\"Laja enciende la Navidad: este jueves comienza el Parque Navide\u00f1o con el esperado encendido del \u00e1rbol - Municipalidad de Laja\" \/>\n<meta property=\"og:description\" content=\"La Municipalidad de Laja, con la colaboraci\u00f3n de CMPC, invita a toda la comunidad a participar del inicio oficial del Parque Navide\u00f1o Laja 2025, este jueves 18 de diciembre, instancia que marca el comienzo de una programaci\u00f3n pensada para el encuentro familiar y comunitario. Las actividades se iniciar\u00e1n a las 18:00 horas en el Recinto [&hellip;]\" \/>\n<meta property=\"og:url\" content=\"https:\/\/munilaja.cl\/w\/laja-enciende-la-navidad-este-jueves-comienza-el-parque-navideno-con-el-esperado-encendido-del-arbol\/\" \/>\n<meta property=\"og:site_name\" content=\"Municipalidad de Laja\" \/>\n<meta property=\"article:published_time\" content=\"2025-12-16T15:08:30+00:00\" \/>\n<meta property=\"article:modified_time\" content=\"2025-12-16T15:08:31+00:00\" \/>\n<meta property=\"og:image\" content=\"https:\/\/munilaja.cl\/w\/wp-content\/uploads\/2025\/12\/programacion-portada.jpg\" \/>\n\t<meta property=\"og:image:width\" content=\"1080\" \/>\n\t<meta property=\"og:image:height\" content=\"1350\" \/>\n\t<meta property=\"og:image:type\" content=\"image\/jpeg\" \/>\n<meta name=\"author\" content=\"Administrador\" \/>\n<meta name=\"twitter:card\" content=\"summary_large_image\" \/>\n<meta name=\"twitter:label1\" content=\"Escrito por\" \/>\n\t<meta name=\"twitter:data1\" content=\"Administrador\" \/>\n\t<meta name=\"twitter:label2\" content=\"Tiempo de lectura\" \/>\n\t<meta name=\"twitter:data2\" content=\"2 minutos\" \/>\n<script type=\"application\/ld+json\" class=\"yoast-schema-graph\">{\"@context\":\"https:\/\/schema.org\",\"@graph\":[{\"@type\":\"Article\",\"@id\":\"https:\/\/munilaja.cl\/w\/laja-enciende-la-navidad-este-jueves-comienza-el-parque-navideno-con-el-esperado-encendido-del-arbol\/#article\",\"isPartOf\":{\"@id\":\"https:\/\/munilaja.cl\/w\/laja-enciende-la-navidad-este-jueves-comienza-el-parque-navideno-con-el-esperado-encendido-del-arbol\/\"},\"author\":{\"name\":\"Administrador\",\"@id\":\"https:\/\/munilaja.cl\/w\/#\/schema\/person\/4650348f4978773bf1c5b31f9c7da744\"},\"headline\":\"Laja enciende la Navidad: este jueves comienza el Parque Navide\u00f1o con el esperado encendido del \u00e1rbol\",\"datePublished\":\"2025-12-16T15:08:30+00:00\",\"dateModified\":\"2025-12-16T15:08:31+00:00\",\"mainEntityOfPage\":{\"@id\":\"https:\/\/munilaja.cl\/w\/laja-enciende-la-navidad-este-jueves-comienza-el-parque-navideno-con-el-esperado-encendido-del-arbol\/\"},\"wordCount\":356,\"publisher\":{\"@id\":\"https:\/\/munilaja.cl\/w\/#organization\"},\"image\":{\"@id\":\"https:\/\/munilaja.cl\/w\/laja-enciende-la-navidad-este-jueves-comienza-el-parque-navideno-con-el-esperado-encendido-del-arbol\/#primaryimage\"},\"thumbnailUrl\":\"https:\/\/munilaja.cl\/w\/wp-content\/uploads\/2025\/12\/programacion-portada.jpg\",\"articleSection\":[\"Servicio a la comunidad\"],\"inLanguage\":\"es\"},{\"@type\":\"WebPage\",\"@id\":\"https:\/\/munilaja.cl\/w\/laja-enciende-la-navidad-este-jueves-comienza-el-parque-navideno-con-el-esperado-encendido-del-arbol\/\",\"url\":\"https:\/\/munilaja.cl\/w\/laja-enciende-la-navidad-este-jueves-comienza-el-parque-navideno-con-el-esperado-encendido-del-arbol\/\",\"name\":\"Laja enciende la Navidad: este jueves comienza el Parque Navide\u00f1o con el esperado encendido del \u00e1rbol - Municipalidad de Laja\",\"isPartOf\":{\"@id\":\"https:\/\/munilaja.cl\/w\/#website\"},\"primaryImageOfPage\":{\"@id\":\"https:\/\/munilaja.cl\/w\/laja-enciende-la-navidad-este-jueves-comienza-el-parque-navideno-con-el-esperado-encendido-del-arbol\/#primaryimage\"},\"image\":{\"@id\":\"https:\/\/munilaja.cl\/w\/laja-enciende-la-navidad-este-jueves-comienza-el-parque-navideno-con-el-esperado-encendido-del-arbol\/#primaryimage\"},\"thumbnailUrl\":\"https:\/\/munilaja.cl\/w\/wp-content\/uploads\/2025\/12\/programacion-portada.jpg\",\"datePublished\":\"2025-12-16T15:08:30+00:00\",\"dateModified\":\"2025-12-16T15:08:31+00:00\",\"breadcrumb\":{\"@id\":\"https:\/\/munilaja.cl\/w\/laja-enciende-la-navidad-este-jueves-comienza-el-parque-navideno-con-el-esperado-encendido-del-arbol\/#breadcrumb\"},\"inLanguage\":\"es\",\"potentialAction\":[{\"@type\":\"ReadAction\",\"target\":[\"https:\/\/munilaja.cl\/w\/laja-enciende-la-navidad-este-jueves-comienza-el-parque-navideno-con-el-esperado-encendido-del-arbol\/\"]}]},{\"@type\":\"ImageObject\",\"inLanguage\":\"es\",\"@id\":\"https:\/\/munilaja.cl\/w\/laja-enciende-la-navidad-este-jueves-comienza-el-parque-navideno-con-el-esperado-encendido-del-arbol\/#primaryimage\",\"url\":\"https:\/\/munilaja.cl\/w\/wp-content\/uploads\/2025\/12\/programacion-portada.jpg\",\"contentUrl\":\"https:\/\/munilaja.cl\/w\/wp-content\/uploads\/2025\/12\/programacion-portada.jpg\",\"width\":1080,\"height\":1350},{\"@type\":\"BreadcrumbList\",\"@id\":\"https:\/\/munilaja.cl\/w\/laja-enciende-la-navidad-este-jueves-comienza-el-parque-navideno-con-el-esperado-encendido-del-arbol\/#breadcrumb\",\"itemListElement\":[{\"@type\":\"ListItem\",\"position\":1,\"name\":\"Portada\",\"item\":\"https:\/\/munilaja.cl\/w\/\"},{\"@type\":\"ListItem\",\"position\":2,\"name\":\"Laja enciende la Navidad: este jueves comienza el Parque Navide\u00f1o con el esperado encendido del \u00e1rbol\"}]},{\"@type\":\"WebSite\",\"@id\":\"https:\/\/munilaja.cl\/w\/#website\",\"url\":\"https:\/\/munilaja.cl\/w\/\",\"name\":\"Municipalidad de Laja\",\"description\":\"Web Municipal\",\"publisher\":{\"@id\":\"https:\/\/munilaja.cl\/w\/#organization\"},\"potentialAction\":[{\"@type\":\"SearchAction\",\"target\":{\"@type\":\"EntryPoint\",\"urlTemplate\":\"https:\/\/munilaja.cl\/w\/?s={search_term_string}\"},\"query-input\":{\"@type\":\"PropertyValueSpecification\",\"valueRequired\":true,\"valueName\":\"search_term_string\"}}],\"inLanguage\":\"es\"},{\"@type\":\"Organization\",\"@id\":\"https:\/\/munilaja.cl\/w\/#organization\",\"name\":\"Municipalidad de Laja\",\"url\":\"https:\/\/munilaja.cl\/w\/\",\"logo\":{\"@type\":\"ImageObject\",\"inLanguage\":\"es\",\"@id\":\"https:\/\/munilaja.cl\/w\/#\/schema\/logo\/image\/\",\"url\":\"https:\/\/munilaja.cl\/w\/wp-content\/uploads\/2024\/11\/ESCUDO-LAJA-LETRAS-BLANCAS-LOGO-WEB.png\",\"contentUrl\":\"https:\/\/munilaja.cl\/w\/wp-content\/uploads\/2024\/11\/ESCUDO-LAJA-LETRAS-BLANCAS-LOGO-WEB.png\",\"width\":150,\"height\":150,\"caption\":\"Municipalidad de Laja\"},\"image\":{\"@id\":\"https:\/\/munilaja.cl\/w\/#\/schema\/logo\/image\/\"}},{\"@type\":\"Person\",\"@id\":\"https:\/\/munilaja.cl\/w\/#\/schema\/person\/4650348f4978773bf1c5b31f9c7da744\",\"name\":\"Administrador\",\"url\":\"https:\/\/munilaja.cl\/w\/author\/rssmunilaja\/\"}]}<\/script>\n<!-- \/ Yoast SEO plugin. -->","yoast_head_json":{"title":"Laja enciende la Navidad: este jueves comienza el Parque Navide\u00f1o con el esperado encendido del \u00e1rbol - Municipalidad de Laja","robots":{"index":"index","follow":"follow","max-snippet":"max-snippet:-1","max-image-preview":"max-image-preview:large","max-video-preview":"max-video-preview:-1"},"canonical":"https:\/\/munilaja.cl\/w\/laja-enciende-la-navidad-este-jueves-comienza-el-parque-navideno-con-el-esperado-encendido-del-arbol\/","og_locale":"es_ES","og_type":"article","og_title":"Laja enciende la Navidad: este jueves comienza el Parque Navide\u00f1o con el esperado encendido del \u00e1rbol - Municipalidad de Laja","og_description":"La Municipalidad de Laja, con la colaboraci\u00f3n de CMPC, invita a toda la comunidad a participar del inicio oficial del Parque Navide\u00f1o Laja 2025, este jueves 18 de diciembre, instancia que marca el comienzo de una programaci\u00f3n pensada para el encuentro familiar y comunitario. Las actividades se iniciar\u00e1n a las 18:00 horas en el Recinto [&hellip;]","og_url":"https:\/\/munilaja.cl\/w\/laja-enciende-la-navidad-este-jueves-comienza-el-parque-navideno-con-el-esperado-encendido-del-arbol\/","og_site_name":"Municipalidad de Laja","article_published_time":"2025-12-16T15:08:30+00:00","article_modified_time":"2025-12-16T15:08:31+00:00","og_image":[{"width":1080,"height":1350,"url":"https:\/\/munilaja.cl\/w\/wp-content\/uploads\/2025\/12\/programacion-portada.jpg","type":"image\/jpeg"}],"author":"Administrador","twitter_card":"summary_large_image","twitter_misc":{"Escrito por":"Administrador","Tiempo de lectura":"2 minutos"},"schema":{"@context":"https:\/\/schema.org","@graph":[{"@type":"Article","@id":"https:\/\/munilaja.cl\/w\/laja-enciende-la-navidad-este-jueves-comienza-el-parque-navideno-con-el-esperado-encendido-del-arbol\/#article","isPartOf":{"@id":"https:\/\/munilaja.cl\/w\/laja-enciende-la-navidad-este-jueves-comienza-el-parque-navideno-con-el-esperado-encendido-del-arbol\/"},"author":{"name":"Administrador","@id":"https:\/\/munilaja.cl\/w\/#\/schema\/person\/4650348f4978773bf1c5b31f9c7da744"},"headline":"Laja enciende la Navidad: este jueves comienza el Parque Navide\u00f1o con el esperado encendido del \u00e1rbol","datePublished":"2025-12-16T15:08:30+00:00","dateModified":"2025-12-16T15:08:31+00:00","mainEntityOfPage":{"@id":"https:\/\/munilaja.cl\/w\/laja-enciende-la-navidad-este-jueves-comienza-el-parque-navideno-con-el-esperado-encendido-del-arbol\/"},"wordCount":356,"publisher":{"@id":"https:\/\/munilaja.cl\/w\/#organization"},"image":{"@id":"https:\/\/munilaja.cl\/w\/laja-enciende-la-navidad-este-jueves-comienza-el-parque-navideno-con-el-esperado-encendido-del-arbol\/#primaryimage"},"thumbnailUrl":"https:\/\/munilaja.cl\/w\/wp-content\/uploads\/2025\/12\/programacion-portada.jpg","articleSection":["Servicio a la comunidad"],"inLanguage":"es"},{"@type":"WebPage","@id":"https:\/\/munilaja.cl\/w\/laja-enciende-la-navidad-este-jueves-comienza-el-parque-navideno-con-el-esperado-encendido-del-arbol\/","url":"https:\/\/munilaja.cl\/w\/laja-enciende-la-navidad-este-jueves-comienza-el-parque-navideno-con-el-esperado-encendido-del-arbol\/","name":"Laja enciende la Navidad: este jueves comienza el Parque Navide\u00f1o con el esperado encendido del \u00e1rbol - Municipalidad de Laja","isPartOf":{"@id":"https:\/\/munilaja.cl\/w\/#website"},"primaryImageOfPage":{"@id":"https:\/\/munilaja.cl\/w\/laja-enciende-la-navidad-este-jueves-comienza-el-parque-navideno-con-el-esperado-encendido-del-arbol\/#primaryimage"},"image":{"@id":"https:\/\/munilaja.cl\/w\/laja-enciende-la-navidad-este-jueves-comienza-el-parque-navideno-con-el-esperado-encendido-del-arbol\/#primaryimage"},"thumbnailUrl":"https:\/\/munilaja.cl\/w\/wp-content\/uploads\/2025\/12\/programacion-portada.jpg","datePublished":"2025-12-16T15:08:30+00:00","dateModified":"2025-12-16T15:08:31+00:00","breadcrumb":{"@id":"https:\/\/munilaja.cl\/w\/laja-enciende-la-navidad-este-jueves-comienza-el-parque-navideno-con-el-esperado-encendido-del-arbol\/#breadcrumb"},"inLanguage":"es","potentialAction":[{"@type":"ReadAction","target":["https:\/\/munilaja.cl\/w\/laja-enciende-la-navidad-este-jueves-comienza-el-parque-navideno-con-el-esperado-encendido-del-arbol\/"]}]},{"@type":"ImageObject","inLanguage":"es","@id":"https:\/\/munilaja.cl\/w\/laja-enciende-la-navidad-este-jueves-comienza-el-parque-navideno-con-el-esperado-encendido-del-arbol\/#primaryimage","url":"https:\/\/munilaja.cl\/w\/wp-content\/uploads\/2025\/12\/programacion-portada.jpg","contentUrl":"https:\/\/munilaja.cl\/w\/wp-content\/uploads\/2025\/12\/programacion-portada.jpg","width":1080,"height":1350},{"@type":"BreadcrumbList","@id":"https:\/\/munilaja.cl\/w\/laja-enciende-la-navidad-este-jueves-comienza-el-parque-navideno-con-el-esperado-encendido-del-arbol\/#breadcrumb","itemListElement":[{"@type":"ListItem","position":1,"name":"Portada","item":"https:\/\/munilaja.cl\/w\/"},{"@type":"ListItem","position":2,"name":"Laja enciende la Navidad: este jueves comienza el Parque Navide\u00f1o con el esperado encendido del \u00e1rbol"}]},{"@type":"WebSite","@id":"https:\/\/munilaja.cl\/w\/#website","url":"https:\/\/munilaja.cl\/w\/","name":"Municipalidad de Laja","description":"Web Municipal","publisher":{"@id":"https:\/\/munilaja.cl\/w\/#organization"},"potentialAction":[{"@type":"SearchAction","target":{"@type":"EntryPoint","urlTemplate":"https:\/\/munilaja.cl\/w\/?s={search_term_string}"},"query-input":{"@type":"PropertyValueSpecification","valueRequired":true,"valueName":"search_term_string"}}],"inLanguage":"es"},{"@type":"Organization","@id":"https:\/\/munilaja.cl\/w\/#organization","name":"Municipalidad de Laja","url":"https:\/\/munilaja.cl\/w\/","logo":{"@type":"ImageObject","inLanguage":"es","@id":"https:\/\/munilaja.cl\/w\/#\/schema\/logo\/image\/","url":"https:\/\/munilaja.cl\/w\/wp-content\/uploads\/2024\/11\/ESCUDO-LAJA-LETRAS-BLANCAS-LOGO-WEB.png","contentUrl":"https:\/\/munilaja.cl\/w\/wp-content\/uploads\/2024\/11\/ESCUDO-LAJA-LETRAS-BLANCAS-LOGO-WEB.png","width":150,"height":150,"caption":"Municipalidad de Laja"},"image":{"@id":"https:\/\/munilaja.cl\/w\/#\/schema\/logo\/image\/"}},{"@type":"Person","@id":"https:\/\/munilaja.cl\/w\/#\/schema\/person\/4650348f4978773bf1c5b31f9c7da744","name":"Administrador","url":"https:\/\/munilaja.cl\/w\/author\/rssmunilaja\/"}]}},"_links":{"self":[{"href":"https:\/\/munilaja.cl\/w\/wp-json\/wp\/v2\/posts\/73624"}],"collection":[{"href":"https:\/\/munilaja.cl\/w\/wp-json\/wp\/v2\/posts"}],"about":[{"href":"https:\/\/munilaja.cl\/w\/wp-json\/wp\/v2\/types\/post"}],"author":[{"embeddable":true,"href":"https:\/\/munilaja.cl\/w\/wp-json\/wp\/v2\/users\/11"}],"replies":[{"embeddable":true,"href":"https:\/\/munilaja.cl\/w\/wp-json\/wp\/v2\/comments?post=73624"}],"version-history":[{"count":2,"href":"https:\/\/munilaja.cl\/w\/wp-json\/wp\/v2\/posts\/73624\/revisions"}],"predecessor-version":[{"id":73627,"href":"https:\/\/munilaja.cl\/w\/wp-json\/wp\/v2\/posts\/73624\/revisions\/73627"}],"wp:featuredmedia":[{"embeddable":true,"href":"https:\/\/munilaja.cl\/w\/wp-json\/wp\/v2\/media\/73625"}],"wp:attachment":[{"href":"https:\/\/munilaja.cl\/w\/wp-json\/wp\/v2\/media?parent=73624"}],"wp:term":[{"taxonomy":"category","embeddable":true,"href":"https:\/\/munilaja.cl\/w\/wp-json\/wp\/v2\/categories?post=73624"},{"taxonomy":"post_tag","embeddable":true,"href":"https:\/\/munilaja.cl\/w\/wp-json\/wp\/v2\/tags?post=73624"}],"curies":[{"name":"wp","href":"https:\/\/api.w.org\/{rel}","templated":true}]}}