{"id":73596,"date":"2025-12-02T10:12:21","date_gmt":"2025-12-02T14:12:21","guid":{"rendered":"https:\/\/munilaja.cl\/w\/?p=73596"},"modified":"2025-12-02T10:12:22","modified_gmt":"2025-12-02T14:12:22","slug":"laja-refuerza-su-coordinacion-comunal-para-enfrentar-la-temporada-de-incendios-forestales","status":"publish","type":"post","link":"https:\/\/munilaja.cl\/w\/laja-refuerza-su-coordinacion-comunal-para-enfrentar-la-temporada-de-incendios-forestales\/","title":{"rendered":"Laja refuerza su coordinaci\u00f3n comunal para enfrentar la temporada de incendios forestales"},"content":{"rendered":"\n<p>Este lunes 01 de diciembre se desarroll\u00f3 en Laja el COGRID comunal, instancia clave de coordinaci\u00f3n frente a la pr\u00f3xima temporada de incendios forestales. La reuni\u00f3n fue liderada por el alcalde Vladimir Fica Toledo y cont\u00f3 con la participaci\u00f3n de Conaf, Arauco, CMPC, Red de Prevenci\u00f3n Comunitaria, Direcci\u00f3n de Salud Municipal, Direcci\u00f3n de Obras Municipales, Direcci\u00f3n de Medio Ambiente, Aseo y Ornato, Dideco, Hospital de Laja, Daem, Carabineros, Bomberos, Essbio y Frontel.<\/p>\n\n\n\n<p>El objetivo central fue afinar las principales l\u00edneas de acci\u00f3n que cada entidad deber\u00e1 implementar durante los meses de mayor riesgo. Desde el municipio se detallaron algunas medidas preventivas, como <strong>turnos de emergencia semanales<\/strong>, <strong>patrullajes preventivos Bot\u00f3n Rojo<\/strong>, <strong>refuerzo del patrullaje del equipo de Seguridad Comunal<\/strong>, y la <strong>disposici\u00f3n de albergues municipales<\/strong>, entre otras acciones coordinadas con los organismos presentes.<\/p>\n\n\n\n<p><strong>Compromiso transversal<\/strong><\/p>\n\n\n\n<p>Las instituciones participantes destacaron el valor de este espacio de planificaci\u00f3n conjunta.<\/p>\n\n\n\n<p>Miguel Carrasco, comandante del Cuerpo de Bomberos de Laja, subray\u00f3 la relevancia de trabajar de manera articulada:<\/p>\n\n\n\n<p><strong>\u201cEs importante tener reuni\u00f3n con todas las entidades para programarnos para el tiempo que se nos viene. Tenemos testimonio de incendios que nos han afectado en la comuna, y es importante planificarnos con el Municipio, Carabineros, Bomberos, Conaf, Departamento de Salud Municipal y empresas ligadas como Arauco y Mininco.\u201d<\/strong><\/p>\n\n\n\n<p>En la misma l\u00ednea, Cristian Santib\u00e1\u00f1ez, jefe de \u00e1rea de relacionamiento de CMPC, destac\u00f3 la amplitud del di\u00e1logo y el compromiso de los actores convocados:<\/p>\n\n\n\n<p><strong>\u201cUn COGRID muy interesante y extenso; se abordaron diversas materias, pero lo m\u00e1s importante es el grado de compromiso y participaci\u00f3n que existe en cada una de las entidades p\u00fablicas y privadas. Eso nos tiene muy contentos porque nos permite trabajar con mayor \u00e9nfasis y entusiasmo para prepararnos para la temporada que se nos avecina.\u201d<\/strong><\/p>\n\n\n\n<p>Desde Conaf, el encargado de distrito de la provincia del Biob\u00edo, Ram\u00f3n Vallejos, inform\u00f3 sobre los recursos ya disponibles para enfrentar eventuales emergencias:<\/p>\n\n\n\n<p><strong>\u201cFue muy buena esta reuni\u00f3n; estamos viendo las coordinaciones en los temas preventivos y los recursos de los cuales cada una de las entidades disponemos. En nuestro caso, ya tenemos 15 brigadas operativas, de las cuales varias est\u00e1n en Laja. Contamos con 176 brigadistas, 3 aviones cisterna en Mar\u00eda Dolores y este viernes 05 ya contaremos con el H\u00e9rcules que estar\u00e1 en nuestra provincia.\u201d<\/strong><\/p>\n\n\n\n<p><strong>Llamado a la responsabilidad compartida<\/strong><\/p>\n\n\n\n<p>El alcalde de Laja, Vladimir Fica Toledo, llam\u00f3 a fortalecer la prevenci\u00f3n y a asumir el compromiso que demanda la temporada estival.<\/p>\n\n\n\n<p><strong>\u201cDebemos prepararnos; todos tenemos una responsabilidad que cumplir. Cada una de las entidades que participaron de este COGRID tienen claro cu\u00e1l es la importancia de contar con un plan de prevenci\u00f3n y acci\u00f3n para enfrentar la pr\u00f3xima temporada de incendios forestales. Nuestro municipio y el equipo de emergencia tienen claras sus funciones, y esperamos que esta temporada podamos enfrentar las emergencias de la mejor manera y sin lamentar riesgos mayores.\u201d<\/strong><\/p>\n\n\n\n<p>La comuna de Laja continuar\u00e1 realizando coordinaciones permanentes durante las pr\u00f3ximas semanas, con el fin de resguardar a la comunidad y reducir al m\u00e1ximo los riesgos asociados a los incendios forestales.<\/p>\n","protected":false},"excerpt":{"rendered":"<p>Este lunes 01 de diciembre se desarroll\u00f3 en Laja el COGRID comunal, instancia clave de coordinaci\u00f3n frente a la pr\u00f3xima temporada de incendios forestales. La reuni\u00f3n fue liderada por el alcalde Vladimir Fica Toledo y cont\u00f3 con la participaci\u00f3n de Conaf, Arauco, CMPC, Red de Prevenci\u00f3n Comunitaria, Direcci\u00f3n de Salud Municipal, Direcci\u00f3n de Obras Municipales, [&hellip;]<\/p>\n","protected":false},"author":11,"featured_media":73597,"comment_status":"closed","ping_status":"closed","sticky":false,"template":"","format":"standard","meta":{"zakra_sidebar_layout":"customizer","zakra_remove_content_margin":false,"zakra_sidebar":"customizer","zakra_transparent_header":"customizer","zakra_logo":0,"zakra_main_header_style":"default","zakra_menu_item_color":"","zakra_menu_item_hover_color":"","zakra_menu_item_active_color":"","zakra_menu_active_style":"zakra_menu_active_style","zakra_page_header":true,"footnotes":""},"categories":[17],"tags":[],"class_list":["post-73596","post","type-post","status-publish","format-standard","has-post-thumbnail","hentry","category-servicio-a-la-comunidad"],"yoast_head":"<!-- This site is optimized with the Yoast SEO plugin v24.0 - https:\/\/yoast.com\/wordpress\/plugins\/seo\/ -->\n<title>Laja refuerza su coordinaci\u00f3n comunal para enfrentar la temporada de incendios forestales - Municipalidad de Laja<\/title>\n<meta name=\"robots\" content=\"index, follow, max-snippet:-1, max-image-preview:large, max-video-preview:-1\" \/>\n<link rel=\"canonical\" href=\"https:\/\/munilaja.cl\/w\/laja-refuerza-su-coordinacion-comunal-para-enfrentar-la-temporada-de-incendios-forestales\/\" \/>\n<meta property=\"og:locale\" content=\"es_ES\" \/>\n<meta property=\"og:type\" content=\"article\" \/>\n<meta property=\"og:title\" content=\"Laja refuerza su coordinaci\u00f3n comunal para enfrentar la temporada de incendios forestales - Municipalidad de Laja\" \/>\n<meta property=\"og:description\" content=\"Este lunes 01 de diciembre se desarroll\u00f3 en Laja el COGRID comunal, instancia clave de coordinaci\u00f3n frente a la pr\u00f3xima temporada de incendios forestales. La reuni\u00f3n fue liderada por el alcalde Vladimir Fica Toledo y cont\u00f3 con la participaci\u00f3n de Conaf, Arauco, CMPC, Red de Prevenci\u00f3n Comunitaria, Direcci\u00f3n de Salud Municipal, Direcci\u00f3n de Obras Municipales, [&hellip;]\" \/>\n<meta property=\"og:url\" content=\"https:\/\/munilaja.cl\/w\/laja-refuerza-su-coordinacion-comunal-para-enfrentar-la-temporada-de-incendios-forestales\/\" \/>\n<meta property=\"og:site_name\" content=\"Municipalidad de Laja\" \/>\n<meta property=\"article:published_time\" content=\"2025-12-02T14:12:21+00:00\" \/>\n<meta property=\"article:modified_time\" content=\"2025-12-02T14:12:22+00:00\" \/>\n<meta property=\"og:image\" content=\"https:\/\/munilaja.cl\/w\/wp-content\/uploads\/2025\/12\/2-1.jpeg\" \/>\n\t<meta property=\"og:image:width\" content=\"1280\" \/>\n\t<meta property=\"og:image:height\" content=\"960\" \/>\n\t<meta property=\"og:image:type\" content=\"image\/jpeg\" \/>\n<meta name=\"author\" content=\"Administrador\" \/>\n<meta name=\"twitter:card\" content=\"summary_large_image\" \/>\n<meta name=\"twitter:label1\" content=\"Escrito por\" \/>\n\t<meta name=\"twitter:data1\" content=\"Administrador\" \/>\n\t<meta name=\"twitter:label2\" content=\"Tiempo de lectura\" \/>\n\t<meta name=\"twitter:data2\" content=\"3 minutos\" \/>\n<script type=\"application\/ld+json\" class=\"yoast-schema-graph\">{\"@context\":\"https:\/\/schema.org\",\"@graph\":[{\"@type\":\"Article\",\"@id\":\"https:\/\/munilaja.cl\/w\/laja-refuerza-su-coordinacion-comunal-para-enfrentar-la-temporada-de-incendios-forestales\/#article\",\"isPartOf\":{\"@id\":\"https:\/\/munilaja.cl\/w\/laja-refuerza-su-coordinacion-comunal-para-enfrentar-la-temporada-de-incendios-forestales\/\"},\"author\":{\"name\":\"Administrador\",\"@id\":\"https:\/\/munilaja.cl\/w\/#\/schema\/person\/4650348f4978773bf1c5b31f9c7da744\"},\"headline\":\"Laja refuerza su coordinaci\u00f3n comunal para enfrentar la temporada de incendios forestales\",\"datePublished\":\"2025-12-02T14:12:21+00:00\",\"dateModified\":\"2025-12-02T14:12:22+00:00\",\"mainEntityOfPage\":{\"@id\":\"https:\/\/munilaja.cl\/w\/laja-refuerza-su-coordinacion-comunal-para-enfrentar-la-temporada-de-incendios-forestales\/\"},\"wordCount\":548,\"publisher\":{\"@id\":\"https:\/\/munilaja.cl\/w\/#organization\"},\"image\":{\"@id\":\"https:\/\/munilaja.cl\/w\/laja-refuerza-su-coordinacion-comunal-para-enfrentar-la-temporada-de-incendios-forestales\/#primaryimage\"},\"thumbnailUrl\":\"https:\/\/munilaja.cl\/w\/wp-content\/uploads\/2025\/12\/2-1.jpeg\",\"articleSection\":[\"Servicio a la comunidad\"],\"inLanguage\":\"es\"},{\"@type\":\"WebPage\",\"@id\":\"https:\/\/munilaja.cl\/w\/laja-refuerza-su-coordinacion-comunal-para-enfrentar-la-temporada-de-incendios-forestales\/\",\"url\":\"https:\/\/munilaja.cl\/w\/laja-refuerza-su-coordinacion-comunal-para-enfrentar-la-temporada-de-incendios-forestales\/\",\"name\":\"Laja refuerza su coordinaci\u00f3n comunal para enfrentar la temporada de incendios forestales - Municipalidad de Laja\",\"isPartOf\":{\"@id\":\"https:\/\/munilaja.cl\/w\/#website\"},\"primaryImageOfPage\":{\"@id\":\"https:\/\/munilaja.cl\/w\/laja-refuerza-su-coordinacion-comunal-para-enfrentar-la-temporada-de-incendios-forestales\/#primaryimage\"},\"image\":{\"@id\":\"https:\/\/munilaja.cl\/w\/laja-refuerza-su-coordinacion-comunal-para-enfrentar-la-temporada-de-incendios-forestales\/#primaryimage\"},\"thumbnailUrl\":\"https:\/\/munilaja.cl\/w\/wp-content\/uploads\/2025\/12\/2-1.jpeg\",\"datePublished\":\"2025-12-02T14:12:21+00:00\",\"dateModified\":\"2025-12-02T14:12:22+00:00\",\"breadcrumb\":{\"@id\":\"https:\/\/munilaja.cl\/w\/laja-refuerza-su-coordinacion-comunal-para-enfrentar-la-temporada-de-incendios-forestales\/#breadcrumb\"},\"inLanguage\":\"es\",\"potentialAction\":[{\"@type\":\"ReadAction\",\"target\":[\"https:\/\/munilaja.cl\/w\/laja-refuerza-su-coordinacion-comunal-para-enfrentar-la-temporada-de-incendios-forestales\/\"]}]},{\"@type\":\"ImageObject\",\"inLanguage\":\"es\",\"@id\":\"https:\/\/munilaja.cl\/w\/laja-refuerza-su-coordinacion-comunal-para-enfrentar-la-temporada-de-incendios-forestales\/#primaryimage\",\"url\":\"https:\/\/munilaja.cl\/w\/wp-content\/uploads\/2025\/12\/2-1.jpeg\",\"contentUrl\":\"https:\/\/munilaja.cl\/w\/wp-content\/uploads\/2025\/12\/2-1.jpeg\",\"width\":1280,\"height\":960},{\"@type\":\"BreadcrumbList\",\"@id\":\"https:\/\/munilaja.cl\/w\/laja-refuerza-su-coordinacion-comunal-para-enfrentar-la-temporada-de-incendios-forestales\/#breadcrumb\",\"itemListElement\":[{\"@type\":\"ListItem\",\"position\":1,\"name\":\"Portada\",\"item\":\"https:\/\/munilaja.cl\/w\/\"},{\"@type\":\"ListItem\",\"position\":2,\"name\":\"Laja refuerza su coordinaci\u00f3n comunal para enfrentar la temporada de incendios forestales\"}]},{\"@type\":\"WebSite\",\"@id\":\"https:\/\/munilaja.cl\/w\/#website\",\"url\":\"https:\/\/munilaja.cl\/w\/\",\"name\":\"Municipalidad de Laja\",\"description\":\"Web Municipal\",\"publisher\":{\"@id\":\"https:\/\/munilaja.cl\/w\/#organization\"},\"potentialAction\":[{\"@type\":\"SearchAction\",\"target\":{\"@type\":\"EntryPoint\",\"urlTemplate\":\"https:\/\/munilaja.cl\/w\/?s={search_term_string}\"},\"query-input\":{\"@type\":\"PropertyValueSpecification\",\"valueRequired\":true,\"valueName\":\"search_term_string\"}}],\"inLanguage\":\"es\"},{\"@type\":\"Organization\",\"@id\":\"https:\/\/munilaja.cl\/w\/#organization\",\"name\":\"Municipalidad de Laja\",\"url\":\"https:\/\/munilaja.cl\/w\/\",\"logo\":{\"@type\":\"ImageObject\",\"inLanguage\":\"es\",\"@id\":\"https:\/\/munilaja.cl\/w\/#\/schema\/logo\/image\/\",\"url\":\"https:\/\/munilaja.cl\/w\/wp-content\/uploads\/2024\/11\/ESCUDO-LAJA-LETRAS-BLANCAS-LOGO-WEB.png\",\"contentUrl\":\"https:\/\/munilaja.cl\/w\/wp-content\/uploads\/2024\/11\/ESCUDO-LAJA-LETRAS-BLANCAS-LOGO-WEB.png\",\"width\":150,\"height\":150,\"caption\":\"Municipalidad de Laja\"},\"image\":{\"@id\":\"https:\/\/munilaja.cl\/w\/#\/schema\/logo\/image\/\"}},{\"@type\":\"Person\",\"@id\":\"https:\/\/munilaja.cl\/w\/#\/schema\/person\/4650348f4978773bf1c5b31f9c7da744\",\"name\":\"Administrador\",\"url\":\"https:\/\/munilaja.cl\/w\/author\/rssmunilaja\/\"}]}<\/script>\n<!-- \/ Yoast SEO plugin. -->","yoast_head_json":{"title":"Laja refuerza su coordinaci\u00f3n comunal para enfrentar la temporada de incendios forestales - Municipalidad de Laja","robots":{"index":"index","follow":"follow","max-snippet":"max-snippet:-1","max-image-preview":"max-image-preview:large","max-video-preview":"max-video-preview:-1"},"canonical":"https:\/\/munilaja.cl\/w\/laja-refuerza-su-coordinacion-comunal-para-enfrentar-la-temporada-de-incendios-forestales\/","og_locale":"es_ES","og_type":"article","og_title":"Laja refuerza su coordinaci\u00f3n comunal para enfrentar la temporada de incendios forestales - Municipalidad de Laja","og_description":"Este lunes 01 de diciembre se desarroll\u00f3 en Laja el COGRID comunal, instancia clave de coordinaci\u00f3n frente a la pr\u00f3xima temporada de incendios forestales. La reuni\u00f3n fue liderada por el alcalde Vladimir Fica Toledo y cont\u00f3 con la participaci\u00f3n de Conaf, Arauco, CMPC, Red de Prevenci\u00f3n Comunitaria, Direcci\u00f3n de Salud Municipal, Direcci\u00f3n de Obras Municipales, [&hellip;]","og_url":"https:\/\/munilaja.cl\/w\/laja-refuerza-su-coordinacion-comunal-para-enfrentar-la-temporada-de-incendios-forestales\/","og_site_name":"Municipalidad de Laja","article_published_time":"2025-12-02T14:12:21+00:00","article_modified_time":"2025-12-02T14:12:22+00:00","og_image":[{"width":1280,"height":960,"url":"https:\/\/munilaja.cl\/w\/wp-content\/uploads\/2025\/12\/2-1.jpeg","type":"image\/jpeg"}],"author":"Administrador","twitter_card":"summary_large_image","twitter_misc":{"Escrito por":"Administrador","Tiempo de lectura":"3 minutos"},"schema":{"@context":"https:\/\/schema.org","@graph":[{"@type":"Article","@id":"https:\/\/munilaja.cl\/w\/laja-refuerza-su-coordinacion-comunal-para-enfrentar-la-temporada-de-incendios-forestales\/#article","isPartOf":{"@id":"https:\/\/munilaja.cl\/w\/laja-refuerza-su-coordinacion-comunal-para-enfrentar-la-temporada-de-incendios-forestales\/"},"author":{"name":"Administrador","@id":"https:\/\/munilaja.cl\/w\/#\/schema\/person\/4650348f4978773bf1c5b31f9c7da744"},"headline":"Laja refuerza su coordinaci\u00f3n comunal para enfrentar la temporada de incendios forestales","datePublished":"2025-12-02T14:12:21+00:00","dateModified":"2025-12-02T14:12:22+00:00","mainEntityOfPage":{"@id":"https:\/\/munilaja.cl\/w\/laja-refuerza-su-coordinacion-comunal-para-enfrentar-la-temporada-de-incendios-forestales\/"},"wordCount":548,"publisher":{"@id":"https:\/\/munilaja.cl\/w\/#organization"},"image":{"@id":"https:\/\/munilaja.cl\/w\/laja-refuerza-su-coordinacion-comunal-para-enfrentar-la-temporada-de-incendios-forestales\/#primaryimage"},"thumbnailUrl":"https:\/\/munilaja.cl\/w\/wp-content\/uploads\/2025\/12\/2-1.jpeg","articleSection":["Servicio a la comunidad"],"inLanguage":"es"},{"@type":"WebPage","@id":"https:\/\/munilaja.cl\/w\/laja-refuerza-su-coordinacion-comunal-para-enfrentar-la-temporada-de-incendios-forestales\/","url":"https:\/\/munilaja.cl\/w\/laja-refuerza-su-coordinacion-comunal-para-enfrentar-la-temporada-de-incendios-forestales\/","name":"Laja refuerza su coordinaci\u00f3n comunal para enfrentar la temporada de incendios forestales - Municipalidad de Laja","isPartOf":{"@id":"https:\/\/munilaja.cl\/w\/#website"},"primaryImageOfPage":{"@id":"https:\/\/munilaja.cl\/w\/laja-refuerza-su-coordinacion-comunal-para-enfrentar-la-temporada-de-incendios-forestales\/#primaryimage"},"image":{"@id":"https:\/\/munilaja.cl\/w\/laja-refuerza-su-coordinacion-comunal-para-enfrentar-la-temporada-de-incendios-forestales\/#primaryimage"},"thumbnailUrl":"https:\/\/munilaja.cl\/w\/wp-content\/uploads\/2025\/12\/2-1.jpeg","datePublished":"2025-12-02T14:12:21+00:00","dateModified":"2025-12-02T14:12:22+00:00","breadcrumb":{"@id":"https:\/\/munilaja.cl\/w\/laja-refuerza-su-coordinacion-comunal-para-enfrentar-la-temporada-de-incendios-forestales\/#breadcrumb"},"inLanguage":"es","potentialAction":[{"@type":"ReadAction","target":["https:\/\/munilaja.cl\/w\/laja-refuerza-su-coordinacion-comunal-para-enfrentar-la-temporada-de-incendios-forestales\/"]}]},{"@type":"ImageObject","inLanguage":"es","@id":"https:\/\/munilaja.cl\/w\/laja-refuerza-su-coordinacion-comunal-para-enfrentar-la-temporada-de-incendios-forestales\/#primaryimage","url":"https:\/\/munilaja.cl\/w\/wp-content\/uploads\/2025\/12\/2-1.jpeg","contentUrl":"https:\/\/munilaja.cl\/w\/wp-content\/uploads\/2025\/12\/2-1.jpeg","width":1280,"height":960},{"@type":"BreadcrumbList","@id":"https:\/\/munilaja.cl\/w\/laja-refuerza-su-coordinacion-comunal-para-enfrentar-la-temporada-de-incendios-forestales\/#breadcrumb","itemListElement":[{"@type":"ListItem","position":1,"name":"Portada","item":"https:\/\/munilaja.cl\/w\/"},{"@type":"ListItem","position":2,"name":"Laja refuerza su coordinaci\u00f3n comunal para enfrentar la temporada de incendios forestales"}]},{"@type":"WebSite","@id":"https:\/\/munilaja.cl\/w\/#website","url":"https:\/\/munilaja.cl\/w\/","name":"Municipalidad de Laja","description":"Web Municipal","publisher":{"@id":"https:\/\/munilaja.cl\/w\/#organization"},"potentialAction":[{"@type":"SearchAction","target":{"@type":"EntryPoint","urlTemplate":"https:\/\/munilaja.cl\/w\/?s={search_term_string}"},"query-input":{"@type":"PropertyValueSpecification","valueRequired":true,"valueName":"search_term_string"}}],"inLanguage":"es"},{"@type":"Organization","@id":"https:\/\/munilaja.cl\/w\/#organization","name":"Municipalidad de Laja","url":"https:\/\/munilaja.cl\/w\/","logo":{"@type":"ImageObject","inLanguage":"es","@id":"https:\/\/munilaja.cl\/w\/#\/schema\/logo\/image\/","url":"https:\/\/munilaja.cl\/w\/wp-content\/uploads\/2024\/11\/ESCUDO-LAJA-LETRAS-BLANCAS-LOGO-WEB.png","contentUrl":"https:\/\/munilaja.cl\/w\/wp-content\/uploads\/2024\/11\/ESCUDO-LAJA-LETRAS-BLANCAS-LOGO-WEB.png","width":150,"height":150,"caption":"Municipalidad de Laja"},"image":{"@id":"https:\/\/munilaja.cl\/w\/#\/schema\/logo\/image\/"}},{"@type":"Person","@id":"https:\/\/munilaja.cl\/w\/#\/schema\/person\/4650348f4978773bf1c5b31f9c7da744","name":"Administrador","url":"https:\/\/munilaja.cl\/w\/author\/rssmunilaja\/"}]}},"_links":{"self":[{"href":"https:\/\/munilaja.cl\/w\/wp-json\/wp\/v2\/posts\/73596"}],"collection":[{"href":"https:\/\/munilaja.cl\/w\/wp-json\/wp\/v2\/posts"}],"about":[{"href":"https:\/\/munilaja.cl\/w\/wp-json\/wp\/v2\/types\/post"}],"author":[{"embeddable":true,"href":"https:\/\/munilaja.cl\/w\/wp-json\/wp\/v2\/users\/11"}],"replies":[{"embeddable":true,"href":"https:\/\/munilaja.cl\/w\/wp-json\/wp\/v2\/comments?post=73596"}],"version-history":[{"count":1,"href":"https:\/\/munilaja.cl\/w\/wp-json\/wp\/v2\/posts\/73596\/revisions"}],"predecessor-version":[{"id":73598,"href":"https:\/\/munilaja.cl\/w\/wp-json\/wp\/v2\/posts\/73596\/revisions\/73598"}],"wp:featuredmedia":[{"embeddable":true,"href":"https:\/\/munilaja.cl\/w\/wp-json\/wp\/v2\/media\/73597"}],"wp:attachment":[{"href":"https:\/\/munilaja.cl\/w\/wp-json\/wp\/v2\/media?parent=73596"}],"wp:term":[{"taxonomy":"category","embeddable":true,"href":"https:\/\/munilaja.cl\/w\/wp-json\/wp\/v2\/categories?post=73596"},{"taxonomy":"post_tag","embeddable":true,"href":"https:\/\/munilaja.cl\/w\/wp-json\/wp\/v2\/tags?post=73596"}],"curies":[{"name":"wp","href":"https:\/\/api.w.org\/{rel}","templated":true}]}}