{"id":73262,"date":"2025-10-01T12:12:39","date_gmt":"2025-10-01T16:12:39","guid":{"rendered":"https:\/\/munilaja.cl\/w\/?p=73262"},"modified":"2025-10-02T12:14:17","modified_gmt":"2025-10-02T16:14:17","slug":"ultimos-dias-para-postular-al-programa-mujeres-con-energia-de-frontel","status":"publish","type":"post","link":"https:\/\/munilaja.cl\/w\/ultimos-dias-para-postular-al-programa-mujeres-con-energia-de-frontel\/","title":{"rendered":"\u00a0\u00a1\u00daltimos d\u00edas para postular al programa \u201cMujeres con Energ\u00eda\u201d de Frontel!"},"content":{"rendered":"\n<p>Octubre 2025 | Frontel informa que se ha extendido el plazo para postular al programa \u201cMujeres con Energ\u00eda\u201d, una iniciativa que busca fortalecer el emprendimiento femenino en las zonas donde opera la compa\u00f1\u00eda. Las interesadas ahora tendr\u00e1n plazo hasta el domingo 5 de octubre para postular a esta valiosa oportunidad de formaci\u00f3n y crecimiento que ha capacitado a m\u00e1s de 1.500 emprendedoras desde su creaci\u00f3n.<\/p>\n\n\n\n<p>\u201cMujeres con Energ\u00eda\u201d es una academia de emprendimiento gratuita que entrega herramientas, conocimientos y acompa\u00f1amiento a emprendedoras que deseen potenciar sus negocios, impulsar nuevas ideas o adquirir habilidades que les permitan mejorar su autonom\u00eda econ\u00f3mica, en alianza con el Centro de Negocios Puerto Varas de Sercotec y del Instituto Profesional AIEP.<\/p>\n\n\n\n<p>\u201cQueremos invitar a todas las mujeres con esp\u00edritu emprendedor a sumarse a esta iniciativa, que ya ha beneficiado a miles de participantes en a\u00f1os anteriores. Sabemos que muchas necesitan este impulso para seguir creciendo, y por eso hemos decidido extender el plazo de postulaci\u00f3n hasta el 5 de octubre\u201d, se\u00f1al\u00f3 Jaime Morales, jefe de Servicio al Cliente de Frontel, quien agreg\u00f3 que la academia de emprendedoras seleccionar\u00e1, mediante postulaci\u00f3n, a clientas entre las regiones de \u00d1uble y Ays\u00e9n, quienes podr\u00e1n acceder a clases virtuales, con m\u00f3dulos de libre acceso, y clases magistrales. Las alumnas que destaquen en sus calificaciones ser\u00e1n reconocidas con premios de entre $1.000.000 y $500.000 de libre disposici\u00f3n, seg\u00fan las bases.<\/p>\n\n\n\n<p>Las postulaciones para esta d\u00e9cima y \u00faltima versi\u00f3n del programa 2025 se realizan de manera online, \u201cpor lo que invitamos a nuestras clientas a revisar las bases y completar el formulario de inscripci\u00f3n, ambos disponibles en el sitio web&nbsp;<a rel=\"noreferrer noopener\" target=\"_blank\" href=\"https:\/\/web.gruposaesa.cl\/web\/guest\/mujeres-con-energia\">https:\/\/web.gruposaesa.cl\/web\/guest\/mujeres-con-energia<\/a>\u201d, finaliz\u00f3 Morales.<\/p>\n","protected":false},"excerpt":{"rendered":"<p>Octubre 2025 | Frontel informa que se ha extendido el plazo para postular al programa \u201cMujeres con Energ\u00eda\u201d, una iniciativa que busca fortalecer el emprendimiento femenino en las zonas donde opera la compa\u00f1\u00eda. Las interesadas ahora tendr\u00e1n plazo hasta el domingo 5 de octubre para postular a esta valiosa oportunidad de formaci\u00f3n y crecimiento que [&hellip;]<\/p>\n","protected":false},"author":11,"featured_media":73263,"comment_status":"closed","ping_status":"closed","sticky":false,"template":"","format":"standard","meta":{"zakra_sidebar_layout":"customizer","zakra_remove_content_margin":false,"zakra_sidebar":"customizer","zakra_transparent_header":"customizer","zakra_logo":0,"zakra_main_header_style":"default","zakra_menu_item_color":"","zakra_menu_item_hover_color":"","zakra_menu_item_active_color":"","zakra_menu_active_style":"zakra_menu_active_style","zakra_page_header":true,"footnotes":""},"categories":[17],"tags":[],"class_list":["post-73262","post","type-post","status-publish","format-standard","has-post-thumbnail","hentry","category-servicio-a-la-comunidad"],"yoast_head":"<!-- This site is optimized with the Yoast SEO plugin v24.0 - https:\/\/yoast.com\/wordpress\/plugins\/seo\/ -->\n<title>\u00a0\u00a1\u00daltimos d\u00edas para postular al programa \u201cMujeres con Energ\u00eda\u201d de Frontel! - Municipalidad de Laja<\/title>\n<meta name=\"robots\" content=\"index, follow, max-snippet:-1, max-image-preview:large, max-video-preview:-1\" \/>\n<link rel=\"canonical\" href=\"https:\/\/munilaja.cl\/w\/ultimos-dias-para-postular-al-programa-mujeres-con-energia-de-frontel\/\" \/>\n<meta property=\"og:locale\" content=\"es_ES\" \/>\n<meta property=\"og:type\" content=\"article\" \/>\n<meta property=\"og:title\" content=\"\u00a0\u00a1\u00daltimos d\u00edas para postular al programa \u201cMujeres con Energ\u00eda\u201d de Frontel! - Municipalidad de Laja\" \/>\n<meta property=\"og:description\" content=\"Octubre 2025 | Frontel informa que se ha extendido el plazo para postular al programa \u201cMujeres con Energ\u00eda\u201d, una iniciativa que busca fortalecer el emprendimiento femenino en las zonas donde opera la compa\u00f1\u00eda. Las interesadas ahora tendr\u00e1n plazo hasta el domingo 5 de octubre para postular a esta valiosa oportunidad de formaci\u00f3n y crecimiento que [&hellip;]\" \/>\n<meta property=\"og:url\" content=\"https:\/\/munilaja.cl\/w\/ultimos-dias-para-postular-al-programa-mujeres-con-energia-de-frontel\/\" \/>\n<meta property=\"og:site_name\" content=\"Municipalidad de Laja\" \/>\n<meta property=\"article:published_time\" content=\"2025-10-01T16:12:39+00:00\" \/>\n<meta property=\"article:modified_time\" content=\"2025-10-02T16:14:17+00:00\" \/>\n<meta property=\"og:image\" content=\"https:\/\/munilaja.cl\/w\/wp-content\/uploads\/2025\/10\/Ultimos-dias-postulacion.jpg\" \/>\n\t<meta property=\"og:image:width\" content=\"1284\" \/>\n\t<meta property=\"og:image:height\" content=\"1261\" \/>\n\t<meta property=\"og:image:type\" content=\"image\/jpeg\" \/>\n<meta name=\"author\" content=\"Administrador\" \/>\n<meta name=\"twitter:card\" content=\"summary_large_image\" \/>\n<meta name=\"twitter:label1\" content=\"Escrito por\" \/>\n\t<meta name=\"twitter:data1\" content=\"Administrador\" \/>\n\t<meta name=\"twitter:label2\" content=\"Tiempo de lectura\" \/>\n\t<meta name=\"twitter:data2\" content=\"2 minutos\" \/>\n<script type=\"application\/ld+json\" class=\"yoast-schema-graph\">{\"@context\":\"https:\/\/schema.org\",\"@graph\":[{\"@type\":\"Article\",\"@id\":\"https:\/\/munilaja.cl\/w\/ultimos-dias-para-postular-al-programa-mujeres-con-energia-de-frontel\/#article\",\"isPartOf\":{\"@id\":\"https:\/\/munilaja.cl\/w\/ultimos-dias-para-postular-al-programa-mujeres-con-energia-de-frontel\/\"},\"author\":{\"name\":\"Administrador\",\"@id\":\"https:\/\/munilaja.cl\/w\/#\/schema\/person\/4650348f4978773bf1c5b31f9c7da744\"},\"headline\":\"\u00a0\u00a1\u00daltimos d\u00edas para postular al programa \u201cMujeres con Energ\u00eda\u201d de Frontel!\",\"datePublished\":\"2025-10-01T16:12:39+00:00\",\"dateModified\":\"2025-10-02T16:14:17+00:00\",\"mainEntityOfPage\":{\"@id\":\"https:\/\/munilaja.cl\/w\/ultimos-dias-para-postular-al-programa-mujeres-con-energia-de-frontel\/\"},\"wordCount\":308,\"publisher\":{\"@id\":\"https:\/\/munilaja.cl\/w\/#organization\"},\"image\":{\"@id\":\"https:\/\/munilaja.cl\/w\/ultimos-dias-para-postular-al-programa-mujeres-con-energia-de-frontel\/#primaryimage\"},\"thumbnailUrl\":\"https:\/\/munilaja.cl\/w\/wp-content\/uploads\/2025\/10\/Ultimos-dias-postulacion.jpg\",\"articleSection\":[\"Servicio a la comunidad\"],\"inLanguage\":\"es\"},{\"@type\":\"WebPage\",\"@id\":\"https:\/\/munilaja.cl\/w\/ultimos-dias-para-postular-al-programa-mujeres-con-energia-de-frontel\/\",\"url\":\"https:\/\/munilaja.cl\/w\/ultimos-dias-para-postular-al-programa-mujeres-con-energia-de-frontel\/\",\"name\":\"\u00a0\u00a1\u00daltimos d\u00edas para postular al programa \u201cMujeres con Energ\u00eda\u201d de Frontel! - Municipalidad de Laja\",\"isPartOf\":{\"@id\":\"https:\/\/munilaja.cl\/w\/#website\"},\"primaryImageOfPage\":{\"@id\":\"https:\/\/munilaja.cl\/w\/ultimos-dias-para-postular-al-programa-mujeres-con-energia-de-frontel\/#primaryimage\"},\"image\":{\"@id\":\"https:\/\/munilaja.cl\/w\/ultimos-dias-para-postular-al-programa-mujeres-con-energia-de-frontel\/#primaryimage\"},\"thumbnailUrl\":\"https:\/\/munilaja.cl\/w\/wp-content\/uploads\/2025\/10\/Ultimos-dias-postulacion.jpg\",\"datePublished\":\"2025-10-01T16:12:39+00:00\",\"dateModified\":\"2025-10-02T16:14:17+00:00\",\"breadcrumb\":{\"@id\":\"https:\/\/munilaja.cl\/w\/ultimos-dias-para-postular-al-programa-mujeres-con-energia-de-frontel\/#breadcrumb\"},\"inLanguage\":\"es\",\"potentialAction\":[{\"@type\":\"ReadAction\",\"target\":[\"https:\/\/munilaja.cl\/w\/ultimos-dias-para-postular-al-programa-mujeres-con-energia-de-frontel\/\"]}]},{\"@type\":\"ImageObject\",\"inLanguage\":\"es\",\"@id\":\"https:\/\/munilaja.cl\/w\/ultimos-dias-para-postular-al-programa-mujeres-con-energia-de-frontel\/#primaryimage\",\"url\":\"https:\/\/munilaja.cl\/w\/wp-content\/uploads\/2025\/10\/Ultimos-dias-postulacion.jpg\",\"contentUrl\":\"https:\/\/munilaja.cl\/w\/wp-content\/uploads\/2025\/10\/Ultimos-dias-postulacion.jpg\",\"width\":1284,\"height\":1261},{\"@type\":\"BreadcrumbList\",\"@id\":\"https:\/\/munilaja.cl\/w\/ultimos-dias-para-postular-al-programa-mujeres-con-energia-de-frontel\/#breadcrumb\",\"itemListElement\":[{\"@type\":\"ListItem\",\"position\":1,\"name\":\"Portada\",\"item\":\"https:\/\/munilaja.cl\/w\/\"},{\"@type\":\"ListItem\",\"position\":2,\"name\":\"\u00a0\u00a1\u00daltimos d\u00edas para postular al programa \u201cMujeres con Energ\u00eda\u201d de Frontel!\"}]},{\"@type\":\"WebSite\",\"@id\":\"https:\/\/munilaja.cl\/w\/#website\",\"url\":\"https:\/\/munilaja.cl\/w\/\",\"name\":\"Municipalidad de Laja\",\"description\":\"Web Municipal\",\"publisher\":{\"@id\":\"https:\/\/munilaja.cl\/w\/#organization\"},\"potentialAction\":[{\"@type\":\"SearchAction\",\"target\":{\"@type\":\"EntryPoint\",\"urlTemplate\":\"https:\/\/munilaja.cl\/w\/?s={search_term_string}\"},\"query-input\":{\"@type\":\"PropertyValueSpecification\",\"valueRequired\":true,\"valueName\":\"search_term_string\"}}],\"inLanguage\":\"es\"},{\"@type\":\"Organization\",\"@id\":\"https:\/\/munilaja.cl\/w\/#organization\",\"name\":\"Municipalidad de Laja\",\"url\":\"https:\/\/munilaja.cl\/w\/\",\"logo\":{\"@type\":\"ImageObject\",\"inLanguage\":\"es\",\"@id\":\"https:\/\/munilaja.cl\/w\/#\/schema\/logo\/image\/\",\"url\":\"https:\/\/munilaja.cl\/w\/wp-content\/uploads\/2024\/11\/ESCUDO-LAJA-LETRAS-BLANCAS-LOGO-WEB.png\",\"contentUrl\":\"https:\/\/munilaja.cl\/w\/wp-content\/uploads\/2024\/11\/ESCUDO-LAJA-LETRAS-BLANCAS-LOGO-WEB.png\",\"width\":150,\"height\":150,\"caption\":\"Municipalidad de Laja\"},\"image\":{\"@id\":\"https:\/\/munilaja.cl\/w\/#\/schema\/logo\/image\/\"}},{\"@type\":\"Person\",\"@id\":\"https:\/\/munilaja.cl\/w\/#\/schema\/person\/4650348f4978773bf1c5b31f9c7da744\",\"name\":\"Administrador\",\"url\":\"https:\/\/munilaja.cl\/w\/author\/rssmunilaja\/\"}]}<\/script>\n<!-- \/ Yoast SEO plugin. -->","yoast_head_json":{"title":"\u00a0\u00a1\u00daltimos d\u00edas para postular al programa \u201cMujeres con Energ\u00eda\u201d de Frontel! - Municipalidad de Laja","robots":{"index":"index","follow":"follow","max-snippet":"max-snippet:-1","max-image-preview":"max-image-preview:large","max-video-preview":"max-video-preview:-1"},"canonical":"https:\/\/munilaja.cl\/w\/ultimos-dias-para-postular-al-programa-mujeres-con-energia-de-frontel\/","og_locale":"es_ES","og_type":"article","og_title":"\u00a0\u00a1\u00daltimos d\u00edas para postular al programa \u201cMujeres con Energ\u00eda\u201d de Frontel! - Municipalidad de Laja","og_description":"Octubre 2025 | Frontel informa que se ha extendido el plazo para postular al programa \u201cMujeres con Energ\u00eda\u201d, una iniciativa que busca fortalecer el emprendimiento femenino en las zonas donde opera la compa\u00f1\u00eda. Las interesadas ahora tendr\u00e1n plazo hasta el domingo 5 de octubre para postular a esta valiosa oportunidad de formaci\u00f3n y crecimiento que [&hellip;]","og_url":"https:\/\/munilaja.cl\/w\/ultimos-dias-para-postular-al-programa-mujeres-con-energia-de-frontel\/","og_site_name":"Municipalidad de Laja","article_published_time":"2025-10-01T16:12:39+00:00","article_modified_time":"2025-10-02T16:14:17+00:00","og_image":[{"width":1284,"height":1261,"url":"https:\/\/munilaja.cl\/w\/wp-content\/uploads\/2025\/10\/Ultimos-dias-postulacion.jpg","type":"image\/jpeg"}],"author":"Administrador","twitter_card":"summary_large_image","twitter_misc":{"Escrito por":"Administrador","Tiempo de lectura":"2 minutos"},"schema":{"@context":"https:\/\/schema.org","@graph":[{"@type":"Article","@id":"https:\/\/munilaja.cl\/w\/ultimos-dias-para-postular-al-programa-mujeres-con-energia-de-frontel\/#article","isPartOf":{"@id":"https:\/\/munilaja.cl\/w\/ultimos-dias-para-postular-al-programa-mujeres-con-energia-de-frontel\/"},"author":{"name":"Administrador","@id":"https:\/\/munilaja.cl\/w\/#\/schema\/person\/4650348f4978773bf1c5b31f9c7da744"},"headline":"\u00a0\u00a1\u00daltimos d\u00edas para postular al programa \u201cMujeres con Energ\u00eda\u201d de Frontel!","datePublished":"2025-10-01T16:12:39+00:00","dateModified":"2025-10-02T16:14:17+00:00","mainEntityOfPage":{"@id":"https:\/\/munilaja.cl\/w\/ultimos-dias-para-postular-al-programa-mujeres-con-energia-de-frontel\/"},"wordCount":308,"publisher":{"@id":"https:\/\/munilaja.cl\/w\/#organization"},"image":{"@id":"https:\/\/munilaja.cl\/w\/ultimos-dias-para-postular-al-programa-mujeres-con-energia-de-frontel\/#primaryimage"},"thumbnailUrl":"https:\/\/munilaja.cl\/w\/wp-content\/uploads\/2025\/10\/Ultimos-dias-postulacion.jpg","articleSection":["Servicio a la comunidad"],"inLanguage":"es"},{"@type":"WebPage","@id":"https:\/\/munilaja.cl\/w\/ultimos-dias-para-postular-al-programa-mujeres-con-energia-de-frontel\/","url":"https:\/\/munilaja.cl\/w\/ultimos-dias-para-postular-al-programa-mujeres-con-energia-de-frontel\/","name":"\u00a0\u00a1\u00daltimos d\u00edas para postular al programa \u201cMujeres con Energ\u00eda\u201d de Frontel! - Municipalidad de Laja","isPartOf":{"@id":"https:\/\/munilaja.cl\/w\/#website"},"primaryImageOfPage":{"@id":"https:\/\/munilaja.cl\/w\/ultimos-dias-para-postular-al-programa-mujeres-con-energia-de-frontel\/#primaryimage"},"image":{"@id":"https:\/\/munilaja.cl\/w\/ultimos-dias-para-postular-al-programa-mujeres-con-energia-de-frontel\/#primaryimage"},"thumbnailUrl":"https:\/\/munilaja.cl\/w\/wp-content\/uploads\/2025\/10\/Ultimos-dias-postulacion.jpg","datePublished":"2025-10-01T16:12:39+00:00","dateModified":"2025-10-02T16:14:17+00:00","breadcrumb":{"@id":"https:\/\/munilaja.cl\/w\/ultimos-dias-para-postular-al-programa-mujeres-con-energia-de-frontel\/#breadcrumb"},"inLanguage":"es","potentialAction":[{"@type":"ReadAction","target":["https:\/\/munilaja.cl\/w\/ultimos-dias-para-postular-al-programa-mujeres-con-energia-de-frontel\/"]}]},{"@type":"ImageObject","inLanguage":"es","@id":"https:\/\/munilaja.cl\/w\/ultimos-dias-para-postular-al-programa-mujeres-con-energia-de-frontel\/#primaryimage","url":"https:\/\/munilaja.cl\/w\/wp-content\/uploads\/2025\/10\/Ultimos-dias-postulacion.jpg","contentUrl":"https:\/\/munilaja.cl\/w\/wp-content\/uploads\/2025\/10\/Ultimos-dias-postulacion.jpg","width":1284,"height":1261},{"@type":"BreadcrumbList","@id":"https:\/\/munilaja.cl\/w\/ultimos-dias-para-postular-al-programa-mujeres-con-energia-de-frontel\/#breadcrumb","itemListElement":[{"@type":"ListItem","position":1,"name":"Portada","item":"https:\/\/munilaja.cl\/w\/"},{"@type":"ListItem","position":2,"name":"\u00a0\u00a1\u00daltimos d\u00edas para postular al programa \u201cMujeres con Energ\u00eda\u201d de Frontel!"}]},{"@type":"WebSite","@id":"https:\/\/munilaja.cl\/w\/#website","url":"https:\/\/munilaja.cl\/w\/","name":"Municipalidad de Laja","description":"Web Municipal","publisher":{"@id":"https:\/\/munilaja.cl\/w\/#organization"},"potentialAction":[{"@type":"SearchAction","target":{"@type":"EntryPoint","urlTemplate":"https:\/\/munilaja.cl\/w\/?s={search_term_string}"},"query-input":{"@type":"PropertyValueSpecification","valueRequired":true,"valueName":"search_term_string"}}],"inLanguage":"es"},{"@type":"Organization","@id":"https:\/\/munilaja.cl\/w\/#organization","name":"Municipalidad de Laja","url":"https:\/\/munilaja.cl\/w\/","logo":{"@type":"ImageObject","inLanguage":"es","@id":"https:\/\/munilaja.cl\/w\/#\/schema\/logo\/image\/","url":"https:\/\/munilaja.cl\/w\/wp-content\/uploads\/2024\/11\/ESCUDO-LAJA-LETRAS-BLANCAS-LOGO-WEB.png","contentUrl":"https:\/\/munilaja.cl\/w\/wp-content\/uploads\/2024\/11\/ESCUDO-LAJA-LETRAS-BLANCAS-LOGO-WEB.png","width":150,"height":150,"caption":"Municipalidad de Laja"},"image":{"@id":"https:\/\/munilaja.cl\/w\/#\/schema\/logo\/image\/"}},{"@type":"Person","@id":"https:\/\/munilaja.cl\/w\/#\/schema\/person\/4650348f4978773bf1c5b31f9c7da744","name":"Administrador","url":"https:\/\/munilaja.cl\/w\/author\/rssmunilaja\/"}]}},"_links":{"self":[{"href":"https:\/\/munilaja.cl\/w\/wp-json\/wp\/v2\/posts\/73262"}],"collection":[{"href":"https:\/\/munilaja.cl\/w\/wp-json\/wp\/v2\/posts"}],"about":[{"href":"https:\/\/munilaja.cl\/w\/wp-json\/wp\/v2\/types\/post"}],"author":[{"embeddable":true,"href":"https:\/\/munilaja.cl\/w\/wp-json\/wp\/v2\/users\/11"}],"replies":[{"embeddable":true,"href":"https:\/\/munilaja.cl\/w\/wp-json\/wp\/v2\/comments?post=73262"}],"version-history":[{"count":1,"href":"https:\/\/munilaja.cl\/w\/wp-json\/wp\/v2\/posts\/73262\/revisions"}],"predecessor-version":[{"id":73264,"href":"https:\/\/munilaja.cl\/w\/wp-json\/wp\/v2\/posts\/73262\/revisions\/73264"}],"wp:featuredmedia":[{"embeddable":true,"href":"https:\/\/munilaja.cl\/w\/wp-json\/wp\/v2\/media\/73263"}],"wp:attachment":[{"href":"https:\/\/munilaja.cl\/w\/wp-json\/wp\/v2\/media?parent=73262"}],"wp:term":[{"taxonomy":"category","embeddable":true,"href":"https:\/\/munilaja.cl\/w\/wp-json\/wp\/v2\/categories?post=73262"},{"taxonomy":"post_tag","embeddable":true,"href":"https:\/\/munilaja.cl\/w\/wp-json\/wp\/v2\/tags?post=73262"}],"curies":[{"name":"wp","href":"https:\/\/api.w.org\/{rel}","templated":true}]}}