{"id":73249,"date":"2025-10-02T10:04:25","date_gmt":"2025-10-02T14:04:25","guid":{"rendered":"https:\/\/munilaja.cl\/w\/?p=73249"},"modified":"2025-10-02T10:04:25","modified_gmt":"2025-10-02T14:04:25","slug":"alrededor-de-500-personas-disfrutaron-del-concierto-de-la-orquesta-filarmonica-del-biobio-junto-al-destacado-musico-christian-galvez-en-laja","status":"publish","type":"post","link":"https:\/\/munilaja.cl\/w\/alrededor-de-500-personas-disfrutaron-del-concierto-de-la-orquesta-filarmonica-del-biobio-junto-al-destacado-musico-christian-galvez-en-laja\/","title":{"rendered":"Alrededor de 500 personas disfrutaron del concierto de la Orquesta Filarm\u00f3nica del Biob\u00edo junto al destacado m\u00fasico Christian G\u00e1lvez en Laja"},"content":{"rendered":"\n<p><strong>Laja, 2 de octubre de 2025<\/strong> | Una noche m\u00e1gica se vivi\u00f3 en el Parque Capponi de Laja, donde m\u00e1s de 500 personas disfrutaron del concierto de la <strong>Orquesta Filarm\u00f3nica del Biob\u00edo, junto al reconocido m\u00fasico Christian G\u00e1lvez<\/strong>. La actividad, gratuita y abierta a toda la comunidad, marc\u00f3 el inicio de un ciclo de presentaciones en distintas comunas de la provincia, con el objetivo de acercar la m\u00fasica cl\u00e1sica a la ciudadan\u00eda.<\/p>\n\n\n\n<p>La presidenta de la <strong>Corporaci\u00f3n Cultural Biob\u00edo, Loreto Sep\u00falveda Aravena<\/strong>, destac\u00f3 que este ciclo busca democratizar el acceso a la m\u00fasica y acercarla a la vida cotidiana de las personas. <em>\u201cQueremos agradecer al Alcalde de Laja por darnos la oportunidad de compartir con los lajinos en un lindo escenario como lo es el Parque Capponi, el cual abre el espacio a la comunidad. Nuestro prop\u00f3sito como corporaci\u00f3n es acercar la m\u00fasica cl\u00e1sica a todas nuestras comunidades. Estamos muy contentos de este primer concierto y continuaremos cumpliendo con el prop\u00f3sito de acercar la m\u00fasica a la gente<\/em>\u201d, se\u00f1al\u00f3.<\/p>\n\n\n\n<p>Por su parte, el <strong>alcalde de Laja, Vladimir Fica Toledo<\/strong>, valor\u00f3 el impacto de este evento cultural en la comuna. <em>\u201cEste tipo de espect\u00e1culos no se dan con mucha frecuencia en comunas como las nuestras. Que, a las puertas de las casas de nuestros vecinos, se presente una orquesta filarm\u00f3nica en nuestro Parque Capponi, lo encuentro fascinante. Seguiremos dando vida a este espacio con actividades abiertas a la comunidad. Agradezco a la diputada Joanna P\u00e9rez y a la Corporaci\u00f3n Cultural del Biob\u00edo por este trabajo conjunto\u201d,<\/em> destac\u00f3 la autoridad comunal.<\/p>\n\n\n\n<p>En tanto, la <strong>diputada Joanna P\u00e9rez Olea<\/strong> tambi\u00e9n resalt\u00f3 la relevancia de estos espacios culturales. \u201cRecibir a la Filarm\u00f3nica del Biob\u00edo, que con esfuerzo y trabajo se mantiene, es un orgullo. La cultura es necesaria y la gente lo agradece. Quiero felicitar al Alcalde de Laja por disponer de este hermoso Parque Capponi como escenario de este concierto, y tambi\u00e9n al Ministerio de las Culturas, las Artes y el Patrimonio\u201d, sostuvo.<\/p>\n\n\n\n<p>Quien tambi\u00e9n estuvo presente en el evento fue el <strong>consejero Regional Ignacio Fica Espinoza, <\/strong>quien puso en relieve la importancia de llevar este tipo de expresiones art\u00edsticas a los territorios. \u201c<em>El que se pueda acercar la cultura a los barrios, que la gente se haga parte de estas actividades, es fundamental. Reconocer que Laja no est\u00e1 ajena a este tipo de m\u00fasica sino que muy cercana, gracias al compromiso de sus autoridades\u201d<\/em>, indic\u00f3.<\/p>\n\n\n\n<p>La actividad, que reuni\u00f3 a vecinos, familias y autoridades locales, cont\u00f3 adem\u00e1s con la presencia de los concejales de la comuna: Johnny Gonz\u00e1lez, Luis Espinoza y Yonathan Cea.<\/p>\n\n\n\n<p>Cabe destacar que, este concierto fue posible gracias a la gesti\u00f3n conjunta entre el Ministerio de las Culturas, las Artes y el Patrimonio, la Corporaci\u00f3n Cultural del Biob\u00edo y la Municipalidad de Laja.<\/p>\n\n\n\n<figure class=\"wp-block-gallery has-nested-images columns-default is-cropped wp-block-gallery-1 is-layout-flex wp-block-gallery-is-layout-flex\">\n<figure class=\"wp-block-image size-large\"><a href=\"https:\/\/munilaja.cl\/w\/wp-content\/uploads\/2025\/10\/DSC01489-scaled.jpg\"><img fetchpriority=\"high\" decoding=\"async\" width=\"1024\" height=\"769\" data-id=\"73253\" src=\"https:\/\/munilaja.cl\/w\/wp-content\/uploads\/2025\/10\/DSC01489-1024x769.jpg\" alt=\"\" class=\"wp-image-73253\" srcset=\"https:\/\/munilaja.cl\/w\/wp-content\/uploads\/2025\/10\/DSC01489-1024x769.jpg 1024w, https:\/\/munilaja.cl\/w\/wp-content\/uploads\/2025\/10\/DSC01489-300x225.jpg 300w, https:\/\/munilaja.cl\/w\/wp-content\/uploads\/2025\/10\/DSC01489-768x577.jpg 768w, https:\/\/munilaja.cl\/w\/wp-content\/uploads\/2025\/10\/DSC01489-1536x1153.jpg 1536w, https:\/\/munilaja.cl\/w\/wp-content\/uploads\/2025\/10\/DSC01489-2048x1538.jpg 2048w\" sizes=\"(max-width: 1024px) 100vw, 1024px\" \/><\/a><\/figure>\n\n\n\n<figure class=\"wp-block-image size-large\"><a href=\"https:\/\/munilaja.cl\/w\/wp-content\/uploads\/2025\/10\/DSC01515-scaled.jpg\"><img decoding=\"async\" width=\"1024\" height=\"769\" data-id=\"73250\" src=\"https:\/\/munilaja.cl\/w\/wp-content\/uploads\/2025\/10\/DSC01515-1024x769.jpg\" alt=\"\" class=\"wp-image-73250\" srcset=\"https:\/\/munilaja.cl\/w\/wp-content\/uploads\/2025\/10\/DSC01515-1024x769.jpg 1024w, https:\/\/munilaja.cl\/w\/wp-content\/uploads\/2025\/10\/DSC01515-300x225.jpg 300w, https:\/\/munilaja.cl\/w\/wp-content\/uploads\/2025\/10\/DSC01515-768x577.jpg 768w, https:\/\/munilaja.cl\/w\/wp-content\/uploads\/2025\/10\/DSC01515-1536x1153.jpg 1536w, https:\/\/munilaja.cl\/w\/wp-content\/uploads\/2025\/10\/DSC01515-2048x1538.jpg 2048w\" sizes=\"(max-width: 1024px) 100vw, 1024px\" \/><\/a><\/figure>\n\n\n\n<figure class=\"wp-block-image size-large\"><a href=\"https:\/\/munilaja.cl\/w\/wp-content\/uploads\/2025\/10\/DSC01539-scaled.jpg\"><img decoding=\"async\" width=\"1024\" height=\"769\" data-id=\"73258\" src=\"https:\/\/munilaja.cl\/w\/wp-content\/uploads\/2025\/10\/DSC01539-1024x769.jpg\" alt=\"\" class=\"wp-image-73258\" srcset=\"https:\/\/munilaja.cl\/w\/wp-content\/uploads\/2025\/10\/DSC01539-1024x769.jpg 1024w, https:\/\/munilaja.cl\/w\/wp-content\/uploads\/2025\/10\/DSC01539-300x225.jpg 300w, https:\/\/munilaja.cl\/w\/wp-content\/uploads\/2025\/10\/DSC01539-768x577.jpg 768w, https:\/\/munilaja.cl\/w\/wp-content\/uploads\/2025\/10\/DSC01539-1536x1153.jpg 1536w, https:\/\/munilaja.cl\/w\/wp-content\/uploads\/2025\/10\/DSC01539-2048x1538.jpg 2048w\" sizes=\"(max-width: 1024px) 100vw, 1024px\" \/><\/a><\/figure>\n\n\n\n<figure class=\"wp-block-image size-large\"><a href=\"https:\/\/munilaja.cl\/w\/wp-content\/uploads\/2025\/10\/DSC01544-scaled.jpg\"><img loading=\"lazy\" decoding=\"async\" width=\"1024\" height=\"769\" data-id=\"73254\" src=\"https:\/\/munilaja.cl\/w\/wp-content\/uploads\/2025\/10\/DSC01544-1024x769.jpg\" alt=\"\" class=\"wp-image-73254\" srcset=\"https:\/\/munilaja.cl\/w\/wp-content\/uploads\/2025\/10\/DSC01544-1024x769.jpg 1024w, https:\/\/munilaja.cl\/w\/wp-content\/uploads\/2025\/10\/DSC01544-300x225.jpg 300w, https:\/\/munilaja.cl\/w\/wp-content\/uploads\/2025\/10\/DSC01544-768x577.jpg 768w, https:\/\/munilaja.cl\/w\/wp-content\/uploads\/2025\/10\/DSC01544-1536x1153.jpg 1536w, https:\/\/munilaja.cl\/w\/wp-content\/uploads\/2025\/10\/DSC01544-2048x1538.jpg 2048w\" sizes=\"(max-width: 1024px) 100vw, 1024px\" \/><\/a><\/figure>\n\n\n\n<figure class=\"wp-block-image size-large\"><a href=\"https:\/\/munilaja.cl\/w\/wp-content\/uploads\/2025\/10\/DSC01547-scaled.jpg\"><img loading=\"lazy\" decoding=\"async\" width=\"1024\" height=\"769\" data-id=\"73251\" src=\"https:\/\/munilaja.cl\/w\/wp-content\/uploads\/2025\/10\/DSC01547-1024x769.jpg\" alt=\"\" class=\"wp-image-73251\" srcset=\"https:\/\/munilaja.cl\/w\/wp-content\/uploads\/2025\/10\/DSC01547-1024x769.jpg 1024w, https:\/\/munilaja.cl\/w\/wp-content\/uploads\/2025\/10\/DSC01547-300x225.jpg 300w, https:\/\/munilaja.cl\/w\/wp-content\/uploads\/2025\/10\/DSC01547-768x577.jpg 768w, https:\/\/munilaja.cl\/w\/wp-content\/uploads\/2025\/10\/DSC01547-1536x1153.jpg 1536w, https:\/\/munilaja.cl\/w\/wp-content\/uploads\/2025\/10\/DSC01547-2048x1538.jpg 2048w\" sizes=\"(max-width: 1024px) 100vw, 1024px\" \/><\/a><\/figure>\n\n\n\n<figure class=\"wp-block-image size-large\"><a href=\"https:\/\/munilaja.cl\/w\/wp-content\/uploads\/2025\/10\/DSC01570-scaled.jpg\"><img loading=\"lazy\" decoding=\"async\" width=\"1024\" height=\"769\" data-id=\"73256\" src=\"https:\/\/munilaja.cl\/w\/wp-content\/uploads\/2025\/10\/DSC01570-1024x769.jpg\" alt=\"\" class=\"wp-image-73256\" srcset=\"https:\/\/munilaja.cl\/w\/wp-content\/uploads\/2025\/10\/DSC01570-1024x769.jpg 1024w, https:\/\/munilaja.cl\/w\/wp-content\/uploads\/2025\/10\/DSC01570-300x225.jpg 300w, https:\/\/munilaja.cl\/w\/wp-content\/uploads\/2025\/10\/DSC01570-768x577.jpg 768w, https:\/\/munilaja.cl\/w\/wp-content\/uploads\/2025\/10\/DSC01570-1536x1153.jpg 1536w, https:\/\/munilaja.cl\/w\/wp-content\/uploads\/2025\/10\/DSC01570-2048x1538.jpg 2048w\" sizes=\"(max-width: 1024px) 100vw, 1024px\" \/><\/a><\/figure>\n\n\n\n<figure class=\"wp-block-image size-large\"><a href=\"https:\/\/munilaja.cl\/w\/wp-content\/uploads\/2025\/10\/DSC01583-scaled.jpg\"><img loading=\"lazy\" decoding=\"async\" width=\"1024\" height=\"769\" data-id=\"73255\" src=\"https:\/\/munilaja.cl\/w\/wp-content\/uploads\/2025\/10\/DSC01583-1024x769.jpg\" alt=\"\" class=\"wp-image-73255\" srcset=\"https:\/\/munilaja.cl\/w\/wp-content\/uploads\/2025\/10\/DSC01583-1024x769.jpg 1024w, https:\/\/munilaja.cl\/w\/wp-content\/uploads\/2025\/10\/DSC01583-300x225.jpg 300w, https:\/\/munilaja.cl\/w\/wp-content\/uploads\/2025\/10\/DSC01583-768x577.jpg 768w, https:\/\/munilaja.cl\/w\/wp-content\/uploads\/2025\/10\/DSC01583-1536x1153.jpg 1536w, https:\/\/munilaja.cl\/w\/wp-content\/uploads\/2025\/10\/DSC01583-2048x1538.jpg 2048w\" sizes=\"(max-width: 1024px) 100vw, 1024px\" \/><\/a><\/figure>\n\n\n\n<figure class=\"wp-block-image size-large\"><a href=\"https:\/\/munilaja.cl\/w\/wp-content\/uploads\/2025\/10\/DSC01655-scaled.jpg\"><img loading=\"lazy\" decoding=\"async\" width=\"1024\" height=\"769\" data-id=\"73252\" src=\"https:\/\/munilaja.cl\/w\/wp-content\/uploads\/2025\/10\/DSC01655-1024x769.jpg\" alt=\"\" class=\"wp-image-73252\" srcset=\"https:\/\/munilaja.cl\/w\/wp-content\/uploads\/2025\/10\/DSC01655-1024x769.jpg 1024w, https:\/\/munilaja.cl\/w\/wp-content\/uploads\/2025\/10\/DSC01655-300x225.jpg 300w, https:\/\/munilaja.cl\/w\/wp-content\/uploads\/2025\/10\/DSC01655-768x577.jpg 768w, https:\/\/munilaja.cl\/w\/wp-content\/uploads\/2025\/10\/DSC01655-1536x1153.jpg 1536w, https:\/\/munilaja.cl\/w\/wp-content\/uploads\/2025\/10\/DSC01655-2048x1538.jpg 2048w\" sizes=\"(max-width: 1024px) 100vw, 1024px\" \/><\/a><\/figure>\n\n\n\n<figure class=\"wp-block-image size-large\"><a href=\"https:\/\/munilaja.cl\/w\/wp-content\/uploads\/2025\/10\/DSC01679-scaled.jpg\"><img loading=\"lazy\" decoding=\"async\" width=\"1024\" height=\"769\" data-id=\"73259\" src=\"https:\/\/munilaja.cl\/w\/wp-content\/uploads\/2025\/10\/DSC01679-1024x769.jpg\" alt=\"\" class=\"wp-image-73259\" srcset=\"https:\/\/munilaja.cl\/w\/wp-content\/uploads\/2025\/10\/DSC01679-1024x769.jpg 1024w, https:\/\/munilaja.cl\/w\/wp-content\/uploads\/2025\/10\/DSC01679-300x225.jpg 300w, https:\/\/munilaja.cl\/w\/wp-content\/uploads\/2025\/10\/DSC01679-768x577.jpg 768w, https:\/\/munilaja.cl\/w\/wp-content\/uploads\/2025\/10\/DSC01679-1536x1153.jpg 1536w, https:\/\/munilaja.cl\/w\/wp-content\/uploads\/2025\/10\/DSC01679-2048x1538.jpg 2048w\" sizes=\"(max-width: 1024px) 100vw, 1024px\" \/><\/a><\/figure>\n\n\n\n<figure class=\"wp-block-image size-large\"><a href=\"https:\/\/munilaja.cl\/w\/wp-content\/uploads\/2025\/10\/DSC01720-scaled.jpg\"><img loading=\"lazy\" decoding=\"async\" width=\"1024\" height=\"769\" data-id=\"73260\" src=\"https:\/\/munilaja.cl\/w\/wp-content\/uploads\/2025\/10\/DSC01720-1024x769.jpg\" alt=\"\" class=\"wp-image-73260\" srcset=\"https:\/\/munilaja.cl\/w\/wp-content\/uploads\/2025\/10\/DSC01720-1024x769.jpg 1024w, https:\/\/munilaja.cl\/w\/wp-content\/uploads\/2025\/10\/DSC01720-300x225.jpg 300w, https:\/\/munilaja.cl\/w\/wp-content\/uploads\/2025\/10\/DSC01720-768x577.jpg 768w, https:\/\/munilaja.cl\/w\/wp-content\/uploads\/2025\/10\/DSC01720-1536x1153.jpg 1536w, https:\/\/munilaja.cl\/w\/wp-content\/uploads\/2025\/10\/DSC01720-2048x1538.jpg 2048w\" sizes=\"(max-width: 1024px) 100vw, 1024px\" \/><\/a><\/figure>\n\n\n\n<figure class=\"wp-block-image size-large\"><a href=\"https:\/\/munilaja.cl\/w\/wp-content\/uploads\/2025\/10\/DSC01485-scaled.jpg\"><img loading=\"lazy\" decoding=\"async\" width=\"1024\" height=\"769\" data-id=\"73257\" src=\"https:\/\/munilaja.cl\/w\/wp-content\/uploads\/2025\/10\/DSC01485-1024x769.jpg\" alt=\"\" class=\"wp-image-73257\" srcset=\"https:\/\/munilaja.cl\/w\/wp-content\/uploads\/2025\/10\/DSC01485-1024x769.jpg 1024w, https:\/\/munilaja.cl\/w\/wp-content\/uploads\/2025\/10\/DSC01485-300x225.jpg 300w, https:\/\/munilaja.cl\/w\/wp-content\/uploads\/2025\/10\/DSC01485-768x577.jpg 768w, https:\/\/munilaja.cl\/w\/wp-content\/uploads\/2025\/10\/DSC01485-1536x1153.jpg 1536w, https:\/\/munilaja.cl\/w\/wp-content\/uploads\/2025\/10\/DSC01485-2048x1538.jpg 2048w\" sizes=\"(max-width: 1024px) 100vw, 1024px\" \/><\/a><\/figure>\n<\/figure>\n","protected":false},"excerpt":{"rendered":"<p>Laja, 2 de octubre de 2025 | Una noche m\u00e1gica se vivi\u00f3 en el Parque Capponi de Laja, donde m\u00e1s de 500 personas disfrutaron del concierto de la Orquesta Filarm\u00f3nica del Biob\u00edo, junto al reconocido m\u00fasico Christian G\u00e1lvez. La actividad, gratuita y abierta a toda la comunidad, marc\u00f3 el inicio de un ciclo de presentaciones [&hellip;]<\/p>\n","protected":false},"author":11,"featured_media":73254,"comment_status":"closed","ping_status":"closed","sticky":false,"template":"","format":"standard","meta":{"zakra_sidebar_layout":"customizer","zakra_remove_content_margin":false,"zakra_sidebar":"customizer","zakra_transparent_header":"customizer","zakra_logo":0,"zakra_main_header_style":"default","zakra_menu_item_color":"","zakra_menu_item_hover_color":"","zakra_menu_item_active_color":"","zakra_menu_active_style":"zakra_menu_active_style","zakra_page_header":true,"footnotes":""},"categories":[17],"tags":[],"class_list":["post-73249","post","type-post","status-publish","format-standard","has-post-thumbnail","hentry","category-servicio-a-la-comunidad"],"yoast_head":"<!-- This site is optimized with the Yoast SEO plugin v24.0 - https:\/\/yoast.com\/wordpress\/plugins\/seo\/ -->\n<title>Alrededor de 500 personas disfrutaron del concierto de la Orquesta Filarm\u00f3nica del Biob\u00edo junto al destacado m\u00fasico Christian G\u00e1lvez en Laja - Municipalidad de Laja<\/title>\n<meta name=\"robots\" content=\"index, follow, max-snippet:-1, max-image-preview:large, max-video-preview:-1\" \/>\n<link rel=\"canonical\" href=\"https:\/\/munilaja.cl\/w\/alrededor-de-500-personas-disfrutaron-del-concierto-de-la-orquesta-filarmonica-del-biobio-junto-al-destacado-musico-christian-galvez-en-laja\/\" \/>\n<meta property=\"og:locale\" content=\"es_ES\" \/>\n<meta property=\"og:type\" content=\"article\" \/>\n<meta property=\"og:title\" content=\"Alrededor de 500 personas disfrutaron del concierto de la Orquesta Filarm\u00f3nica del Biob\u00edo junto al destacado m\u00fasico Christian G\u00e1lvez en Laja - Municipalidad de Laja\" \/>\n<meta property=\"og:description\" content=\"Laja, 2 de octubre de 2025 | Una noche m\u00e1gica se vivi\u00f3 en el Parque Capponi de Laja, donde m\u00e1s de 500 personas disfrutaron del concierto de la Orquesta Filarm\u00f3nica del Biob\u00edo, junto al reconocido m\u00fasico Christian G\u00e1lvez. La actividad, gratuita y abierta a toda la comunidad, marc\u00f3 el inicio de un ciclo de presentaciones [&hellip;]\" \/>\n<meta property=\"og:url\" content=\"https:\/\/munilaja.cl\/w\/alrededor-de-500-personas-disfrutaron-del-concierto-de-la-orquesta-filarmonica-del-biobio-junto-al-destacado-musico-christian-galvez-en-laja\/\" \/>\n<meta property=\"og:site_name\" content=\"Municipalidad de Laja\" \/>\n<meta property=\"article:published_time\" content=\"2025-10-02T14:04:25+00:00\" \/>\n<meta property=\"og:image\" content=\"https:\/\/munilaja.cl\/w\/wp-content\/uploads\/2025\/10\/DSC01544-scaled.jpg\" \/>\n\t<meta property=\"og:image:width\" content=\"2560\" \/>\n\t<meta property=\"og:image:height\" content=\"1922\" \/>\n\t<meta property=\"og:image:type\" content=\"image\/jpeg\" \/>\n<meta name=\"author\" content=\"Administrador\" \/>\n<meta name=\"twitter:card\" content=\"summary_large_image\" \/>\n<meta name=\"twitter:label1\" content=\"Escrito por\" \/>\n\t<meta name=\"twitter:data1\" content=\"Administrador\" \/>\n\t<meta name=\"twitter:label2\" content=\"Tiempo de lectura\" \/>\n\t<meta name=\"twitter:data2\" content=\"5 minutos\" \/>\n<script type=\"application\/ld+json\" class=\"yoast-schema-graph\">{\"@context\":\"https:\/\/schema.org\",\"@graph\":[{\"@type\":\"Article\",\"@id\":\"https:\/\/munilaja.cl\/w\/alrededor-de-500-personas-disfrutaron-del-concierto-de-la-orquesta-filarmonica-del-biobio-junto-al-destacado-musico-christian-galvez-en-laja\/#article\",\"isPartOf\":{\"@id\":\"https:\/\/munilaja.cl\/w\/alrededor-de-500-personas-disfrutaron-del-concierto-de-la-orquesta-filarmonica-del-biobio-junto-al-destacado-musico-christian-galvez-en-laja\/\"},\"author\":{\"name\":\"Administrador\",\"@id\":\"https:\/\/munilaja.cl\/w\/#\/schema\/person\/4650348f4978773bf1c5b31f9c7da744\"},\"headline\":\"Alrededor de 500 personas disfrutaron del concierto de la Orquesta Filarm\u00f3nica del Biob\u00edo junto al destacado m\u00fasico Christian G\u00e1lvez en Laja\",\"datePublished\":\"2025-10-02T14:04:25+00:00\",\"dateModified\":\"2025-10-02T14:04:25+00:00\",\"mainEntityOfPage\":{\"@id\":\"https:\/\/munilaja.cl\/w\/alrededor-de-500-personas-disfrutaron-del-concierto-de-la-orquesta-filarmonica-del-biobio-junto-al-destacado-musico-christian-galvez-en-laja\/\"},\"wordCount\":522,\"publisher\":{\"@id\":\"https:\/\/munilaja.cl\/w\/#organization\"},\"image\":{\"@id\":\"https:\/\/munilaja.cl\/w\/alrededor-de-500-personas-disfrutaron-del-concierto-de-la-orquesta-filarmonica-del-biobio-junto-al-destacado-musico-christian-galvez-en-laja\/#primaryimage\"},\"thumbnailUrl\":\"https:\/\/munilaja.cl\/w\/wp-content\/uploads\/2025\/10\/DSC01544-scaled.jpg\",\"articleSection\":[\"Servicio a la comunidad\"],\"inLanguage\":\"es\"},{\"@type\":\"WebPage\",\"@id\":\"https:\/\/munilaja.cl\/w\/alrededor-de-500-personas-disfrutaron-del-concierto-de-la-orquesta-filarmonica-del-biobio-junto-al-destacado-musico-christian-galvez-en-laja\/\",\"url\":\"https:\/\/munilaja.cl\/w\/alrededor-de-500-personas-disfrutaron-del-concierto-de-la-orquesta-filarmonica-del-biobio-junto-al-destacado-musico-christian-galvez-en-laja\/\",\"name\":\"Alrededor de 500 personas disfrutaron del concierto de la Orquesta Filarm\u00f3nica del Biob\u00edo junto al destacado m\u00fasico Christian G\u00e1lvez en Laja - Municipalidad de Laja\",\"isPartOf\":{\"@id\":\"https:\/\/munilaja.cl\/w\/#website\"},\"primaryImageOfPage\":{\"@id\":\"https:\/\/munilaja.cl\/w\/alrededor-de-500-personas-disfrutaron-del-concierto-de-la-orquesta-filarmonica-del-biobio-junto-al-destacado-musico-christian-galvez-en-laja\/#primaryimage\"},\"image\":{\"@id\":\"https:\/\/munilaja.cl\/w\/alrededor-de-500-personas-disfrutaron-del-concierto-de-la-orquesta-filarmonica-del-biobio-junto-al-destacado-musico-christian-galvez-en-laja\/#primaryimage\"},\"thumbnailUrl\":\"https:\/\/munilaja.cl\/w\/wp-content\/uploads\/2025\/10\/DSC01544-scaled.jpg\",\"datePublished\":\"2025-10-02T14:04:25+00:00\",\"dateModified\":\"2025-10-02T14:04:25+00:00\",\"breadcrumb\":{\"@id\":\"https:\/\/munilaja.cl\/w\/alrededor-de-500-personas-disfrutaron-del-concierto-de-la-orquesta-filarmonica-del-biobio-junto-al-destacado-musico-christian-galvez-en-laja\/#breadcrumb\"},\"inLanguage\":\"es\",\"potentialAction\":[{\"@type\":\"ReadAction\",\"target\":[\"https:\/\/munilaja.cl\/w\/alrededor-de-500-personas-disfrutaron-del-concierto-de-la-orquesta-filarmonica-del-biobio-junto-al-destacado-musico-christian-galvez-en-laja\/\"]}]},{\"@type\":\"ImageObject\",\"inLanguage\":\"es\",\"@id\":\"https:\/\/munilaja.cl\/w\/alrededor-de-500-personas-disfrutaron-del-concierto-de-la-orquesta-filarmonica-del-biobio-junto-al-destacado-musico-christian-galvez-en-laja\/#primaryimage\",\"url\":\"https:\/\/munilaja.cl\/w\/wp-content\/uploads\/2025\/10\/DSC01544-scaled.jpg\",\"contentUrl\":\"https:\/\/munilaja.cl\/w\/wp-content\/uploads\/2025\/10\/DSC01544-scaled.jpg\",\"width\":2560,\"height\":1922},{\"@type\":\"BreadcrumbList\",\"@id\":\"https:\/\/munilaja.cl\/w\/alrededor-de-500-personas-disfrutaron-del-concierto-de-la-orquesta-filarmonica-del-biobio-junto-al-destacado-musico-christian-galvez-en-laja\/#breadcrumb\",\"itemListElement\":[{\"@type\":\"ListItem\",\"position\":1,\"name\":\"Portada\",\"item\":\"https:\/\/munilaja.cl\/w\/\"},{\"@type\":\"ListItem\",\"position\":2,\"name\":\"Alrededor de 500 personas disfrutaron del concierto de la Orquesta Filarm\u00f3nica del Biob\u00edo junto al destacado m\u00fasico Christian G\u00e1lvez en Laja\"}]},{\"@type\":\"WebSite\",\"@id\":\"https:\/\/munilaja.cl\/w\/#website\",\"url\":\"https:\/\/munilaja.cl\/w\/\",\"name\":\"Municipalidad de Laja\",\"description\":\"Web Municipal\",\"publisher\":{\"@id\":\"https:\/\/munilaja.cl\/w\/#organization\"},\"potentialAction\":[{\"@type\":\"SearchAction\",\"target\":{\"@type\":\"EntryPoint\",\"urlTemplate\":\"https:\/\/munilaja.cl\/w\/?s={search_term_string}\"},\"query-input\":{\"@type\":\"PropertyValueSpecification\",\"valueRequired\":true,\"valueName\":\"search_term_string\"}}],\"inLanguage\":\"es\"},{\"@type\":\"Organization\",\"@id\":\"https:\/\/munilaja.cl\/w\/#organization\",\"name\":\"Municipalidad de Laja\",\"url\":\"https:\/\/munilaja.cl\/w\/\",\"logo\":{\"@type\":\"ImageObject\",\"inLanguage\":\"es\",\"@id\":\"https:\/\/munilaja.cl\/w\/#\/schema\/logo\/image\/\",\"url\":\"https:\/\/munilaja.cl\/w\/wp-content\/uploads\/2024\/11\/ESCUDO-LAJA-LETRAS-BLANCAS-LOGO-WEB.png\",\"contentUrl\":\"https:\/\/munilaja.cl\/w\/wp-content\/uploads\/2024\/11\/ESCUDO-LAJA-LETRAS-BLANCAS-LOGO-WEB.png\",\"width\":150,\"height\":150,\"caption\":\"Municipalidad de Laja\"},\"image\":{\"@id\":\"https:\/\/munilaja.cl\/w\/#\/schema\/logo\/image\/\"}},{\"@type\":\"Person\",\"@id\":\"https:\/\/munilaja.cl\/w\/#\/schema\/person\/4650348f4978773bf1c5b31f9c7da744\",\"name\":\"Administrador\",\"url\":\"https:\/\/munilaja.cl\/w\/author\/rssmunilaja\/\"}]}<\/script>\n<!-- \/ Yoast SEO plugin. -->","yoast_head_json":{"title":"Alrededor de 500 personas disfrutaron del concierto de la Orquesta Filarm\u00f3nica del Biob\u00edo junto al destacado m\u00fasico Christian G\u00e1lvez en Laja - Municipalidad de Laja","robots":{"index":"index","follow":"follow","max-snippet":"max-snippet:-1","max-image-preview":"max-image-preview:large","max-video-preview":"max-video-preview:-1"},"canonical":"https:\/\/munilaja.cl\/w\/alrededor-de-500-personas-disfrutaron-del-concierto-de-la-orquesta-filarmonica-del-biobio-junto-al-destacado-musico-christian-galvez-en-laja\/","og_locale":"es_ES","og_type":"article","og_title":"Alrededor de 500 personas disfrutaron del concierto de la Orquesta Filarm\u00f3nica del Biob\u00edo junto al destacado m\u00fasico Christian G\u00e1lvez en Laja - Municipalidad de Laja","og_description":"Laja, 2 de octubre de 2025 | Una noche m\u00e1gica se vivi\u00f3 en el Parque Capponi de Laja, donde m\u00e1s de 500 personas disfrutaron del concierto de la Orquesta Filarm\u00f3nica del Biob\u00edo, junto al reconocido m\u00fasico Christian G\u00e1lvez. La actividad, gratuita y abierta a toda la comunidad, marc\u00f3 el inicio de un ciclo de presentaciones [&hellip;]","og_url":"https:\/\/munilaja.cl\/w\/alrededor-de-500-personas-disfrutaron-del-concierto-de-la-orquesta-filarmonica-del-biobio-junto-al-destacado-musico-christian-galvez-en-laja\/","og_site_name":"Municipalidad de Laja","article_published_time":"2025-10-02T14:04:25+00:00","og_image":[{"width":2560,"height":1922,"url":"https:\/\/munilaja.cl\/w\/wp-content\/uploads\/2025\/10\/DSC01544-scaled.jpg","type":"image\/jpeg"}],"author":"Administrador","twitter_card":"summary_large_image","twitter_misc":{"Escrito por":"Administrador","Tiempo de lectura":"5 minutos"},"schema":{"@context":"https:\/\/schema.org","@graph":[{"@type":"Article","@id":"https:\/\/munilaja.cl\/w\/alrededor-de-500-personas-disfrutaron-del-concierto-de-la-orquesta-filarmonica-del-biobio-junto-al-destacado-musico-christian-galvez-en-laja\/#article","isPartOf":{"@id":"https:\/\/munilaja.cl\/w\/alrededor-de-500-personas-disfrutaron-del-concierto-de-la-orquesta-filarmonica-del-biobio-junto-al-destacado-musico-christian-galvez-en-laja\/"},"author":{"name":"Administrador","@id":"https:\/\/munilaja.cl\/w\/#\/schema\/person\/4650348f4978773bf1c5b31f9c7da744"},"headline":"Alrededor de 500 personas disfrutaron del concierto de la Orquesta Filarm\u00f3nica del Biob\u00edo junto al destacado m\u00fasico Christian G\u00e1lvez en Laja","datePublished":"2025-10-02T14:04:25+00:00","dateModified":"2025-10-02T14:04:25+00:00","mainEntityOfPage":{"@id":"https:\/\/munilaja.cl\/w\/alrededor-de-500-personas-disfrutaron-del-concierto-de-la-orquesta-filarmonica-del-biobio-junto-al-destacado-musico-christian-galvez-en-laja\/"},"wordCount":522,"publisher":{"@id":"https:\/\/munilaja.cl\/w\/#organization"},"image":{"@id":"https:\/\/munilaja.cl\/w\/alrededor-de-500-personas-disfrutaron-del-concierto-de-la-orquesta-filarmonica-del-biobio-junto-al-destacado-musico-christian-galvez-en-laja\/#primaryimage"},"thumbnailUrl":"https:\/\/munilaja.cl\/w\/wp-content\/uploads\/2025\/10\/DSC01544-scaled.jpg","articleSection":["Servicio a la comunidad"],"inLanguage":"es"},{"@type":"WebPage","@id":"https:\/\/munilaja.cl\/w\/alrededor-de-500-personas-disfrutaron-del-concierto-de-la-orquesta-filarmonica-del-biobio-junto-al-destacado-musico-christian-galvez-en-laja\/","url":"https:\/\/munilaja.cl\/w\/alrededor-de-500-personas-disfrutaron-del-concierto-de-la-orquesta-filarmonica-del-biobio-junto-al-destacado-musico-christian-galvez-en-laja\/","name":"Alrededor de 500 personas disfrutaron del concierto de la Orquesta Filarm\u00f3nica del Biob\u00edo junto al destacado m\u00fasico Christian G\u00e1lvez en Laja - Municipalidad de Laja","isPartOf":{"@id":"https:\/\/munilaja.cl\/w\/#website"},"primaryImageOfPage":{"@id":"https:\/\/munilaja.cl\/w\/alrededor-de-500-personas-disfrutaron-del-concierto-de-la-orquesta-filarmonica-del-biobio-junto-al-destacado-musico-christian-galvez-en-laja\/#primaryimage"},"image":{"@id":"https:\/\/munilaja.cl\/w\/alrededor-de-500-personas-disfrutaron-del-concierto-de-la-orquesta-filarmonica-del-biobio-junto-al-destacado-musico-christian-galvez-en-laja\/#primaryimage"},"thumbnailUrl":"https:\/\/munilaja.cl\/w\/wp-content\/uploads\/2025\/10\/DSC01544-scaled.jpg","datePublished":"2025-10-02T14:04:25+00:00","dateModified":"2025-10-02T14:04:25+00:00","breadcrumb":{"@id":"https:\/\/munilaja.cl\/w\/alrededor-de-500-personas-disfrutaron-del-concierto-de-la-orquesta-filarmonica-del-biobio-junto-al-destacado-musico-christian-galvez-en-laja\/#breadcrumb"},"inLanguage":"es","potentialAction":[{"@type":"ReadAction","target":["https:\/\/munilaja.cl\/w\/alrededor-de-500-personas-disfrutaron-del-concierto-de-la-orquesta-filarmonica-del-biobio-junto-al-destacado-musico-christian-galvez-en-laja\/"]}]},{"@type":"ImageObject","inLanguage":"es","@id":"https:\/\/munilaja.cl\/w\/alrededor-de-500-personas-disfrutaron-del-concierto-de-la-orquesta-filarmonica-del-biobio-junto-al-destacado-musico-christian-galvez-en-laja\/#primaryimage","url":"https:\/\/munilaja.cl\/w\/wp-content\/uploads\/2025\/10\/DSC01544-scaled.jpg","contentUrl":"https:\/\/munilaja.cl\/w\/wp-content\/uploads\/2025\/10\/DSC01544-scaled.jpg","width":2560,"height":1922},{"@type":"BreadcrumbList","@id":"https:\/\/munilaja.cl\/w\/alrededor-de-500-personas-disfrutaron-del-concierto-de-la-orquesta-filarmonica-del-biobio-junto-al-destacado-musico-christian-galvez-en-laja\/#breadcrumb","itemListElement":[{"@type":"ListItem","position":1,"name":"Portada","item":"https:\/\/munilaja.cl\/w\/"},{"@type":"ListItem","position":2,"name":"Alrededor de 500 personas disfrutaron del concierto de la Orquesta Filarm\u00f3nica del Biob\u00edo junto al destacado m\u00fasico Christian G\u00e1lvez en Laja"}]},{"@type":"WebSite","@id":"https:\/\/munilaja.cl\/w\/#website","url":"https:\/\/munilaja.cl\/w\/","name":"Municipalidad de Laja","description":"Web Municipal","publisher":{"@id":"https:\/\/munilaja.cl\/w\/#organization"},"potentialAction":[{"@type":"SearchAction","target":{"@type":"EntryPoint","urlTemplate":"https:\/\/munilaja.cl\/w\/?s={search_term_string}"},"query-input":{"@type":"PropertyValueSpecification","valueRequired":true,"valueName":"search_term_string"}}],"inLanguage":"es"},{"@type":"Organization","@id":"https:\/\/munilaja.cl\/w\/#organization","name":"Municipalidad de Laja","url":"https:\/\/munilaja.cl\/w\/","logo":{"@type":"ImageObject","inLanguage":"es","@id":"https:\/\/munilaja.cl\/w\/#\/schema\/logo\/image\/","url":"https:\/\/munilaja.cl\/w\/wp-content\/uploads\/2024\/11\/ESCUDO-LAJA-LETRAS-BLANCAS-LOGO-WEB.png","contentUrl":"https:\/\/munilaja.cl\/w\/wp-content\/uploads\/2024\/11\/ESCUDO-LAJA-LETRAS-BLANCAS-LOGO-WEB.png","width":150,"height":150,"caption":"Municipalidad de Laja"},"image":{"@id":"https:\/\/munilaja.cl\/w\/#\/schema\/logo\/image\/"}},{"@type":"Person","@id":"https:\/\/munilaja.cl\/w\/#\/schema\/person\/4650348f4978773bf1c5b31f9c7da744","name":"Administrador","url":"https:\/\/munilaja.cl\/w\/author\/rssmunilaja\/"}]}},"_links":{"self":[{"href":"https:\/\/munilaja.cl\/w\/wp-json\/wp\/v2\/posts\/73249"}],"collection":[{"href":"https:\/\/munilaja.cl\/w\/wp-json\/wp\/v2\/posts"}],"about":[{"href":"https:\/\/munilaja.cl\/w\/wp-json\/wp\/v2\/types\/post"}],"author":[{"embeddable":true,"href":"https:\/\/munilaja.cl\/w\/wp-json\/wp\/v2\/users\/11"}],"replies":[{"embeddable":true,"href":"https:\/\/munilaja.cl\/w\/wp-json\/wp\/v2\/comments?post=73249"}],"version-history":[{"count":1,"href":"https:\/\/munilaja.cl\/w\/wp-json\/wp\/v2\/posts\/73249\/revisions"}],"predecessor-version":[{"id":73261,"href":"https:\/\/munilaja.cl\/w\/wp-json\/wp\/v2\/posts\/73249\/revisions\/73261"}],"wp:featuredmedia":[{"embeddable":true,"href":"https:\/\/munilaja.cl\/w\/wp-json\/wp\/v2\/media\/73254"}],"wp:attachment":[{"href":"https:\/\/munilaja.cl\/w\/wp-json\/wp\/v2\/media?parent=73249"}],"wp:term":[{"taxonomy":"category","embeddable":true,"href":"https:\/\/munilaja.cl\/w\/wp-json\/wp\/v2\/categories?post=73249"},{"taxonomy":"post_tag","embeddable":true,"href":"https:\/\/munilaja.cl\/w\/wp-json\/wp\/v2\/tags?post=73249"}],"curies":[{"name":"wp","href":"https:\/\/api.w.org\/{rel}","templated":true}]}}