{"id":70082,"date":"2024-04-28T12:47:00","date_gmt":"2024-04-28T16:47:00","guid":{"rendered":"https:\/\/munilaja.cl\/w\/?p=70082"},"modified":"2024-04-29T12:48:16","modified_gmt":"2024-04-29T16:48:16","slug":"primer-encuentro-comunal-de-prevencion-del-delito","status":"publish","type":"post","link":"https:\/\/munilaja.cl\/w\/primer-encuentro-comunal-de-prevencion-del-delito\/","title":{"rendered":"Primer Encuentro Comunal de Prevenci\u00f3n del Delito"},"content":{"rendered":"\n<p>Con una charla sobre #denunciaseguro y apoyo a v\u00edctimas, el pasado viernes 26 de abril, se realiz\u00f3 el PRIMER ENCUENTRO COMUNAL DE PREVENCI\u00d3N DEL DELITO.<\/p>\n\n\n\n<p>La actividad cont\u00f3 con la participaci\u00f3n activa del Coordinador Regional de Seguridad P\u00fablica de la Subsecretar\u00eda de Prevencio del Delito Biob\u00edo, Marco Millar Jim\u00e9nez, y el Concejal Freddy Castro, presidente de la comisi\u00f3n de vivienda y urbanismo. Se sum\u00f3 a la actividad el concejal N\u00e9stor Rozas, Seguridad Ciudadana, Subcomisaria de Laja, y diversas organizaciones comunitarias.<\/p>\n\n\n\n<p>Durante el encuentro, destac\u00f3 la implementaci\u00f3n del sistema de seguridad municipal, que por primera vez entregar\u00e1 recursos en la comuna para fortalecer la prevenci\u00f3n del delito. Adem\u00e1s, en la jornada, se llev\u00f3 a cabo una mesa de trabajo en la sede Pablo Neruda, donde acompa\u00f1ados por juntas de vecinos del sector se present\u00f3 la oferta program\u00e1tica de la Subsecretar\u00eda de Prevenci\u00f3n del Delito Biob\u00edo y se discutieron posibles estrategias para reducir la sensaci\u00f3n de inseguridad en el Barrio Norte de la comuna.<\/p>\n\n\n\n<figure class=\"wp-block-gallery has-nested-images columns-default is-cropped wp-block-gallery-1 is-layout-flex wp-block-gallery-is-layout-flex\">\n<figure class=\"wp-block-image size-large\"><a href=\"https:\/\/munilaja.cl\/w\/wp-content\/uploads\/2024\/04\/b13ca225-b710-4a89-ad25-5f3b3728004f.jpeg\"><img fetchpriority=\"high\" decoding=\"async\" width=\"1024\" height=\"768\" data-id=\"70084\" src=\"https:\/\/munilaja.cl\/w\/wp-content\/uploads\/2024\/04\/b13ca225-b710-4a89-ad25-5f3b3728004f-1024x768.jpeg\" alt=\"\" class=\"wp-image-70084\" srcset=\"https:\/\/munilaja.cl\/w\/wp-content\/uploads\/2024\/04\/b13ca225-b710-4a89-ad25-5f3b3728004f-1024x768.jpeg 1024w, https:\/\/munilaja.cl\/w\/wp-content\/uploads\/2024\/04\/b13ca225-b710-4a89-ad25-5f3b3728004f-300x225.jpeg 300w, https:\/\/munilaja.cl\/w\/wp-content\/uploads\/2024\/04\/b13ca225-b710-4a89-ad25-5f3b3728004f-768x576.jpeg 768w, https:\/\/munilaja.cl\/w\/wp-content\/uploads\/2024\/04\/b13ca225-b710-4a89-ad25-5f3b3728004f.jpeg 1280w\" sizes=\"(max-width: 1024px) 100vw, 1024px\" \/><\/a><\/figure>\n\n\n\n<figure class=\"wp-block-image size-large\"><a href=\"https:\/\/munilaja.cl\/w\/wp-content\/uploads\/2024\/04\/cd479afb-d126-4691-be62-18c6446fee29.jpeg\"><img decoding=\"async\" width=\"1024\" height=\"1024\" data-id=\"70085\" src=\"https:\/\/munilaja.cl\/w\/wp-content\/uploads\/2024\/04\/cd479afb-d126-4691-be62-18c6446fee29-1024x1024.jpeg\" alt=\"\" class=\"wp-image-70085\" srcset=\"https:\/\/munilaja.cl\/w\/wp-content\/uploads\/2024\/04\/cd479afb-d126-4691-be62-18c6446fee29-1024x1024.jpeg 1024w, https:\/\/munilaja.cl\/w\/wp-content\/uploads\/2024\/04\/cd479afb-d126-4691-be62-18c6446fee29-300x300.jpeg 300w, https:\/\/munilaja.cl\/w\/wp-content\/uploads\/2024\/04\/cd479afb-d126-4691-be62-18c6446fee29-150x150.jpeg 150w, https:\/\/munilaja.cl\/w\/wp-content\/uploads\/2024\/04\/cd479afb-d126-4691-be62-18c6446fee29-768x768.jpeg 768w, https:\/\/munilaja.cl\/w\/wp-content\/uploads\/2024\/04\/cd479afb-d126-4691-be62-18c6446fee29.jpeg 1512w\" sizes=\"(max-width: 1024px) 100vw, 1024px\" \/><\/a><\/figure>\n<\/figure>\n","protected":false},"excerpt":{"rendered":"<p>Con una charla sobre #denunciaseguro y apoyo a v\u00edctimas, el pasado viernes 26 de abril, se realiz\u00f3 el PRIMER ENCUENTRO COMUNAL DE PREVENCI\u00d3N DEL DELITO. La actividad cont\u00f3 con la participaci\u00f3n activa del Coordinador Regional de Seguridad P\u00fablica de la Subsecretar\u00eda de Prevencio del Delito Biob\u00edo, Marco Millar Jim\u00e9nez, y el Concejal Freddy Castro, presidente [&hellip;]<\/p>\n","protected":false},"author":11,"featured_media":70083,"comment_status":"closed","ping_status":"closed","sticky":false,"template":"","format":"image","meta":{"zakra_sidebar_layout":"customizer","zakra_remove_content_margin":false,"zakra_sidebar":"customizer","zakra_transparent_header":"customizer","zakra_logo":0,"zakra_main_header_style":"default","zakra_menu_item_color":"","zakra_menu_item_hover_color":"","zakra_menu_item_active_color":"","zakra_menu_active_style":"zakra_menu_active_style","zakra_page_header":true,"footnotes":""},"categories":[17],"tags":[],"class_list":["post-70082","post","type-post","status-publish","format-image","has-post-thumbnail","hentry","category-servicio-a-la-comunidad","post_format-post-format-image"],"yoast_head":"<!-- This site is optimized with the Yoast SEO plugin v24.0 - https:\/\/yoast.com\/wordpress\/plugins\/seo\/ -->\n<title>Primer Encuentro Comunal de Prevenci\u00f3n del Delito - Municipalidad de Laja<\/title>\n<meta name=\"robots\" content=\"index, follow, max-snippet:-1, max-image-preview:large, max-video-preview:-1\" \/>\n<link rel=\"canonical\" href=\"https:\/\/munilaja.cl\/w\/primer-encuentro-comunal-de-prevencion-del-delito\/\" \/>\n<meta property=\"og:locale\" content=\"es_ES\" \/>\n<meta property=\"og:type\" content=\"article\" \/>\n<meta property=\"og:title\" content=\"Primer Encuentro Comunal de Prevenci\u00f3n del Delito - Municipalidad de Laja\" \/>\n<meta property=\"og:description\" content=\"Con una charla sobre #denunciaseguro y apoyo a v\u00edctimas, el pasado viernes 26 de abril, se realiz\u00f3 el PRIMER ENCUENTRO COMUNAL DE PREVENCI\u00d3N DEL DELITO. La actividad cont\u00f3 con la participaci\u00f3n activa del Coordinador Regional de Seguridad P\u00fablica de la Subsecretar\u00eda de Prevencio del Delito Biob\u00edo, Marco Millar Jim\u00e9nez, y el Concejal Freddy Castro, presidente [&hellip;]\" \/>\n<meta property=\"og:url\" content=\"https:\/\/munilaja.cl\/w\/primer-encuentro-comunal-de-prevencion-del-delito\/\" \/>\n<meta property=\"og:site_name\" content=\"Municipalidad de Laja\" \/>\n<meta property=\"article:published_time\" content=\"2024-04-28T16:47:00+00:00\" \/>\n<meta property=\"article:modified_time\" content=\"2024-04-29T16:48:16+00:00\" \/>\n<meta property=\"og:image\" content=\"https:\/\/munilaja.cl\/w\/wp-content\/uploads\/2024\/04\/61b10cec-4256-4836-8794-43d5b4451104.jpeg\" \/>\n\t<meta property=\"og:image:width\" content=\"1155\" \/>\n\t<meta property=\"og:image:height\" content=\"829\" \/>\n\t<meta property=\"og:image:type\" content=\"image\/jpeg\" \/>\n<meta name=\"author\" content=\"Administrador\" \/>\n<meta name=\"twitter:card\" content=\"summary_large_image\" \/>\n<meta name=\"twitter:label1\" content=\"Escrito por\" \/>\n\t<meta name=\"twitter:data1\" content=\"Administrador\" \/>\n\t<meta name=\"twitter:label2\" content=\"Tiempo de lectura\" \/>\n\t<meta name=\"twitter:data2\" content=\"2 minutos\" \/>\n<script type=\"application\/ld+json\" class=\"yoast-schema-graph\">{\"@context\":\"https:\/\/schema.org\",\"@graph\":[{\"@type\":\"Article\",\"@id\":\"https:\/\/munilaja.cl\/w\/primer-encuentro-comunal-de-prevencion-del-delito\/#article\",\"isPartOf\":{\"@id\":\"https:\/\/munilaja.cl\/w\/primer-encuentro-comunal-de-prevencion-del-delito\/\"},\"author\":{\"name\":\"Administrador\",\"@id\":\"https:\/\/munilaja.cl\/w\/#\/schema\/person\/4650348f4978773bf1c5b31f9c7da744\"},\"headline\":\"Primer Encuentro Comunal de Prevenci\u00f3n del Delito\",\"datePublished\":\"2024-04-28T16:47:00+00:00\",\"dateModified\":\"2024-04-29T16:48:16+00:00\",\"mainEntityOfPage\":{\"@id\":\"https:\/\/munilaja.cl\/w\/primer-encuentro-comunal-de-prevencion-del-delito\/\"},\"wordCount\":187,\"publisher\":{\"@id\":\"https:\/\/munilaja.cl\/w\/#organization\"},\"image\":{\"@id\":\"https:\/\/munilaja.cl\/w\/primer-encuentro-comunal-de-prevencion-del-delito\/#primaryimage\"},\"thumbnailUrl\":\"https:\/\/munilaja.cl\/w\/wp-content\/uploads\/2024\/04\/61b10cec-4256-4836-8794-43d5b4451104.jpeg\",\"articleSection\":[\"Servicio a la comunidad\"],\"inLanguage\":\"es\"},{\"@type\":\"WebPage\",\"@id\":\"https:\/\/munilaja.cl\/w\/primer-encuentro-comunal-de-prevencion-del-delito\/\",\"url\":\"https:\/\/munilaja.cl\/w\/primer-encuentro-comunal-de-prevencion-del-delito\/\",\"name\":\"Primer Encuentro Comunal de Prevenci\u00f3n del Delito - Municipalidad de Laja\",\"isPartOf\":{\"@id\":\"https:\/\/munilaja.cl\/w\/#website\"},\"primaryImageOfPage\":{\"@id\":\"https:\/\/munilaja.cl\/w\/primer-encuentro-comunal-de-prevencion-del-delito\/#primaryimage\"},\"image\":{\"@id\":\"https:\/\/munilaja.cl\/w\/primer-encuentro-comunal-de-prevencion-del-delito\/#primaryimage\"},\"thumbnailUrl\":\"https:\/\/munilaja.cl\/w\/wp-content\/uploads\/2024\/04\/61b10cec-4256-4836-8794-43d5b4451104.jpeg\",\"datePublished\":\"2024-04-28T16:47:00+00:00\",\"dateModified\":\"2024-04-29T16:48:16+00:00\",\"breadcrumb\":{\"@id\":\"https:\/\/munilaja.cl\/w\/primer-encuentro-comunal-de-prevencion-del-delito\/#breadcrumb\"},\"inLanguage\":\"es\",\"potentialAction\":[{\"@type\":\"ReadAction\",\"target\":[\"https:\/\/munilaja.cl\/w\/primer-encuentro-comunal-de-prevencion-del-delito\/\"]}]},{\"@type\":\"ImageObject\",\"inLanguage\":\"es\",\"@id\":\"https:\/\/munilaja.cl\/w\/primer-encuentro-comunal-de-prevencion-del-delito\/#primaryimage\",\"url\":\"https:\/\/munilaja.cl\/w\/wp-content\/uploads\/2024\/04\/61b10cec-4256-4836-8794-43d5b4451104.jpeg\",\"contentUrl\":\"https:\/\/munilaja.cl\/w\/wp-content\/uploads\/2024\/04\/61b10cec-4256-4836-8794-43d5b4451104.jpeg\",\"width\":1155,\"height\":829},{\"@type\":\"BreadcrumbList\",\"@id\":\"https:\/\/munilaja.cl\/w\/primer-encuentro-comunal-de-prevencion-del-delito\/#breadcrumb\",\"itemListElement\":[{\"@type\":\"ListItem\",\"position\":1,\"name\":\"Portada\",\"item\":\"https:\/\/munilaja.cl\/w\/\"},{\"@type\":\"ListItem\",\"position\":2,\"name\":\"Primer Encuentro Comunal de Prevenci\u00f3n del Delito\"}]},{\"@type\":\"WebSite\",\"@id\":\"https:\/\/munilaja.cl\/w\/#website\",\"url\":\"https:\/\/munilaja.cl\/w\/\",\"name\":\"Municipalidad de Laja\",\"description\":\"Web Municipal\",\"publisher\":{\"@id\":\"https:\/\/munilaja.cl\/w\/#organization\"},\"potentialAction\":[{\"@type\":\"SearchAction\",\"target\":{\"@type\":\"EntryPoint\",\"urlTemplate\":\"https:\/\/munilaja.cl\/w\/?s={search_term_string}\"},\"query-input\":{\"@type\":\"PropertyValueSpecification\",\"valueRequired\":true,\"valueName\":\"search_term_string\"}}],\"inLanguage\":\"es\"},{\"@type\":\"Organization\",\"@id\":\"https:\/\/munilaja.cl\/w\/#organization\",\"name\":\"Municipalidad de Laja\",\"url\":\"https:\/\/munilaja.cl\/w\/\",\"logo\":{\"@type\":\"ImageObject\",\"inLanguage\":\"es\",\"@id\":\"https:\/\/munilaja.cl\/w\/#\/schema\/logo\/image\/\",\"url\":\"https:\/\/munilaja.cl\/w\/wp-content\/uploads\/2024\/11\/ESCUDO-LAJA-LETRAS-BLANCAS-LOGO-WEB.png\",\"contentUrl\":\"https:\/\/munilaja.cl\/w\/wp-content\/uploads\/2024\/11\/ESCUDO-LAJA-LETRAS-BLANCAS-LOGO-WEB.png\",\"width\":150,\"height\":150,\"caption\":\"Municipalidad de Laja\"},\"image\":{\"@id\":\"https:\/\/munilaja.cl\/w\/#\/schema\/logo\/image\/\"}},{\"@type\":\"Person\",\"@id\":\"https:\/\/munilaja.cl\/w\/#\/schema\/person\/4650348f4978773bf1c5b31f9c7da744\",\"name\":\"Administrador\",\"url\":\"https:\/\/munilaja.cl\/w\/author\/rssmunilaja\/\"}]}<\/script>\n<!-- \/ Yoast SEO plugin. -->","yoast_head_json":{"title":"Primer Encuentro Comunal de Prevenci\u00f3n del Delito - Municipalidad de Laja","robots":{"index":"index","follow":"follow","max-snippet":"max-snippet:-1","max-image-preview":"max-image-preview:large","max-video-preview":"max-video-preview:-1"},"canonical":"https:\/\/munilaja.cl\/w\/primer-encuentro-comunal-de-prevencion-del-delito\/","og_locale":"es_ES","og_type":"article","og_title":"Primer Encuentro Comunal de Prevenci\u00f3n del Delito - Municipalidad de Laja","og_description":"Con una charla sobre #denunciaseguro y apoyo a v\u00edctimas, el pasado viernes 26 de abril, se realiz\u00f3 el PRIMER ENCUENTRO COMUNAL DE PREVENCI\u00d3N DEL DELITO. La actividad cont\u00f3 con la participaci\u00f3n activa del Coordinador Regional de Seguridad P\u00fablica de la Subsecretar\u00eda de Prevencio del Delito Biob\u00edo, Marco Millar Jim\u00e9nez, y el Concejal Freddy Castro, presidente [&hellip;]","og_url":"https:\/\/munilaja.cl\/w\/primer-encuentro-comunal-de-prevencion-del-delito\/","og_site_name":"Municipalidad de Laja","article_published_time":"2024-04-28T16:47:00+00:00","article_modified_time":"2024-04-29T16:48:16+00:00","og_image":[{"width":1155,"height":829,"url":"https:\/\/munilaja.cl\/w\/wp-content\/uploads\/2024\/04\/61b10cec-4256-4836-8794-43d5b4451104.jpeg","type":"image\/jpeg"}],"author":"Administrador","twitter_card":"summary_large_image","twitter_misc":{"Escrito por":"Administrador","Tiempo de lectura":"2 minutos"},"schema":{"@context":"https:\/\/schema.org","@graph":[{"@type":"Article","@id":"https:\/\/munilaja.cl\/w\/primer-encuentro-comunal-de-prevencion-del-delito\/#article","isPartOf":{"@id":"https:\/\/munilaja.cl\/w\/primer-encuentro-comunal-de-prevencion-del-delito\/"},"author":{"name":"Administrador","@id":"https:\/\/munilaja.cl\/w\/#\/schema\/person\/4650348f4978773bf1c5b31f9c7da744"},"headline":"Primer Encuentro Comunal de Prevenci\u00f3n del Delito","datePublished":"2024-04-28T16:47:00+00:00","dateModified":"2024-04-29T16:48:16+00:00","mainEntityOfPage":{"@id":"https:\/\/munilaja.cl\/w\/primer-encuentro-comunal-de-prevencion-del-delito\/"},"wordCount":187,"publisher":{"@id":"https:\/\/munilaja.cl\/w\/#organization"},"image":{"@id":"https:\/\/munilaja.cl\/w\/primer-encuentro-comunal-de-prevencion-del-delito\/#primaryimage"},"thumbnailUrl":"https:\/\/munilaja.cl\/w\/wp-content\/uploads\/2024\/04\/61b10cec-4256-4836-8794-43d5b4451104.jpeg","articleSection":["Servicio a la comunidad"],"inLanguage":"es"},{"@type":"WebPage","@id":"https:\/\/munilaja.cl\/w\/primer-encuentro-comunal-de-prevencion-del-delito\/","url":"https:\/\/munilaja.cl\/w\/primer-encuentro-comunal-de-prevencion-del-delito\/","name":"Primer Encuentro Comunal de Prevenci\u00f3n del Delito - Municipalidad de Laja","isPartOf":{"@id":"https:\/\/munilaja.cl\/w\/#website"},"primaryImageOfPage":{"@id":"https:\/\/munilaja.cl\/w\/primer-encuentro-comunal-de-prevencion-del-delito\/#primaryimage"},"image":{"@id":"https:\/\/munilaja.cl\/w\/primer-encuentro-comunal-de-prevencion-del-delito\/#primaryimage"},"thumbnailUrl":"https:\/\/munilaja.cl\/w\/wp-content\/uploads\/2024\/04\/61b10cec-4256-4836-8794-43d5b4451104.jpeg","datePublished":"2024-04-28T16:47:00+00:00","dateModified":"2024-04-29T16:48:16+00:00","breadcrumb":{"@id":"https:\/\/munilaja.cl\/w\/primer-encuentro-comunal-de-prevencion-del-delito\/#breadcrumb"},"inLanguage":"es","potentialAction":[{"@type":"ReadAction","target":["https:\/\/munilaja.cl\/w\/primer-encuentro-comunal-de-prevencion-del-delito\/"]}]},{"@type":"ImageObject","inLanguage":"es","@id":"https:\/\/munilaja.cl\/w\/primer-encuentro-comunal-de-prevencion-del-delito\/#primaryimage","url":"https:\/\/munilaja.cl\/w\/wp-content\/uploads\/2024\/04\/61b10cec-4256-4836-8794-43d5b4451104.jpeg","contentUrl":"https:\/\/munilaja.cl\/w\/wp-content\/uploads\/2024\/04\/61b10cec-4256-4836-8794-43d5b4451104.jpeg","width":1155,"height":829},{"@type":"BreadcrumbList","@id":"https:\/\/munilaja.cl\/w\/primer-encuentro-comunal-de-prevencion-del-delito\/#breadcrumb","itemListElement":[{"@type":"ListItem","position":1,"name":"Portada","item":"https:\/\/munilaja.cl\/w\/"},{"@type":"ListItem","position":2,"name":"Primer Encuentro Comunal de Prevenci\u00f3n del Delito"}]},{"@type":"WebSite","@id":"https:\/\/munilaja.cl\/w\/#website","url":"https:\/\/munilaja.cl\/w\/","name":"Municipalidad de Laja","description":"Web Municipal","publisher":{"@id":"https:\/\/munilaja.cl\/w\/#organization"},"potentialAction":[{"@type":"SearchAction","target":{"@type":"EntryPoint","urlTemplate":"https:\/\/munilaja.cl\/w\/?s={search_term_string}"},"query-input":{"@type":"PropertyValueSpecification","valueRequired":true,"valueName":"search_term_string"}}],"inLanguage":"es"},{"@type":"Organization","@id":"https:\/\/munilaja.cl\/w\/#organization","name":"Municipalidad de Laja","url":"https:\/\/munilaja.cl\/w\/","logo":{"@type":"ImageObject","inLanguage":"es","@id":"https:\/\/munilaja.cl\/w\/#\/schema\/logo\/image\/","url":"https:\/\/munilaja.cl\/w\/wp-content\/uploads\/2024\/11\/ESCUDO-LAJA-LETRAS-BLANCAS-LOGO-WEB.png","contentUrl":"https:\/\/munilaja.cl\/w\/wp-content\/uploads\/2024\/11\/ESCUDO-LAJA-LETRAS-BLANCAS-LOGO-WEB.png","width":150,"height":150,"caption":"Municipalidad de Laja"},"image":{"@id":"https:\/\/munilaja.cl\/w\/#\/schema\/logo\/image\/"}},{"@type":"Person","@id":"https:\/\/munilaja.cl\/w\/#\/schema\/person\/4650348f4978773bf1c5b31f9c7da744","name":"Administrador","url":"https:\/\/munilaja.cl\/w\/author\/rssmunilaja\/"}]}},"_links":{"self":[{"href":"https:\/\/munilaja.cl\/w\/wp-json\/wp\/v2\/posts\/70082"}],"collection":[{"href":"https:\/\/munilaja.cl\/w\/wp-json\/wp\/v2\/posts"}],"about":[{"href":"https:\/\/munilaja.cl\/w\/wp-json\/wp\/v2\/types\/post"}],"author":[{"embeddable":true,"href":"https:\/\/munilaja.cl\/w\/wp-json\/wp\/v2\/users\/11"}],"replies":[{"embeddable":true,"href":"https:\/\/munilaja.cl\/w\/wp-json\/wp\/v2\/comments?post=70082"}],"version-history":[{"count":2,"href":"https:\/\/munilaja.cl\/w\/wp-json\/wp\/v2\/posts\/70082\/revisions"}],"predecessor-version":[{"id":70087,"href":"https:\/\/munilaja.cl\/w\/wp-json\/wp\/v2\/posts\/70082\/revisions\/70087"}],"wp:featuredmedia":[{"embeddable":true,"href":"https:\/\/munilaja.cl\/w\/wp-json\/wp\/v2\/media\/70083"}],"wp:attachment":[{"href":"https:\/\/munilaja.cl\/w\/wp-json\/wp\/v2\/media?parent=70082"}],"wp:term":[{"taxonomy":"category","embeddable":true,"href":"https:\/\/munilaja.cl\/w\/wp-json\/wp\/v2\/categories?post=70082"},{"taxonomy":"post_tag","embeddable":true,"href":"https:\/\/munilaja.cl\/w\/wp-json\/wp\/v2\/tags?post=70082"}],"curies":[{"name":"wp","href":"https:\/\/api.w.org\/{rel}","templated":true}]}}