{"id":69864,"date":"2024-03-20T12:26:33","date_gmt":"2024-03-20T16:26:33","guid":{"rendered":"https:\/\/munilaja.cl\/w\/?p=69864"},"modified":"2024-03-20T12:39:45","modified_gmt":"2024-03-20T16:39:45","slug":"avance-del-10-alcalde-y-autoridades-supervisan-construccion-del-cuartel-tercera-compania-de-bomberos-en-altos-del-laja","status":"publish","type":"post","link":"https:\/\/munilaja.cl\/w\/avance-del-10-alcalde-y-autoridades-supervisan-construccion-del-cuartel-tercera-compania-de-bomberos-en-altos-del-laja\/","title":{"rendered":"En terreno: Construcci\u00f3n del Cuartel Tercera Compa\u00f1\u00eda de Bomberos en Altos del Laja tiene avance del 10%"},"content":{"rendered":"\n<p>El progreso en la construcci\u00f3n del Cuartel Tercera Compa\u00f1\u00eda del Cuerpo de Bomberos en Altos del Laja avanza a paso firma.<\/p>\n\n\n\n<p>Bajo la supervisi\u00f3n liderada por el alcalde Roberto Quintana junto a encargados de obra, SECPLAN, superintendente de Bomberos, Andrea Campillay, concejal Patricio Villalobos, voluntarios y vecinos, se realiz\u00f3 una inspecci\u00f3n a terreno del proyecto.<\/p>\n\n\n\n<p>Durante la visita, se destacaron las caracter\u00edsticas sustentables y la gran infraestructura del edificio; el cual cuenta con un avance del 10% tras aproximadamente 30 d\u00edas de trabajo. Se estima que la esperada obra este finalizada y lista para su entrega dentro del \u00faltimo trimestre de este a\u00f1o.<\/p>\n\n\n\n<figure class=\"wp-block-gallery has-nested-images columns-default is-cropped wp-block-gallery-1 is-layout-flex wp-block-gallery-is-layout-flex\">\n<figure class=\"wp-block-image size-large\"><a href=\"https:\/\/munilaja.cl\/w\/wp-content\/uploads\/2024\/03\/IMG_8198-scaled.jpeg\"><img fetchpriority=\"high\" decoding=\"async\" width=\"1024\" height=\"638\" data-id=\"69869\" src=\"https:\/\/munilaja.cl\/w\/wp-content\/uploads\/2024\/03\/IMG_8198-1024x638.jpeg\" alt=\"\" class=\"wp-image-69869\" srcset=\"https:\/\/munilaja.cl\/w\/wp-content\/uploads\/2024\/03\/IMG_8198-1024x638.jpeg 1024w, https:\/\/munilaja.cl\/w\/wp-content\/uploads\/2024\/03\/IMG_8198-300x187.jpeg 300w, https:\/\/munilaja.cl\/w\/wp-content\/uploads\/2024\/03\/IMG_8198-768x478.jpeg 768w, https:\/\/munilaja.cl\/w\/wp-content\/uploads\/2024\/03\/IMG_8198-1536x957.jpeg 1536w, https:\/\/munilaja.cl\/w\/wp-content\/uploads\/2024\/03\/IMG_8198-2048x1275.jpeg 2048w\" sizes=\"(max-width: 1024px) 100vw, 1024px\" \/><\/a><\/figure>\n\n\n\n<figure class=\"wp-block-image size-large\"><a href=\"https:\/\/munilaja.cl\/w\/wp-content\/uploads\/2024\/03\/IMG_8199-scaled.jpeg\"><img decoding=\"async\" width=\"1024\" height=\"660\" data-id=\"69865\" src=\"https:\/\/munilaja.cl\/w\/wp-content\/uploads\/2024\/03\/IMG_8199-1024x660.jpeg\" alt=\"\" class=\"wp-image-69865\" srcset=\"https:\/\/munilaja.cl\/w\/wp-content\/uploads\/2024\/03\/IMG_8199-1024x660.jpeg 1024w, https:\/\/munilaja.cl\/w\/wp-content\/uploads\/2024\/03\/IMG_8199-300x193.jpeg 300w, https:\/\/munilaja.cl\/w\/wp-content\/uploads\/2024\/03\/IMG_8199-768x495.jpeg 768w, https:\/\/munilaja.cl\/w\/wp-content\/uploads\/2024\/03\/IMG_8199-1536x990.jpeg 1536w, https:\/\/munilaja.cl\/w\/wp-content\/uploads\/2024\/03\/IMG_8199-2048x1320.jpeg 2048w\" sizes=\"(max-width: 1024px) 100vw, 1024px\" \/><\/a><\/figure>\n\n\n\n<figure class=\"wp-block-image size-large\"><a href=\"https:\/\/munilaja.cl\/w\/wp-content\/uploads\/2024\/03\/IMG_8200-scaled.jpeg\"><img decoding=\"async\" width=\"1024\" height=\"659\" data-id=\"69871\" src=\"https:\/\/munilaja.cl\/w\/wp-content\/uploads\/2024\/03\/IMG_8200-1024x659.jpeg\" alt=\"\" class=\"wp-image-69871\" srcset=\"https:\/\/munilaja.cl\/w\/wp-content\/uploads\/2024\/03\/IMG_8200-1024x659.jpeg 1024w, https:\/\/munilaja.cl\/w\/wp-content\/uploads\/2024\/03\/IMG_8200-300x193.jpeg 300w, https:\/\/munilaja.cl\/w\/wp-content\/uploads\/2024\/03\/IMG_8200-768x495.jpeg 768w, https:\/\/munilaja.cl\/w\/wp-content\/uploads\/2024\/03\/IMG_8200-1536x989.jpeg 1536w, https:\/\/munilaja.cl\/w\/wp-content\/uploads\/2024\/03\/IMG_8200-2048x1319.jpeg 2048w\" sizes=\"(max-width: 1024px) 100vw, 1024px\" \/><\/a><\/figure>\n\n\n\n<figure class=\"wp-block-image size-large\"><a href=\"https:\/\/munilaja.cl\/w\/wp-content\/uploads\/2024\/03\/IMG_8201-scaled.jpeg\"><img loading=\"lazy\" decoding=\"async\" width=\"1024\" height=\"606\" data-id=\"69879\" src=\"https:\/\/munilaja.cl\/w\/wp-content\/uploads\/2024\/03\/IMG_8201-1024x606.jpeg\" alt=\"\" class=\"wp-image-69879\" srcset=\"https:\/\/munilaja.cl\/w\/wp-content\/uploads\/2024\/03\/IMG_8201-1024x606.jpeg 1024w, https:\/\/munilaja.cl\/w\/wp-content\/uploads\/2024\/03\/IMG_8201-300x177.jpeg 300w, https:\/\/munilaja.cl\/w\/wp-content\/uploads\/2024\/03\/IMG_8201-768x454.jpeg 768w, https:\/\/munilaja.cl\/w\/wp-content\/uploads\/2024\/03\/IMG_8201-1536x909.jpeg 1536w, https:\/\/munilaja.cl\/w\/wp-content\/uploads\/2024\/03\/IMG_8201-2048x1211.jpeg 2048w\" sizes=\"(max-width: 1024px) 100vw, 1024px\" \/><\/a><\/figure>\n\n\n\n<figure class=\"wp-block-image size-large\"><a href=\"https:\/\/munilaja.cl\/w\/wp-content\/uploads\/2024\/03\/IMG_8204-scaled.jpeg\"><img loading=\"lazy\" decoding=\"async\" width=\"1024\" height=\"575\" data-id=\"69880\" src=\"https:\/\/munilaja.cl\/w\/wp-content\/uploads\/2024\/03\/IMG_8204-1024x575.jpeg\" alt=\"\" class=\"wp-image-69880\" srcset=\"https:\/\/munilaja.cl\/w\/wp-content\/uploads\/2024\/03\/IMG_8204-1024x575.jpeg 1024w, https:\/\/munilaja.cl\/w\/wp-content\/uploads\/2024\/03\/IMG_8204-300x168.jpeg 300w, https:\/\/munilaja.cl\/w\/wp-content\/uploads\/2024\/03\/IMG_8204-768x431.jpeg 768w, https:\/\/munilaja.cl\/w\/wp-content\/uploads\/2024\/03\/IMG_8204-1536x862.jpeg 1536w, https:\/\/munilaja.cl\/w\/wp-content\/uploads\/2024\/03\/IMG_8204-2048x1150.jpeg 2048w\" sizes=\"(max-width: 1024px) 100vw, 1024px\" \/><\/a><\/figure>\n\n\n\n<figure class=\"wp-block-image size-large\"><a href=\"https:\/\/munilaja.cl\/w\/wp-content\/uploads\/2024\/03\/IMG_8206-scaled.jpeg\"><img loading=\"lazy\" decoding=\"async\" width=\"1024\" height=\"575\" data-id=\"69881\" src=\"https:\/\/munilaja.cl\/w\/wp-content\/uploads\/2024\/03\/IMG_8206-1024x575.jpeg\" alt=\"\" class=\"wp-image-69881\" srcset=\"https:\/\/munilaja.cl\/w\/wp-content\/uploads\/2024\/03\/IMG_8206-1024x575.jpeg 1024w, https:\/\/munilaja.cl\/w\/wp-content\/uploads\/2024\/03\/IMG_8206-300x168.jpeg 300w, https:\/\/munilaja.cl\/w\/wp-content\/uploads\/2024\/03\/IMG_8206-768x431.jpeg 768w, https:\/\/munilaja.cl\/w\/wp-content\/uploads\/2024\/03\/IMG_8206-1536x862.jpeg 1536w, https:\/\/munilaja.cl\/w\/wp-content\/uploads\/2024\/03\/IMG_8206-2048x1150.jpeg 2048w\" sizes=\"(max-width: 1024px) 100vw, 1024px\" \/><\/a><\/figure>\n\n\n\n<figure class=\"wp-block-image size-large\"><a href=\"https:\/\/munilaja.cl\/w\/wp-content\/uploads\/2024\/03\/IMG_8205-scaled.jpeg\"><img loading=\"lazy\" decoding=\"async\" width=\"1024\" height=\"575\" data-id=\"69885\" src=\"https:\/\/munilaja.cl\/w\/wp-content\/uploads\/2024\/03\/IMG_8205-1024x575.jpeg\" alt=\"\" class=\"wp-image-69885\" srcset=\"https:\/\/munilaja.cl\/w\/wp-content\/uploads\/2024\/03\/IMG_8205-1024x575.jpeg 1024w, https:\/\/munilaja.cl\/w\/wp-content\/uploads\/2024\/03\/IMG_8205-300x168.jpeg 300w, https:\/\/munilaja.cl\/w\/wp-content\/uploads\/2024\/03\/IMG_8205-768x431.jpeg 768w, https:\/\/munilaja.cl\/w\/wp-content\/uploads\/2024\/03\/IMG_8205-1536x862.jpeg 1536w, https:\/\/munilaja.cl\/w\/wp-content\/uploads\/2024\/03\/IMG_8205-2048x1150.jpeg 2048w\" sizes=\"(max-width: 1024px) 100vw, 1024px\" \/><\/a><\/figure>\n\n\n\n<figure class=\"wp-block-image size-large\"><a href=\"https:\/\/munilaja.cl\/w\/wp-content\/uploads\/2024\/03\/IMG_8207-scaled.jpeg\"><img loading=\"lazy\" decoding=\"async\" width=\"1024\" height=\"681\" data-id=\"69868\" src=\"https:\/\/munilaja.cl\/w\/wp-content\/uploads\/2024\/03\/IMG_8207-1024x681.jpeg\" alt=\"\" class=\"wp-image-69868\" srcset=\"https:\/\/munilaja.cl\/w\/wp-content\/uploads\/2024\/03\/IMG_8207-1024x681.jpeg 1024w, https:\/\/munilaja.cl\/w\/wp-content\/uploads\/2024\/03\/IMG_8207-300x200.jpeg 300w, https:\/\/munilaja.cl\/w\/wp-content\/uploads\/2024\/03\/IMG_8207-768x511.jpeg 768w, https:\/\/munilaja.cl\/w\/wp-content\/uploads\/2024\/03\/IMG_8207-1536x1022.jpeg 1536w, https:\/\/munilaja.cl\/w\/wp-content\/uploads\/2024\/03\/IMG_8207-2048x1363.jpeg 2048w\" sizes=\"(max-width: 1024px) 100vw, 1024px\" \/><\/a><\/figure>\n\n\n\n<figure class=\"wp-block-image size-large\"><a href=\"https:\/\/munilaja.cl\/w\/wp-content\/uploads\/2024\/03\/IMG_8202-scaled.jpeg\"><img loading=\"lazy\" decoding=\"async\" width=\"1024\" height=\"575\" data-id=\"69884\" src=\"https:\/\/munilaja.cl\/w\/wp-content\/uploads\/2024\/03\/IMG_8202-1024x575.jpeg\" alt=\"\" class=\"wp-image-69884\" srcset=\"https:\/\/munilaja.cl\/w\/wp-content\/uploads\/2024\/03\/IMG_8202-1024x575.jpeg 1024w, https:\/\/munilaja.cl\/w\/wp-content\/uploads\/2024\/03\/IMG_8202-300x168.jpeg 300w, https:\/\/munilaja.cl\/w\/wp-content\/uploads\/2024\/03\/IMG_8202-768x431.jpeg 768w, https:\/\/munilaja.cl\/w\/wp-content\/uploads\/2024\/03\/IMG_8202-1536x862.jpeg 1536w, https:\/\/munilaja.cl\/w\/wp-content\/uploads\/2024\/03\/IMG_8202-2048x1150.jpeg 2048w\" sizes=\"(max-width: 1024px) 100vw, 1024px\" \/><\/a><\/figure>\n\n\n\n<figure class=\"wp-block-image size-large\"><a href=\"https:\/\/munilaja.cl\/w\/wp-content\/uploads\/2024\/03\/IMG_8209-scaled.jpeg\"><img loading=\"lazy\" decoding=\"async\" width=\"1024\" height=\"614\" data-id=\"69878\" src=\"https:\/\/munilaja.cl\/w\/wp-content\/uploads\/2024\/03\/IMG_8209-1024x614.jpeg\" alt=\"\" class=\"wp-image-69878\" srcset=\"https:\/\/munilaja.cl\/w\/wp-content\/uploads\/2024\/03\/IMG_8209-1024x614.jpeg 1024w, https:\/\/munilaja.cl\/w\/wp-content\/uploads\/2024\/03\/IMG_8209-300x180.jpeg 300w, https:\/\/munilaja.cl\/w\/wp-content\/uploads\/2024\/03\/IMG_8209-768x461.jpeg 768w, https:\/\/munilaja.cl\/w\/wp-content\/uploads\/2024\/03\/IMG_8209-1536x922.jpeg 1536w, https:\/\/munilaja.cl\/w\/wp-content\/uploads\/2024\/03\/IMG_8209-2048x1229.jpeg 2048w\" sizes=\"(max-width: 1024px) 100vw, 1024px\" \/><\/a><\/figure>\n\n\n\n<figure class=\"wp-block-image size-large\"><a href=\"https:\/\/munilaja.cl\/w\/wp-content\/uploads\/2024\/03\/IMG_8213-scaled.jpeg\"><img loading=\"lazy\" decoding=\"async\" width=\"1024\" height=\"625\" data-id=\"69877\" src=\"https:\/\/munilaja.cl\/w\/wp-content\/uploads\/2024\/03\/IMG_8213-1024x625.jpeg\" alt=\"\" class=\"wp-image-69877\" srcset=\"https:\/\/munilaja.cl\/w\/wp-content\/uploads\/2024\/03\/IMG_8213-1024x625.jpeg 1024w, https:\/\/munilaja.cl\/w\/wp-content\/uploads\/2024\/03\/IMG_8213-300x183.jpeg 300w, https:\/\/munilaja.cl\/w\/wp-content\/uploads\/2024\/03\/IMG_8213-768x469.jpeg 768w, https:\/\/munilaja.cl\/w\/wp-content\/uploads\/2024\/03\/IMG_8213-1536x938.jpeg 1536w, https:\/\/munilaja.cl\/w\/wp-content\/uploads\/2024\/03\/IMG_8213-2048x1250.jpeg 2048w\" sizes=\"(max-width: 1024px) 100vw, 1024px\" \/><\/a><\/figure>\n\n\n\n<figure class=\"wp-block-image size-large\"><a href=\"https:\/\/munilaja.cl\/w\/wp-content\/uploads\/2024\/03\/IMG_8215-scaled.jpeg\"><img loading=\"lazy\" decoding=\"async\" width=\"1024\" height=\"612\" data-id=\"69876\" src=\"https:\/\/munilaja.cl\/w\/wp-content\/uploads\/2024\/03\/IMG_8215-1024x612.jpeg\" alt=\"\" class=\"wp-image-69876\" srcset=\"https:\/\/munilaja.cl\/w\/wp-content\/uploads\/2024\/03\/IMG_8215-1024x612.jpeg 1024w, https:\/\/munilaja.cl\/w\/wp-content\/uploads\/2024\/03\/IMG_8215-300x179.jpeg 300w, https:\/\/munilaja.cl\/w\/wp-content\/uploads\/2024\/03\/IMG_8215-768x459.jpeg 768w, https:\/\/munilaja.cl\/w\/wp-content\/uploads\/2024\/03\/IMG_8215-1536x918.jpeg 1536w, https:\/\/munilaja.cl\/w\/wp-content\/uploads\/2024\/03\/IMG_8215-2048x1224.jpeg 2048w\" sizes=\"(max-width: 1024px) 100vw, 1024px\" \/><\/a><\/figure>\n\n\n\n<figure class=\"wp-block-image size-large\"><a href=\"https:\/\/munilaja.cl\/w\/wp-content\/uploads\/2024\/03\/IMG_8212-scaled.jpeg\"><img loading=\"lazy\" decoding=\"async\" width=\"1024\" height=\"635\" data-id=\"69870\" src=\"https:\/\/munilaja.cl\/w\/wp-content\/uploads\/2024\/03\/IMG_8212-1024x635.jpeg\" alt=\"\" class=\"wp-image-69870\" srcset=\"https:\/\/munilaja.cl\/w\/wp-content\/uploads\/2024\/03\/IMG_8212-1024x635.jpeg 1024w, https:\/\/munilaja.cl\/w\/wp-content\/uploads\/2024\/03\/IMG_8212-300x186.jpeg 300w, https:\/\/munilaja.cl\/w\/wp-content\/uploads\/2024\/03\/IMG_8212-768x476.jpeg 768w, https:\/\/munilaja.cl\/w\/wp-content\/uploads\/2024\/03\/IMG_8212-1536x952.jpeg 1536w, https:\/\/munilaja.cl\/w\/wp-content\/uploads\/2024\/03\/IMG_8212-2048x1269.jpeg 2048w\" sizes=\"(max-width: 1024px) 100vw, 1024px\" \/><\/a><\/figure>\n\n\n\n<figure class=\"wp-block-image size-large\"><a href=\"https:\/\/munilaja.cl\/w\/wp-content\/uploads\/2024\/03\/IMG_8211-scaled.jpeg\"><img loading=\"lazy\" decoding=\"async\" width=\"1024\" height=\"612\" data-id=\"69874\" src=\"https:\/\/munilaja.cl\/w\/wp-content\/uploads\/2024\/03\/IMG_8211-1024x612.jpeg\" alt=\"\" class=\"wp-image-69874\" srcset=\"https:\/\/munilaja.cl\/w\/wp-content\/uploads\/2024\/03\/IMG_8211-1024x612.jpeg 1024w, https:\/\/munilaja.cl\/w\/wp-content\/uploads\/2024\/03\/IMG_8211-300x179.jpeg 300w, https:\/\/munilaja.cl\/w\/wp-content\/uploads\/2024\/03\/IMG_8211-768x459.jpeg 768w, https:\/\/munilaja.cl\/w\/wp-content\/uploads\/2024\/03\/IMG_8211-1536x918.jpeg 1536w, https:\/\/munilaja.cl\/w\/wp-content\/uploads\/2024\/03\/IMG_8211-2048x1224.jpeg 2048w\" sizes=\"(max-width: 1024px) 100vw, 1024px\" \/><\/a><\/figure>\n\n\n\n<figure class=\"wp-block-image size-large\"><a href=\"https:\/\/munilaja.cl\/w\/wp-content\/uploads\/2024\/03\/IMG_8214-scaled.jpeg\"><img loading=\"lazy\" decoding=\"async\" width=\"1024\" height=\"626\" data-id=\"69872\" src=\"https:\/\/munilaja.cl\/w\/wp-content\/uploads\/2024\/03\/IMG_8214-1024x626.jpeg\" alt=\"\" class=\"wp-image-69872\" srcset=\"https:\/\/munilaja.cl\/w\/wp-content\/uploads\/2024\/03\/IMG_8214-1024x626.jpeg 1024w, https:\/\/munilaja.cl\/w\/wp-content\/uploads\/2024\/03\/IMG_8214-300x183.jpeg 300w, https:\/\/munilaja.cl\/w\/wp-content\/uploads\/2024\/03\/IMG_8214-768x469.jpeg 768w, https:\/\/munilaja.cl\/w\/wp-content\/uploads\/2024\/03\/IMG_8214-1536x939.jpeg 1536w, https:\/\/munilaja.cl\/w\/wp-content\/uploads\/2024\/03\/IMG_8214-2048x1252.jpeg 2048w\" sizes=\"(max-width: 1024px) 100vw, 1024px\" \/><\/a><\/figure>\n\n\n\n<figure class=\"wp-block-image size-large\"><a href=\"https:\/\/munilaja.cl\/w\/wp-content\/uploads\/2024\/03\/IMG_8217-scaled.jpeg\"><img loading=\"lazy\" decoding=\"async\" width=\"1024\" height=\"575\" data-id=\"69867\" src=\"https:\/\/munilaja.cl\/w\/wp-content\/uploads\/2024\/03\/IMG_8217-1024x575.jpeg\" alt=\"\" class=\"wp-image-69867\" srcset=\"https:\/\/munilaja.cl\/w\/wp-content\/uploads\/2024\/03\/IMG_8217-1024x575.jpeg 1024w, https:\/\/munilaja.cl\/w\/wp-content\/uploads\/2024\/03\/IMG_8217-300x168.jpeg 300w, https:\/\/munilaja.cl\/w\/wp-content\/uploads\/2024\/03\/IMG_8217-768x431.jpeg 768w, https:\/\/munilaja.cl\/w\/wp-content\/uploads\/2024\/03\/IMG_8217-1536x862.jpeg 1536w, https:\/\/munilaja.cl\/w\/wp-content\/uploads\/2024\/03\/IMG_8217-2048x1150.jpeg 2048w\" sizes=\"(max-width: 1024px) 100vw, 1024px\" \/><\/a><\/figure>\n\n\n\n<figure class=\"wp-block-image size-large\"><a href=\"https:\/\/munilaja.cl\/w\/wp-content\/uploads\/2024\/03\/IMG_8216-scaled.jpeg\"><img loading=\"lazy\" decoding=\"async\" width=\"1024\" height=\"575\" data-id=\"69886\" src=\"https:\/\/munilaja.cl\/w\/wp-content\/uploads\/2024\/03\/IMG_8216-1024x575.jpeg\" alt=\"\" class=\"wp-image-69886\" srcset=\"https:\/\/munilaja.cl\/w\/wp-content\/uploads\/2024\/03\/IMG_8216-1024x575.jpeg 1024w, https:\/\/munilaja.cl\/w\/wp-content\/uploads\/2024\/03\/IMG_8216-300x168.jpeg 300w, https:\/\/munilaja.cl\/w\/wp-content\/uploads\/2024\/03\/IMG_8216-768x431.jpeg 768w, https:\/\/munilaja.cl\/w\/wp-content\/uploads\/2024\/03\/IMG_8216-1536x862.jpeg 1536w, https:\/\/munilaja.cl\/w\/wp-content\/uploads\/2024\/03\/IMG_8216-2048x1150.jpeg 2048w\" sizes=\"(max-width: 1024px) 100vw, 1024px\" \/><\/a><\/figure>\n\n\n\n<figure class=\"wp-block-image size-large\"><a href=\"https:\/\/munilaja.cl\/w\/wp-content\/uploads\/2024\/03\/IMG_8218-scaled.jpeg\"><img loading=\"lazy\" decoding=\"async\" width=\"1024\" height=\"623\" data-id=\"69866\" src=\"https:\/\/munilaja.cl\/w\/wp-content\/uploads\/2024\/03\/IMG_8218-1024x623.jpeg\" alt=\"\" class=\"wp-image-69866\" srcset=\"https:\/\/munilaja.cl\/w\/wp-content\/uploads\/2024\/03\/IMG_8218-1024x623.jpeg 1024w, https:\/\/munilaja.cl\/w\/wp-content\/uploads\/2024\/03\/IMG_8218-300x182.jpeg 300w, https:\/\/munilaja.cl\/w\/wp-content\/uploads\/2024\/03\/IMG_8218-768x467.jpeg 768w, https:\/\/munilaja.cl\/w\/wp-content\/uploads\/2024\/03\/IMG_8218-1536x934.jpeg 1536w, https:\/\/munilaja.cl\/w\/wp-content\/uploads\/2024\/03\/IMG_8218-2048x1246.jpeg 2048w\" sizes=\"(max-width: 1024px) 100vw, 1024px\" \/><\/a><\/figure>\n\n\n\n<figure class=\"wp-block-image size-large\"><a href=\"https:\/\/munilaja.cl\/w\/wp-content\/uploads\/2024\/03\/IMG_8219-scaled.jpeg\"><img loading=\"lazy\" decoding=\"async\" width=\"1024\" height=\"656\" data-id=\"69875\" src=\"https:\/\/munilaja.cl\/w\/wp-content\/uploads\/2024\/03\/IMG_8219-1024x656.jpeg\" alt=\"\" class=\"wp-image-69875\" srcset=\"https:\/\/munilaja.cl\/w\/wp-content\/uploads\/2024\/03\/IMG_8219-1024x656.jpeg 1024w, https:\/\/munilaja.cl\/w\/wp-content\/uploads\/2024\/03\/IMG_8219-300x192.jpeg 300w, https:\/\/munilaja.cl\/w\/wp-content\/uploads\/2024\/03\/IMG_8219-768x492.jpeg 768w, https:\/\/munilaja.cl\/w\/wp-content\/uploads\/2024\/03\/IMG_8219-1536x984.jpeg 1536w, https:\/\/munilaja.cl\/w\/wp-content\/uploads\/2024\/03\/IMG_8219-2048x1312.jpeg 2048w\" sizes=\"(max-width: 1024px) 100vw, 1024px\" \/><\/a><\/figure>\n\n\n\n<figure class=\"wp-block-image size-large\"><a href=\"https:\/\/munilaja.cl\/w\/wp-content\/uploads\/2024\/03\/IMG_8208-scaled.jpeg\"><img loading=\"lazy\" decoding=\"async\" width=\"1024\" height=\"575\" data-id=\"69883\" src=\"https:\/\/munilaja.cl\/w\/wp-content\/uploads\/2024\/03\/IMG_8208-1024x575.jpeg\" alt=\"\" class=\"wp-image-69883\" srcset=\"https:\/\/munilaja.cl\/w\/wp-content\/uploads\/2024\/03\/IMG_8208-1024x575.jpeg 1024w, https:\/\/munilaja.cl\/w\/wp-content\/uploads\/2024\/03\/IMG_8208-300x168.jpeg 300w, https:\/\/munilaja.cl\/w\/wp-content\/uploads\/2024\/03\/IMG_8208-768x431.jpeg 768w, https:\/\/munilaja.cl\/w\/wp-content\/uploads\/2024\/03\/IMG_8208-1536x862.jpeg 1536w, https:\/\/munilaja.cl\/w\/wp-content\/uploads\/2024\/03\/IMG_8208-2048x1150.jpeg 2048w\" sizes=\"(max-width: 1024px) 100vw, 1024px\" \/><\/a><\/figure>\n\n\n\n<figure class=\"wp-block-image size-large\"><a href=\"https:\/\/munilaja.cl\/w\/wp-content\/uploads\/2024\/03\/IMG_8203-scaled.jpeg\"><img loading=\"lazy\" decoding=\"async\" width=\"1024\" height=\"604\" data-id=\"69882\" src=\"https:\/\/munilaja.cl\/w\/wp-content\/uploads\/2024\/03\/IMG_8203-1024x604.jpeg\" alt=\"\" class=\"wp-image-69882\" srcset=\"https:\/\/munilaja.cl\/w\/wp-content\/uploads\/2024\/03\/IMG_8203-1024x604.jpeg 1024w, https:\/\/munilaja.cl\/w\/wp-content\/uploads\/2024\/03\/IMG_8203-300x177.jpeg 300w, https:\/\/munilaja.cl\/w\/wp-content\/uploads\/2024\/03\/IMG_8203-768x453.jpeg 768w, https:\/\/munilaja.cl\/w\/wp-content\/uploads\/2024\/03\/IMG_8203-1536x906.jpeg 1536w, https:\/\/munilaja.cl\/w\/wp-content\/uploads\/2024\/03\/IMG_8203-2048x1208.jpeg 2048w\" sizes=\"(max-width: 1024px) 100vw, 1024px\" \/><\/a><\/figure>\n\n\n\n<figure class=\"wp-block-image size-large\"><a href=\"https:\/\/munilaja.cl\/w\/wp-content\/uploads\/2024\/03\/IMG_8197-scaled.jpeg\"><img loading=\"lazy\" decoding=\"async\" width=\"1024\" height=\"613\" data-id=\"69873\" src=\"https:\/\/munilaja.cl\/w\/wp-content\/uploads\/2024\/03\/IMG_8197-1024x613.jpeg\" alt=\"\" class=\"wp-image-69873\" srcset=\"https:\/\/munilaja.cl\/w\/wp-content\/uploads\/2024\/03\/IMG_8197-1024x613.jpeg 1024w, https:\/\/munilaja.cl\/w\/wp-content\/uploads\/2024\/03\/IMG_8197-300x179.jpeg 300w, https:\/\/munilaja.cl\/w\/wp-content\/uploads\/2024\/03\/IMG_8197-768x459.jpeg 768w, https:\/\/munilaja.cl\/w\/wp-content\/uploads\/2024\/03\/IMG_8197-1536x919.jpeg 1536w, https:\/\/munilaja.cl\/w\/wp-content\/uploads\/2024\/03\/IMG_8197-2048x1225.jpeg 2048w\" sizes=\"(max-width: 1024px) 100vw, 1024px\" \/><\/a><\/figure>\n<\/figure>\n","protected":false},"excerpt":{"rendered":"<p>El progreso en la construcci\u00f3n del Cuartel Tercera Compa\u00f1\u00eda del Cuerpo de Bomberos en Altos del Laja avanza a paso firma. Bajo la supervisi\u00f3n liderada por el alcalde Roberto Quintana junto a encargados de obra, SECPLAN, superintendente de Bomberos, Andrea Campillay, concejal Patricio Villalobos, voluntarios y vecinos, se realiz\u00f3 una inspecci\u00f3n a terreno del proyecto. [&hellip;]<\/p>\n","protected":false},"author":11,"featured_media":69887,"comment_status":"closed","ping_status":"closed","sticky":false,"template":"","format":"image","meta":{"zakra_sidebar_layout":"customizer","zakra_remove_content_margin":false,"zakra_sidebar":"customizer","zakra_transparent_header":"customizer","zakra_logo":0,"zakra_main_header_style":"default","zakra_menu_item_color":"","zakra_menu_item_hover_color":"","zakra_menu_item_active_color":"","zakra_menu_active_style":"zakra_menu_active_style","zakra_page_header":true,"footnotes":""},"categories":[17],"tags":[],"class_list":["post-69864","post","type-post","status-publish","format-image","has-post-thumbnail","hentry","category-servicio-a-la-comunidad","post_format-post-format-image"],"yoast_head":"<!-- This site is optimized with the Yoast SEO plugin v24.0 - https:\/\/yoast.com\/wordpress\/plugins\/seo\/ -->\n<title>En terreno: Construcci\u00f3n del Cuartel Tercera Compa\u00f1\u00eda de Bomberos en Altos del Laja tiene avance del 10% - Municipalidad de Laja<\/title>\n<meta name=\"robots\" content=\"index, follow, max-snippet:-1, max-image-preview:large, max-video-preview:-1\" \/>\n<link rel=\"canonical\" href=\"https:\/\/munilaja.cl\/w\/avance-del-10-alcalde-y-autoridades-supervisan-construccion-del-cuartel-tercera-compania-de-bomberos-en-altos-del-laja\/\" \/>\n<meta property=\"og:locale\" content=\"es_ES\" \/>\n<meta property=\"og:type\" content=\"article\" \/>\n<meta property=\"og:title\" content=\"En terreno: Construcci\u00f3n del Cuartel Tercera Compa\u00f1\u00eda de Bomberos en Altos del Laja tiene avance del 10% - Municipalidad de Laja\" \/>\n<meta property=\"og:description\" content=\"El progreso en la construcci\u00f3n del Cuartel Tercera Compa\u00f1\u00eda del Cuerpo de Bomberos en Altos del Laja avanza a paso firma. Bajo la supervisi\u00f3n liderada por el alcalde Roberto Quintana junto a encargados de obra, SECPLAN, superintendente de Bomberos, Andrea Campillay, concejal Patricio Villalobos, voluntarios y vecinos, se realiz\u00f3 una inspecci\u00f3n a terreno del proyecto. [&hellip;]\" \/>\n<meta property=\"og:url\" content=\"https:\/\/munilaja.cl\/w\/avance-del-10-alcalde-y-autoridades-supervisan-construccion-del-cuartel-tercera-compania-de-bomberos-en-altos-del-laja\/\" \/>\n<meta property=\"og:site_name\" content=\"Municipalidad de Laja\" \/>\n<meta property=\"article:published_time\" content=\"2024-03-20T16:26:33+00:00\" \/>\n<meta property=\"article:modified_time\" content=\"2024-03-20T16:39:45+00:00\" \/>\n<meta property=\"og:image\" content=\"https:\/\/munilaja.cl\/w\/wp-content\/uploads\/2024\/03\/IMG_8196-scaled.jpeg\" \/>\n\t<meta property=\"og:image:width\" content=\"2560\" \/>\n\t<meta property=\"og:image:height\" content=\"1437\" \/>\n\t<meta property=\"og:image:type\" content=\"image\/jpeg\" \/>\n<meta name=\"author\" content=\"Administrador\" \/>\n<meta name=\"twitter:card\" content=\"summary_large_image\" \/>\n<meta name=\"twitter:label1\" content=\"Escrito por\" \/>\n\t<meta name=\"twitter:data1\" content=\"Administrador\" \/>\n\t<meta name=\"twitter:label2\" content=\"Tiempo de lectura\" \/>\n\t<meta name=\"twitter:data2\" content=\"5 minutos\" \/>\n<script type=\"application\/ld+json\" class=\"yoast-schema-graph\">{\"@context\":\"https:\/\/schema.org\",\"@graph\":[{\"@type\":\"Article\",\"@id\":\"https:\/\/munilaja.cl\/w\/avance-del-10-alcalde-y-autoridades-supervisan-construccion-del-cuartel-tercera-compania-de-bomberos-en-altos-del-laja\/#article\",\"isPartOf\":{\"@id\":\"https:\/\/munilaja.cl\/w\/avance-del-10-alcalde-y-autoridades-supervisan-construccion-del-cuartel-tercera-compania-de-bomberos-en-altos-del-laja\/\"},\"author\":{\"name\":\"Administrador\",\"@id\":\"https:\/\/munilaja.cl\/w\/#\/schema\/person\/4650348f4978773bf1c5b31f9c7da744\"},\"headline\":\"En terreno: Construcci\u00f3n del Cuartel Tercera Compa\u00f1\u00eda de Bomberos en Altos del Laja tiene avance del 10%\",\"datePublished\":\"2024-03-20T16:26:33+00:00\",\"dateModified\":\"2024-03-20T16:39:45+00:00\",\"mainEntityOfPage\":{\"@id\":\"https:\/\/munilaja.cl\/w\/avance-del-10-alcalde-y-autoridades-supervisan-construccion-del-cuartel-tercera-compania-de-bomberos-en-altos-del-laja\/\"},\"wordCount\":126,\"publisher\":{\"@id\":\"https:\/\/munilaja.cl\/w\/#organization\"},\"image\":{\"@id\":\"https:\/\/munilaja.cl\/w\/avance-del-10-alcalde-y-autoridades-supervisan-construccion-del-cuartel-tercera-compania-de-bomberos-en-altos-del-laja\/#primaryimage\"},\"thumbnailUrl\":\"https:\/\/munilaja.cl\/w\/wp-content\/uploads\/2024\/03\/IMG_8196-scaled.jpeg\",\"articleSection\":[\"Servicio a la comunidad\"],\"inLanguage\":\"es\"},{\"@type\":\"WebPage\",\"@id\":\"https:\/\/munilaja.cl\/w\/avance-del-10-alcalde-y-autoridades-supervisan-construccion-del-cuartel-tercera-compania-de-bomberos-en-altos-del-laja\/\",\"url\":\"https:\/\/munilaja.cl\/w\/avance-del-10-alcalde-y-autoridades-supervisan-construccion-del-cuartel-tercera-compania-de-bomberos-en-altos-del-laja\/\",\"name\":\"En terreno: Construcci\u00f3n del Cuartel Tercera Compa\u00f1\u00eda de Bomberos en Altos del Laja tiene avance del 10% - Municipalidad de Laja\",\"isPartOf\":{\"@id\":\"https:\/\/munilaja.cl\/w\/#website\"},\"primaryImageOfPage\":{\"@id\":\"https:\/\/munilaja.cl\/w\/avance-del-10-alcalde-y-autoridades-supervisan-construccion-del-cuartel-tercera-compania-de-bomberos-en-altos-del-laja\/#primaryimage\"},\"image\":{\"@id\":\"https:\/\/munilaja.cl\/w\/avance-del-10-alcalde-y-autoridades-supervisan-construccion-del-cuartel-tercera-compania-de-bomberos-en-altos-del-laja\/#primaryimage\"},\"thumbnailUrl\":\"https:\/\/munilaja.cl\/w\/wp-content\/uploads\/2024\/03\/IMG_8196-scaled.jpeg\",\"datePublished\":\"2024-03-20T16:26:33+00:00\",\"dateModified\":\"2024-03-20T16:39:45+00:00\",\"breadcrumb\":{\"@id\":\"https:\/\/munilaja.cl\/w\/avance-del-10-alcalde-y-autoridades-supervisan-construccion-del-cuartel-tercera-compania-de-bomberos-en-altos-del-laja\/#breadcrumb\"},\"inLanguage\":\"es\",\"potentialAction\":[{\"@type\":\"ReadAction\",\"target\":[\"https:\/\/munilaja.cl\/w\/avance-del-10-alcalde-y-autoridades-supervisan-construccion-del-cuartel-tercera-compania-de-bomberos-en-altos-del-laja\/\"]}]},{\"@type\":\"ImageObject\",\"inLanguage\":\"es\",\"@id\":\"https:\/\/munilaja.cl\/w\/avance-del-10-alcalde-y-autoridades-supervisan-construccion-del-cuartel-tercera-compania-de-bomberos-en-altos-del-laja\/#primaryimage\",\"url\":\"https:\/\/munilaja.cl\/w\/wp-content\/uploads\/2024\/03\/IMG_8196-scaled.jpeg\",\"contentUrl\":\"https:\/\/munilaja.cl\/w\/wp-content\/uploads\/2024\/03\/IMG_8196-scaled.jpeg\",\"width\":2560,\"height\":1437},{\"@type\":\"BreadcrumbList\",\"@id\":\"https:\/\/munilaja.cl\/w\/avance-del-10-alcalde-y-autoridades-supervisan-construccion-del-cuartel-tercera-compania-de-bomberos-en-altos-del-laja\/#breadcrumb\",\"itemListElement\":[{\"@type\":\"ListItem\",\"position\":1,\"name\":\"Portada\",\"item\":\"https:\/\/munilaja.cl\/w\/\"},{\"@type\":\"ListItem\",\"position\":2,\"name\":\"En terreno: Construcci\u00f3n del Cuartel Tercera Compa\u00f1\u00eda de Bomberos en Altos del Laja tiene avance del 10%\"}]},{\"@type\":\"WebSite\",\"@id\":\"https:\/\/munilaja.cl\/w\/#website\",\"url\":\"https:\/\/munilaja.cl\/w\/\",\"name\":\"Municipalidad de Laja\",\"description\":\"Web Municipal\",\"publisher\":{\"@id\":\"https:\/\/munilaja.cl\/w\/#organization\"},\"potentialAction\":[{\"@type\":\"SearchAction\",\"target\":{\"@type\":\"EntryPoint\",\"urlTemplate\":\"https:\/\/munilaja.cl\/w\/?s={search_term_string}\"},\"query-input\":{\"@type\":\"PropertyValueSpecification\",\"valueRequired\":true,\"valueName\":\"search_term_string\"}}],\"inLanguage\":\"es\"},{\"@type\":\"Organization\",\"@id\":\"https:\/\/munilaja.cl\/w\/#organization\",\"name\":\"Municipalidad de Laja\",\"url\":\"https:\/\/munilaja.cl\/w\/\",\"logo\":{\"@type\":\"ImageObject\",\"inLanguage\":\"es\",\"@id\":\"https:\/\/munilaja.cl\/w\/#\/schema\/logo\/image\/\",\"url\":\"https:\/\/munilaja.cl\/w\/wp-content\/uploads\/2024\/11\/ESCUDO-LAJA-LETRAS-BLANCAS-LOGO-WEB.png\",\"contentUrl\":\"https:\/\/munilaja.cl\/w\/wp-content\/uploads\/2024\/11\/ESCUDO-LAJA-LETRAS-BLANCAS-LOGO-WEB.png\",\"width\":150,\"height\":150,\"caption\":\"Municipalidad de Laja\"},\"image\":{\"@id\":\"https:\/\/munilaja.cl\/w\/#\/schema\/logo\/image\/\"}},{\"@type\":\"Person\",\"@id\":\"https:\/\/munilaja.cl\/w\/#\/schema\/person\/4650348f4978773bf1c5b31f9c7da744\",\"name\":\"Administrador\",\"url\":\"https:\/\/munilaja.cl\/w\/author\/rssmunilaja\/\"}]}<\/script>\n<!-- \/ Yoast SEO plugin. -->","yoast_head_json":{"title":"En terreno: Construcci\u00f3n del Cuartel Tercera Compa\u00f1\u00eda de Bomberos en Altos del Laja tiene avance del 10% - Municipalidad de Laja","robots":{"index":"index","follow":"follow","max-snippet":"max-snippet:-1","max-image-preview":"max-image-preview:large","max-video-preview":"max-video-preview:-1"},"canonical":"https:\/\/munilaja.cl\/w\/avance-del-10-alcalde-y-autoridades-supervisan-construccion-del-cuartel-tercera-compania-de-bomberos-en-altos-del-laja\/","og_locale":"es_ES","og_type":"article","og_title":"En terreno: Construcci\u00f3n del Cuartel Tercera Compa\u00f1\u00eda de Bomberos en Altos del Laja tiene avance del 10% - Municipalidad de Laja","og_description":"El progreso en la construcci\u00f3n del Cuartel Tercera Compa\u00f1\u00eda del Cuerpo de Bomberos en Altos del Laja avanza a paso firma. Bajo la supervisi\u00f3n liderada por el alcalde Roberto Quintana junto a encargados de obra, SECPLAN, superintendente de Bomberos, Andrea Campillay, concejal Patricio Villalobos, voluntarios y vecinos, se realiz\u00f3 una inspecci\u00f3n a terreno del proyecto. [&hellip;]","og_url":"https:\/\/munilaja.cl\/w\/avance-del-10-alcalde-y-autoridades-supervisan-construccion-del-cuartel-tercera-compania-de-bomberos-en-altos-del-laja\/","og_site_name":"Municipalidad de Laja","article_published_time":"2024-03-20T16:26:33+00:00","article_modified_time":"2024-03-20T16:39:45+00:00","og_image":[{"width":2560,"height":1437,"url":"https:\/\/munilaja.cl\/w\/wp-content\/uploads\/2024\/03\/IMG_8196-scaled.jpeg","type":"image\/jpeg"}],"author":"Administrador","twitter_card":"summary_large_image","twitter_misc":{"Escrito por":"Administrador","Tiempo de lectura":"5 minutos"},"schema":{"@context":"https:\/\/schema.org","@graph":[{"@type":"Article","@id":"https:\/\/munilaja.cl\/w\/avance-del-10-alcalde-y-autoridades-supervisan-construccion-del-cuartel-tercera-compania-de-bomberos-en-altos-del-laja\/#article","isPartOf":{"@id":"https:\/\/munilaja.cl\/w\/avance-del-10-alcalde-y-autoridades-supervisan-construccion-del-cuartel-tercera-compania-de-bomberos-en-altos-del-laja\/"},"author":{"name":"Administrador","@id":"https:\/\/munilaja.cl\/w\/#\/schema\/person\/4650348f4978773bf1c5b31f9c7da744"},"headline":"En terreno: Construcci\u00f3n del Cuartel Tercera Compa\u00f1\u00eda de Bomberos en Altos del Laja tiene avance del 10%","datePublished":"2024-03-20T16:26:33+00:00","dateModified":"2024-03-20T16:39:45+00:00","mainEntityOfPage":{"@id":"https:\/\/munilaja.cl\/w\/avance-del-10-alcalde-y-autoridades-supervisan-construccion-del-cuartel-tercera-compania-de-bomberos-en-altos-del-laja\/"},"wordCount":126,"publisher":{"@id":"https:\/\/munilaja.cl\/w\/#organization"},"image":{"@id":"https:\/\/munilaja.cl\/w\/avance-del-10-alcalde-y-autoridades-supervisan-construccion-del-cuartel-tercera-compania-de-bomberos-en-altos-del-laja\/#primaryimage"},"thumbnailUrl":"https:\/\/munilaja.cl\/w\/wp-content\/uploads\/2024\/03\/IMG_8196-scaled.jpeg","articleSection":["Servicio a la comunidad"],"inLanguage":"es"},{"@type":"WebPage","@id":"https:\/\/munilaja.cl\/w\/avance-del-10-alcalde-y-autoridades-supervisan-construccion-del-cuartel-tercera-compania-de-bomberos-en-altos-del-laja\/","url":"https:\/\/munilaja.cl\/w\/avance-del-10-alcalde-y-autoridades-supervisan-construccion-del-cuartel-tercera-compania-de-bomberos-en-altos-del-laja\/","name":"En terreno: Construcci\u00f3n del Cuartel Tercera Compa\u00f1\u00eda de Bomberos en Altos del Laja tiene avance del 10% - Municipalidad de Laja","isPartOf":{"@id":"https:\/\/munilaja.cl\/w\/#website"},"primaryImageOfPage":{"@id":"https:\/\/munilaja.cl\/w\/avance-del-10-alcalde-y-autoridades-supervisan-construccion-del-cuartel-tercera-compania-de-bomberos-en-altos-del-laja\/#primaryimage"},"image":{"@id":"https:\/\/munilaja.cl\/w\/avance-del-10-alcalde-y-autoridades-supervisan-construccion-del-cuartel-tercera-compania-de-bomberos-en-altos-del-laja\/#primaryimage"},"thumbnailUrl":"https:\/\/munilaja.cl\/w\/wp-content\/uploads\/2024\/03\/IMG_8196-scaled.jpeg","datePublished":"2024-03-20T16:26:33+00:00","dateModified":"2024-03-20T16:39:45+00:00","breadcrumb":{"@id":"https:\/\/munilaja.cl\/w\/avance-del-10-alcalde-y-autoridades-supervisan-construccion-del-cuartel-tercera-compania-de-bomberos-en-altos-del-laja\/#breadcrumb"},"inLanguage":"es","potentialAction":[{"@type":"ReadAction","target":["https:\/\/munilaja.cl\/w\/avance-del-10-alcalde-y-autoridades-supervisan-construccion-del-cuartel-tercera-compania-de-bomberos-en-altos-del-laja\/"]}]},{"@type":"ImageObject","inLanguage":"es","@id":"https:\/\/munilaja.cl\/w\/avance-del-10-alcalde-y-autoridades-supervisan-construccion-del-cuartel-tercera-compania-de-bomberos-en-altos-del-laja\/#primaryimage","url":"https:\/\/munilaja.cl\/w\/wp-content\/uploads\/2024\/03\/IMG_8196-scaled.jpeg","contentUrl":"https:\/\/munilaja.cl\/w\/wp-content\/uploads\/2024\/03\/IMG_8196-scaled.jpeg","width":2560,"height":1437},{"@type":"BreadcrumbList","@id":"https:\/\/munilaja.cl\/w\/avance-del-10-alcalde-y-autoridades-supervisan-construccion-del-cuartel-tercera-compania-de-bomberos-en-altos-del-laja\/#breadcrumb","itemListElement":[{"@type":"ListItem","position":1,"name":"Portada","item":"https:\/\/munilaja.cl\/w\/"},{"@type":"ListItem","position":2,"name":"En terreno: Construcci\u00f3n del Cuartel Tercera Compa\u00f1\u00eda de Bomberos en Altos del Laja tiene avance del 10%"}]},{"@type":"WebSite","@id":"https:\/\/munilaja.cl\/w\/#website","url":"https:\/\/munilaja.cl\/w\/","name":"Municipalidad de Laja","description":"Web Municipal","publisher":{"@id":"https:\/\/munilaja.cl\/w\/#organization"},"potentialAction":[{"@type":"SearchAction","target":{"@type":"EntryPoint","urlTemplate":"https:\/\/munilaja.cl\/w\/?s={search_term_string}"},"query-input":{"@type":"PropertyValueSpecification","valueRequired":true,"valueName":"search_term_string"}}],"inLanguage":"es"},{"@type":"Organization","@id":"https:\/\/munilaja.cl\/w\/#organization","name":"Municipalidad de Laja","url":"https:\/\/munilaja.cl\/w\/","logo":{"@type":"ImageObject","inLanguage":"es","@id":"https:\/\/munilaja.cl\/w\/#\/schema\/logo\/image\/","url":"https:\/\/munilaja.cl\/w\/wp-content\/uploads\/2024\/11\/ESCUDO-LAJA-LETRAS-BLANCAS-LOGO-WEB.png","contentUrl":"https:\/\/munilaja.cl\/w\/wp-content\/uploads\/2024\/11\/ESCUDO-LAJA-LETRAS-BLANCAS-LOGO-WEB.png","width":150,"height":150,"caption":"Municipalidad de Laja"},"image":{"@id":"https:\/\/munilaja.cl\/w\/#\/schema\/logo\/image\/"}},{"@type":"Person","@id":"https:\/\/munilaja.cl\/w\/#\/schema\/person\/4650348f4978773bf1c5b31f9c7da744","name":"Administrador","url":"https:\/\/munilaja.cl\/w\/author\/rssmunilaja\/"}]}},"_links":{"self":[{"href":"https:\/\/munilaja.cl\/w\/wp-json\/wp\/v2\/posts\/69864"}],"collection":[{"href":"https:\/\/munilaja.cl\/w\/wp-json\/wp\/v2\/posts"}],"about":[{"href":"https:\/\/munilaja.cl\/w\/wp-json\/wp\/v2\/types\/post"}],"author":[{"embeddable":true,"href":"https:\/\/munilaja.cl\/w\/wp-json\/wp\/v2\/users\/11"}],"replies":[{"embeddable":true,"href":"https:\/\/munilaja.cl\/w\/wp-json\/wp\/v2\/comments?post=69864"}],"version-history":[{"count":4,"href":"https:\/\/munilaja.cl\/w\/wp-json\/wp\/v2\/posts\/69864\/revisions"}],"predecessor-version":[{"id":69892,"href":"https:\/\/munilaja.cl\/w\/wp-json\/wp\/v2\/posts\/69864\/revisions\/69892"}],"wp:featuredmedia":[{"embeddable":true,"href":"https:\/\/munilaja.cl\/w\/wp-json\/wp\/v2\/media\/69887"}],"wp:attachment":[{"href":"https:\/\/munilaja.cl\/w\/wp-json\/wp\/v2\/media?parent=69864"}],"wp:term":[{"taxonomy":"category","embeddable":true,"href":"https:\/\/munilaja.cl\/w\/wp-json\/wp\/v2\/categories?post=69864"},{"taxonomy":"post_tag","embeddable":true,"href":"https:\/\/munilaja.cl\/w\/wp-json\/wp\/v2\/tags?post=69864"}],"curies":[{"name":"wp","href":"https:\/\/api.w.org\/{rel}","templated":true}]}}