{"id":61170,"date":"2022-09-20T14:27:58","date_gmt":"2022-09-20T18:27:58","guid":{"rendered":"http:\/\/munilaja.cl\/w\/?p=61170"},"modified":"2022-09-20T14:42:57","modified_gmt":"2022-09-20T18:42:57","slug":"este-18-y-19-de-septiembre-se-desarrollaron-diferentes-talleres-y-populares","status":"publish","type":"post","link":"https:\/\/munilaja.cl\/w\/este-18-y-19-de-septiembre-se-desarrollaron-diferentes-talleres-y-populares\/","title":{"rendered":"Este 18 y 19 de septiembre se desarrollaron diferentes talleres y juegos populares."},"content":{"rendered":"\n<p>El d\u00eda 18 de septiembre, se efectuaron los juegos t\u00edpicos chilenos o populares en el marco de la celebraci\u00f3n de Fiestas Patrias, esto en los jardines del Polideportivo, aleda\u00f1os a la gran Fonda Familiar. El alcalde, Roberto Quintana, y el Concejo Municipal hab\u00edan invitado a estas jornadas a la comunidad lajina, para que fueran momentos de esparcimiento en familia o amigos, las que tuvieron amplia participaci\u00f3n, llamando especialmente la atenci\u00f3n el n\u00famero de personas de otros puntos de la provincia y del pa\u00eds, quienes se volcaron a disfrutar en Laja. Reconociendo la buena presentaci\u00f3n e infraestructura del lugar, m\u00e1s cuando era abierto a todo p\u00fablico y sin costo.<\/p>\n\n\n\n<p>Los juegos que m\u00e1s consideraron la atenci\u00f3n, fueron: carreras en saco, carrera con el huevo en una cuchara, pelar la papa, tirar la cuerda, el emboque, entre otros.<\/p>\n\n\n\n<p>El lunes 19, \u00faltimo d\u00eda de actividades, fue el turno de los talleres: confecci\u00f3n de volantines y pintura, los que fueron especialmente apreciados en cuanto los padres gozaron y recordaron su infancia, cuando era habitual la confecci\u00f3n del volant\u00edn, con el papel respectivo en variedad de colores, y palillos de ca\u00f1a, estimulando a los m\u00e1s peque\u00f1os a aprender la confecci\u00f3n de tan divertido juego.<\/p>\n\n\n\n<p>Otros, gozaron e hicieron de las suyas en los talleres de pintura, con caballetes instalados y entregando a los participantes los insumos necesarios para dibujar y\/o colorear sus obras. Todas estas actividades consideraban regalos para los participantes.<\/p>\n\n\n\n<p>Mencionar que siempre hubo gran n\u00famero de participantes, ni\u00f1os de diferentes edades, quienes estaban acompa\u00f1ados por su c\u00edrculo familiar, cumpli\u00e9ndose as\u00ed uno de los objetivos, un espacio para el deleite de la familia lajina.<\/p>\n\n\n\n<figure class=\"wp-block-gallery columns-3 is-cropped wp-block-gallery-1 is-layout-flex wp-block-gallery-is-layout-flex\"><ul class=\"blocks-gallery-grid\"><li class=\"blocks-gallery-item\"><figure><a href=\"https:\/\/munilaja.cl\/w\/wp-content\/uploads\/2022\/09\/IMG_7439-1-scaled.jpg\"><img fetchpriority=\"high\" decoding=\"async\" width=\"1024\" height=\"683\" src=\"https:\/\/munilaja.cl\/w\/wp-content\/uploads\/2022\/09\/IMG_7439-1-1024x683.jpg\" alt=\"\" data-id=\"61172\" data-full-url=\"https:\/\/munilaja.cl\/w\/wp-content\/uploads\/2022\/09\/IMG_7439-1-scaled.jpg\" data-link=\"https:\/\/munilaja.cl\/w\/?attachment_id=61172\" class=\"wp-image-61172\" srcset=\"https:\/\/munilaja.cl\/w\/wp-content\/uploads\/2022\/09\/IMG_7439-1-1024x683.jpg 1024w, https:\/\/munilaja.cl\/w\/wp-content\/uploads\/2022\/09\/IMG_7439-1-300x200.jpg 300w, https:\/\/munilaja.cl\/w\/wp-content\/uploads\/2022\/09\/IMG_7439-1-768x512.jpg 768w, https:\/\/munilaja.cl\/w\/wp-content\/uploads\/2022\/09\/IMG_7439-1-1536x1024.jpg 1536w, https:\/\/munilaja.cl\/w\/wp-content\/uploads\/2022\/09\/IMG_7439-1-2048x1365.jpg 2048w\" sizes=\"(max-width: 1024px) 100vw, 1024px\" \/><\/a><\/figure><\/li><li class=\"blocks-gallery-item\"><figure><a href=\"https:\/\/munilaja.cl\/w\/wp-content\/uploads\/2022\/09\/IMG_6854-scaled.jpg\"><img decoding=\"async\" width=\"1024\" height=\"683\" src=\"https:\/\/munilaja.cl\/w\/wp-content\/uploads\/2022\/09\/IMG_6854-1024x683.jpg\" alt=\"\" data-id=\"61173\" data-full-url=\"https:\/\/munilaja.cl\/w\/wp-content\/uploads\/2022\/09\/IMG_6854-scaled.jpg\" data-link=\"https:\/\/munilaja.cl\/w\/?attachment_id=61173\" class=\"wp-image-61173\" srcset=\"https:\/\/munilaja.cl\/w\/wp-content\/uploads\/2022\/09\/IMG_6854-1024x683.jpg 1024w, https:\/\/munilaja.cl\/w\/wp-content\/uploads\/2022\/09\/IMG_6854-300x200.jpg 300w, https:\/\/munilaja.cl\/w\/wp-content\/uploads\/2022\/09\/IMG_6854-768x512.jpg 768w, https:\/\/munilaja.cl\/w\/wp-content\/uploads\/2022\/09\/IMG_6854-1536x1024.jpg 1536w, https:\/\/munilaja.cl\/w\/wp-content\/uploads\/2022\/09\/IMG_6854-2048x1365.jpg 2048w\" sizes=\"(max-width: 1024px) 100vw, 1024px\" \/><\/a><\/figure><\/li><li class=\"blocks-gallery-item\"><figure><a href=\"https:\/\/munilaja.cl\/w\/wp-content\/uploads\/2022\/09\/IMG_6856-scaled.jpg\"><img decoding=\"async\" width=\"1024\" height=\"683\" src=\"https:\/\/munilaja.cl\/w\/wp-content\/uploads\/2022\/09\/IMG_6856-1024x683.jpg\" alt=\"\" data-id=\"61174\" data-full-url=\"https:\/\/munilaja.cl\/w\/wp-content\/uploads\/2022\/09\/IMG_6856-scaled.jpg\" data-link=\"https:\/\/munilaja.cl\/w\/?attachment_id=61174\" class=\"wp-image-61174\" srcset=\"https:\/\/munilaja.cl\/w\/wp-content\/uploads\/2022\/09\/IMG_6856-1024x683.jpg 1024w, https:\/\/munilaja.cl\/w\/wp-content\/uploads\/2022\/09\/IMG_6856-300x200.jpg 300w, https:\/\/munilaja.cl\/w\/wp-content\/uploads\/2022\/09\/IMG_6856-768x512.jpg 768w, https:\/\/munilaja.cl\/w\/wp-content\/uploads\/2022\/09\/IMG_6856-1536x1024.jpg 1536w, https:\/\/munilaja.cl\/w\/wp-content\/uploads\/2022\/09\/IMG_6856-2048x1365.jpg 2048w\" sizes=\"(max-width: 1024px) 100vw, 1024px\" \/><\/a><\/figure><\/li><li class=\"blocks-gallery-item\"><figure><a href=\"https:\/\/munilaja.cl\/w\/wp-content\/uploads\/2022\/09\/IMG_6861-scaled.jpg\"><img loading=\"lazy\" decoding=\"async\" width=\"1024\" height=\"683\" src=\"https:\/\/munilaja.cl\/w\/wp-content\/uploads\/2022\/09\/IMG_6861-1024x683.jpg\" alt=\"\" data-id=\"61176\" data-full-url=\"https:\/\/munilaja.cl\/w\/wp-content\/uploads\/2022\/09\/IMG_6861-scaled.jpg\" data-link=\"https:\/\/munilaja.cl\/w\/?attachment_id=61176\" class=\"wp-image-61176\" srcset=\"https:\/\/munilaja.cl\/w\/wp-content\/uploads\/2022\/09\/IMG_6861-1024x683.jpg 1024w, https:\/\/munilaja.cl\/w\/wp-content\/uploads\/2022\/09\/IMG_6861-300x200.jpg 300w, https:\/\/munilaja.cl\/w\/wp-content\/uploads\/2022\/09\/IMG_6861-768x512.jpg 768w, https:\/\/munilaja.cl\/w\/wp-content\/uploads\/2022\/09\/IMG_6861-1536x1024.jpg 1536w, https:\/\/munilaja.cl\/w\/wp-content\/uploads\/2022\/09\/IMG_6861-2048x1365.jpg 2048w\" sizes=\"(max-width: 1024px) 100vw, 1024px\" \/><\/a><\/figure><\/li><li class=\"blocks-gallery-item\"><figure><a href=\"https:\/\/munilaja.cl\/w\/wp-content\/uploads\/2022\/09\/IMG_6886-scaled.jpg\"><img loading=\"lazy\" decoding=\"async\" width=\"1024\" height=\"683\" src=\"https:\/\/munilaja.cl\/w\/wp-content\/uploads\/2022\/09\/IMG_6886-1024x683.jpg\" alt=\"\" data-id=\"61177\" data-full-url=\"https:\/\/munilaja.cl\/w\/wp-content\/uploads\/2022\/09\/IMG_6886-scaled.jpg\" data-link=\"https:\/\/munilaja.cl\/w\/?attachment_id=61177\" class=\"wp-image-61177\" srcset=\"https:\/\/munilaja.cl\/w\/wp-content\/uploads\/2022\/09\/IMG_6886-1024x683.jpg 1024w, https:\/\/munilaja.cl\/w\/wp-content\/uploads\/2022\/09\/IMG_6886-300x200.jpg 300w, https:\/\/munilaja.cl\/w\/wp-content\/uploads\/2022\/09\/IMG_6886-768x512.jpg 768w, https:\/\/munilaja.cl\/w\/wp-content\/uploads\/2022\/09\/IMG_6886-1536x1024.jpg 1536w, https:\/\/munilaja.cl\/w\/wp-content\/uploads\/2022\/09\/IMG_6886-2048x1365.jpg 2048w\" sizes=\"(max-width: 1024px) 100vw, 1024px\" \/><\/a><\/figure><\/li><li class=\"blocks-gallery-item\"><figure><a href=\"https:\/\/munilaja.cl\/w\/wp-content\/uploads\/2022\/09\/IMG_6887-scaled.jpg\"><img loading=\"lazy\" decoding=\"async\" width=\"1024\" height=\"683\" src=\"https:\/\/munilaja.cl\/w\/wp-content\/uploads\/2022\/09\/IMG_6887-1024x683.jpg\" alt=\"\" data-id=\"61178\" data-full-url=\"https:\/\/munilaja.cl\/w\/wp-content\/uploads\/2022\/09\/IMG_6887-scaled.jpg\" data-link=\"https:\/\/munilaja.cl\/w\/?attachment_id=61178\" class=\"wp-image-61178\" srcset=\"https:\/\/munilaja.cl\/w\/wp-content\/uploads\/2022\/09\/IMG_6887-1024x683.jpg 1024w, https:\/\/munilaja.cl\/w\/wp-content\/uploads\/2022\/09\/IMG_6887-300x200.jpg 300w, https:\/\/munilaja.cl\/w\/wp-content\/uploads\/2022\/09\/IMG_6887-768x512.jpg 768w, https:\/\/munilaja.cl\/w\/wp-content\/uploads\/2022\/09\/IMG_6887-1536x1024.jpg 1536w, https:\/\/munilaja.cl\/w\/wp-content\/uploads\/2022\/09\/IMG_6887-2048x1365.jpg 2048w\" sizes=\"(max-width: 1024px) 100vw, 1024px\" \/><\/a><\/figure><\/li><li class=\"blocks-gallery-item\"><figure><a href=\"https:\/\/munilaja.cl\/w\/wp-content\/uploads\/2022\/09\/IMG_6888-scaled.jpg\"><img loading=\"lazy\" decoding=\"async\" width=\"683\" height=\"1024\" src=\"https:\/\/munilaja.cl\/w\/wp-content\/uploads\/2022\/09\/IMG_6888-683x1024.jpg\" alt=\"\" data-id=\"61179\" data-full-url=\"https:\/\/munilaja.cl\/w\/wp-content\/uploads\/2022\/09\/IMG_6888-scaled.jpg\" data-link=\"https:\/\/munilaja.cl\/w\/?attachment_id=61179\" class=\"wp-image-61179\" srcset=\"https:\/\/munilaja.cl\/w\/wp-content\/uploads\/2022\/09\/IMG_6888-683x1024.jpg 683w, https:\/\/munilaja.cl\/w\/wp-content\/uploads\/2022\/09\/IMG_6888-200x300.jpg 200w, https:\/\/munilaja.cl\/w\/wp-content\/uploads\/2022\/09\/IMG_6888-768x1152.jpg 768w, https:\/\/munilaja.cl\/w\/wp-content\/uploads\/2022\/09\/IMG_6888-1024x1536.jpg 1024w, https:\/\/munilaja.cl\/w\/wp-content\/uploads\/2022\/09\/IMG_6888-1365x2048.jpg 1365w, https:\/\/munilaja.cl\/w\/wp-content\/uploads\/2022\/09\/IMG_6888-scaled.jpg 1707w\" sizes=\"(max-width: 683px) 100vw, 683px\" \/><\/a><\/figure><\/li><li class=\"blocks-gallery-item\"><figure><a href=\"https:\/\/munilaja.cl\/w\/wp-content\/uploads\/2022\/09\/IMG_6889-scaled.jpg\"><img loading=\"lazy\" decoding=\"async\" width=\"683\" height=\"1024\" src=\"https:\/\/munilaja.cl\/w\/wp-content\/uploads\/2022\/09\/IMG_6889-683x1024.jpg\" alt=\"\" data-id=\"61180\" data-full-url=\"https:\/\/munilaja.cl\/w\/wp-content\/uploads\/2022\/09\/IMG_6889-scaled.jpg\" data-link=\"https:\/\/munilaja.cl\/w\/?attachment_id=61180\" class=\"wp-image-61180\" srcset=\"https:\/\/munilaja.cl\/w\/wp-content\/uploads\/2022\/09\/IMG_6889-683x1024.jpg 683w, https:\/\/munilaja.cl\/w\/wp-content\/uploads\/2022\/09\/IMG_6889-200x300.jpg 200w, https:\/\/munilaja.cl\/w\/wp-content\/uploads\/2022\/09\/IMG_6889-768x1152.jpg 768w, https:\/\/munilaja.cl\/w\/wp-content\/uploads\/2022\/09\/IMG_6889-1024x1536.jpg 1024w, https:\/\/munilaja.cl\/w\/wp-content\/uploads\/2022\/09\/IMG_6889-1365x2048.jpg 1365w, https:\/\/munilaja.cl\/w\/wp-content\/uploads\/2022\/09\/IMG_6889-scaled.jpg 1707w\" sizes=\"(max-width: 683px) 100vw, 683px\" \/><\/a><\/figure><\/li><li class=\"blocks-gallery-item\"><figure><a href=\"https:\/\/munilaja.cl\/w\/wp-content\/uploads\/2022\/09\/IMG_6920-1-scaled.jpg\"><img loading=\"lazy\" decoding=\"async\" width=\"1024\" height=\"683\" src=\"https:\/\/munilaja.cl\/w\/wp-content\/uploads\/2022\/09\/IMG_6920-1-1024x683.jpg\" alt=\"\" data-id=\"61181\" data-full-url=\"https:\/\/munilaja.cl\/w\/wp-content\/uploads\/2022\/09\/IMG_6920-1-scaled.jpg\" data-link=\"https:\/\/munilaja.cl\/w\/?attachment_id=61181\" class=\"wp-image-61181\" srcset=\"https:\/\/munilaja.cl\/w\/wp-content\/uploads\/2022\/09\/IMG_6920-1-1024x683.jpg 1024w, https:\/\/munilaja.cl\/w\/wp-content\/uploads\/2022\/09\/IMG_6920-1-300x200.jpg 300w, https:\/\/munilaja.cl\/w\/wp-content\/uploads\/2022\/09\/IMG_6920-1-768x512.jpg 768w, https:\/\/munilaja.cl\/w\/wp-content\/uploads\/2022\/09\/IMG_6920-1-1536x1024.jpg 1536w, https:\/\/munilaja.cl\/w\/wp-content\/uploads\/2022\/09\/IMG_6920-1-2048x1365.jpg 2048w\" sizes=\"(max-width: 1024px) 100vw, 1024px\" \/><\/a><\/figure><\/li><li class=\"blocks-gallery-item\"><figure><a href=\"https:\/\/munilaja.cl\/w\/wp-content\/uploads\/2022\/09\/IMG_6921-scaled.jpg\"><img loading=\"lazy\" decoding=\"async\" width=\"1024\" height=\"683\" src=\"https:\/\/munilaja.cl\/w\/wp-content\/uploads\/2022\/09\/IMG_6921-1024x683.jpg\" alt=\"\" data-id=\"61182\" data-full-url=\"https:\/\/munilaja.cl\/w\/wp-content\/uploads\/2022\/09\/IMG_6921-scaled.jpg\" data-link=\"https:\/\/munilaja.cl\/w\/?attachment_id=61182\" class=\"wp-image-61182\" srcset=\"https:\/\/munilaja.cl\/w\/wp-content\/uploads\/2022\/09\/IMG_6921-1024x683.jpg 1024w, https:\/\/munilaja.cl\/w\/wp-content\/uploads\/2022\/09\/IMG_6921-300x200.jpg 300w, https:\/\/munilaja.cl\/w\/wp-content\/uploads\/2022\/09\/IMG_6921-768x512.jpg 768w, https:\/\/munilaja.cl\/w\/wp-content\/uploads\/2022\/09\/IMG_6921-1536x1024.jpg 1536w, https:\/\/munilaja.cl\/w\/wp-content\/uploads\/2022\/09\/IMG_6921-2048x1365.jpg 2048w\" sizes=\"(max-width: 1024px) 100vw, 1024px\" \/><\/a><\/figure><\/li><li class=\"blocks-gallery-item\"><figure><a href=\"https:\/\/munilaja.cl\/w\/wp-content\/uploads\/2022\/09\/IMG_6922-scaled.jpg\"><img loading=\"lazy\" decoding=\"async\" width=\"1024\" height=\"683\" src=\"https:\/\/munilaja.cl\/w\/wp-content\/uploads\/2022\/09\/IMG_6922-1024x683.jpg\" alt=\"\" data-id=\"61183\" data-full-url=\"https:\/\/munilaja.cl\/w\/wp-content\/uploads\/2022\/09\/IMG_6922-scaled.jpg\" data-link=\"https:\/\/munilaja.cl\/w\/?attachment_id=61183\" class=\"wp-image-61183\" srcset=\"https:\/\/munilaja.cl\/w\/wp-content\/uploads\/2022\/09\/IMG_6922-1024x683.jpg 1024w, https:\/\/munilaja.cl\/w\/wp-content\/uploads\/2022\/09\/IMG_6922-300x200.jpg 300w, https:\/\/munilaja.cl\/w\/wp-content\/uploads\/2022\/09\/IMG_6922-768x512.jpg 768w, https:\/\/munilaja.cl\/w\/wp-content\/uploads\/2022\/09\/IMG_6922-1536x1024.jpg 1536w, https:\/\/munilaja.cl\/w\/wp-content\/uploads\/2022\/09\/IMG_6922-2048x1365.jpg 2048w\" sizes=\"(max-width: 1024px) 100vw, 1024px\" \/><\/a><\/figure><\/li><li class=\"blocks-gallery-item\"><figure><a href=\"https:\/\/munilaja.cl\/w\/wp-content\/uploads\/2022\/09\/IMG_6924-scaled.jpg\"><img loading=\"lazy\" decoding=\"async\" width=\"1024\" height=\"683\" src=\"https:\/\/munilaja.cl\/w\/wp-content\/uploads\/2022\/09\/IMG_6924-1024x683.jpg\" alt=\"\" data-id=\"61184\" data-full-url=\"https:\/\/munilaja.cl\/w\/wp-content\/uploads\/2022\/09\/IMG_6924-scaled.jpg\" data-link=\"https:\/\/munilaja.cl\/w\/?attachment_id=61184\" class=\"wp-image-61184\" srcset=\"https:\/\/munilaja.cl\/w\/wp-content\/uploads\/2022\/09\/IMG_6924-1024x683.jpg 1024w, https:\/\/munilaja.cl\/w\/wp-content\/uploads\/2022\/09\/IMG_6924-300x200.jpg 300w, https:\/\/munilaja.cl\/w\/wp-content\/uploads\/2022\/09\/IMG_6924-768x512.jpg 768w, https:\/\/munilaja.cl\/w\/wp-content\/uploads\/2022\/09\/IMG_6924-1536x1024.jpg 1536w, https:\/\/munilaja.cl\/w\/wp-content\/uploads\/2022\/09\/IMG_6924-2048x1365.jpg 2048w\" sizes=\"(max-width: 1024px) 100vw, 1024px\" \/><\/a><\/figure><\/li><li class=\"blocks-gallery-item\"><figure><a href=\"https:\/\/munilaja.cl\/w\/wp-content\/uploads\/2022\/09\/IMG_6926-1-scaled.jpg\"><img loading=\"lazy\" decoding=\"async\" width=\"1024\" height=\"683\" src=\"https:\/\/munilaja.cl\/w\/wp-content\/uploads\/2022\/09\/IMG_6926-1-1024x683.jpg\" alt=\"\" data-id=\"61185\" data-full-url=\"https:\/\/munilaja.cl\/w\/wp-content\/uploads\/2022\/09\/IMG_6926-1-scaled.jpg\" data-link=\"https:\/\/munilaja.cl\/w\/?attachment_id=61185\" class=\"wp-image-61185\" srcset=\"https:\/\/munilaja.cl\/w\/wp-content\/uploads\/2022\/09\/IMG_6926-1-1024x683.jpg 1024w, https:\/\/munilaja.cl\/w\/wp-content\/uploads\/2022\/09\/IMG_6926-1-300x200.jpg 300w, https:\/\/munilaja.cl\/w\/wp-content\/uploads\/2022\/09\/IMG_6926-1-768x512.jpg 768w, https:\/\/munilaja.cl\/w\/wp-content\/uploads\/2022\/09\/IMG_6926-1-1536x1024.jpg 1536w, https:\/\/munilaja.cl\/w\/wp-content\/uploads\/2022\/09\/IMG_6926-1-2048x1365.jpg 2048w\" sizes=\"(max-width: 1024px) 100vw, 1024px\" \/><\/a><\/figure><\/li><li class=\"blocks-gallery-item\"><figure><a href=\"https:\/\/munilaja.cl\/w\/wp-content\/uploads\/2022\/09\/IMG_6929-scaled.jpg\"><img loading=\"lazy\" decoding=\"async\" width=\"1024\" height=\"683\" src=\"https:\/\/munilaja.cl\/w\/wp-content\/uploads\/2022\/09\/IMG_6929-1024x683.jpg\" alt=\"\" data-id=\"61186\" data-full-url=\"https:\/\/munilaja.cl\/w\/wp-content\/uploads\/2022\/09\/IMG_6929-scaled.jpg\" data-link=\"https:\/\/munilaja.cl\/w\/?attachment_id=61186\" class=\"wp-image-61186\" srcset=\"https:\/\/munilaja.cl\/w\/wp-content\/uploads\/2022\/09\/IMG_6929-1024x683.jpg 1024w, https:\/\/munilaja.cl\/w\/wp-content\/uploads\/2022\/09\/IMG_6929-300x200.jpg 300w, https:\/\/munilaja.cl\/w\/wp-content\/uploads\/2022\/09\/IMG_6929-768x512.jpg 768w, https:\/\/munilaja.cl\/w\/wp-content\/uploads\/2022\/09\/IMG_6929-1536x1024.jpg 1536w, https:\/\/munilaja.cl\/w\/wp-content\/uploads\/2022\/09\/IMG_6929-2048x1365.jpg 2048w\" sizes=\"(max-width: 1024px) 100vw, 1024px\" \/><\/a><\/figure><\/li><li class=\"blocks-gallery-item\"><figure><a href=\"https:\/\/munilaja.cl\/w\/wp-content\/uploads\/2022\/09\/IMG_6933-scaled.jpg\"><img loading=\"lazy\" decoding=\"async\" width=\"1024\" height=\"683\" src=\"https:\/\/munilaja.cl\/w\/wp-content\/uploads\/2022\/09\/IMG_6933-1024x683.jpg\" alt=\"\" data-id=\"61187\" data-full-url=\"https:\/\/munilaja.cl\/w\/wp-content\/uploads\/2022\/09\/IMG_6933-scaled.jpg\" data-link=\"https:\/\/munilaja.cl\/w\/?attachment_id=61187\" class=\"wp-image-61187\" srcset=\"https:\/\/munilaja.cl\/w\/wp-content\/uploads\/2022\/09\/IMG_6933-1024x683.jpg 1024w, https:\/\/munilaja.cl\/w\/wp-content\/uploads\/2022\/09\/IMG_6933-300x200.jpg 300w, https:\/\/munilaja.cl\/w\/wp-content\/uploads\/2022\/09\/IMG_6933-768x512.jpg 768w, https:\/\/munilaja.cl\/w\/wp-content\/uploads\/2022\/09\/IMG_6933-1536x1024.jpg 1536w, https:\/\/munilaja.cl\/w\/wp-content\/uploads\/2022\/09\/IMG_6933-2048x1365.jpg 2048w\" sizes=\"(max-width: 1024px) 100vw, 1024px\" \/><\/a><\/figure><\/li><li class=\"blocks-gallery-item\"><figure><a href=\"https:\/\/munilaja.cl\/w\/wp-content\/uploads\/2022\/09\/IMG_6937-scaled.jpg\"><img loading=\"lazy\" decoding=\"async\" width=\"1024\" height=\"683\" src=\"https:\/\/munilaja.cl\/w\/wp-content\/uploads\/2022\/09\/IMG_6937-1024x683.jpg\" alt=\"\" data-id=\"61188\" data-full-url=\"https:\/\/munilaja.cl\/w\/wp-content\/uploads\/2022\/09\/IMG_6937-scaled.jpg\" data-link=\"https:\/\/munilaja.cl\/w\/?attachment_id=61188\" class=\"wp-image-61188\" srcset=\"https:\/\/munilaja.cl\/w\/wp-content\/uploads\/2022\/09\/IMG_6937-1024x683.jpg 1024w, https:\/\/munilaja.cl\/w\/wp-content\/uploads\/2022\/09\/IMG_6937-300x200.jpg 300w, https:\/\/munilaja.cl\/w\/wp-content\/uploads\/2022\/09\/IMG_6937-768x512.jpg 768w, https:\/\/munilaja.cl\/w\/wp-content\/uploads\/2022\/09\/IMG_6937-1536x1024.jpg 1536w, https:\/\/munilaja.cl\/w\/wp-content\/uploads\/2022\/09\/IMG_6937-2048x1365.jpg 2048w\" sizes=\"(max-width: 1024px) 100vw, 1024px\" \/><\/a><\/figure><\/li><li class=\"blocks-gallery-item\"><figure><a href=\"https:\/\/munilaja.cl\/w\/wp-content\/uploads\/2022\/09\/IMG_6938-scaled.jpg\"><img loading=\"lazy\" decoding=\"async\" width=\"1024\" height=\"683\" src=\"https:\/\/munilaja.cl\/w\/wp-content\/uploads\/2022\/09\/IMG_6938-1024x683.jpg\" alt=\"\" data-id=\"61189\" data-full-url=\"https:\/\/munilaja.cl\/w\/wp-content\/uploads\/2022\/09\/IMG_6938-scaled.jpg\" data-link=\"https:\/\/munilaja.cl\/w\/?attachment_id=61189\" class=\"wp-image-61189\" srcset=\"https:\/\/munilaja.cl\/w\/wp-content\/uploads\/2022\/09\/IMG_6938-1024x683.jpg 1024w, https:\/\/munilaja.cl\/w\/wp-content\/uploads\/2022\/09\/IMG_6938-300x200.jpg 300w, https:\/\/munilaja.cl\/w\/wp-content\/uploads\/2022\/09\/IMG_6938-768x512.jpg 768w, https:\/\/munilaja.cl\/w\/wp-content\/uploads\/2022\/09\/IMG_6938-1536x1024.jpg 1536w, https:\/\/munilaja.cl\/w\/wp-content\/uploads\/2022\/09\/IMG_6938-2048x1365.jpg 2048w\" sizes=\"(max-width: 1024px) 100vw, 1024px\" \/><\/a><\/figure><\/li><li class=\"blocks-gallery-item\"><figure><a href=\"https:\/\/munilaja.cl\/w\/wp-content\/uploads\/2022\/09\/IMG_7013-scaled.jpg\"><img loading=\"lazy\" decoding=\"async\" width=\"1024\" height=\"683\" src=\"https:\/\/munilaja.cl\/w\/wp-content\/uploads\/2022\/09\/IMG_7013-1024x683.jpg\" alt=\"\" data-id=\"61190\" data-full-url=\"https:\/\/munilaja.cl\/w\/wp-content\/uploads\/2022\/09\/IMG_7013-scaled.jpg\" data-link=\"https:\/\/munilaja.cl\/w\/?attachment_id=61190\" class=\"wp-image-61190\" srcset=\"https:\/\/munilaja.cl\/w\/wp-content\/uploads\/2022\/09\/IMG_7013-1024x683.jpg 1024w, https:\/\/munilaja.cl\/w\/wp-content\/uploads\/2022\/09\/IMG_7013-300x200.jpg 300w, https:\/\/munilaja.cl\/w\/wp-content\/uploads\/2022\/09\/IMG_7013-768x512.jpg 768w, https:\/\/munilaja.cl\/w\/wp-content\/uploads\/2022\/09\/IMG_7013-1536x1024.jpg 1536w, https:\/\/munilaja.cl\/w\/wp-content\/uploads\/2022\/09\/IMG_7013-2048x1365.jpg 2048w\" sizes=\"(max-width: 1024px) 100vw, 1024px\" \/><\/a><\/figure><\/li><li class=\"blocks-gallery-item\"><figure><a href=\"https:\/\/munilaja.cl\/w\/wp-content\/uploads\/2022\/09\/IMG_7018-scaled.jpg\"><img loading=\"lazy\" decoding=\"async\" width=\"1024\" height=\"683\" src=\"https:\/\/munilaja.cl\/w\/wp-content\/uploads\/2022\/09\/IMG_7018-1024x683.jpg\" alt=\"\" data-id=\"61191\" data-full-url=\"https:\/\/munilaja.cl\/w\/wp-content\/uploads\/2022\/09\/IMG_7018-scaled.jpg\" data-link=\"https:\/\/munilaja.cl\/w\/?attachment_id=61191\" class=\"wp-image-61191\" srcset=\"https:\/\/munilaja.cl\/w\/wp-content\/uploads\/2022\/09\/IMG_7018-1024x683.jpg 1024w, https:\/\/munilaja.cl\/w\/wp-content\/uploads\/2022\/09\/IMG_7018-300x200.jpg 300w, https:\/\/munilaja.cl\/w\/wp-content\/uploads\/2022\/09\/IMG_7018-768x512.jpg 768w, https:\/\/munilaja.cl\/w\/wp-content\/uploads\/2022\/09\/IMG_7018-1536x1024.jpg 1536w, https:\/\/munilaja.cl\/w\/wp-content\/uploads\/2022\/09\/IMG_7018-2048x1365.jpg 2048w\" sizes=\"(max-width: 1024px) 100vw, 1024px\" \/><\/a><\/figure><\/li><li class=\"blocks-gallery-item\"><figure><a href=\"https:\/\/munilaja.cl\/w\/wp-content\/uploads\/2022\/09\/IMG_7029-scaled.jpg\"><img loading=\"lazy\" decoding=\"async\" width=\"1024\" height=\"575\" src=\"https:\/\/munilaja.cl\/w\/wp-content\/uploads\/2022\/09\/IMG_7029-1024x575.jpg\" alt=\"\" data-id=\"61192\" data-full-url=\"https:\/\/munilaja.cl\/w\/wp-content\/uploads\/2022\/09\/IMG_7029-scaled.jpg\" data-link=\"https:\/\/munilaja.cl\/w\/?attachment_id=61192\" class=\"wp-image-61192\" srcset=\"https:\/\/munilaja.cl\/w\/wp-content\/uploads\/2022\/09\/IMG_7029-1024x575.jpg 1024w, https:\/\/munilaja.cl\/w\/wp-content\/uploads\/2022\/09\/IMG_7029-300x168.jpg 300w, https:\/\/munilaja.cl\/w\/wp-content\/uploads\/2022\/09\/IMG_7029-768x431.jpg 768w, https:\/\/munilaja.cl\/w\/wp-content\/uploads\/2022\/09\/IMG_7029-1536x862.jpg 1536w, https:\/\/munilaja.cl\/w\/wp-content\/uploads\/2022\/09\/IMG_7029-2048x1150.jpg 2048w\" sizes=\"(max-width: 1024px) 100vw, 1024px\" \/><\/a><\/figure><\/li><li class=\"blocks-gallery-item\"><figure><a href=\"https:\/\/munilaja.cl\/w\/wp-content\/uploads\/2022\/09\/IMG_7056-scaled.jpg\"><img loading=\"lazy\" decoding=\"async\" width=\"1024\" height=\"575\" src=\"https:\/\/munilaja.cl\/w\/wp-content\/uploads\/2022\/09\/IMG_7056-1024x575.jpg\" alt=\"\" data-id=\"61193\" data-full-url=\"https:\/\/munilaja.cl\/w\/wp-content\/uploads\/2022\/09\/IMG_7056-scaled.jpg\" data-link=\"https:\/\/munilaja.cl\/w\/?attachment_id=61193\" class=\"wp-image-61193\" srcset=\"https:\/\/munilaja.cl\/w\/wp-content\/uploads\/2022\/09\/IMG_7056-1024x575.jpg 1024w, https:\/\/munilaja.cl\/w\/wp-content\/uploads\/2022\/09\/IMG_7056-300x168.jpg 300w, https:\/\/munilaja.cl\/w\/wp-content\/uploads\/2022\/09\/IMG_7056-768x431.jpg 768w, https:\/\/munilaja.cl\/w\/wp-content\/uploads\/2022\/09\/IMG_7056-1536x862.jpg 1536w, https:\/\/munilaja.cl\/w\/wp-content\/uploads\/2022\/09\/IMG_7056-2048x1150.jpg 2048w\" sizes=\"(max-width: 1024px) 100vw, 1024px\" \/><\/a><\/figure><\/li><li class=\"blocks-gallery-item\"><figure><a href=\"https:\/\/munilaja.cl\/w\/wp-content\/uploads\/2022\/09\/IMG_7366-scaled.jpg\"><img loading=\"lazy\" decoding=\"async\" width=\"1024\" height=\"575\" src=\"https:\/\/munilaja.cl\/w\/wp-content\/uploads\/2022\/09\/IMG_7366-1024x575.jpg\" alt=\"\" data-id=\"61194\" data-full-url=\"https:\/\/munilaja.cl\/w\/wp-content\/uploads\/2022\/09\/IMG_7366-scaled.jpg\" data-link=\"https:\/\/munilaja.cl\/w\/?attachment_id=61194\" class=\"wp-image-61194\" srcset=\"https:\/\/munilaja.cl\/w\/wp-content\/uploads\/2022\/09\/IMG_7366-1024x575.jpg 1024w, https:\/\/munilaja.cl\/w\/wp-content\/uploads\/2022\/09\/IMG_7366-300x168.jpg 300w, https:\/\/munilaja.cl\/w\/wp-content\/uploads\/2022\/09\/IMG_7366-768x431.jpg 768w, https:\/\/munilaja.cl\/w\/wp-content\/uploads\/2022\/09\/IMG_7366-1536x862.jpg 1536w, https:\/\/munilaja.cl\/w\/wp-content\/uploads\/2022\/09\/IMG_7366-2048x1150.jpg 2048w\" sizes=\"(max-width: 1024px) 100vw, 1024px\" \/><\/a><\/figure><\/li><li class=\"blocks-gallery-item\"><figure><a href=\"https:\/\/munilaja.cl\/w\/wp-content\/uploads\/2022\/09\/IMG_7368-scaled.jpg\"><img loading=\"lazy\" decoding=\"async\" width=\"1024\" height=\"575\" src=\"https:\/\/munilaja.cl\/w\/wp-content\/uploads\/2022\/09\/IMG_7368-1024x575.jpg\" alt=\"\" data-id=\"61195\" data-full-url=\"https:\/\/munilaja.cl\/w\/wp-content\/uploads\/2022\/09\/IMG_7368-scaled.jpg\" data-link=\"https:\/\/munilaja.cl\/w\/?attachment_id=61195\" class=\"wp-image-61195\" srcset=\"https:\/\/munilaja.cl\/w\/wp-content\/uploads\/2022\/09\/IMG_7368-1024x575.jpg 1024w, https:\/\/munilaja.cl\/w\/wp-content\/uploads\/2022\/09\/IMG_7368-300x168.jpg 300w, https:\/\/munilaja.cl\/w\/wp-content\/uploads\/2022\/09\/IMG_7368-768x431.jpg 768w, https:\/\/munilaja.cl\/w\/wp-content\/uploads\/2022\/09\/IMG_7368-1536x862.jpg 1536w, https:\/\/munilaja.cl\/w\/wp-content\/uploads\/2022\/09\/IMG_7368-2048x1150.jpg 2048w\" sizes=\"(max-width: 1024px) 100vw, 1024px\" \/><\/a><\/figure><\/li><li class=\"blocks-gallery-item\"><figure><a href=\"https:\/\/munilaja.cl\/w\/wp-content\/uploads\/2022\/09\/IMG_7372-1-scaled.jpg\"><img loading=\"lazy\" decoding=\"async\" width=\"1024\" height=\"575\" src=\"https:\/\/munilaja.cl\/w\/wp-content\/uploads\/2022\/09\/IMG_7372-1-1024x575.jpg\" alt=\"\" data-id=\"61196\" data-full-url=\"https:\/\/munilaja.cl\/w\/wp-content\/uploads\/2022\/09\/IMG_7372-1-scaled.jpg\" data-link=\"https:\/\/munilaja.cl\/w\/?attachment_id=61196\" class=\"wp-image-61196\" srcset=\"https:\/\/munilaja.cl\/w\/wp-content\/uploads\/2022\/09\/IMG_7372-1-1024x575.jpg 1024w, https:\/\/munilaja.cl\/w\/wp-content\/uploads\/2022\/09\/IMG_7372-1-300x168.jpg 300w, https:\/\/munilaja.cl\/w\/wp-content\/uploads\/2022\/09\/IMG_7372-1-768x431.jpg 768w, https:\/\/munilaja.cl\/w\/wp-content\/uploads\/2022\/09\/IMG_7372-1-1536x862.jpg 1536w, https:\/\/munilaja.cl\/w\/wp-content\/uploads\/2022\/09\/IMG_7372-1-2048x1150.jpg 2048w\" sizes=\"(max-width: 1024px) 100vw, 1024px\" \/><\/a><\/figure><\/li><li class=\"blocks-gallery-item\"><figure><a href=\"https:\/\/munilaja.cl\/w\/wp-content\/uploads\/2022\/09\/IMG_7376-scaled.jpg\"><img loading=\"lazy\" decoding=\"async\" width=\"1024\" height=\"575\" src=\"https:\/\/munilaja.cl\/w\/wp-content\/uploads\/2022\/09\/IMG_7376-1024x575.jpg\" alt=\"\" data-id=\"61197\" data-full-url=\"https:\/\/munilaja.cl\/w\/wp-content\/uploads\/2022\/09\/IMG_7376-scaled.jpg\" data-link=\"https:\/\/munilaja.cl\/w\/?attachment_id=61197\" class=\"wp-image-61197\" srcset=\"https:\/\/munilaja.cl\/w\/wp-content\/uploads\/2022\/09\/IMG_7376-1024x575.jpg 1024w, https:\/\/munilaja.cl\/w\/wp-content\/uploads\/2022\/09\/IMG_7376-300x168.jpg 300w, https:\/\/munilaja.cl\/w\/wp-content\/uploads\/2022\/09\/IMG_7376-768x431.jpg 768w, https:\/\/munilaja.cl\/w\/wp-content\/uploads\/2022\/09\/IMG_7376-1536x862.jpg 1536w, https:\/\/munilaja.cl\/w\/wp-content\/uploads\/2022\/09\/IMG_7376-2048x1150.jpg 2048w\" sizes=\"(max-width: 1024px) 100vw, 1024px\" \/><\/a><\/figure><\/li><li class=\"blocks-gallery-item\"><figure><a href=\"https:\/\/munilaja.cl\/w\/wp-content\/uploads\/2022\/09\/IMG_7380-scaled.jpg\"><img loading=\"lazy\" decoding=\"async\" width=\"1024\" height=\"575\" src=\"https:\/\/munilaja.cl\/w\/wp-content\/uploads\/2022\/09\/IMG_7380-1024x575.jpg\" alt=\"\" data-id=\"61198\" data-full-url=\"https:\/\/munilaja.cl\/w\/wp-content\/uploads\/2022\/09\/IMG_7380-scaled.jpg\" data-link=\"https:\/\/munilaja.cl\/w\/?attachment_id=61198\" class=\"wp-image-61198\" srcset=\"https:\/\/munilaja.cl\/w\/wp-content\/uploads\/2022\/09\/IMG_7380-1024x575.jpg 1024w, https:\/\/munilaja.cl\/w\/wp-content\/uploads\/2022\/09\/IMG_7380-300x168.jpg 300w, https:\/\/munilaja.cl\/w\/wp-content\/uploads\/2022\/09\/IMG_7380-768x431.jpg 768w, https:\/\/munilaja.cl\/w\/wp-content\/uploads\/2022\/09\/IMG_7380-1536x862.jpg 1536w, https:\/\/munilaja.cl\/w\/wp-content\/uploads\/2022\/09\/IMG_7380-2048x1150.jpg 2048w\" sizes=\"(max-width: 1024px) 100vw, 1024px\" \/><\/a><\/figure><\/li><li class=\"blocks-gallery-item\"><figure><a href=\"https:\/\/munilaja.cl\/w\/wp-content\/uploads\/2022\/09\/IMG_7390-scaled.jpg\"><img loading=\"lazy\" decoding=\"async\" width=\"1024\" height=\"575\" src=\"https:\/\/munilaja.cl\/w\/wp-content\/uploads\/2022\/09\/IMG_7390-1024x575.jpg\" alt=\"\" data-id=\"61199\" data-full-url=\"https:\/\/munilaja.cl\/w\/wp-content\/uploads\/2022\/09\/IMG_7390-scaled.jpg\" data-link=\"https:\/\/munilaja.cl\/w\/?attachment_id=61199\" class=\"wp-image-61199\" srcset=\"https:\/\/munilaja.cl\/w\/wp-content\/uploads\/2022\/09\/IMG_7390-1024x575.jpg 1024w, https:\/\/munilaja.cl\/w\/wp-content\/uploads\/2022\/09\/IMG_7390-300x168.jpg 300w, https:\/\/munilaja.cl\/w\/wp-content\/uploads\/2022\/09\/IMG_7390-768x431.jpg 768w, https:\/\/munilaja.cl\/w\/wp-content\/uploads\/2022\/09\/IMG_7390-1536x862.jpg 1536w, https:\/\/munilaja.cl\/w\/wp-content\/uploads\/2022\/09\/IMG_7390-2048x1150.jpg 2048w\" sizes=\"(max-width: 1024px) 100vw, 1024px\" \/><\/a><\/figure><\/li><li class=\"blocks-gallery-item\"><figure><a href=\"https:\/\/munilaja.cl\/w\/wp-content\/uploads\/2022\/09\/IMG_7397-1-scaled.jpg\"><img loading=\"lazy\" decoding=\"async\" width=\"1024\" height=\"575\" src=\"https:\/\/munilaja.cl\/w\/wp-content\/uploads\/2022\/09\/IMG_7397-1-1024x575.jpg\" alt=\"\" data-id=\"61200\" data-full-url=\"https:\/\/munilaja.cl\/w\/wp-content\/uploads\/2022\/09\/IMG_7397-1-scaled.jpg\" data-link=\"https:\/\/munilaja.cl\/w\/?attachment_id=61200\" class=\"wp-image-61200\" srcset=\"https:\/\/munilaja.cl\/w\/wp-content\/uploads\/2022\/09\/IMG_7397-1-1024x575.jpg 1024w, https:\/\/munilaja.cl\/w\/wp-content\/uploads\/2022\/09\/IMG_7397-1-300x168.jpg 300w, https:\/\/munilaja.cl\/w\/wp-content\/uploads\/2022\/09\/IMG_7397-1-768x431.jpg 768w, https:\/\/munilaja.cl\/w\/wp-content\/uploads\/2022\/09\/IMG_7397-1-1536x862.jpg 1536w, https:\/\/munilaja.cl\/w\/wp-content\/uploads\/2022\/09\/IMG_7397-1-2048x1150.jpg 2048w\" sizes=\"(max-width: 1024px) 100vw, 1024px\" \/><\/a><\/figure><\/li><li class=\"blocks-gallery-item\"><figure><a href=\"https:\/\/munilaja.cl\/w\/wp-content\/uploads\/2022\/09\/IMG_7402-scaled.jpg\"><img loading=\"lazy\" decoding=\"async\" width=\"1024\" height=\"575\" src=\"https:\/\/munilaja.cl\/w\/wp-content\/uploads\/2022\/09\/IMG_7402-1024x575.jpg\" alt=\"\" data-id=\"61201\" data-full-url=\"https:\/\/munilaja.cl\/w\/wp-content\/uploads\/2022\/09\/IMG_7402-scaled.jpg\" data-link=\"https:\/\/munilaja.cl\/w\/?attachment_id=61201\" class=\"wp-image-61201\" srcset=\"https:\/\/munilaja.cl\/w\/wp-content\/uploads\/2022\/09\/IMG_7402-1024x575.jpg 1024w, https:\/\/munilaja.cl\/w\/wp-content\/uploads\/2022\/09\/IMG_7402-300x168.jpg 300w, https:\/\/munilaja.cl\/w\/wp-content\/uploads\/2022\/09\/IMG_7402-768x431.jpg 768w, https:\/\/munilaja.cl\/w\/wp-content\/uploads\/2022\/09\/IMG_7402-1536x862.jpg 1536w, https:\/\/munilaja.cl\/w\/wp-content\/uploads\/2022\/09\/IMG_7402-2048x1150.jpg 2048w\" sizes=\"(max-width: 1024px) 100vw, 1024px\" \/><\/a><\/figure><\/li><li class=\"blocks-gallery-item\"><figure><a href=\"https:\/\/munilaja.cl\/w\/wp-content\/uploads\/2022\/09\/IMG_7403-scaled.jpg\"><img loading=\"lazy\" decoding=\"async\" width=\"1024\" height=\"575\" src=\"https:\/\/munilaja.cl\/w\/wp-content\/uploads\/2022\/09\/IMG_7403-1024x575.jpg\" alt=\"\" data-id=\"61202\" data-full-url=\"https:\/\/munilaja.cl\/w\/wp-content\/uploads\/2022\/09\/IMG_7403-scaled.jpg\" data-link=\"https:\/\/munilaja.cl\/w\/?attachment_id=61202\" class=\"wp-image-61202\" srcset=\"https:\/\/munilaja.cl\/w\/wp-content\/uploads\/2022\/09\/IMG_7403-1024x575.jpg 1024w, https:\/\/munilaja.cl\/w\/wp-content\/uploads\/2022\/09\/IMG_7403-300x168.jpg 300w, https:\/\/munilaja.cl\/w\/wp-content\/uploads\/2022\/09\/IMG_7403-768x431.jpg 768w, https:\/\/munilaja.cl\/w\/wp-content\/uploads\/2022\/09\/IMG_7403-1536x862.jpg 1536w, https:\/\/munilaja.cl\/w\/wp-content\/uploads\/2022\/09\/IMG_7403-2048x1150.jpg 2048w\" sizes=\"(max-width: 1024px) 100vw, 1024px\" \/><\/a><\/figure><\/li><li class=\"blocks-gallery-item\"><figure><a href=\"https:\/\/munilaja.cl\/w\/wp-content\/uploads\/2022\/09\/IMG_7406-scaled.jpg\"><img loading=\"lazy\" decoding=\"async\" width=\"1024\" height=\"575\" src=\"https:\/\/munilaja.cl\/w\/wp-content\/uploads\/2022\/09\/IMG_7406-1024x575.jpg\" alt=\"\" data-id=\"61203\" data-full-url=\"https:\/\/munilaja.cl\/w\/wp-content\/uploads\/2022\/09\/IMG_7406-scaled.jpg\" data-link=\"https:\/\/munilaja.cl\/w\/?attachment_id=61203\" class=\"wp-image-61203\" srcset=\"https:\/\/munilaja.cl\/w\/wp-content\/uploads\/2022\/09\/IMG_7406-1024x575.jpg 1024w, https:\/\/munilaja.cl\/w\/wp-content\/uploads\/2022\/09\/IMG_7406-300x168.jpg 300w, https:\/\/munilaja.cl\/w\/wp-content\/uploads\/2022\/09\/IMG_7406-768x431.jpg 768w, https:\/\/munilaja.cl\/w\/wp-content\/uploads\/2022\/09\/IMG_7406-1536x862.jpg 1536w, https:\/\/munilaja.cl\/w\/wp-content\/uploads\/2022\/09\/IMG_7406-2048x1150.jpg 2048w\" sizes=\"(max-width: 1024px) 100vw, 1024px\" \/><\/a><\/figure><\/li><li class=\"blocks-gallery-item\"><figure><a href=\"https:\/\/munilaja.cl\/w\/wp-content\/uploads\/2022\/09\/IMG_7410-1-scaled.jpg\"><img loading=\"lazy\" decoding=\"async\" width=\"1024\" height=\"575\" src=\"https:\/\/munilaja.cl\/w\/wp-content\/uploads\/2022\/09\/IMG_7410-1-1024x575.jpg\" alt=\"\" data-id=\"61204\" data-full-url=\"https:\/\/munilaja.cl\/w\/wp-content\/uploads\/2022\/09\/IMG_7410-1-scaled.jpg\" data-link=\"https:\/\/munilaja.cl\/w\/?attachment_id=61204\" class=\"wp-image-61204\" srcset=\"https:\/\/munilaja.cl\/w\/wp-content\/uploads\/2022\/09\/IMG_7410-1-1024x575.jpg 1024w, https:\/\/munilaja.cl\/w\/wp-content\/uploads\/2022\/09\/IMG_7410-1-300x168.jpg 300w, https:\/\/munilaja.cl\/w\/wp-content\/uploads\/2022\/09\/IMG_7410-1-768x431.jpg 768w, https:\/\/munilaja.cl\/w\/wp-content\/uploads\/2022\/09\/IMG_7410-1-1536x862.jpg 1536w, https:\/\/munilaja.cl\/w\/wp-content\/uploads\/2022\/09\/IMG_7410-1-2048x1150.jpg 2048w\" sizes=\"(max-width: 1024px) 100vw, 1024px\" \/><\/a><\/figure><\/li><li class=\"blocks-gallery-item\"><figure><a href=\"https:\/\/munilaja.cl\/w\/wp-content\/uploads\/2022\/09\/IMG_7415-scaled.jpg\"><img loading=\"lazy\" decoding=\"async\" width=\"1024\" height=\"575\" src=\"https:\/\/munilaja.cl\/w\/wp-content\/uploads\/2022\/09\/IMG_7415-1024x575.jpg\" alt=\"\" data-id=\"61205\" data-full-url=\"https:\/\/munilaja.cl\/w\/wp-content\/uploads\/2022\/09\/IMG_7415-scaled.jpg\" data-link=\"https:\/\/munilaja.cl\/w\/?attachment_id=61205\" class=\"wp-image-61205\" srcset=\"https:\/\/munilaja.cl\/w\/wp-content\/uploads\/2022\/09\/IMG_7415-1024x575.jpg 1024w, https:\/\/munilaja.cl\/w\/wp-content\/uploads\/2022\/09\/IMG_7415-300x168.jpg 300w, https:\/\/munilaja.cl\/w\/wp-content\/uploads\/2022\/09\/IMG_7415-768x431.jpg 768w, https:\/\/munilaja.cl\/w\/wp-content\/uploads\/2022\/09\/IMG_7415-1536x862.jpg 1536w, https:\/\/munilaja.cl\/w\/wp-content\/uploads\/2022\/09\/IMG_7415-2048x1150.jpg 2048w\" sizes=\"(max-width: 1024px) 100vw, 1024px\" \/><\/a><\/figure><\/li><li class=\"blocks-gallery-item\"><figure><a href=\"https:\/\/munilaja.cl\/w\/wp-content\/uploads\/2022\/09\/IMG_7419-scaled.jpg\"><img loading=\"lazy\" decoding=\"async\" width=\"1024\" height=\"683\" src=\"https:\/\/munilaja.cl\/w\/wp-content\/uploads\/2022\/09\/IMG_7419-1024x683.jpg\" alt=\"\" data-id=\"61206\" data-full-url=\"https:\/\/munilaja.cl\/w\/wp-content\/uploads\/2022\/09\/IMG_7419-scaled.jpg\" data-link=\"https:\/\/munilaja.cl\/w\/?attachment_id=61206\" class=\"wp-image-61206\" srcset=\"https:\/\/munilaja.cl\/w\/wp-content\/uploads\/2022\/09\/IMG_7419-1024x683.jpg 1024w, https:\/\/munilaja.cl\/w\/wp-content\/uploads\/2022\/09\/IMG_7419-300x200.jpg 300w, https:\/\/munilaja.cl\/w\/wp-content\/uploads\/2022\/09\/IMG_7419-768x512.jpg 768w, https:\/\/munilaja.cl\/w\/wp-content\/uploads\/2022\/09\/IMG_7419-1536x1024.jpg 1536w, https:\/\/munilaja.cl\/w\/wp-content\/uploads\/2022\/09\/IMG_7419-2048x1365.jpg 2048w\" sizes=\"(max-width: 1024px) 100vw, 1024px\" \/><\/a><\/figure><\/li><li class=\"blocks-gallery-item\"><figure><a href=\"https:\/\/munilaja.cl\/w\/wp-content\/uploads\/2022\/09\/IMG_7420-scaled.jpg\"><img loading=\"lazy\" decoding=\"async\" width=\"1024\" height=\"683\" src=\"https:\/\/munilaja.cl\/w\/wp-content\/uploads\/2022\/09\/IMG_7420-1024x683.jpg\" alt=\"\" data-id=\"61207\" data-full-url=\"https:\/\/munilaja.cl\/w\/wp-content\/uploads\/2022\/09\/IMG_7420-scaled.jpg\" data-link=\"https:\/\/munilaja.cl\/w\/?attachment_id=61207\" class=\"wp-image-61207\" srcset=\"https:\/\/munilaja.cl\/w\/wp-content\/uploads\/2022\/09\/IMG_7420-1024x683.jpg 1024w, https:\/\/munilaja.cl\/w\/wp-content\/uploads\/2022\/09\/IMG_7420-300x200.jpg 300w, https:\/\/munilaja.cl\/w\/wp-content\/uploads\/2022\/09\/IMG_7420-768x512.jpg 768w, https:\/\/munilaja.cl\/w\/wp-content\/uploads\/2022\/09\/IMG_7420-1536x1024.jpg 1536w, https:\/\/munilaja.cl\/w\/wp-content\/uploads\/2022\/09\/IMG_7420-2048x1365.jpg 2048w\" sizes=\"(max-width: 1024px) 100vw, 1024px\" \/><\/a><\/figure><\/li><li class=\"blocks-gallery-item\"><figure><a href=\"https:\/\/munilaja.cl\/w\/wp-content\/uploads\/2022\/09\/IMG_7423-scaled.jpg\"><img loading=\"lazy\" decoding=\"async\" width=\"1024\" height=\"683\" src=\"https:\/\/munilaja.cl\/w\/wp-content\/uploads\/2022\/09\/IMG_7423-1024x683.jpg\" alt=\"\" data-id=\"61208\" data-full-url=\"https:\/\/munilaja.cl\/w\/wp-content\/uploads\/2022\/09\/IMG_7423-scaled.jpg\" data-link=\"https:\/\/munilaja.cl\/w\/?attachment_id=61208\" class=\"wp-image-61208\" srcset=\"https:\/\/munilaja.cl\/w\/wp-content\/uploads\/2022\/09\/IMG_7423-1024x683.jpg 1024w, https:\/\/munilaja.cl\/w\/wp-content\/uploads\/2022\/09\/IMG_7423-300x200.jpg 300w, https:\/\/munilaja.cl\/w\/wp-content\/uploads\/2022\/09\/IMG_7423-768x512.jpg 768w, https:\/\/munilaja.cl\/w\/wp-content\/uploads\/2022\/09\/IMG_7423-1536x1024.jpg 1536w, https:\/\/munilaja.cl\/w\/wp-content\/uploads\/2022\/09\/IMG_7423-2048x1365.jpg 2048w\" sizes=\"(max-width: 1024px) 100vw, 1024px\" \/><\/a><\/figure><\/li><li class=\"blocks-gallery-item\"><figure><a href=\"https:\/\/munilaja.cl\/w\/wp-content\/uploads\/2022\/09\/IMG_7424-scaled.jpg\"><img loading=\"lazy\" decoding=\"async\" width=\"1024\" height=\"683\" src=\"https:\/\/munilaja.cl\/w\/wp-content\/uploads\/2022\/09\/IMG_7424-1024x683.jpg\" alt=\"\" data-id=\"61209\" data-full-url=\"https:\/\/munilaja.cl\/w\/wp-content\/uploads\/2022\/09\/IMG_7424-scaled.jpg\" data-link=\"https:\/\/munilaja.cl\/w\/?attachment_id=61209\" class=\"wp-image-61209\" srcset=\"https:\/\/munilaja.cl\/w\/wp-content\/uploads\/2022\/09\/IMG_7424-1024x683.jpg 1024w, https:\/\/munilaja.cl\/w\/wp-content\/uploads\/2022\/09\/IMG_7424-300x200.jpg 300w, https:\/\/munilaja.cl\/w\/wp-content\/uploads\/2022\/09\/IMG_7424-768x512.jpg 768w, https:\/\/munilaja.cl\/w\/wp-content\/uploads\/2022\/09\/IMG_7424-1536x1024.jpg 1536w, https:\/\/munilaja.cl\/w\/wp-content\/uploads\/2022\/09\/IMG_7424-2048x1365.jpg 2048w\" sizes=\"(max-width: 1024px) 100vw, 1024px\" \/><\/a><\/figure><\/li><li class=\"blocks-gallery-item\"><figure><a href=\"https:\/\/munilaja.cl\/w\/wp-content\/uploads\/2022\/09\/IMG_7426-scaled.jpg\"><img loading=\"lazy\" decoding=\"async\" width=\"1024\" height=\"683\" src=\"https:\/\/munilaja.cl\/w\/wp-content\/uploads\/2022\/09\/IMG_7426-1024x683.jpg\" alt=\"\" data-id=\"61210\" data-full-url=\"https:\/\/munilaja.cl\/w\/wp-content\/uploads\/2022\/09\/IMG_7426-scaled.jpg\" data-link=\"https:\/\/munilaja.cl\/w\/?attachment_id=61210\" class=\"wp-image-61210\" srcset=\"https:\/\/munilaja.cl\/w\/wp-content\/uploads\/2022\/09\/IMG_7426-1024x683.jpg 1024w, https:\/\/munilaja.cl\/w\/wp-content\/uploads\/2022\/09\/IMG_7426-300x200.jpg 300w, https:\/\/munilaja.cl\/w\/wp-content\/uploads\/2022\/09\/IMG_7426-768x512.jpg 768w, https:\/\/munilaja.cl\/w\/wp-content\/uploads\/2022\/09\/IMG_7426-1536x1024.jpg 1536w, https:\/\/munilaja.cl\/w\/wp-content\/uploads\/2022\/09\/IMG_7426-2048x1365.jpg 2048w\" sizes=\"(max-width: 1024px) 100vw, 1024px\" \/><\/a><\/figure><\/li><li class=\"blocks-gallery-item\"><figure><a href=\"https:\/\/munilaja.cl\/w\/wp-content\/uploads\/2022\/09\/IMG_7428-scaled.jpg\"><img loading=\"lazy\" decoding=\"async\" width=\"1024\" height=\"683\" src=\"https:\/\/munilaja.cl\/w\/wp-content\/uploads\/2022\/09\/IMG_7428-1024x683.jpg\" alt=\"\" data-id=\"61211\" data-full-url=\"https:\/\/munilaja.cl\/w\/wp-content\/uploads\/2022\/09\/IMG_7428-scaled.jpg\" data-link=\"https:\/\/munilaja.cl\/w\/?attachment_id=61211\" class=\"wp-image-61211\" srcset=\"https:\/\/munilaja.cl\/w\/wp-content\/uploads\/2022\/09\/IMG_7428-1024x683.jpg 1024w, https:\/\/munilaja.cl\/w\/wp-content\/uploads\/2022\/09\/IMG_7428-300x200.jpg 300w, https:\/\/munilaja.cl\/w\/wp-content\/uploads\/2022\/09\/IMG_7428-768x512.jpg 768w, https:\/\/munilaja.cl\/w\/wp-content\/uploads\/2022\/09\/IMG_7428-1536x1024.jpg 1536w, https:\/\/munilaja.cl\/w\/wp-content\/uploads\/2022\/09\/IMG_7428-2048x1365.jpg 2048w\" sizes=\"(max-width: 1024px) 100vw, 1024px\" \/><\/a><\/figure><\/li><li class=\"blocks-gallery-item\"><figure><a href=\"https:\/\/munilaja.cl\/w\/wp-content\/uploads\/2022\/09\/IMG_7432-scaled.jpg\"><img loading=\"lazy\" decoding=\"async\" width=\"1024\" height=\"683\" src=\"https:\/\/munilaja.cl\/w\/wp-content\/uploads\/2022\/09\/IMG_7432-1024x683.jpg\" alt=\"\" data-id=\"61212\" data-full-url=\"https:\/\/munilaja.cl\/w\/wp-content\/uploads\/2022\/09\/IMG_7432-scaled.jpg\" data-link=\"https:\/\/munilaja.cl\/w\/?attachment_id=61212\" class=\"wp-image-61212\" srcset=\"https:\/\/munilaja.cl\/w\/wp-content\/uploads\/2022\/09\/IMG_7432-1024x683.jpg 1024w, https:\/\/munilaja.cl\/w\/wp-content\/uploads\/2022\/09\/IMG_7432-300x200.jpg 300w, https:\/\/munilaja.cl\/w\/wp-content\/uploads\/2022\/09\/IMG_7432-768x512.jpg 768w, https:\/\/munilaja.cl\/w\/wp-content\/uploads\/2022\/09\/IMG_7432-1536x1024.jpg 1536w, https:\/\/munilaja.cl\/w\/wp-content\/uploads\/2022\/09\/IMG_7432-2048x1365.jpg 2048w\" sizes=\"(max-width: 1024px) 100vw, 1024px\" \/><\/a><\/figure><\/li><li class=\"blocks-gallery-item\"><figure><a href=\"https:\/\/munilaja.cl\/w\/wp-content\/uploads\/2022\/09\/IMG_7434-scaled.jpg\"><img loading=\"lazy\" decoding=\"async\" width=\"1024\" height=\"683\" src=\"https:\/\/munilaja.cl\/w\/wp-content\/uploads\/2022\/09\/IMG_7434-1024x683.jpg\" alt=\"\" data-id=\"61213\" data-full-url=\"https:\/\/munilaja.cl\/w\/wp-content\/uploads\/2022\/09\/IMG_7434-scaled.jpg\" data-link=\"https:\/\/munilaja.cl\/w\/?attachment_id=61213\" class=\"wp-image-61213\" srcset=\"https:\/\/munilaja.cl\/w\/wp-content\/uploads\/2022\/09\/IMG_7434-1024x683.jpg 1024w, https:\/\/munilaja.cl\/w\/wp-content\/uploads\/2022\/09\/IMG_7434-300x200.jpg 300w, https:\/\/munilaja.cl\/w\/wp-content\/uploads\/2022\/09\/IMG_7434-768x512.jpg 768w, https:\/\/munilaja.cl\/w\/wp-content\/uploads\/2022\/09\/IMG_7434-1536x1024.jpg 1536w, https:\/\/munilaja.cl\/w\/wp-content\/uploads\/2022\/09\/IMG_7434-2048x1365.jpg 2048w\" sizes=\"(max-width: 1024px) 100vw, 1024px\" \/><\/a><\/figure><\/li><li class=\"blocks-gallery-item\"><figure><a href=\"https:\/\/munilaja.cl\/w\/wp-content\/uploads\/2022\/09\/IMG_7436-scaled.jpg\"><img loading=\"lazy\" decoding=\"async\" width=\"1024\" height=\"683\" src=\"https:\/\/munilaja.cl\/w\/wp-content\/uploads\/2022\/09\/IMG_7436-1024x683.jpg\" alt=\"\" data-id=\"61214\" data-full-url=\"https:\/\/munilaja.cl\/w\/wp-content\/uploads\/2022\/09\/IMG_7436-scaled.jpg\" data-link=\"https:\/\/munilaja.cl\/w\/?attachment_id=61214\" class=\"wp-image-61214\" srcset=\"https:\/\/munilaja.cl\/w\/wp-content\/uploads\/2022\/09\/IMG_7436-1024x683.jpg 1024w, https:\/\/munilaja.cl\/w\/wp-content\/uploads\/2022\/09\/IMG_7436-300x200.jpg 300w, https:\/\/munilaja.cl\/w\/wp-content\/uploads\/2022\/09\/IMG_7436-768x512.jpg 768w, https:\/\/munilaja.cl\/w\/wp-content\/uploads\/2022\/09\/IMG_7436-1536x1024.jpg 1536w, https:\/\/munilaja.cl\/w\/wp-content\/uploads\/2022\/09\/IMG_7436-2048x1365.jpg 2048w\" sizes=\"(max-width: 1024px) 100vw, 1024px\" \/><\/a><\/figure><\/li><\/ul><\/figure>\n","protected":false},"excerpt":{"rendered":"<p>El d\u00eda 18 de septiembre, se efectuaron los juegos t\u00edpicos chilenos o populares en el marco de la celebraci\u00f3n de Fiestas Patrias, esto en los jardines del Polideportivo, aleda\u00f1os a la gran Fonda Familiar. El alcalde, Roberto Quintana, y el Concejo Municipal hab\u00edan invitado a estas jornadas a la comunidad lajina, para que fueran momentos [&hellip;]<\/p>\n","protected":false},"author":11,"featured_media":61175,"comment_status":"closed","ping_status":"closed","sticky":false,"template":"","format":"image","meta":{"zakra_sidebar_layout":"customizer","zakra_remove_content_margin":false,"zakra_sidebar":"customizer","zakra_transparent_header":"customizer","zakra_logo":0,"zakra_main_header_style":"default","zakra_menu_item_color":"","zakra_menu_item_hover_color":"","zakra_menu_item_active_color":"","zakra_menu_active_style":"zakra_menu_active_style","zakra_page_header":true,"footnotes":""},"categories":[17],"tags":[],"class_list":["post-61170","post","type-post","status-publish","format-image","has-post-thumbnail","hentry","category-servicio-a-la-comunidad","post_format-post-format-image"],"yoast_head":"<!-- This site is optimized with the Yoast SEO plugin v24.0 - https:\/\/yoast.com\/wordpress\/plugins\/seo\/ -->\n<title>Este 18 y 19 de septiembre se desarrollaron diferentes talleres y juegos populares. - Municipalidad de Laja<\/title>\n<meta name=\"robots\" content=\"index, follow, max-snippet:-1, max-image-preview:large, max-video-preview:-1\" \/>\n<link rel=\"canonical\" href=\"https:\/\/munilaja.cl\/w\/este-18-y-19-de-septiembre-se-desarrollaron-diferentes-talleres-y-populares\/\" \/>\n<meta property=\"og:locale\" content=\"es_ES\" \/>\n<meta property=\"og:type\" content=\"article\" \/>\n<meta property=\"og:title\" content=\"Este 18 y 19 de septiembre se desarrollaron diferentes talleres y juegos populares. - Municipalidad de Laja\" \/>\n<meta property=\"og:description\" content=\"El d\u00eda 18 de septiembre, se efectuaron los juegos t\u00edpicos chilenos o populares en el marco de la celebraci\u00f3n de Fiestas Patrias, esto en los jardines del Polideportivo, aleda\u00f1os a la gran Fonda Familiar. El alcalde, Roberto Quintana, y el Concejo Municipal hab\u00edan invitado a estas jornadas a la comunidad lajina, para que fueran momentos [&hellip;]\" \/>\n<meta property=\"og:url\" content=\"https:\/\/munilaja.cl\/w\/este-18-y-19-de-septiembre-se-desarrollaron-diferentes-talleres-y-populares\/\" \/>\n<meta property=\"og:site_name\" content=\"Municipalidad de Laja\" \/>\n<meta property=\"article:published_time\" content=\"2022-09-20T18:27:58+00:00\" \/>\n<meta property=\"article:modified_time\" content=\"2022-09-20T18:42:57+00:00\" \/>\n<meta property=\"og:image\" content=\"https:\/\/munilaja.cl\/w\/wp-content\/uploads\/2022\/09\/IMG_6926-scaled.jpg\" \/>\n\t<meta property=\"og:image:width\" content=\"2560\" \/>\n\t<meta property=\"og:image:height\" content=\"1707\" \/>\n\t<meta property=\"og:image:type\" content=\"image\/jpeg\" \/>\n<meta name=\"author\" content=\"Administrador\" \/>\n<meta name=\"twitter:card\" content=\"summary_large_image\" \/>\n<meta name=\"twitter:label1\" content=\"Escrito por\" \/>\n\t<meta name=\"twitter:data1\" content=\"Administrador\" \/>\n\t<meta name=\"twitter:label2\" content=\"Tiempo de lectura\" \/>\n\t<meta name=\"twitter:data2\" content=\"1 minuto\" \/>\n<script type=\"application\/ld+json\" class=\"yoast-schema-graph\">{\"@context\":\"https:\/\/schema.org\",\"@graph\":[{\"@type\":\"Article\",\"@id\":\"https:\/\/munilaja.cl\/w\/este-18-y-19-de-septiembre-se-desarrollaron-diferentes-talleres-y-populares\/#article\",\"isPartOf\":{\"@id\":\"https:\/\/munilaja.cl\/w\/este-18-y-19-de-septiembre-se-desarrollaron-diferentes-talleres-y-populares\/\"},\"author\":{\"name\":\"Administrador\",\"@id\":\"https:\/\/munilaja.cl\/w\/#\/schema\/person\/4650348f4978773bf1c5b31f9c7da744\"},\"headline\":\"Este 18 y 19 de septiembre se desarrollaron diferentes talleres y juegos populares.\",\"datePublished\":\"2022-09-20T18:27:58+00:00\",\"dateModified\":\"2022-09-20T18:42:57+00:00\",\"mainEntityOfPage\":{\"@id\":\"https:\/\/munilaja.cl\/w\/este-18-y-19-de-septiembre-se-desarrollaron-diferentes-talleres-y-populares\/\"},\"wordCount\":308,\"publisher\":{\"@id\":\"https:\/\/munilaja.cl\/w\/#organization\"},\"image\":{\"@id\":\"https:\/\/munilaja.cl\/w\/este-18-y-19-de-septiembre-se-desarrollaron-diferentes-talleres-y-populares\/#primaryimage\"},\"thumbnailUrl\":\"https:\/\/munilaja.cl\/w\/wp-content\/uploads\/2022\/09\/IMG_6926-scaled.jpg\",\"articleSection\":[\"Servicio a la comunidad\"],\"inLanguage\":\"es\"},{\"@type\":\"WebPage\",\"@id\":\"https:\/\/munilaja.cl\/w\/este-18-y-19-de-septiembre-se-desarrollaron-diferentes-talleres-y-populares\/\",\"url\":\"https:\/\/munilaja.cl\/w\/este-18-y-19-de-septiembre-se-desarrollaron-diferentes-talleres-y-populares\/\",\"name\":\"Este 18 y 19 de septiembre se desarrollaron diferentes talleres y juegos populares. - Municipalidad de Laja\",\"isPartOf\":{\"@id\":\"https:\/\/munilaja.cl\/w\/#website\"},\"primaryImageOfPage\":{\"@id\":\"https:\/\/munilaja.cl\/w\/este-18-y-19-de-septiembre-se-desarrollaron-diferentes-talleres-y-populares\/#primaryimage\"},\"image\":{\"@id\":\"https:\/\/munilaja.cl\/w\/este-18-y-19-de-septiembre-se-desarrollaron-diferentes-talleres-y-populares\/#primaryimage\"},\"thumbnailUrl\":\"https:\/\/munilaja.cl\/w\/wp-content\/uploads\/2022\/09\/IMG_6926-scaled.jpg\",\"datePublished\":\"2022-09-20T18:27:58+00:00\",\"dateModified\":\"2022-09-20T18:42:57+00:00\",\"breadcrumb\":{\"@id\":\"https:\/\/munilaja.cl\/w\/este-18-y-19-de-septiembre-se-desarrollaron-diferentes-talleres-y-populares\/#breadcrumb\"},\"inLanguage\":\"es\",\"potentialAction\":[{\"@type\":\"ReadAction\",\"target\":[\"https:\/\/munilaja.cl\/w\/este-18-y-19-de-septiembre-se-desarrollaron-diferentes-talleres-y-populares\/\"]}]},{\"@type\":\"ImageObject\",\"inLanguage\":\"es\",\"@id\":\"https:\/\/munilaja.cl\/w\/este-18-y-19-de-septiembre-se-desarrollaron-diferentes-talleres-y-populares\/#primaryimage\",\"url\":\"https:\/\/munilaja.cl\/w\/wp-content\/uploads\/2022\/09\/IMG_6926-scaled.jpg\",\"contentUrl\":\"https:\/\/munilaja.cl\/w\/wp-content\/uploads\/2022\/09\/IMG_6926-scaled.jpg\",\"width\":2560,\"height\":1707},{\"@type\":\"BreadcrumbList\",\"@id\":\"https:\/\/munilaja.cl\/w\/este-18-y-19-de-septiembre-se-desarrollaron-diferentes-talleres-y-populares\/#breadcrumb\",\"itemListElement\":[{\"@type\":\"ListItem\",\"position\":1,\"name\":\"Portada\",\"item\":\"https:\/\/munilaja.cl\/w\/\"},{\"@type\":\"ListItem\",\"position\":2,\"name\":\"Este 18 y 19 de septiembre se desarrollaron diferentes talleres y juegos populares.\"}]},{\"@type\":\"WebSite\",\"@id\":\"https:\/\/munilaja.cl\/w\/#website\",\"url\":\"https:\/\/munilaja.cl\/w\/\",\"name\":\"Municipalidad de Laja\",\"description\":\"Web Municipal\",\"publisher\":{\"@id\":\"https:\/\/munilaja.cl\/w\/#organization\"},\"potentialAction\":[{\"@type\":\"SearchAction\",\"target\":{\"@type\":\"EntryPoint\",\"urlTemplate\":\"https:\/\/munilaja.cl\/w\/?s={search_term_string}\"},\"query-input\":{\"@type\":\"PropertyValueSpecification\",\"valueRequired\":true,\"valueName\":\"search_term_string\"}}],\"inLanguage\":\"es\"},{\"@type\":\"Organization\",\"@id\":\"https:\/\/munilaja.cl\/w\/#organization\",\"name\":\"Municipalidad de Laja\",\"url\":\"https:\/\/munilaja.cl\/w\/\",\"logo\":{\"@type\":\"ImageObject\",\"inLanguage\":\"es\",\"@id\":\"https:\/\/munilaja.cl\/w\/#\/schema\/logo\/image\/\",\"url\":\"https:\/\/munilaja.cl\/w\/wp-content\/uploads\/2024\/11\/ESCUDO-LAJA-LETRAS-BLANCAS-LOGO-WEB.png\",\"contentUrl\":\"https:\/\/munilaja.cl\/w\/wp-content\/uploads\/2024\/11\/ESCUDO-LAJA-LETRAS-BLANCAS-LOGO-WEB.png\",\"width\":150,\"height\":150,\"caption\":\"Municipalidad de Laja\"},\"image\":{\"@id\":\"https:\/\/munilaja.cl\/w\/#\/schema\/logo\/image\/\"}},{\"@type\":\"Person\",\"@id\":\"https:\/\/munilaja.cl\/w\/#\/schema\/person\/4650348f4978773bf1c5b31f9c7da744\",\"name\":\"Administrador\",\"url\":\"https:\/\/munilaja.cl\/w\/author\/rssmunilaja\/\"}]}<\/script>\n<!-- \/ Yoast SEO plugin. -->","yoast_head_json":{"title":"Este 18 y 19 de septiembre se desarrollaron diferentes talleres y juegos populares. - Municipalidad de Laja","robots":{"index":"index","follow":"follow","max-snippet":"max-snippet:-1","max-image-preview":"max-image-preview:large","max-video-preview":"max-video-preview:-1"},"canonical":"https:\/\/munilaja.cl\/w\/este-18-y-19-de-septiembre-se-desarrollaron-diferentes-talleres-y-populares\/","og_locale":"es_ES","og_type":"article","og_title":"Este 18 y 19 de septiembre se desarrollaron diferentes talleres y juegos populares. - Municipalidad de Laja","og_description":"El d\u00eda 18 de septiembre, se efectuaron los juegos t\u00edpicos chilenos o populares en el marco de la celebraci\u00f3n de Fiestas Patrias, esto en los jardines del Polideportivo, aleda\u00f1os a la gran Fonda Familiar. El alcalde, Roberto Quintana, y el Concejo Municipal hab\u00edan invitado a estas jornadas a la comunidad lajina, para que fueran momentos [&hellip;]","og_url":"https:\/\/munilaja.cl\/w\/este-18-y-19-de-septiembre-se-desarrollaron-diferentes-talleres-y-populares\/","og_site_name":"Municipalidad de Laja","article_published_time":"2022-09-20T18:27:58+00:00","article_modified_time":"2022-09-20T18:42:57+00:00","og_image":[{"width":2560,"height":1707,"url":"https:\/\/munilaja.cl\/w\/wp-content\/uploads\/2022\/09\/IMG_6926-scaled.jpg","type":"image\/jpeg"}],"author":"Administrador","twitter_card":"summary_large_image","twitter_misc":{"Escrito por":"Administrador","Tiempo de lectura":"1 minuto"},"schema":{"@context":"https:\/\/schema.org","@graph":[{"@type":"Article","@id":"https:\/\/munilaja.cl\/w\/este-18-y-19-de-septiembre-se-desarrollaron-diferentes-talleres-y-populares\/#article","isPartOf":{"@id":"https:\/\/munilaja.cl\/w\/este-18-y-19-de-septiembre-se-desarrollaron-diferentes-talleres-y-populares\/"},"author":{"name":"Administrador","@id":"https:\/\/munilaja.cl\/w\/#\/schema\/person\/4650348f4978773bf1c5b31f9c7da744"},"headline":"Este 18 y 19 de septiembre se desarrollaron diferentes talleres y juegos populares.","datePublished":"2022-09-20T18:27:58+00:00","dateModified":"2022-09-20T18:42:57+00:00","mainEntityOfPage":{"@id":"https:\/\/munilaja.cl\/w\/este-18-y-19-de-septiembre-se-desarrollaron-diferentes-talleres-y-populares\/"},"wordCount":308,"publisher":{"@id":"https:\/\/munilaja.cl\/w\/#organization"},"image":{"@id":"https:\/\/munilaja.cl\/w\/este-18-y-19-de-septiembre-se-desarrollaron-diferentes-talleres-y-populares\/#primaryimage"},"thumbnailUrl":"https:\/\/munilaja.cl\/w\/wp-content\/uploads\/2022\/09\/IMG_6926-scaled.jpg","articleSection":["Servicio a la comunidad"],"inLanguage":"es"},{"@type":"WebPage","@id":"https:\/\/munilaja.cl\/w\/este-18-y-19-de-septiembre-se-desarrollaron-diferentes-talleres-y-populares\/","url":"https:\/\/munilaja.cl\/w\/este-18-y-19-de-septiembre-se-desarrollaron-diferentes-talleres-y-populares\/","name":"Este 18 y 19 de septiembre se desarrollaron diferentes talleres y juegos populares. - Municipalidad de Laja","isPartOf":{"@id":"https:\/\/munilaja.cl\/w\/#website"},"primaryImageOfPage":{"@id":"https:\/\/munilaja.cl\/w\/este-18-y-19-de-septiembre-se-desarrollaron-diferentes-talleres-y-populares\/#primaryimage"},"image":{"@id":"https:\/\/munilaja.cl\/w\/este-18-y-19-de-septiembre-se-desarrollaron-diferentes-talleres-y-populares\/#primaryimage"},"thumbnailUrl":"https:\/\/munilaja.cl\/w\/wp-content\/uploads\/2022\/09\/IMG_6926-scaled.jpg","datePublished":"2022-09-20T18:27:58+00:00","dateModified":"2022-09-20T18:42:57+00:00","breadcrumb":{"@id":"https:\/\/munilaja.cl\/w\/este-18-y-19-de-septiembre-se-desarrollaron-diferentes-talleres-y-populares\/#breadcrumb"},"inLanguage":"es","potentialAction":[{"@type":"ReadAction","target":["https:\/\/munilaja.cl\/w\/este-18-y-19-de-septiembre-se-desarrollaron-diferentes-talleres-y-populares\/"]}]},{"@type":"ImageObject","inLanguage":"es","@id":"https:\/\/munilaja.cl\/w\/este-18-y-19-de-septiembre-se-desarrollaron-diferentes-talleres-y-populares\/#primaryimage","url":"https:\/\/munilaja.cl\/w\/wp-content\/uploads\/2022\/09\/IMG_6926-scaled.jpg","contentUrl":"https:\/\/munilaja.cl\/w\/wp-content\/uploads\/2022\/09\/IMG_6926-scaled.jpg","width":2560,"height":1707},{"@type":"BreadcrumbList","@id":"https:\/\/munilaja.cl\/w\/este-18-y-19-de-septiembre-se-desarrollaron-diferentes-talleres-y-populares\/#breadcrumb","itemListElement":[{"@type":"ListItem","position":1,"name":"Portada","item":"https:\/\/munilaja.cl\/w\/"},{"@type":"ListItem","position":2,"name":"Este 18 y 19 de septiembre se desarrollaron diferentes talleres y juegos populares."}]},{"@type":"WebSite","@id":"https:\/\/munilaja.cl\/w\/#website","url":"https:\/\/munilaja.cl\/w\/","name":"Municipalidad de Laja","description":"Web Municipal","publisher":{"@id":"https:\/\/munilaja.cl\/w\/#organization"},"potentialAction":[{"@type":"SearchAction","target":{"@type":"EntryPoint","urlTemplate":"https:\/\/munilaja.cl\/w\/?s={search_term_string}"},"query-input":{"@type":"PropertyValueSpecification","valueRequired":true,"valueName":"search_term_string"}}],"inLanguage":"es"},{"@type":"Organization","@id":"https:\/\/munilaja.cl\/w\/#organization","name":"Municipalidad de Laja","url":"https:\/\/munilaja.cl\/w\/","logo":{"@type":"ImageObject","inLanguage":"es","@id":"https:\/\/munilaja.cl\/w\/#\/schema\/logo\/image\/","url":"https:\/\/munilaja.cl\/w\/wp-content\/uploads\/2024\/11\/ESCUDO-LAJA-LETRAS-BLANCAS-LOGO-WEB.png","contentUrl":"https:\/\/munilaja.cl\/w\/wp-content\/uploads\/2024\/11\/ESCUDO-LAJA-LETRAS-BLANCAS-LOGO-WEB.png","width":150,"height":150,"caption":"Municipalidad de Laja"},"image":{"@id":"https:\/\/munilaja.cl\/w\/#\/schema\/logo\/image\/"}},{"@type":"Person","@id":"https:\/\/munilaja.cl\/w\/#\/schema\/person\/4650348f4978773bf1c5b31f9c7da744","name":"Administrador","url":"https:\/\/munilaja.cl\/w\/author\/rssmunilaja\/"}]}},"_links":{"self":[{"href":"https:\/\/munilaja.cl\/w\/wp-json\/wp\/v2\/posts\/61170"}],"collection":[{"href":"https:\/\/munilaja.cl\/w\/wp-json\/wp\/v2\/posts"}],"about":[{"href":"https:\/\/munilaja.cl\/w\/wp-json\/wp\/v2\/types\/post"}],"author":[{"embeddable":true,"href":"https:\/\/munilaja.cl\/w\/wp-json\/wp\/v2\/users\/11"}],"replies":[{"embeddable":true,"href":"https:\/\/munilaja.cl\/w\/wp-json\/wp\/v2\/comments?post=61170"}],"version-history":[{"count":2,"href":"https:\/\/munilaja.cl\/w\/wp-json\/wp\/v2\/posts\/61170\/revisions"}],"predecessor-version":[{"id":61216,"href":"https:\/\/munilaja.cl\/w\/wp-json\/wp\/v2\/posts\/61170\/revisions\/61216"}],"wp:featuredmedia":[{"embeddable":true,"href":"https:\/\/munilaja.cl\/w\/wp-json\/wp\/v2\/media\/61175"}],"wp:attachment":[{"href":"https:\/\/munilaja.cl\/w\/wp-json\/wp\/v2\/media?parent=61170"}],"wp:term":[{"taxonomy":"category","embeddable":true,"href":"https:\/\/munilaja.cl\/w\/wp-json\/wp\/v2\/categories?post=61170"},{"taxonomy":"post_tag","embeddable":true,"href":"https:\/\/munilaja.cl\/w\/wp-json\/wp\/v2\/tags?post=61170"}],"curies":[{"name":"wp","href":"https:\/\/api.w.org\/{rel}","templated":true}]}}