{"id":61110,"date":"2022-09-13T12:09:46","date_gmt":"2022-09-13T16:09:46","guid":{"rendered":"http:\/\/munilaja.cl\/w\/?p=61110"},"modified":"2022-09-14T07:48:29","modified_gmt":"2022-09-14T11:48:29","slug":"pena-folclorica-centro-integral","status":"publish","type":"post","link":"https:\/\/munilaja.cl\/w\/pena-folclorica-centro-integral\/","title":{"rendered":"PE\u00d1A FOLCL\u00d3RICA CENTRO INTEGRAL."},"content":{"rendered":"\n<p>A trav\u00e9s de una entretenida \u201cPe\u00f1a Folcl\u00f3rica\u201d efectuada esta ma\u00f1ana, las y los usuarios de nuestro Centro Integral dieron la bienvenida oficial a nuestro mes patrio, en una actividad organizada por la comunidad y los profesionales de dicho centro; y que cont\u00f3 con la participaci\u00f3n del propio alcalde Roberto Quintana Inostroza acompa\u00f1ado de la directora de Desarrollo Comunitario, Ruth Soto Montoya; y de los concejales N\u00e9stor Rozas, Patricio Villalobos, Jhonny Gonz\u00e1les, Mar\u00eda Isabel Araneda y Luis Espinoza; quienes pudieron disfrutar de una distendida y alegre ma\u00f1ana acompa\u00f1ada de cantos, m\u00fasica, bailes y ricas comidas t\u00edpicas chilenas.<\/p>\n\n\n\n<figure class=\"wp-block-gallery columns-3 is-cropped wp-block-gallery-1 is-layout-flex wp-block-gallery-is-layout-flex\"><ul class=\"blocks-gallery-grid\"><li class=\"blocks-gallery-item\"><figure><a href=\"https:\/\/munilaja.cl\/w\/wp-content\/uploads\/2022\/09\/IMG_3778-1024x575.jpg\"><img fetchpriority=\"high\" decoding=\"async\" width=\"1024\" height=\"575\" src=\"https:\/\/munilaja.cl\/w\/wp-content\/uploads\/2022\/09\/IMG_3778-1024x575.jpg\" alt=\"\" data-id=\"61111\" data-link=\"https:\/\/munilaja.cl\/w\/?attachment_id=61111\" class=\"wp-image-61111\" srcset=\"https:\/\/munilaja.cl\/w\/wp-content\/uploads\/2022\/09\/IMG_3778-1024x575.jpg 1024w, https:\/\/munilaja.cl\/w\/wp-content\/uploads\/2022\/09\/IMG_3778-300x168.jpg 300w, https:\/\/munilaja.cl\/w\/wp-content\/uploads\/2022\/09\/IMG_3778-768x431.jpg 768w, https:\/\/munilaja.cl\/w\/wp-content\/uploads\/2022\/09\/IMG_3778-1536x862.jpg 1536w, https:\/\/munilaja.cl\/w\/wp-content\/uploads\/2022\/09\/IMG_3778-2048x1150.jpg 2048w\" sizes=\"(max-width: 1024px) 100vw, 1024px\" \/><\/a><\/figure><\/li><li class=\"blocks-gallery-item\"><figure><a href=\"https:\/\/munilaja.cl\/w\/wp-content\/uploads\/2022\/09\/IMG_3807-1024x575.jpg\"><img decoding=\"async\" width=\"1024\" height=\"575\" src=\"https:\/\/munilaja.cl\/w\/wp-content\/uploads\/2022\/09\/IMG_3807-1024x575.jpg\" alt=\"\" data-id=\"61112\" data-link=\"https:\/\/munilaja.cl\/w\/?attachment_id=61112\" class=\"wp-image-61112\" srcset=\"https:\/\/munilaja.cl\/w\/wp-content\/uploads\/2022\/09\/IMG_3807-1024x575.jpg 1024w, https:\/\/munilaja.cl\/w\/wp-content\/uploads\/2022\/09\/IMG_3807-300x168.jpg 300w, https:\/\/munilaja.cl\/w\/wp-content\/uploads\/2022\/09\/IMG_3807-768x431.jpg 768w, https:\/\/munilaja.cl\/w\/wp-content\/uploads\/2022\/09\/IMG_3807-1536x862.jpg 1536w, https:\/\/munilaja.cl\/w\/wp-content\/uploads\/2022\/09\/IMG_3807-2048x1150.jpg 2048w\" sizes=\"(max-width: 1024px) 100vw, 1024px\" \/><\/a><\/figure><\/li><li class=\"blocks-gallery-item\"><figure><a href=\"https:\/\/munilaja.cl\/w\/wp-content\/uploads\/2022\/09\/IMG_3882-scaled.jpg\"><img decoding=\"async\" width=\"1024\" height=\"575\" src=\"https:\/\/munilaja.cl\/w\/wp-content\/uploads\/2022\/09\/IMG_3882-1024x575.jpg\" alt=\"\" data-id=\"61113\" data-full-url=\"https:\/\/munilaja.cl\/w\/wp-content\/uploads\/2022\/09\/IMG_3882-scaled.jpg\" data-link=\"https:\/\/munilaja.cl\/w\/?attachment_id=61113\" class=\"wp-image-61113\" srcset=\"https:\/\/munilaja.cl\/w\/wp-content\/uploads\/2022\/09\/IMG_3882-1024x575.jpg 1024w, https:\/\/munilaja.cl\/w\/wp-content\/uploads\/2022\/09\/IMG_3882-300x168.jpg 300w, https:\/\/munilaja.cl\/w\/wp-content\/uploads\/2022\/09\/IMG_3882-768x431.jpg 768w, https:\/\/munilaja.cl\/w\/wp-content\/uploads\/2022\/09\/IMG_3882-1536x862.jpg 1536w, https:\/\/munilaja.cl\/w\/wp-content\/uploads\/2022\/09\/IMG_3882-2048x1150.jpg 2048w\" sizes=\"(max-width: 1024px) 100vw, 1024px\" \/><\/a><\/figure><\/li><li class=\"blocks-gallery-item\"><figure><a href=\"https:\/\/munilaja.cl\/w\/wp-content\/uploads\/2022\/09\/IMG_3887-scaled.jpg\"><img loading=\"lazy\" decoding=\"async\" width=\"1024\" height=\"575\" src=\"https:\/\/munilaja.cl\/w\/wp-content\/uploads\/2022\/09\/IMG_3887-1024x575.jpg\" alt=\"\" data-id=\"61115\" data-full-url=\"https:\/\/munilaja.cl\/w\/wp-content\/uploads\/2022\/09\/IMG_3887-scaled.jpg\" data-link=\"https:\/\/munilaja.cl\/w\/?attachment_id=61115\" class=\"wp-image-61115\" srcset=\"https:\/\/munilaja.cl\/w\/wp-content\/uploads\/2022\/09\/IMG_3887-1024x575.jpg 1024w, https:\/\/munilaja.cl\/w\/wp-content\/uploads\/2022\/09\/IMG_3887-300x168.jpg 300w, https:\/\/munilaja.cl\/w\/wp-content\/uploads\/2022\/09\/IMG_3887-768x431.jpg 768w, https:\/\/munilaja.cl\/w\/wp-content\/uploads\/2022\/09\/IMG_3887-1536x862.jpg 1536w, https:\/\/munilaja.cl\/w\/wp-content\/uploads\/2022\/09\/IMG_3887-2048x1150.jpg 2048w\" sizes=\"(max-width: 1024px) 100vw, 1024px\" \/><\/a><\/figure><\/li><li class=\"blocks-gallery-item\"><figure><a href=\"https:\/\/munilaja.cl\/w\/wp-content\/uploads\/2022\/09\/IMG_3810-scaled.jpg\"><img loading=\"lazy\" decoding=\"async\" width=\"1024\" height=\"575\" src=\"https:\/\/munilaja.cl\/w\/wp-content\/uploads\/2022\/09\/IMG_3810-1024x575.jpg\" alt=\"\" data-id=\"61116\" data-full-url=\"https:\/\/munilaja.cl\/w\/wp-content\/uploads\/2022\/09\/IMG_3810-scaled.jpg\" data-link=\"https:\/\/munilaja.cl\/w\/?attachment_id=61116\" class=\"wp-image-61116\" srcset=\"https:\/\/munilaja.cl\/w\/wp-content\/uploads\/2022\/09\/IMG_3810-1024x575.jpg 1024w, https:\/\/munilaja.cl\/w\/wp-content\/uploads\/2022\/09\/IMG_3810-300x168.jpg 300w, https:\/\/munilaja.cl\/w\/wp-content\/uploads\/2022\/09\/IMG_3810-768x431.jpg 768w, https:\/\/munilaja.cl\/w\/wp-content\/uploads\/2022\/09\/IMG_3810-1536x862.jpg 1536w, https:\/\/munilaja.cl\/w\/wp-content\/uploads\/2022\/09\/IMG_3810-2048x1150.jpg 2048w\" sizes=\"(max-width: 1024px) 100vw, 1024px\" \/><\/a><\/figure><\/li><li class=\"blocks-gallery-item\"><figure><a href=\"https:\/\/munilaja.cl\/w\/wp-content\/uploads\/2022\/09\/IMG_3812-scaled.jpg\"><img loading=\"lazy\" decoding=\"async\" width=\"1024\" height=\"575\" src=\"https:\/\/munilaja.cl\/w\/wp-content\/uploads\/2022\/09\/IMG_3812-1024x575.jpg\" alt=\"\" data-id=\"61117\" data-full-url=\"https:\/\/munilaja.cl\/w\/wp-content\/uploads\/2022\/09\/IMG_3812-scaled.jpg\" data-link=\"https:\/\/munilaja.cl\/w\/?attachment_id=61117\" class=\"wp-image-61117\" srcset=\"https:\/\/munilaja.cl\/w\/wp-content\/uploads\/2022\/09\/IMG_3812-1024x575.jpg 1024w, https:\/\/munilaja.cl\/w\/wp-content\/uploads\/2022\/09\/IMG_3812-300x168.jpg 300w, https:\/\/munilaja.cl\/w\/wp-content\/uploads\/2022\/09\/IMG_3812-768x431.jpg 768w, https:\/\/munilaja.cl\/w\/wp-content\/uploads\/2022\/09\/IMG_3812-1536x862.jpg 1536w, https:\/\/munilaja.cl\/w\/wp-content\/uploads\/2022\/09\/IMG_3812-2048x1150.jpg 2048w\" sizes=\"(max-width: 1024px) 100vw, 1024px\" \/><\/a><\/figure><\/li><li class=\"blocks-gallery-item\"><figure><a href=\"https:\/\/munilaja.cl\/w\/wp-content\/uploads\/2022\/09\/IMG_3821-scaled.jpg\"><img loading=\"lazy\" decoding=\"async\" width=\"1024\" height=\"575\" src=\"https:\/\/munilaja.cl\/w\/wp-content\/uploads\/2022\/09\/IMG_3821-1024x575.jpg\" alt=\"\" data-id=\"61118\" data-full-url=\"https:\/\/munilaja.cl\/w\/wp-content\/uploads\/2022\/09\/IMG_3821-scaled.jpg\" data-link=\"https:\/\/munilaja.cl\/w\/?attachment_id=61118\" class=\"wp-image-61118\" srcset=\"https:\/\/munilaja.cl\/w\/wp-content\/uploads\/2022\/09\/IMG_3821-1024x575.jpg 1024w, https:\/\/munilaja.cl\/w\/wp-content\/uploads\/2022\/09\/IMG_3821-300x168.jpg 300w, https:\/\/munilaja.cl\/w\/wp-content\/uploads\/2022\/09\/IMG_3821-768x431.jpg 768w, https:\/\/munilaja.cl\/w\/wp-content\/uploads\/2022\/09\/IMG_3821-1536x862.jpg 1536w, https:\/\/munilaja.cl\/w\/wp-content\/uploads\/2022\/09\/IMG_3821-2048x1150.jpg 2048w\" sizes=\"(max-width: 1024px) 100vw, 1024px\" \/><\/a><\/figure><\/li><li class=\"blocks-gallery-item\"><figure><a href=\"https:\/\/munilaja.cl\/w\/wp-content\/uploads\/2022\/09\/IMG_3825-scaled.jpg\"><img loading=\"lazy\" decoding=\"async\" width=\"1024\" height=\"575\" src=\"https:\/\/munilaja.cl\/w\/wp-content\/uploads\/2022\/09\/IMG_3825-1024x575.jpg\" alt=\"\" data-id=\"61119\" data-full-url=\"https:\/\/munilaja.cl\/w\/wp-content\/uploads\/2022\/09\/IMG_3825-scaled.jpg\" data-link=\"https:\/\/munilaja.cl\/w\/?attachment_id=61119\" class=\"wp-image-61119\" srcset=\"https:\/\/munilaja.cl\/w\/wp-content\/uploads\/2022\/09\/IMG_3825-1024x575.jpg 1024w, https:\/\/munilaja.cl\/w\/wp-content\/uploads\/2022\/09\/IMG_3825-300x168.jpg 300w, https:\/\/munilaja.cl\/w\/wp-content\/uploads\/2022\/09\/IMG_3825-768x431.jpg 768w, https:\/\/munilaja.cl\/w\/wp-content\/uploads\/2022\/09\/IMG_3825-1536x862.jpg 1536w, https:\/\/munilaja.cl\/w\/wp-content\/uploads\/2022\/09\/IMG_3825-2048x1150.jpg 2048w\" sizes=\"(max-width: 1024px) 100vw, 1024px\" \/><\/a><\/figure><\/li><li class=\"blocks-gallery-item\"><figure><a href=\"https:\/\/munilaja.cl\/w\/wp-content\/uploads\/2022\/09\/IMG_3829-scaled.jpg\"><img loading=\"lazy\" decoding=\"async\" width=\"1024\" height=\"575\" src=\"https:\/\/munilaja.cl\/w\/wp-content\/uploads\/2022\/09\/IMG_3829-1024x575.jpg\" alt=\"\" data-id=\"61120\" data-full-url=\"https:\/\/munilaja.cl\/w\/wp-content\/uploads\/2022\/09\/IMG_3829-scaled.jpg\" data-link=\"https:\/\/munilaja.cl\/w\/?attachment_id=61120\" class=\"wp-image-61120\" srcset=\"https:\/\/munilaja.cl\/w\/wp-content\/uploads\/2022\/09\/IMG_3829-1024x575.jpg 1024w, https:\/\/munilaja.cl\/w\/wp-content\/uploads\/2022\/09\/IMG_3829-300x168.jpg 300w, https:\/\/munilaja.cl\/w\/wp-content\/uploads\/2022\/09\/IMG_3829-768x431.jpg 768w, https:\/\/munilaja.cl\/w\/wp-content\/uploads\/2022\/09\/IMG_3829-1536x862.jpg 1536w, https:\/\/munilaja.cl\/w\/wp-content\/uploads\/2022\/09\/IMG_3829-2048x1150.jpg 2048w\" sizes=\"(max-width: 1024px) 100vw, 1024px\" \/><\/a><\/figure><\/li><li class=\"blocks-gallery-item\"><figure><a href=\"https:\/\/munilaja.cl\/w\/wp-content\/uploads\/2022\/09\/IMG_3830-scaled.jpg\"><img loading=\"lazy\" decoding=\"async\" width=\"1024\" height=\"575\" src=\"https:\/\/munilaja.cl\/w\/wp-content\/uploads\/2022\/09\/IMG_3830-1024x575.jpg\" alt=\"\" data-id=\"61121\" data-full-url=\"https:\/\/munilaja.cl\/w\/wp-content\/uploads\/2022\/09\/IMG_3830-scaled.jpg\" data-link=\"https:\/\/munilaja.cl\/w\/?attachment_id=61121\" class=\"wp-image-61121\" srcset=\"https:\/\/munilaja.cl\/w\/wp-content\/uploads\/2022\/09\/IMG_3830-1024x575.jpg 1024w, https:\/\/munilaja.cl\/w\/wp-content\/uploads\/2022\/09\/IMG_3830-300x168.jpg 300w, https:\/\/munilaja.cl\/w\/wp-content\/uploads\/2022\/09\/IMG_3830-768x431.jpg 768w, https:\/\/munilaja.cl\/w\/wp-content\/uploads\/2022\/09\/IMG_3830-1536x862.jpg 1536w, https:\/\/munilaja.cl\/w\/wp-content\/uploads\/2022\/09\/IMG_3830-2048x1150.jpg 2048w\" sizes=\"(max-width: 1024px) 100vw, 1024px\" \/><\/a><\/figure><\/li><li class=\"blocks-gallery-item\"><figure><a href=\"https:\/\/munilaja.cl\/w\/wp-content\/uploads\/2022\/09\/IMG_3841-scaled.jpg\"><img loading=\"lazy\" decoding=\"async\" width=\"1024\" height=\"575\" src=\"https:\/\/munilaja.cl\/w\/wp-content\/uploads\/2022\/09\/IMG_3841-1024x575.jpg\" alt=\"\" data-id=\"61122\" data-full-url=\"https:\/\/munilaja.cl\/w\/wp-content\/uploads\/2022\/09\/IMG_3841-scaled.jpg\" data-link=\"https:\/\/munilaja.cl\/w\/?attachment_id=61122\" class=\"wp-image-61122\" srcset=\"https:\/\/munilaja.cl\/w\/wp-content\/uploads\/2022\/09\/IMG_3841-1024x575.jpg 1024w, https:\/\/munilaja.cl\/w\/wp-content\/uploads\/2022\/09\/IMG_3841-300x168.jpg 300w, https:\/\/munilaja.cl\/w\/wp-content\/uploads\/2022\/09\/IMG_3841-768x431.jpg 768w, https:\/\/munilaja.cl\/w\/wp-content\/uploads\/2022\/09\/IMG_3841-1536x862.jpg 1536w, https:\/\/munilaja.cl\/w\/wp-content\/uploads\/2022\/09\/IMG_3841-2048x1150.jpg 2048w\" sizes=\"(max-width: 1024px) 100vw, 1024px\" \/><\/a><\/figure><\/li><li class=\"blocks-gallery-item\"><figure><a href=\"https:\/\/munilaja.cl\/w\/wp-content\/uploads\/2022\/09\/IMG_3844-scaled.jpg\"><img loading=\"lazy\" decoding=\"async\" width=\"1024\" height=\"575\" src=\"https:\/\/munilaja.cl\/w\/wp-content\/uploads\/2022\/09\/IMG_3844-1024x575.jpg\" alt=\"\" data-id=\"61123\" data-full-url=\"https:\/\/munilaja.cl\/w\/wp-content\/uploads\/2022\/09\/IMG_3844-scaled.jpg\" data-link=\"https:\/\/munilaja.cl\/w\/?attachment_id=61123\" class=\"wp-image-61123\" srcset=\"https:\/\/munilaja.cl\/w\/wp-content\/uploads\/2022\/09\/IMG_3844-1024x575.jpg 1024w, https:\/\/munilaja.cl\/w\/wp-content\/uploads\/2022\/09\/IMG_3844-300x168.jpg 300w, https:\/\/munilaja.cl\/w\/wp-content\/uploads\/2022\/09\/IMG_3844-768x431.jpg 768w, https:\/\/munilaja.cl\/w\/wp-content\/uploads\/2022\/09\/IMG_3844-1536x862.jpg 1536w, https:\/\/munilaja.cl\/w\/wp-content\/uploads\/2022\/09\/IMG_3844-2048x1150.jpg 2048w\" sizes=\"(max-width: 1024px) 100vw, 1024px\" \/><\/a><\/figure><\/li><li class=\"blocks-gallery-item\"><figure><a href=\"https:\/\/munilaja.cl\/w\/wp-content\/uploads\/2022\/09\/IMG_3853-scaled.jpg\"><img loading=\"lazy\" decoding=\"async\" width=\"1024\" height=\"575\" src=\"https:\/\/munilaja.cl\/w\/wp-content\/uploads\/2022\/09\/IMG_3853-1024x575.jpg\" alt=\"\" data-id=\"61125\" data-full-url=\"https:\/\/munilaja.cl\/w\/wp-content\/uploads\/2022\/09\/IMG_3853-scaled.jpg\" data-link=\"https:\/\/munilaja.cl\/w\/?attachment_id=61125\" class=\"wp-image-61125\" srcset=\"https:\/\/munilaja.cl\/w\/wp-content\/uploads\/2022\/09\/IMG_3853-1024x575.jpg 1024w, https:\/\/munilaja.cl\/w\/wp-content\/uploads\/2022\/09\/IMG_3853-300x168.jpg 300w, https:\/\/munilaja.cl\/w\/wp-content\/uploads\/2022\/09\/IMG_3853-768x431.jpg 768w, https:\/\/munilaja.cl\/w\/wp-content\/uploads\/2022\/09\/IMG_3853-1536x862.jpg 1536w, https:\/\/munilaja.cl\/w\/wp-content\/uploads\/2022\/09\/IMG_3853-2048x1150.jpg 2048w\" sizes=\"(max-width: 1024px) 100vw, 1024px\" \/><\/a><\/figure><\/li><li class=\"blocks-gallery-item\"><figure><a href=\"https:\/\/munilaja.cl\/w\/wp-content\/uploads\/2022\/09\/IMG_3854-scaled.jpg\"><img loading=\"lazy\" decoding=\"async\" width=\"1024\" height=\"575\" src=\"https:\/\/munilaja.cl\/w\/wp-content\/uploads\/2022\/09\/IMG_3854-1024x575.jpg\" alt=\"\" data-id=\"61126\" data-full-url=\"https:\/\/munilaja.cl\/w\/wp-content\/uploads\/2022\/09\/IMG_3854-scaled.jpg\" data-link=\"https:\/\/munilaja.cl\/w\/?attachment_id=61126\" class=\"wp-image-61126\" srcset=\"https:\/\/munilaja.cl\/w\/wp-content\/uploads\/2022\/09\/IMG_3854-1024x575.jpg 1024w, https:\/\/munilaja.cl\/w\/wp-content\/uploads\/2022\/09\/IMG_3854-300x168.jpg 300w, https:\/\/munilaja.cl\/w\/wp-content\/uploads\/2022\/09\/IMG_3854-768x431.jpg 768w, https:\/\/munilaja.cl\/w\/wp-content\/uploads\/2022\/09\/IMG_3854-1536x862.jpg 1536w, https:\/\/munilaja.cl\/w\/wp-content\/uploads\/2022\/09\/IMG_3854-2048x1150.jpg 2048w\" sizes=\"(max-width: 1024px) 100vw, 1024px\" \/><\/a><\/figure><\/li><li class=\"blocks-gallery-item\"><figure><a href=\"https:\/\/munilaja.cl\/w\/wp-content\/uploads\/2022\/09\/IMG_3858-scaled.jpg\"><img loading=\"lazy\" decoding=\"async\" width=\"1024\" height=\"575\" src=\"https:\/\/munilaja.cl\/w\/wp-content\/uploads\/2022\/09\/IMG_3858-1024x575.jpg\" alt=\"\" data-id=\"61127\" data-full-url=\"https:\/\/munilaja.cl\/w\/wp-content\/uploads\/2022\/09\/IMG_3858-scaled.jpg\" data-link=\"https:\/\/munilaja.cl\/w\/?attachment_id=61127\" class=\"wp-image-61127\" srcset=\"https:\/\/munilaja.cl\/w\/wp-content\/uploads\/2022\/09\/IMG_3858-1024x575.jpg 1024w, https:\/\/munilaja.cl\/w\/wp-content\/uploads\/2022\/09\/IMG_3858-300x168.jpg 300w, https:\/\/munilaja.cl\/w\/wp-content\/uploads\/2022\/09\/IMG_3858-768x431.jpg 768w, https:\/\/munilaja.cl\/w\/wp-content\/uploads\/2022\/09\/IMG_3858-1536x862.jpg 1536w, https:\/\/munilaja.cl\/w\/wp-content\/uploads\/2022\/09\/IMG_3858-2048x1150.jpg 2048w\" sizes=\"(max-width: 1024px) 100vw, 1024px\" \/><\/a><\/figure><\/li><li class=\"blocks-gallery-item\"><figure><a href=\"https:\/\/munilaja.cl\/w\/wp-content\/uploads\/2022\/09\/IMG_3860-scaled.jpg\"><img loading=\"lazy\" decoding=\"async\" width=\"1024\" height=\"575\" src=\"https:\/\/munilaja.cl\/w\/wp-content\/uploads\/2022\/09\/IMG_3860-1024x575.jpg\" alt=\"\" data-id=\"61128\" data-full-url=\"https:\/\/munilaja.cl\/w\/wp-content\/uploads\/2022\/09\/IMG_3860-scaled.jpg\" data-link=\"https:\/\/munilaja.cl\/w\/?attachment_id=61128\" class=\"wp-image-61128\" srcset=\"https:\/\/munilaja.cl\/w\/wp-content\/uploads\/2022\/09\/IMG_3860-1024x575.jpg 1024w, https:\/\/munilaja.cl\/w\/wp-content\/uploads\/2022\/09\/IMG_3860-300x168.jpg 300w, https:\/\/munilaja.cl\/w\/wp-content\/uploads\/2022\/09\/IMG_3860-768x431.jpg 768w, https:\/\/munilaja.cl\/w\/wp-content\/uploads\/2022\/09\/IMG_3860-1536x862.jpg 1536w, https:\/\/munilaja.cl\/w\/wp-content\/uploads\/2022\/09\/IMG_3860-2048x1150.jpg 2048w\" sizes=\"(max-width: 1024px) 100vw, 1024px\" \/><\/a><\/figure><\/li><li class=\"blocks-gallery-item\"><figure><a href=\"https:\/\/munilaja.cl\/w\/wp-content\/uploads\/2022\/09\/IMG_3863-scaled.jpg\"><img loading=\"lazy\" decoding=\"async\" width=\"1024\" height=\"575\" src=\"https:\/\/munilaja.cl\/w\/wp-content\/uploads\/2022\/09\/IMG_3863-1024x575.jpg\" alt=\"\" data-id=\"61129\" data-full-url=\"https:\/\/munilaja.cl\/w\/wp-content\/uploads\/2022\/09\/IMG_3863-scaled.jpg\" data-link=\"https:\/\/munilaja.cl\/w\/?attachment_id=61129\" class=\"wp-image-61129\" srcset=\"https:\/\/munilaja.cl\/w\/wp-content\/uploads\/2022\/09\/IMG_3863-1024x575.jpg 1024w, https:\/\/munilaja.cl\/w\/wp-content\/uploads\/2022\/09\/IMG_3863-300x168.jpg 300w, https:\/\/munilaja.cl\/w\/wp-content\/uploads\/2022\/09\/IMG_3863-768x431.jpg 768w, https:\/\/munilaja.cl\/w\/wp-content\/uploads\/2022\/09\/IMG_3863-1536x862.jpg 1536w, https:\/\/munilaja.cl\/w\/wp-content\/uploads\/2022\/09\/IMG_3863-2048x1150.jpg 2048w\" sizes=\"(max-width: 1024px) 100vw, 1024px\" \/><\/a><\/figure><\/li><li class=\"blocks-gallery-item\"><figure><a href=\"https:\/\/munilaja.cl\/w\/wp-content\/uploads\/2022\/09\/IMG_3867-scaled.jpg\"><img loading=\"lazy\" decoding=\"async\" width=\"1024\" height=\"575\" src=\"https:\/\/munilaja.cl\/w\/wp-content\/uploads\/2022\/09\/IMG_3867-1024x575.jpg\" alt=\"\" data-id=\"61130\" data-full-url=\"https:\/\/munilaja.cl\/w\/wp-content\/uploads\/2022\/09\/IMG_3867-scaled.jpg\" data-link=\"https:\/\/munilaja.cl\/w\/?attachment_id=61130\" class=\"wp-image-61130\" srcset=\"https:\/\/munilaja.cl\/w\/wp-content\/uploads\/2022\/09\/IMG_3867-1024x575.jpg 1024w, https:\/\/munilaja.cl\/w\/wp-content\/uploads\/2022\/09\/IMG_3867-300x168.jpg 300w, https:\/\/munilaja.cl\/w\/wp-content\/uploads\/2022\/09\/IMG_3867-768x431.jpg 768w, https:\/\/munilaja.cl\/w\/wp-content\/uploads\/2022\/09\/IMG_3867-1536x862.jpg 1536w, https:\/\/munilaja.cl\/w\/wp-content\/uploads\/2022\/09\/IMG_3867-2048x1150.jpg 2048w\" sizes=\"(max-width: 1024px) 100vw, 1024px\" \/><\/a><\/figure><\/li><li class=\"blocks-gallery-item\"><figure><a href=\"https:\/\/munilaja.cl\/w\/wp-content\/uploads\/2022\/09\/IMG_3869-scaled.jpg\"><img loading=\"lazy\" decoding=\"async\" width=\"1024\" height=\"575\" src=\"https:\/\/munilaja.cl\/w\/wp-content\/uploads\/2022\/09\/IMG_3869-1024x575.jpg\" alt=\"\" data-id=\"61131\" data-full-url=\"https:\/\/munilaja.cl\/w\/wp-content\/uploads\/2022\/09\/IMG_3869-scaled.jpg\" data-link=\"https:\/\/munilaja.cl\/w\/?attachment_id=61131\" class=\"wp-image-61131\" srcset=\"https:\/\/munilaja.cl\/w\/wp-content\/uploads\/2022\/09\/IMG_3869-1024x575.jpg 1024w, https:\/\/munilaja.cl\/w\/wp-content\/uploads\/2022\/09\/IMG_3869-300x168.jpg 300w, https:\/\/munilaja.cl\/w\/wp-content\/uploads\/2022\/09\/IMG_3869-768x431.jpg 768w, https:\/\/munilaja.cl\/w\/wp-content\/uploads\/2022\/09\/IMG_3869-1536x862.jpg 1536w, https:\/\/munilaja.cl\/w\/wp-content\/uploads\/2022\/09\/IMG_3869-2048x1150.jpg 2048w\" sizes=\"(max-width: 1024px) 100vw, 1024px\" \/><\/a><\/figure><\/li><li class=\"blocks-gallery-item\"><figure><a href=\"https:\/\/munilaja.cl\/w\/wp-content\/uploads\/2022\/09\/IMG_3870-scaled.jpg\"><img loading=\"lazy\" decoding=\"async\" width=\"1024\" height=\"575\" src=\"https:\/\/munilaja.cl\/w\/wp-content\/uploads\/2022\/09\/IMG_3870-1024x575.jpg\" alt=\"\" data-id=\"61132\" data-full-url=\"https:\/\/munilaja.cl\/w\/wp-content\/uploads\/2022\/09\/IMG_3870-scaled.jpg\" data-link=\"https:\/\/munilaja.cl\/w\/?attachment_id=61132\" class=\"wp-image-61132\" srcset=\"https:\/\/munilaja.cl\/w\/wp-content\/uploads\/2022\/09\/IMG_3870-1024x575.jpg 1024w, https:\/\/munilaja.cl\/w\/wp-content\/uploads\/2022\/09\/IMG_3870-300x168.jpg 300w, https:\/\/munilaja.cl\/w\/wp-content\/uploads\/2022\/09\/IMG_3870-768x431.jpg 768w, https:\/\/munilaja.cl\/w\/wp-content\/uploads\/2022\/09\/IMG_3870-1536x862.jpg 1536w, https:\/\/munilaja.cl\/w\/wp-content\/uploads\/2022\/09\/IMG_3870-2048x1150.jpg 2048w\" sizes=\"(max-width: 1024px) 100vw, 1024px\" \/><\/a><\/figure><\/li><\/ul><\/figure>\n","protected":false},"excerpt":{"rendered":"<p>A trav\u00e9s de una entretenida \u201cPe\u00f1a Folcl\u00f3rica\u201d efectuada esta ma\u00f1ana, las y los usuarios de nuestro Centro Integral dieron la bienvenida oficial a nuestro mes patrio, en una actividad organizada por la comunidad y los profesionales de dicho centro; y que cont\u00f3 con la participaci\u00f3n del propio alcalde Roberto Quintana Inostroza acompa\u00f1ado de la directora [&hellip;]<\/p>\n","protected":false},"author":11,"featured_media":61124,"comment_status":"closed","ping_status":"closed","sticky":false,"template":"","format":"image","meta":{"zakra_sidebar_layout":"customizer","zakra_remove_content_margin":false,"zakra_sidebar":"customizer","zakra_transparent_header":"customizer","zakra_logo":0,"zakra_main_header_style":"default","zakra_menu_item_color":"","zakra_menu_item_hover_color":"","zakra_menu_item_active_color":"","zakra_menu_active_style":"zakra_menu_active_style","zakra_page_header":true,"footnotes":""},"categories":[17],"tags":[],"class_list":["post-61110","post","type-post","status-publish","format-image","has-post-thumbnail","hentry","category-servicio-a-la-comunidad","post_format-post-format-image"],"yoast_head":"<!-- This site is optimized with the Yoast SEO plugin v24.0 - https:\/\/yoast.com\/wordpress\/plugins\/seo\/ -->\n<title>PE\u00d1A FOLCL\u00d3RICA CENTRO INTEGRAL. - Municipalidad de Laja<\/title>\n<meta name=\"robots\" content=\"index, follow, max-snippet:-1, max-image-preview:large, max-video-preview:-1\" \/>\n<link rel=\"canonical\" href=\"https:\/\/munilaja.cl\/w\/pena-folclorica-centro-integral\/\" \/>\n<meta property=\"og:locale\" content=\"es_ES\" \/>\n<meta property=\"og:type\" content=\"article\" \/>\n<meta property=\"og:title\" content=\"PE\u00d1A FOLCL\u00d3RICA CENTRO INTEGRAL. - Municipalidad de Laja\" \/>\n<meta property=\"og:description\" content=\"A trav\u00e9s de una entretenida \u201cPe\u00f1a Folcl\u00f3rica\u201d efectuada esta ma\u00f1ana, las y los usuarios de nuestro Centro Integral dieron la bienvenida oficial a nuestro mes patrio, en una actividad organizada por la comunidad y los profesionales de dicho centro; y que cont\u00f3 con la participaci\u00f3n del propio alcalde Roberto Quintana Inostroza acompa\u00f1ado de la directora [&hellip;]\" \/>\n<meta property=\"og:url\" content=\"https:\/\/munilaja.cl\/w\/pena-folclorica-centro-integral\/\" \/>\n<meta property=\"og:site_name\" content=\"Municipalidad de Laja\" \/>\n<meta property=\"article:published_time\" content=\"2022-09-13T16:09:46+00:00\" \/>\n<meta property=\"article:modified_time\" content=\"2022-09-14T11:48:29+00:00\" \/>\n<meta property=\"og:image\" content=\"https:\/\/munilaja.cl\/w\/wp-content\/uploads\/2022\/09\/IMG_3810-1-scaled.jpg\" \/>\n\t<meta property=\"og:image:width\" content=\"2560\" \/>\n\t<meta property=\"og:image:height\" content=\"1437\" \/>\n\t<meta property=\"og:image:type\" content=\"image\/jpeg\" \/>\n<meta name=\"author\" content=\"Administrador\" \/>\n<meta name=\"twitter:card\" content=\"summary_large_image\" \/>\n<meta name=\"twitter:label1\" content=\"Escrito por\" \/>\n\t<meta name=\"twitter:data1\" content=\"Administrador\" \/>\n\t<meta name=\"twitter:label2\" content=\"Tiempo de lectura\" \/>\n\t<meta name=\"twitter:data2\" content=\"1 minuto\" \/>\n<script type=\"application\/ld+json\" class=\"yoast-schema-graph\">{\"@context\":\"https:\/\/schema.org\",\"@graph\":[{\"@type\":\"Article\",\"@id\":\"https:\/\/munilaja.cl\/w\/pena-folclorica-centro-integral\/#article\",\"isPartOf\":{\"@id\":\"https:\/\/munilaja.cl\/w\/pena-folclorica-centro-integral\/\"},\"author\":{\"name\":\"Administrador\",\"@id\":\"https:\/\/munilaja.cl\/w\/#\/schema\/person\/4650348f4978773bf1c5b31f9c7da744\"},\"headline\":\"PE\u00d1A FOLCL\u00d3RICA CENTRO INTEGRAL.\",\"datePublished\":\"2022-09-13T16:09:46+00:00\",\"dateModified\":\"2022-09-14T11:48:29+00:00\",\"mainEntityOfPage\":{\"@id\":\"https:\/\/munilaja.cl\/w\/pena-folclorica-centro-integral\/\"},\"wordCount\":115,\"publisher\":{\"@id\":\"https:\/\/munilaja.cl\/w\/#organization\"},\"image\":{\"@id\":\"https:\/\/munilaja.cl\/w\/pena-folclorica-centro-integral\/#primaryimage\"},\"thumbnailUrl\":\"https:\/\/munilaja.cl\/w\/wp-content\/uploads\/2022\/09\/IMG_3810-1-scaled.jpg\",\"articleSection\":[\"Servicio a la comunidad\"],\"inLanguage\":\"es\"},{\"@type\":\"WebPage\",\"@id\":\"https:\/\/munilaja.cl\/w\/pena-folclorica-centro-integral\/\",\"url\":\"https:\/\/munilaja.cl\/w\/pena-folclorica-centro-integral\/\",\"name\":\"PE\u00d1A FOLCL\u00d3RICA CENTRO INTEGRAL. - Municipalidad de Laja\",\"isPartOf\":{\"@id\":\"https:\/\/munilaja.cl\/w\/#website\"},\"primaryImageOfPage\":{\"@id\":\"https:\/\/munilaja.cl\/w\/pena-folclorica-centro-integral\/#primaryimage\"},\"image\":{\"@id\":\"https:\/\/munilaja.cl\/w\/pena-folclorica-centro-integral\/#primaryimage\"},\"thumbnailUrl\":\"https:\/\/munilaja.cl\/w\/wp-content\/uploads\/2022\/09\/IMG_3810-1-scaled.jpg\",\"datePublished\":\"2022-09-13T16:09:46+00:00\",\"dateModified\":\"2022-09-14T11:48:29+00:00\",\"breadcrumb\":{\"@id\":\"https:\/\/munilaja.cl\/w\/pena-folclorica-centro-integral\/#breadcrumb\"},\"inLanguage\":\"es\",\"potentialAction\":[{\"@type\":\"ReadAction\",\"target\":[\"https:\/\/munilaja.cl\/w\/pena-folclorica-centro-integral\/\"]}]},{\"@type\":\"ImageObject\",\"inLanguage\":\"es\",\"@id\":\"https:\/\/munilaja.cl\/w\/pena-folclorica-centro-integral\/#primaryimage\",\"url\":\"https:\/\/munilaja.cl\/w\/wp-content\/uploads\/2022\/09\/IMG_3810-1-scaled.jpg\",\"contentUrl\":\"https:\/\/munilaja.cl\/w\/wp-content\/uploads\/2022\/09\/IMG_3810-1-scaled.jpg\",\"width\":2560,\"height\":1437},{\"@type\":\"BreadcrumbList\",\"@id\":\"https:\/\/munilaja.cl\/w\/pena-folclorica-centro-integral\/#breadcrumb\",\"itemListElement\":[{\"@type\":\"ListItem\",\"position\":1,\"name\":\"Portada\",\"item\":\"https:\/\/munilaja.cl\/w\/\"},{\"@type\":\"ListItem\",\"position\":2,\"name\":\"PE\u00d1A FOLCL\u00d3RICA CENTRO INTEGRAL.\"}]},{\"@type\":\"WebSite\",\"@id\":\"https:\/\/munilaja.cl\/w\/#website\",\"url\":\"https:\/\/munilaja.cl\/w\/\",\"name\":\"Municipalidad de Laja\",\"description\":\"Web Municipal\",\"publisher\":{\"@id\":\"https:\/\/munilaja.cl\/w\/#organization\"},\"potentialAction\":[{\"@type\":\"SearchAction\",\"target\":{\"@type\":\"EntryPoint\",\"urlTemplate\":\"https:\/\/munilaja.cl\/w\/?s={search_term_string}\"},\"query-input\":{\"@type\":\"PropertyValueSpecification\",\"valueRequired\":true,\"valueName\":\"search_term_string\"}}],\"inLanguage\":\"es\"},{\"@type\":\"Organization\",\"@id\":\"https:\/\/munilaja.cl\/w\/#organization\",\"name\":\"Municipalidad de Laja\",\"url\":\"https:\/\/munilaja.cl\/w\/\",\"logo\":{\"@type\":\"ImageObject\",\"inLanguage\":\"es\",\"@id\":\"https:\/\/munilaja.cl\/w\/#\/schema\/logo\/image\/\",\"url\":\"https:\/\/munilaja.cl\/w\/wp-content\/uploads\/2024\/11\/ESCUDO-LAJA-LETRAS-BLANCAS-LOGO-WEB.png\",\"contentUrl\":\"https:\/\/munilaja.cl\/w\/wp-content\/uploads\/2024\/11\/ESCUDO-LAJA-LETRAS-BLANCAS-LOGO-WEB.png\",\"width\":150,\"height\":150,\"caption\":\"Municipalidad de Laja\"},\"image\":{\"@id\":\"https:\/\/munilaja.cl\/w\/#\/schema\/logo\/image\/\"}},{\"@type\":\"Person\",\"@id\":\"https:\/\/munilaja.cl\/w\/#\/schema\/person\/4650348f4978773bf1c5b31f9c7da744\",\"name\":\"Administrador\",\"url\":\"https:\/\/munilaja.cl\/w\/author\/rssmunilaja\/\"}]}<\/script>\n<!-- \/ Yoast SEO plugin. -->","yoast_head_json":{"title":"PE\u00d1A FOLCL\u00d3RICA CENTRO INTEGRAL. - Municipalidad de Laja","robots":{"index":"index","follow":"follow","max-snippet":"max-snippet:-1","max-image-preview":"max-image-preview:large","max-video-preview":"max-video-preview:-1"},"canonical":"https:\/\/munilaja.cl\/w\/pena-folclorica-centro-integral\/","og_locale":"es_ES","og_type":"article","og_title":"PE\u00d1A FOLCL\u00d3RICA CENTRO INTEGRAL. - Municipalidad de Laja","og_description":"A trav\u00e9s de una entretenida \u201cPe\u00f1a Folcl\u00f3rica\u201d efectuada esta ma\u00f1ana, las y los usuarios de nuestro Centro Integral dieron la bienvenida oficial a nuestro mes patrio, en una actividad organizada por la comunidad y los profesionales de dicho centro; y que cont\u00f3 con la participaci\u00f3n del propio alcalde Roberto Quintana Inostroza acompa\u00f1ado de la directora [&hellip;]","og_url":"https:\/\/munilaja.cl\/w\/pena-folclorica-centro-integral\/","og_site_name":"Municipalidad de Laja","article_published_time":"2022-09-13T16:09:46+00:00","article_modified_time":"2022-09-14T11:48:29+00:00","og_image":[{"width":2560,"height":1437,"url":"https:\/\/munilaja.cl\/w\/wp-content\/uploads\/2022\/09\/IMG_3810-1-scaled.jpg","type":"image\/jpeg"}],"author":"Administrador","twitter_card":"summary_large_image","twitter_misc":{"Escrito por":"Administrador","Tiempo de lectura":"1 minuto"},"schema":{"@context":"https:\/\/schema.org","@graph":[{"@type":"Article","@id":"https:\/\/munilaja.cl\/w\/pena-folclorica-centro-integral\/#article","isPartOf":{"@id":"https:\/\/munilaja.cl\/w\/pena-folclorica-centro-integral\/"},"author":{"name":"Administrador","@id":"https:\/\/munilaja.cl\/w\/#\/schema\/person\/4650348f4978773bf1c5b31f9c7da744"},"headline":"PE\u00d1A FOLCL\u00d3RICA CENTRO INTEGRAL.","datePublished":"2022-09-13T16:09:46+00:00","dateModified":"2022-09-14T11:48:29+00:00","mainEntityOfPage":{"@id":"https:\/\/munilaja.cl\/w\/pena-folclorica-centro-integral\/"},"wordCount":115,"publisher":{"@id":"https:\/\/munilaja.cl\/w\/#organization"},"image":{"@id":"https:\/\/munilaja.cl\/w\/pena-folclorica-centro-integral\/#primaryimage"},"thumbnailUrl":"https:\/\/munilaja.cl\/w\/wp-content\/uploads\/2022\/09\/IMG_3810-1-scaled.jpg","articleSection":["Servicio a la comunidad"],"inLanguage":"es"},{"@type":"WebPage","@id":"https:\/\/munilaja.cl\/w\/pena-folclorica-centro-integral\/","url":"https:\/\/munilaja.cl\/w\/pena-folclorica-centro-integral\/","name":"PE\u00d1A FOLCL\u00d3RICA CENTRO INTEGRAL. - Municipalidad de Laja","isPartOf":{"@id":"https:\/\/munilaja.cl\/w\/#website"},"primaryImageOfPage":{"@id":"https:\/\/munilaja.cl\/w\/pena-folclorica-centro-integral\/#primaryimage"},"image":{"@id":"https:\/\/munilaja.cl\/w\/pena-folclorica-centro-integral\/#primaryimage"},"thumbnailUrl":"https:\/\/munilaja.cl\/w\/wp-content\/uploads\/2022\/09\/IMG_3810-1-scaled.jpg","datePublished":"2022-09-13T16:09:46+00:00","dateModified":"2022-09-14T11:48:29+00:00","breadcrumb":{"@id":"https:\/\/munilaja.cl\/w\/pena-folclorica-centro-integral\/#breadcrumb"},"inLanguage":"es","potentialAction":[{"@type":"ReadAction","target":["https:\/\/munilaja.cl\/w\/pena-folclorica-centro-integral\/"]}]},{"@type":"ImageObject","inLanguage":"es","@id":"https:\/\/munilaja.cl\/w\/pena-folclorica-centro-integral\/#primaryimage","url":"https:\/\/munilaja.cl\/w\/wp-content\/uploads\/2022\/09\/IMG_3810-1-scaled.jpg","contentUrl":"https:\/\/munilaja.cl\/w\/wp-content\/uploads\/2022\/09\/IMG_3810-1-scaled.jpg","width":2560,"height":1437},{"@type":"BreadcrumbList","@id":"https:\/\/munilaja.cl\/w\/pena-folclorica-centro-integral\/#breadcrumb","itemListElement":[{"@type":"ListItem","position":1,"name":"Portada","item":"https:\/\/munilaja.cl\/w\/"},{"@type":"ListItem","position":2,"name":"PE\u00d1A FOLCL\u00d3RICA CENTRO INTEGRAL."}]},{"@type":"WebSite","@id":"https:\/\/munilaja.cl\/w\/#website","url":"https:\/\/munilaja.cl\/w\/","name":"Municipalidad de Laja","description":"Web Municipal","publisher":{"@id":"https:\/\/munilaja.cl\/w\/#organization"},"potentialAction":[{"@type":"SearchAction","target":{"@type":"EntryPoint","urlTemplate":"https:\/\/munilaja.cl\/w\/?s={search_term_string}"},"query-input":{"@type":"PropertyValueSpecification","valueRequired":true,"valueName":"search_term_string"}}],"inLanguage":"es"},{"@type":"Organization","@id":"https:\/\/munilaja.cl\/w\/#organization","name":"Municipalidad de Laja","url":"https:\/\/munilaja.cl\/w\/","logo":{"@type":"ImageObject","inLanguage":"es","@id":"https:\/\/munilaja.cl\/w\/#\/schema\/logo\/image\/","url":"https:\/\/munilaja.cl\/w\/wp-content\/uploads\/2024\/11\/ESCUDO-LAJA-LETRAS-BLANCAS-LOGO-WEB.png","contentUrl":"https:\/\/munilaja.cl\/w\/wp-content\/uploads\/2024\/11\/ESCUDO-LAJA-LETRAS-BLANCAS-LOGO-WEB.png","width":150,"height":150,"caption":"Municipalidad de Laja"},"image":{"@id":"https:\/\/munilaja.cl\/w\/#\/schema\/logo\/image\/"}},{"@type":"Person","@id":"https:\/\/munilaja.cl\/w\/#\/schema\/person\/4650348f4978773bf1c5b31f9c7da744","name":"Administrador","url":"https:\/\/munilaja.cl\/w\/author\/rssmunilaja\/"}]}},"_links":{"self":[{"href":"https:\/\/munilaja.cl\/w\/wp-json\/wp\/v2\/posts\/61110"}],"collection":[{"href":"https:\/\/munilaja.cl\/w\/wp-json\/wp\/v2\/posts"}],"about":[{"href":"https:\/\/munilaja.cl\/w\/wp-json\/wp\/v2\/types\/post"}],"author":[{"embeddable":true,"href":"https:\/\/munilaja.cl\/w\/wp-json\/wp\/v2\/users\/11"}],"replies":[{"embeddable":true,"href":"https:\/\/munilaja.cl\/w\/wp-json\/wp\/v2\/comments?post=61110"}],"version-history":[{"count":1,"href":"https:\/\/munilaja.cl\/w\/wp-json\/wp\/v2\/posts\/61110\/revisions"}],"predecessor-version":[{"id":61133,"href":"https:\/\/munilaja.cl\/w\/wp-json\/wp\/v2\/posts\/61110\/revisions\/61133"}],"wp:featuredmedia":[{"embeddable":true,"href":"https:\/\/munilaja.cl\/w\/wp-json\/wp\/v2\/media\/61124"}],"wp:attachment":[{"href":"https:\/\/munilaja.cl\/w\/wp-json\/wp\/v2\/media?parent=61110"}],"wp:term":[{"taxonomy":"category","embeddable":true,"href":"https:\/\/munilaja.cl\/w\/wp-json\/wp\/v2\/categories?post=61110"},{"taxonomy":"post_tag","embeddable":true,"href":"https:\/\/munilaja.cl\/w\/wp-json\/wp\/v2\/tags?post=61110"}],"curies":[{"name":"wp","href":"https:\/\/api.w.org\/{rel}","templated":true}]}}