{"id":59799,"date":"2022-07-10T00:27:17","date_gmt":"2022-07-10T04:27:17","guid":{"rendered":"http:\/\/munilaja.cl\/w\/?p=59799"},"modified":"2022-09-15T07:42:29","modified_gmt":"2022-09-15T11:42:29","slug":"elaboracion-del-plan-municipal-de-cultura","status":"publish","type":"post","link":"https:\/\/munilaja.cl\/w\/elaboracion-del-plan-municipal-de-cultura\/","title":{"rendered":"ELABORACI\u00d3N DEL PLAN MUNICIPAL DE CULTURA"},"content":{"rendered":"\n<p><\/p>\n\n\n\n<p>En el marco de elaboraci\u00f3n de un nuevo plan comunal de cultura que recoja las inquietudes de sus ciudadanos, es que ponemos a disposici\u00f3n la siguiente Encuesta de Participaci\u00f3n y Consumo Cultural para el Plan Municipal de Cultura de Laja 2022-2026 <\/p>\n\n\n\n<p>La presente encuesta busca levantar de la comunidad la percepci\u00f3n en materias de participaci\u00f3n en actividad cultural, h\u00e1bitos en materias art\u00edsticas y culturales, adem\u00e1s de su requerimientos en materia de difusi\u00f3n y programaci\u00f3n de actividades art\u00edsticos y culturales dentro de la comuna de Laja<\/p>\n\n\n\n<p><a href=\"https:\/\/forms.gle\/hk4C1h5kU96hthBk8\">https:\/\/forms.gle\/hk4C1h5kU96hthBk8<\/a><\/p>\n\n\n\n<p><\/p>\n\n\n\n<figure class=\"wp-block-image size-large\"><a href=\"https:\/\/munilaja.cl\/w\/wp-content\/uploads\/2022\/07\/PLAN-COMUNAL-RRSS.jpg\"><img fetchpriority=\"high\" decoding=\"async\" width=\"1024\" height=\"1024\" src=\"https:\/\/munilaja.cl\/w\/wp-content\/uploads\/2022\/07\/PLAN-COMUNAL-RRSS-1024x1024.jpg\" alt=\"\" class=\"wp-image-59801\" srcset=\"https:\/\/munilaja.cl\/w\/wp-content\/uploads\/2022\/07\/PLAN-COMUNAL-RRSS-1024x1024.jpg 1024w, https:\/\/munilaja.cl\/w\/wp-content\/uploads\/2022\/07\/PLAN-COMUNAL-RRSS-300x300.jpg 300w, https:\/\/munilaja.cl\/w\/wp-content\/uploads\/2022\/07\/PLAN-COMUNAL-RRSS-150x150.jpg 150w, https:\/\/munilaja.cl\/w\/wp-content\/uploads\/2022\/07\/PLAN-COMUNAL-RRSS-768x768.jpg 768w, https:\/\/munilaja.cl\/w\/wp-content\/uploads\/2022\/07\/PLAN-COMUNAL-RRSS.jpg 1200w\" sizes=\"(max-width: 1024px) 100vw, 1024px\" \/><\/a><\/figure>\n","protected":false},"excerpt":{"rendered":"<p>En el marco de elaboraci\u00f3n de un nuevo plan comunal de cultura que recoja las inquietudes de sus ciudadanos, es que ponemos a disposici\u00f3n la siguiente Encuesta de Participaci\u00f3n y Consumo Cultural para el Plan Municipal de Cultura de Laja 2022-2026 La presente encuesta busca levantar de la comunidad la percepci\u00f3n en materias de participaci\u00f3n [&hellip;]<\/p>\n","protected":false},"author":11,"featured_media":59800,"comment_status":"closed","ping_status":"closed","sticky":false,"template":"","format":"image","meta":{"zakra_sidebar_layout":"customizer","zakra_remove_content_margin":false,"zakra_sidebar":"customizer","zakra_transparent_header":"customizer","zakra_logo":0,"zakra_main_header_style":"default","zakra_menu_item_color":"","zakra_menu_item_hover_color":"","zakra_menu_item_active_color":"","zakra_menu_active_style":"zakra_menu_active_style","zakra_page_header":true,"footnotes":""},"categories":[68],"tags":[],"class_list":["post-59799","post","type-post","status-publish","format-image","has-post-thumbnail","hentry","category-cultura","post_format-post-format-image"],"yoast_head":"<!-- This site is optimized with the Yoast SEO plugin v24.0 - https:\/\/yoast.com\/wordpress\/plugins\/seo\/ -->\n<title>ELABORACI\u00d3N DEL PLAN MUNICIPAL DE CULTURA - Municipalidad de Laja<\/title>\n<meta name=\"robots\" content=\"index, follow, max-snippet:-1, max-image-preview:large, max-video-preview:-1\" \/>\n<link rel=\"canonical\" href=\"https:\/\/munilaja.cl\/w\/elaboracion-del-plan-municipal-de-cultura\/\" \/>\n<meta property=\"og:locale\" content=\"es_ES\" \/>\n<meta property=\"og:type\" content=\"article\" \/>\n<meta property=\"og:title\" content=\"ELABORACI\u00d3N DEL PLAN MUNICIPAL DE CULTURA - Municipalidad de Laja\" \/>\n<meta property=\"og:description\" content=\"En el marco de elaboraci\u00f3n de un nuevo plan comunal de cultura que recoja las inquietudes de sus ciudadanos, es que ponemos a disposici\u00f3n la siguiente Encuesta de Participaci\u00f3n y Consumo Cultural para el Plan Municipal de Cultura de Laja 2022-2026 La presente encuesta busca levantar de la comunidad la percepci\u00f3n en materias de participaci\u00f3n [&hellip;]\" \/>\n<meta property=\"og:url\" content=\"https:\/\/munilaja.cl\/w\/elaboracion-del-plan-municipal-de-cultura\/\" \/>\n<meta property=\"og:site_name\" content=\"Municipalidad de Laja\" \/>\n<meta property=\"article:published_time\" content=\"2022-07-10T04:27:17+00:00\" \/>\n<meta property=\"article:modified_time\" content=\"2022-09-15T11:42:29+00:00\" \/>\n<meta property=\"og:image\" content=\"https:\/\/munilaja.cl\/w\/wp-content\/uploads\/2022\/07\/PMC-WEB.jpg\" \/>\n\t<meta property=\"og:image:width\" content=\"1440\" \/>\n\t<meta property=\"og:image:height\" content=\"900\" \/>\n\t<meta property=\"og:image:type\" content=\"image\/jpeg\" \/>\n<meta name=\"author\" content=\"Administrador\" \/>\n<meta name=\"twitter:card\" content=\"summary_large_image\" \/>\n<meta name=\"twitter:label1\" content=\"Escrito por\" \/>\n\t<meta name=\"twitter:data1\" content=\"Administrador\" \/>\n\t<meta name=\"twitter:label2\" content=\"Tiempo de lectura\" \/>\n\t<meta name=\"twitter:data2\" content=\"1 minuto\" \/>\n<script type=\"application\/ld+json\" class=\"yoast-schema-graph\">{\"@context\":\"https:\/\/schema.org\",\"@graph\":[{\"@type\":\"Article\",\"@id\":\"https:\/\/munilaja.cl\/w\/elaboracion-del-plan-municipal-de-cultura\/#article\",\"isPartOf\":{\"@id\":\"https:\/\/munilaja.cl\/w\/elaboracion-del-plan-municipal-de-cultura\/\"},\"author\":{\"name\":\"Administrador\",\"@id\":\"https:\/\/munilaja.cl\/w\/#\/schema\/person\/4650348f4978773bf1c5b31f9c7da744\"},\"headline\":\"ELABORACI\u00d3N DEL PLAN MUNICIPAL DE CULTURA\",\"datePublished\":\"2022-07-10T04:27:17+00:00\",\"dateModified\":\"2022-09-15T11:42:29+00:00\",\"mainEntityOfPage\":{\"@id\":\"https:\/\/munilaja.cl\/w\/elaboracion-del-plan-municipal-de-cultura\/\"},\"wordCount\":111,\"publisher\":{\"@id\":\"https:\/\/munilaja.cl\/w\/#organization\"},\"image\":{\"@id\":\"https:\/\/munilaja.cl\/w\/elaboracion-del-plan-municipal-de-cultura\/#primaryimage\"},\"thumbnailUrl\":\"https:\/\/munilaja.cl\/w\/wp-content\/uploads\/2022\/07\/PMC-WEB.jpg\",\"articleSection\":[\"Cultura\"],\"inLanguage\":\"es\"},{\"@type\":\"WebPage\",\"@id\":\"https:\/\/munilaja.cl\/w\/elaboracion-del-plan-municipal-de-cultura\/\",\"url\":\"https:\/\/munilaja.cl\/w\/elaboracion-del-plan-municipal-de-cultura\/\",\"name\":\"ELABORACI\u00d3N DEL PLAN MUNICIPAL DE CULTURA - Municipalidad de Laja\",\"isPartOf\":{\"@id\":\"https:\/\/munilaja.cl\/w\/#website\"},\"primaryImageOfPage\":{\"@id\":\"https:\/\/munilaja.cl\/w\/elaboracion-del-plan-municipal-de-cultura\/#primaryimage\"},\"image\":{\"@id\":\"https:\/\/munilaja.cl\/w\/elaboracion-del-plan-municipal-de-cultura\/#primaryimage\"},\"thumbnailUrl\":\"https:\/\/munilaja.cl\/w\/wp-content\/uploads\/2022\/07\/PMC-WEB.jpg\",\"datePublished\":\"2022-07-10T04:27:17+00:00\",\"dateModified\":\"2022-09-15T11:42:29+00:00\",\"breadcrumb\":{\"@id\":\"https:\/\/munilaja.cl\/w\/elaboracion-del-plan-municipal-de-cultura\/#breadcrumb\"},\"inLanguage\":\"es\",\"potentialAction\":[{\"@type\":\"ReadAction\",\"target\":[\"https:\/\/munilaja.cl\/w\/elaboracion-del-plan-municipal-de-cultura\/\"]}]},{\"@type\":\"ImageObject\",\"inLanguage\":\"es\",\"@id\":\"https:\/\/munilaja.cl\/w\/elaboracion-del-plan-municipal-de-cultura\/#primaryimage\",\"url\":\"https:\/\/munilaja.cl\/w\/wp-content\/uploads\/2022\/07\/PMC-WEB.jpg\",\"contentUrl\":\"https:\/\/munilaja.cl\/w\/wp-content\/uploads\/2022\/07\/PMC-WEB.jpg\",\"width\":1440,\"height\":900},{\"@type\":\"BreadcrumbList\",\"@id\":\"https:\/\/munilaja.cl\/w\/elaboracion-del-plan-municipal-de-cultura\/#breadcrumb\",\"itemListElement\":[{\"@type\":\"ListItem\",\"position\":1,\"name\":\"Portada\",\"item\":\"https:\/\/munilaja.cl\/w\/\"},{\"@type\":\"ListItem\",\"position\":2,\"name\":\"ELABORACI\u00d3N DEL PLAN MUNICIPAL DE CULTURA\"}]},{\"@type\":\"WebSite\",\"@id\":\"https:\/\/munilaja.cl\/w\/#website\",\"url\":\"https:\/\/munilaja.cl\/w\/\",\"name\":\"Municipalidad de Laja\",\"description\":\"Web Municipal\",\"publisher\":{\"@id\":\"https:\/\/munilaja.cl\/w\/#organization\"},\"potentialAction\":[{\"@type\":\"SearchAction\",\"target\":{\"@type\":\"EntryPoint\",\"urlTemplate\":\"https:\/\/munilaja.cl\/w\/?s={search_term_string}\"},\"query-input\":{\"@type\":\"PropertyValueSpecification\",\"valueRequired\":true,\"valueName\":\"search_term_string\"}}],\"inLanguage\":\"es\"},{\"@type\":\"Organization\",\"@id\":\"https:\/\/munilaja.cl\/w\/#organization\",\"name\":\"Municipalidad de Laja\",\"url\":\"https:\/\/munilaja.cl\/w\/\",\"logo\":{\"@type\":\"ImageObject\",\"inLanguage\":\"es\",\"@id\":\"https:\/\/munilaja.cl\/w\/#\/schema\/logo\/image\/\",\"url\":\"https:\/\/munilaja.cl\/w\/wp-content\/uploads\/2024\/11\/ESCUDO-LAJA-LETRAS-BLANCAS-LOGO-WEB.png\",\"contentUrl\":\"https:\/\/munilaja.cl\/w\/wp-content\/uploads\/2024\/11\/ESCUDO-LAJA-LETRAS-BLANCAS-LOGO-WEB.png\",\"width\":150,\"height\":150,\"caption\":\"Municipalidad de Laja\"},\"image\":{\"@id\":\"https:\/\/munilaja.cl\/w\/#\/schema\/logo\/image\/\"}},{\"@type\":\"Person\",\"@id\":\"https:\/\/munilaja.cl\/w\/#\/schema\/person\/4650348f4978773bf1c5b31f9c7da744\",\"name\":\"Administrador\",\"url\":\"https:\/\/munilaja.cl\/w\/author\/rssmunilaja\/\"}]}<\/script>\n<!-- \/ Yoast SEO plugin. -->","yoast_head_json":{"title":"ELABORACI\u00d3N DEL PLAN MUNICIPAL DE CULTURA - Municipalidad de Laja","robots":{"index":"index","follow":"follow","max-snippet":"max-snippet:-1","max-image-preview":"max-image-preview:large","max-video-preview":"max-video-preview:-1"},"canonical":"https:\/\/munilaja.cl\/w\/elaboracion-del-plan-municipal-de-cultura\/","og_locale":"es_ES","og_type":"article","og_title":"ELABORACI\u00d3N DEL PLAN MUNICIPAL DE CULTURA - Municipalidad de Laja","og_description":"En el marco de elaboraci\u00f3n de un nuevo plan comunal de cultura que recoja las inquietudes de sus ciudadanos, es que ponemos a disposici\u00f3n la siguiente Encuesta de Participaci\u00f3n y Consumo Cultural para el Plan Municipal de Cultura de Laja 2022-2026 La presente encuesta busca levantar de la comunidad la percepci\u00f3n en materias de participaci\u00f3n [&hellip;]","og_url":"https:\/\/munilaja.cl\/w\/elaboracion-del-plan-municipal-de-cultura\/","og_site_name":"Municipalidad de Laja","article_published_time":"2022-07-10T04:27:17+00:00","article_modified_time":"2022-09-15T11:42:29+00:00","og_image":[{"width":1440,"height":900,"url":"https:\/\/munilaja.cl\/w\/wp-content\/uploads\/2022\/07\/PMC-WEB.jpg","type":"image\/jpeg"}],"author":"Administrador","twitter_card":"summary_large_image","twitter_misc":{"Escrito por":"Administrador","Tiempo de lectura":"1 minuto"},"schema":{"@context":"https:\/\/schema.org","@graph":[{"@type":"Article","@id":"https:\/\/munilaja.cl\/w\/elaboracion-del-plan-municipal-de-cultura\/#article","isPartOf":{"@id":"https:\/\/munilaja.cl\/w\/elaboracion-del-plan-municipal-de-cultura\/"},"author":{"name":"Administrador","@id":"https:\/\/munilaja.cl\/w\/#\/schema\/person\/4650348f4978773bf1c5b31f9c7da744"},"headline":"ELABORACI\u00d3N DEL PLAN MUNICIPAL DE CULTURA","datePublished":"2022-07-10T04:27:17+00:00","dateModified":"2022-09-15T11:42:29+00:00","mainEntityOfPage":{"@id":"https:\/\/munilaja.cl\/w\/elaboracion-del-plan-municipal-de-cultura\/"},"wordCount":111,"publisher":{"@id":"https:\/\/munilaja.cl\/w\/#organization"},"image":{"@id":"https:\/\/munilaja.cl\/w\/elaboracion-del-plan-municipal-de-cultura\/#primaryimage"},"thumbnailUrl":"https:\/\/munilaja.cl\/w\/wp-content\/uploads\/2022\/07\/PMC-WEB.jpg","articleSection":["Cultura"],"inLanguage":"es"},{"@type":"WebPage","@id":"https:\/\/munilaja.cl\/w\/elaboracion-del-plan-municipal-de-cultura\/","url":"https:\/\/munilaja.cl\/w\/elaboracion-del-plan-municipal-de-cultura\/","name":"ELABORACI\u00d3N DEL PLAN MUNICIPAL DE CULTURA - Municipalidad de Laja","isPartOf":{"@id":"https:\/\/munilaja.cl\/w\/#website"},"primaryImageOfPage":{"@id":"https:\/\/munilaja.cl\/w\/elaboracion-del-plan-municipal-de-cultura\/#primaryimage"},"image":{"@id":"https:\/\/munilaja.cl\/w\/elaboracion-del-plan-municipal-de-cultura\/#primaryimage"},"thumbnailUrl":"https:\/\/munilaja.cl\/w\/wp-content\/uploads\/2022\/07\/PMC-WEB.jpg","datePublished":"2022-07-10T04:27:17+00:00","dateModified":"2022-09-15T11:42:29+00:00","breadcrumb":{"@id":"https:\/\/munilaja.cl\/w\/elaboracion-del-plan-municipal-de-cultura\/#breadcrumb"},"inLanguage":"es","potentialAction":[{"@type":"ReadAction","target":["https:\/\/munilaja.cl\/w\/elaboracion-del-plan-municipal-de-cultura\/"]}]},{"@type":"ImageObject","inLanguage":"es","@id":"https:\/\/munilaja.cl\/w\/elaboracion-del-plan-municipal-de-cultura\/#primaryimage","url":"https:\/\/munilaja.cl\/w\/wp-content\/uploads\/2022\/07\/PMC-WEB.jpg","contentUrl":"https:\/\/munilaja.cl\/w\/wp-content\/uploads\/2022\/07\/PMC-WEB.jpg","width":1440,"height":900},{"@type":"BreadcrumbList","@id":"https:\/\/munilaja.cl\/w\/elaboracion-del-plan-municipal-de-cultura\/#breadcrumb","itemListElement":[{"@type":"ListItem","position":1,"name":"Portada","item":"https:\/\/munilaja.cl\/w\/"},{"@type":"ListItem","position":2,"name":"ELABORACI\u00d3N DEL PLAN MUNICIPAL DE CULTURA"}]},{"@type":"WebSite","@id":"https:\/\/munilaja.cl\/w\/#website","url":"https:\/\/munilaja.cl\/w\/","name":"Municipalidad de Laja","description":"Web Municipal","publisher":{"@id":"https:\/\/munilaja.cl\/w\/#organization"},"potentialAction":[{"@type":"SearchAction","target":{"@type":"EntryPoint","urlTemplate":"https:\/\/munilaja.cl\/w\/?s={search_term_string}"},"query-input":{"@type":"PropertyValueSpecification","valueRequired":true,"valueName":"search_term_string"}}],"inLanguage":"es"},{"@type":"Organization","@id":"https:\/\/munilaja.cl\/w\/#organization","name":"Municipalidad de Laja","url":"https:\/\/munilaja.cl\/w\/","logo":{"@type":"ImageObject","inLanguage":"es","@id":"https:\/\/munilaja.cl\/w\/#\/schema\/logo\/image\/","url":"https:\/\/munilaja.cl\/w\/wp-content\/uploads\/2024\/11\/ESCUDO-LAJA-LETRAS-BLANCAS-LOGO-WEB.png","contentUrl":"https:\/\/munilaja.cl\/w\/wp-content\/uploads\/2024\/11\/ESCUDO-LAJA-LETRAS-BLANCAS-LOGO-WEB.png","width":150,"height":150,"caption":"Municipalidad de Laja"},"image":{"@id":"https:\/\/munilaja.cl\/w\/#\/schema\/logo\/image\/"}},{"@type":"Person","@id":"https:\/\/munilaja.cl\/w\/#\/schema\/person\/4650348f4978773bf1c5b31f9c7da744","name":"Administrador","url":"https:\/\/munilaja.cl\/w\/author\/rssmunilaja\/"}]}},"_links":{"self":[{"href":"https:\/\/munilaja.cl\/w\/wp-json\/wp\/v2\/posts\/59799"}],"collection":[{"href":"https:\/\/munilaja.cl\/w\/wp-json\/wp\/v2\/posts"}],"about":[{"href":"https:\/\/munilaja.cl\/w\/wp-json\/wp\/v2\/types\/post"}],"author":[{"embeddable":true,"href":"https:\/\/munilaja.cl\/w\/wp-json\/wp\/v2\/users\/11"}],"replies":[{"embeddable":true,"href":"https:\/\/munilaja.cl\/w\/wp-json\/wp\/v2\/comments?post=59799"}],"version-history":[{"count":1,"href":"https:\/\/munilaja.cl\/w\/wp-json\/wp\/v2\/posts\/59799\/revisions"}],"predecessor-version":[{"id":59802,"href":"https:\/\/munilaja.cl\/w\/wp-json\/wp\/v2\/posts\/59799\/revisions\/59802"}],"wp:featuredmedia":[{"embeddable":true,"href":"https:\/\/munilaja.cl\/w\/wp-json\/wp\/v2\/media\/59800"}],"wp:attachment":[{"href":"https:\/\/munilaja.cl\/w\/wp-json\/wp\/v2\/media?parent=59799"}],"wp:term":[{"taxonomy":"category","embeddable":true,"href":"https:\/\/munilaja.cl\/w\/wp-json\/wp\/v2\/categories?post=59799"},{"taxonomy":"post_tag","embeddable":true,"href":"https:\/\/munilaja.cl\/w\/wp-json\/wp\/v2\/tags?post=59799"}],"curies":[{"name":"wp","href":"https:\/\/api.w.org\/{rel}","templated":true}]}}