{"id":59414,"date":"2022-06-07T17:10:36","date_gmt":"2022-06-07T21:10:36","guid":{"rendered":"http:\/\/munilaja.cl\/w\/?p=59414"},"modified":"2022-09-15T07:58:37","modified_gmt":"2022-09-15T11:58:37","slug":"nuevo-operativo-de-residuos-voluminosos-sabado-11-junio","status":"publish","type":"post","link":"https:\/\/munilaja.cl\/w\/nuevo-operativo-de-residuos-voluminosos-sabado-11-junio\/","title":{"rendered":"NUEVO OPERATIVO DE RESIDUOS VOLUMINOSOS SABADO 11 JUNIO"},"content":{"rendered":"\n<p>PR\u00d3XIMO OPERATIVO DE RESIDUOS VOLUMINOSOS<\/p>\n\n\n\n<p>S\u00c1BADO 11 DE JUNIO<br>09:00 HRS.<\/p>\n\n\n\n<p>SECTORES ?<br>EX-HOSPITAL MATTHEY LAS VI\u00d1AS W. SCHUTZ.<\/p>\n\n\n\n<p>Calle Gabriela Mistral (Desde calle Matthey a las Vi\u00f1as) Baquedano, Blanco Encalada, Pobl. Tarpellanca, Fritz, Las Vi\u00f1as, Las Encinas, Los Boldos, Los Aromos, Los Cerezos, Molina, El Mirador.<\/p>\n\n\n\n<p>Importante \u2622\ufe0f<br>Los enseres deben quedar fuera del domicilio<br>No se retirar\u00e1n escombros y residuos peligrosos como asbesto y otros.<\/p>\n\n\n\n<figure class=\"wp-block-image size-full\"><a href=\"https:\/\/munilaja.cl\/w\/wp-content\/uploads\/2022\/06\/SERVICIO-RECOLECCION-11-JUNIO.jpg\"><img fetchpriority=\"high\" decoding=\"async\" width=\"800\" height=\"800\" src=\"https:\/\/munilaja.cl\/w\/wp-content\/uploads\/2022\/06\/SERVICIO-RECOLECCION-11-JUNIO.jpg\" alt=\"\" class=\"wp-image-59415\" srcset=\"https:\/\/munilaja.cl\/w\/wp-content\/uploads\/2022\/06\/SERVICIO-RECOLECCION-11-JUNIO.jpg 800w, https:\/\/munilaja.cl\/w\/wp-content\/uploads\/2022\/06\/SERVICIO-RECOLECCION-11-JUNIO-300x300.jpg 300w, https:\/\/munilaja.cl\/w\/wp-content\/uploads\/2022\/06\/SERVICIO-RECOLECCION-11-JUNIO-150x150.jpg 150w, https:\/\/munilaja.cl\/w\/wp-content\/uploads\/2022\/06\/SERVICIO-RECOLECCION-11-JUNIO-768x768.jpg 768w\" sizes=\"(max-width: 800px) 100vw, 800px\" \/><\/a><\/figure>\n\n\n","protected":false},"excerpt":{"rendered":"<p>PR\u00d3XIMO OPERATIVO DE RESIDUOS VOLUMINOSOS S\u00c1BADO 11 DE JUNIO09:00 HRS. SECTORES ?EX-HOSPITAL MATTHEY LAS VI\u00d1AS W. SCHUTZ. Calle Gabriela Mistral (Desde calle Matthey a las Vi\u00f1as) Baquedano, Blanco Encalada, Pobl. Tarpellanca, Fritz, Las Vi\u00f1as, Las Encinas, Los Boldos, Los Aromos, Los Cerezos, Molina, El Mirador. Importante \u2622\ufe0fLos enseres deben quedar fuera del domicilioNo se retirar\u00e1n [&hellip;]<\/p>\n","protected":false},"author":11,"featured_media":59416,"comment_status":"closed","ping_status":"closed","sticky":false,"template":"","format":"image","meta":{"zakra_sidebar_layout":"customizer","zakra_remove_content_margin":false,"zakra_sidebar":"customizer","zakra_transparent_header":"customizer","zakra_logo":0,"zakra_main_header_style":"default","zakra_menu_item_color":"","zakra_menu_item_hover_color":"","zakra_menu_item_active_color":"","zakra_menu_active_style":"zakra_menu_active_style","zakra_page_header":true,"footnotes":""},"categories":[17],"tags":[],"class_list":["post-59414","post","type-post","status-publish","format-image","has-post-thumbnail","hentry","category-servicio-a-la-comunidad","post_format-post-format-image"],"yoast_head":"<!-- This site is optimized with the Yoast SEO plugin v24.0 - https:\/\/yoast.com\/wordpress\/plugins\/seo\/ -->\n<title>NUEVO OPERATIVO DE RESIDUOS VOLUMINOSOS SABADO 11 JUNIO - Municipalidad de Laja<\/title>\n<meta name=\"robots\" content=\"index, follow, max-snippet:-1, max-image-preview:large, max-video-preview:-1\" \/>\n<link rel=\"canonical\" href=\"https:\/\/munilaja.cl\/w\/nuevo-operativo-de-residuos-voluminosos-sabado-11-junio\/\" \/>\n<meta property=\"og:locale\" content=\"es_ES\" \/>\n<meta property=\"og:type\" content=\"article\" \/>\n<meta property=\"og:title\" content=\"NUEVO OPERATIVO DE RESIDUOS VOLUMINOSOS SABADO 11 JUNIO - Municipalidad de Laja\" \/>\n<meta property=\"og:description\" content=\"PR\u00d3XIMO OPERATIVO DE RESIDUOS VOLUMINOSOS S\u00c1BADO 11 DE JUNIO09:00 HRS. SECTORES ?EX-HOSPITAL MATTHEY LAS VI\u00d1AS W. SCHUTZ. Calle Gabriela Mistral (Desde calle Matthey a las Vi\u00f1as) Baquedano, Blanco Encalada, Pobl. Tarpellanca, Fritz, Las Vi\u00f1as, Las Encinas, Los Boldos, Los Aromos, Los Cerezos, Molina, El Mirador. Importante \u2622\ufe0fLos enseres deben quedar fuera del domicilioNo se retirar\u00e1n [&hellip;]\" \/>\n<meta property=\"og:url\" content=\"https:\/\/munilaja.cl\/w\/nuevo-operativo-de-residuos-voluminosos-sabado-11-junio\/\" \/>\n<meta property=\"og:site_name\" content=\"Municipalidad de Laja\" \/>\n<meta property=\"article:published_time\" content=\"2022-06-07T21:10:36+00:00\" \/>\n<meta property=\"article:modified_time\" content=\"2022-09-15T11:58:37+00:00\" \/>\n<meta property=\"og:image\" content=\"https:\/\/munilaja.cl\/w\/wp-content\/uploads\/2022\/06\/SERVICIO-RECOLECCION-WEB.jpg\" \/>\n\t<meta property=\"og:image:width\" content=\"800\" \/>\n\t<meta property=\"og:image:height\" content=\"500\" \/>\n\t<meta property=\"og:image:type\" content=\"image\/jpeg\" \/>\n<meta name=\"author\" content=\"Administrador\" \/>\n<meta name=\"twitter:card\" content=\"summary_large_image\" \/>\n<meta name=\"twitter:label1\" content=\"Escrito por\" \/>\n\t<meta name=\"twitter:data1\" content=\"Administrador\" \/>\n<script type=\"application\/ld+json\" class=\"yoast-schema-graph\">{\"@context\":\"https:\/\/schema.org\",\"@graph\":[{\"@type\":\"Article\",\"@id\":\"https:\/\/munilaja.cl\/w\/nuevo-operativo-de-residuos-voluminosos-sabado-11-junio\/#article\",\"isPartOf\":{\"@id\":\"https:\/\/munilaja.cl\/w\/nuevo-operativo-de-residuos-voluminosos-sabado-11-junio\/\"},\"author\":{\"name\":\"Administrador\",\"@id\":\"https:\/\/munilaja.cl\/w\/#\/schema\/person\/4650348f4978773bf1c5b31f9c7da744\"},\"headline\":\"NUEVO OPERATIVO DE RESIDUOS VOLUMINOSOS SABADO 11 JUNIO\",\"datePublished\":\"2022-06-07T21:10:36+00:00\",\"dateModified\":\"2022-09-15T11:58:37+00:00\",\"mainEntityOfPage\":{\"@id\":\"https:\/\/munilaja.cl\/w\/nuevo-operativo-de-residuos-voluminosos-sabado-11-junio\/\"},\"wordCount\":75,\"publisher\":{\"@id\":\"https:\/\/munilaja.cl\/w\/#organization\"},\"image\":{\"@id\":\"https:\/\/munilaja.cl\/w\/nuevo-operativo-de-residuos-voluminosos-sabado-11-junio\/#primaryimage\"},\"thumbnailUrl\":\"https:\/\/munilaja.cl\/w\/wp-content\/uploads\/2022\/06\/SERVICIO-RECOLECCION-WEB.jpg\",\"articleSection\":[\"Servicio a la comunidad\"],\"inLanguage\":\"es\"},{\"@type\":\"WebPage\",\"@id\":\"https:\/\/munilaja.cl\/w\/nuevo-operativo-de-residuos-voluminosos-sabado-11-junio\/\",\"url\":\"https:\/\/munilaja.cl\/w\/nuevo-operativo-de-residuos-voluminosos-sabado-11-junio\/\",\"name\":\"NUEVO OPERATIVO DE RESIDUOS VOLUMINOSOS SABADO 11 JUNIO - Municipalidad de Laja\",\"isPartOf\":{\"@id\":\"https:\/\/munilaja.cl\/w\/#website\"},\"primaryImageOfPage\":{\"@id\":\"https:\/\/munilaja.cl\/w\/nuevo-operativo-de-residuos-voluminosos-sabado-11-junio\/#primaryimage\"},\"image\":{\"@id\":\"https:\/\/munilaja.cl\/w\/nuevo-operativo-de-residuos-voluminosos-sabado-11-junio\/#primaryimage\"},\"thumbnailUrl\":\"https:\/\/munilaja.cl\/w\/wp-content\/uploads\/2022\/06\/SERVICIO-RECOLECCION-WEB.jpg\",\"datePublished\":\"2022-06-07T21:10:36+00:00\",\"dateModified\":\"2022-09-15T11:58:37+00:00\",\"breadcrumb\":{\"@id\":\"https:\/\/munilaja.cl\/w\/nuevo-operativo-de-residuos-voluminosos-sabado-11-junio\/#breadcrumb\"},\"inLanguage\":\"es\",\"potentialAction\":[{\"@type\":\"ReadAction\",\"target\":[\"https:\/\/munilaja.cl\/w\/nuevo-operativo-de-residuos-voluminosos-sabado-11-junio\/\"]}]},{\"@type\":\"ImageObject\",\"inLanguage\":\"es\",\"@id\":\"https:\/\/munilaja.cl\/w\/nuevo-operativo-de-residuos-voluminosos-sabado-11-junio\/#primaryimage\",\"url\":\"https:\/\/munilaja.cl\/w\/wp-content\/uploads\/2022\/06\/SERVICIO-RECOLECCION-WEB.jpg\",\"contentUrl\":\"https:\/\/munilaja.cl\/w\/wp-content\/uploads\/2022\/06\/SERVICIO-RECOLECCION-WEB.jpg\",\"width\":800,\"height\":500},{\"@type\":\"BreadcrumbList\",\"@id\":\"https:\/\/munilaja.cl\/w\/nuevo-operativo-de-residuos-voluminosos-sabado-11-junio\/#breadcrumb\",\"itemListElement\":[{\"@type\":\"ListItem\",\"position\":1,\"name\":\"Portada\",\"item\":\"https:\/\/munilaja.cl\/w\/\"},{\"@type\":\"ListItem\",\"position\":2,\"name\":\"NUEVO OPERATIVO DE RESIDUOS VOLUMINOSOS SABADO 11 JUNIO\"}]},{\"@type\":\"WebSite\",\"@id\":\"https:\/\/munilaja.cl\/w\/#website\",\"url\":\"https:\/\/munilaja.cl\/w\/\",\"name\":\"Municipalidad de Laja\",\"description\":\"Web Municipal\",\"publisher\":{\"@id\":\"https:\/\/munilaja.cl\/w\/#organization\"},\"potentialAction\":[{\"@type\":\"SearchAction\",\"target\":{\"@type\":\"EntryPoint\",\"urlTemplate\":\"https:\/\/munilaja.cl\/w\/?s={search_term_string}\"},\"query-input\":{\"@type\":\"PropertyValueSpecification\",\"valueRequired\":true,\"valueName\":\"search_term_string\"}}],\"inLanguage\":\"es\"},{\"@type\":\"Organization\",\"@id\":\"https:\/\/munilaja.cl\/w\/#organization\",\"name\":\"Municipalidad de Laja\",\"url\":\"https:\/\/munilaja.cl\/w\/\",\"logo\":{\"@type\":\"ImageObject\",\"inLanguage\":\"es\",\"@id\":\"https:\/\/munilaja.cl\/w\/#\/schema\/logo\/image\/\",\"url\":\"https:\/\/munilaja.cl\/w\/wp-content\/uploads\/2024\/11\/ESCUDO-LAJA-LETRAS-BLANCAS-LOGO-WEB.png\",\"contentUrl\":\"https:\/\/munilaja.cl\/w\/wp-content\/uploads\/2024\/11\/ESCUDO-LAJA-LETRAS-BLANCAS-LOGO-WEB.png\",\"width\":150,\"height\":150,\"caption\":\"Municipalidad de Laja\"},\"image\":{\"@id\":\"https:\/\/munilaja.cl\/w\/#\/schema\/logo\/image\/\"}},{\"@type\":\"Person\",\"@id\":\"https:\/\/munilaja.cl\/w\/#\/schema\/person\/4650348f4978773bf1c5b31f9c7da744\",\"name\":\"Administrador\",\"url\":\"https:\/\/munilaja.cl\/w\/author\/rssmunilaja\/\"}]}<\/script>\n<!-- \/ Yoast SEO plugin. -->","yoast_head_json":{"title":"NUEVO OPERATIVO DE RESIDUOS VOLUMINOSOS SABADO 11 JUNIO - Municipalidad de Laja","robots":{"index":"index","follow":"follow","max-snippet":"max-snippet:-1","max-image-preview":"max-image-preview:large","max-video-preview":"max-video-preview:-1"},"canonical":"https:\/\/munilaja.cl\/w\/nuevo-operativo-de-residuos-voluminosos-sabado-11-junio\/","og_locale":"es_ES","og_type":"article","og_title":"NUEVO OPERATIVO DE RESIDUOS VOLUMINOSOS SABADO 11 JUNIO - Municipalidad de Laja","og_description":"PR\u00d3XIMO OPERATIVO DE RESIDUOS VOLUMINOSOS S\u00c1BADO 11 DE JUNIO09:00 HRS. SECTORES ?EX-HOSPITAL MATTHEY LAS VI\u00d1AS W. SCHUTZ. Calle Gabriela Mistral (Desde calle Matthey a las Vi\u00f1as) Baquedano, Blanco Encalada, Pobl. Tarpellanca, Fritz, Las Vi\u00f1as, Las Encinas, Los Boldos, Los Aromos, Los Cerezos, Molina, El Mirador. Importante \u2622\ufe0fLos enseres deben quedar fuera del domicilioNo se retirar\u00e1n [&hellip;]","og_url":"https:\/\/munilaja.cl\/w\/nuevo-operativo-de-residuos-voluminosos-sabado-11-junio\/","og_site_name":"Municipalidad de Laja","article_published_time":"2022-06-07T21:10:36+00:00","article_modified_time":"2022-09-15T11:58:37+00:00","og_image":[{"width":800,"height":500,"url":"https:\/\/munilaja.cl\/w\/wp-content\/uploads\/2022\/06\/SERVICIO-RECOLECCION-WEB.jpg","type":"image\/jpeg"}],"author":"Administrador","twitter_card":"summary_large_image","twitter_misc":{"Escrito por":"Administrador"},"schema":{"@context":"https:\/\/schema.org","@graph":[{"@type":"Article","@id":"https:\/\/munilaja.cl\/w\/nuevo-operativo-de-residuos-voluminosos-sabado-11-junio\/#article","isPartOf":{"@id":"https:\/\/munilaja.cl\/w\/nuevo-operativo-de-residuos-voluminosos-sabado-11-junio\/"},"author":{"name":"Administrador","@id":"https:\/\/munilaja.cl\/w\/#\/schema\/person\/4650348f4978773bf1c5b31f9c7da744"},"headline":"NUEVO OPERATIVO DE RESIDUOS VOLUMINOSOS SABADO 11 JUNIO","datePublished":"2022-06-07T21:10:36+00:00","dateModified":"2022-09-15T11:58:37+00:00","mainEntityOfPage":{"@id":"https:\/\/munilaja.cl\/w\/nuevo-operativo-de-residuos-voluminosos-sabado-11-junio\/"},"wordCount":75,"publisher":{"@id":"https:\/\/munilaja.cl\/w\/#organization"},"image":{"@id":"https:\/\/munilaja.cl\/w\/nuevo-operativo-de-residuos-voluminosos-sabado-11-junio\/#primaryimage"},"thumbnailUrl":"https:\/\/munilaja.cl\/w\/wp-content\/uploads\/2022\/06\/SERVICIO-RECOLECCION-WEB.jpg","articleSection":["Servicio a la comunidad"],"inLanguage":"es"},{"@type":"WebPage","@id":"https:\/\/munilaja.cl\/w\/nuevo-operativo-de-residuos-voluminosos-sabado-11-junio\/","url":"https:\/\/munilaja.cl\/w\/nuevo-operativo-de-residuos-voluminosos-sabado-11-junio\/","name":"NUEVO OPERATIVO DE RESIDUOS VOLUMINOSOS SABADO 11 JUNIO - Municipalidad de Laja","isPartOf":{"@id":"https:\/\/munilaja.cl\/w\/#website"},"primaryImageOfPage":{"@id":"https:\/\/munilaja.cl\/w\/nuevo-operativo-de-residuos-voluminosos-sabado-11-junio\/#primaryimage"},"image":{"@id":"https:\/\/munilaja.cl\/w\/nuevo-operativo-de-residuos-voluminosos-sabado-11-junio\/#primaryimage"},"thumbnailUrl":"https:\/\/munilaja.cl\/w\/wp-content\/uploads\/2022\/06\/SERVICIO-RECOLECCION-WEB.jpg","datePublished":"2022-06-07T21:10:36+00:00","dateModified":"2022-09-15T11:58:37+00:00","breadcrumb":{"@id":"https:\/\/munilaja.cl\/w\/nuevo-operativo-de-residuos-voluminosos-sabado-11-junio\/#breadcrumb"},"inLanguage":"es","potentialAction":[{"@type":"ReadAction","target":["https:\/\/munilaja.cl\/w\/nuevo-operativo-de-residuos-voluminosos-sabado-11-junio\/"]}]},{"@type":"ImageObject","inLanguage":"es","@id":"https:\/\/munilaja.cl\/w\/nuevo-operativo-de-residuos-voluminosos-sabado-11-junio\/#primaryimage","url":"https:\/\/munilaja.cl\/w\/wp-content\/uploads\/2022\/06\/SERVICIO-RECOLECCION-WEB.jpg","contentUrl":"https:\/\/munilaja.cl\/w\/wp-content\/uploads\/2022\/06\/SERVICIO-RECOLECCION-WEB.jpg","width":800,"height":500},{"@type":"BreadcrumbList","@id":"https:\/\/munilaja.cl\/w\/nuevo-operativo-de-residuos-voluminosos-sabado-11-junio\/#breadcrumb","itemListElement":[{"@type":"ListItem","position":1,"name":"Portada","item":"https:\/\/munilaja.cl\/w\/"},{"@type":"ListItem","position":2,"name":"NUEVO OPERATIVO DE RESIDUOS VOLUMINOSOS SABADO 11 JUNIO"}]},{"@type":"WebSite","@id":"https:\/\/munilaja.cl\/w\/#website","url":"https:\/\/munilaja.cl\/w\/","name":"Municipalidad de Laja","description":"Web Municipal","publisher":{"@id":"https:\/\/munilaja.cl\/w\/#organization"},"potentialAction":[{"@type":"SearchAction","target":{"@type":"EntryPoint","urlTemplate":"https:\/\/munilaja.cl\/w\/?s={search_term_string}"},"query-input":{"@type":"PropertyValueSpecification","valueRequired":true,"valueName":"search_term_string"}}],"inLanguage":"es"},{"@type":"Organization","@id":"https:\/\/munilaja.cl\/w\/#organization","name":"Municipalidad de Laja","url":"https:\/\/munilaja.cl\/w\/","logo":{"@type":"ImageObject","inLanguage":"es","@id":"https:\/\/munilaja.cl\/w\/#\/schema\/logo\/image\/","url":"https:\/\/munilaja.cl\/w\/wp-content\/uploads\/2024\/11\/ESCUDO-LAJA-LETRAS-BLANCAS-LOGO-WEB.png","contentUrl":"https:\/\/munilaja.cl\/w\/wp-content\/uploads\/2024\/11\/ESCUDO-LAJA-LETRAS-BLANCAS-LOGO-WEB.png","width":150,"height":150,"caption":"Municipalidad de Laja"},"image":{"@id":"https:\/\/munilaja.cl\/w\/#\/schema\/logo\/image\/"}},{"@type":"Person","@id":"https:\/\/munilaja.cl\/w\/#\/schema\/person\/4650348f4978773bf1c5b31f9c7da744","name":"Administrador","url":"https:\/\/munilaja.cl\/w\/author\/rssmunilaja\/"}]}},"_links":{"self":[{"href":"https:\/\/munilaja.cl\/w\/wp-json\/wp\/v2\/posts\/59414"}],"collection":[{"href":"https:\/\/munilaja.cl\/w\/wp-json\/wp\/v2\/posts"}],"about":[{"href":"https:\/\/munilaja.cl\/w\/wp-json\/wp\/v2\/types\/post"}],"author":[{"embeddable":true,"href":"https:\/\/munilaja.cl\/w\/wp-json\/wp\/v2\/users\/11"}],"replies":[{"embeddable":true,"href":"https:\/\/munilaja.cl\/w\/wp-json\/wp\/v2\/comments?post=59414"}],"version-history":[{"count":1,"href":"https:\/\/munilaja.cl\/w\/wp-json\/wp\/v2\/posts\/59414\/revisions"}],"predecessor-version":[{"id":59417,"href":"https:\/\/munilaja.cl\/w\/wp-json\/wp\/v2\/posts\/59414\/revisions\/59417"}],"wp:featuredmedia":[{"embeddable":true,"href":"https:\/\/munilaja.cl\/w\/wp-json\/wp\/v2\/media\/59416"}],"wp:attachment":[{"href":"https:\/\/munilaja.cl\/w\/wp-json\/wp\/v2\/media?parent=59414"}],"wp:term":[{"taxonomy":"category","embeddable":true,"href":"https:\/\/munilaja.cl\/w\/wp-json\/wp\/v2\/categories?post=59414"},{"taxonomy":"post_tag","embeddable":true,"href":"https:\/\/munilaja.cl\/w\/wp-json\/wp\/v2\/tags?post=59414"}],"curies":[{"name":"wp","href":"https:\/\/api.w.org\/{rel}","templated":true}]}}