{"id":57666,"date":"2021-12-14T11:31:22","date_gmt":"2021-12-14T15:31:22","guid":{"rendered":"https:\/\/munilaja.cl\/w\/?p=57666"},"modified":"2021-12-14T11:31:24","modified_gmt":"2021-12-14T15:31:24","slug":"operativo-mascota-protegida-nueva-jornada-en-plaza-de-laja","status":"publish","type":"post","link":"https:\/\/munilaja.cl\/w\/operativo-mascota-protegida-nueva-jornada-en-plaza-de-laja\/","title":{"rendered":"Operativo Mascota Protegida: Nueva jornada en Plaza de Laja"},"content":{"rendered":"\n<p>Este 15 de diciembre se realizar\u00e1 una nueva versi\u00f3n del operativo que ha congregado a decenas de mascotas en las \u00faltimas semanas y que se enmarca dentro de un programa de Subdere.<\/p>\n\n\n\n<p>La atenci\u00f3n, considera vacunaci\u00f3n sextuple, desparasitaci\u00f3n y registro con microchip para 50 mascotas. <\/p>\n\n\n\n<p>Los horarios de atenci\u00f3n ser\u00e1n de ma\u00f1ana y tarde. A partir de las 9:00 a 13:30 horas y luego desde las 14:30 a 15:30 horas. Importante que los vecinos lleguen dentro del horario para acelerar el proceso.<\/p>\n\n\n\n<p><\/p>\n\n\n\n<p>A continuaci\u00f3n te dejamos todos los requisitos para ser parte de esta iniciativa: <\/p>\n\n\n\n<figure class=\"wp-block-image size-large is-resized\"><a href=\"https:\/\/munilaja.cl\/w\/wp-content\/uploads\/2021\/12\/nueva-macota-proteginda2.jpg\"><img fetchpriority=\"high\" decoding=\"async\" src=\"https:\/\/munilaja.cl\/w\/wp-content\/uploads\/2021\/12\/nueva-macota-proteginda2-1024x1024.jpg\" alt=\"\" class=\"wp-image-57667\" width=\"454\" height=\"454\" srcset=\"https:\/\/munilaja.cl\/w\/wp-content\/uploads\/2021\/12\/nueva-macota-proteginda2-1024x1024.jpg 1024w, https:\/\/munilaja.cl\/w\/wp-content\/uploads\/2021\/12\/nueva-macota-proteginda2-300x300.jpg 300w, https:\/\/munilaja.cl\/w\/wp-content\/uploads\/2021\/12\/nueva-macota-proteginda2-150x150.jpg 150w, https:\/\/munilaja.cl\/w\/wp-content\/uploads\/2021\/12\/nueva-macota-proteginda2-768x768.jpg 768w, https:\/\/munilaja.cl\/w\/wp-content\/uploads\/2021\/12\/nueva-macota-proteginda2-1536x1536.jpg 1536w, https:\/\/munilaja.cl\/w\/wp-content\/uploads\/2021\/12\/nueva-macota-proteginda2.jpg 1772w\" sizes=\"(max-width: 454px) 100vw, 454px\" \/><\/a><\/figure>\n\n\n\n<p><\/p>\n\n\n","protected":false},"excerpt":{"rendered":"<p>Este 15 de diciembre se realizar\u00e1 una nueva versi\u00f3n del operativo que ha congregado a decenas de mascotas en las \u00faltimas semanas y que se enmarca dentro de un programa de Subdere. La atenci\u00f3n, considera vacunaci\u00f3n sextuple, desparasitaci\u00f3n y registro con microchip para 50 mascotas. Los horarios de atenci\u00f3n ser\u00e1n de ma\u00f1ana y tarde. A [&hellip;]<\/p>\n","protected":false},"author":11,"featured_media":57668,"comment_status":"closed","ping_status":"closed","sticky":false,"template":"","format":"image","meta":{"zakra_sidebar_layout":"customizer","zakra_remove_content_margin":false,"zakra_sidebar":"customizer","zakra_transparent_header":"customizer","zakra_logo":0,"zakra_main_header_style":"default","zakra_menu_item_color":"","zakra_menu_item_hover_color":"","zakra_menu_item_active_color":"","zakra_menu_active_style":"zakra_menu_active_style","zakra_page_header":true,"footnotes":""},"categories":[17],"tags":[],"class_list":["post-57666","post","type-post","status-publish","format-image","has-post-thumbnail","hentry","category-servicio-a-la-comunidad","post_format-post-format-image"],"yoast_head":"<!-- This site is optimized with the Yoast SEO plugin v24.0 - https:\/\/yoast.com\/wordpress\/plugins\/seo\/ -->\n<title>Operativo Mascota Protegida: Nueva jornada en Plaza de Laja - Municipalidad de Laja<\/title>\n<meta name=\"robots\" content=\"index, follow, max-snippet:-1, max-image-preview:large, max-video-preview:-1\" \/>\n<link rel=\"canonical\" href=\"https:\/\/munilaja.cl\/w\/operativo-mascota-protegida-nueva-jornada-en-plaza-de-laja\/\" \/>\n<meta property=\"og:locale\" content=\"es_ES\" \/>\n<meta property=\"og:type\" content=\"article\" \/>\n<meta property=\"og:title\" content=\"Operativo Mascota Protegida: Nueva jornada en Plaza de Laja - Municipalidad de Laja\" \/>\n<meta property=\"og:description\" content=\"Este 15 de diciembre se realizar\u00e1 una nueva versi\u00f3n del operativo que ha congregado a decenas de mascotas en las \u00faltimas semanas y que se enmarca dentro de un programa de Subdere. La atenci\u00f3n, considera vacunaci\u00f3n sextuple, desparasitaci\u00f3n y registro con microchip para 50 mascotas. Los horarios de atenci\u00f3n ser\u00e1n de ma\u00f1ana y tarde. A [&hellip;]\" \/>\n<meta property=\"og:url\" content=\"https:\/\/munilaja.cl\/w\/operativo-mascota-protegida-nueva-jornada-en-plaza-de-laja\/\" \/>\n<meta property=\"og:site_name\" content=\"Municipalidad de Laja\" \/>\n<meta property=\"article:published_time\" content=\"2021-12-14T15:31:22+00:00\" \/>\n<meta property=\"article:modified_time\" content=\"2021-12-14T15:31:24+00:00\" \/>\n<meta property=\"og:image\" content=\"https:\/\/munilaja.cl\/w\/wp-content\/uploads\/2021\/12\/DESDE-LAS-900-A-1330.png\" \/>\n\t<meta property=\"og:image:width\" content=\"1080\" \/>\n\t<meta property=\"og:image:height\" content=\"1080\" \/>\n\t<meta property=\"og:image:type\" content=\"image\/png\" \/>\n<meta name=\"author\" content=\"Administrador\" \/>\n<meta name=\"twitter:card\" content=\"summary_large_image\" \/>\n<meta name=\"twitter:label1\" content=\"Escrito por\" \/>\n\t<meta name=\"twitter:data1\" content=\"Administrador\" \/>\n<script type=\"application\/ld+json\" class=\"yoast-schema-graph\">{\"@context\":\"https:\/\/schema.org\",\"@graph\":[{\"@type\":\"Article\",\"@id\":\"https:\/\/munilaja.cl\/w\/operativo-mascota-protegida-nueva-jornada-en-plaza-de-laja\/#article\",\"isPartOf\":{\"@id\":\"https:\/\/munilaja.cl\/w\/operativo-mascota-protegida-nueva-jornada-en-plaza-de-laja\/\"},\"author\":{\"name\":\"Administrador\",\"@id\":\"https:\/\/munilaja.cl\/w\/#\/schema\/person\/4650348f4978773bf1c5b31f9c7da744\"},\"headline\":\"Operativo Mascota Protegida: Nueva jornada en Plaza de Laja\",\"datePublished\":\"2021-12-14T15:31:22+00:00\",\"dateModified\":\"2021-12-14T15:31:24+00:00\",\"mainEntityOfPage\":{\"@id\":\"https:\/\/munilaja.cl\/w\/operativo-mascota-protegida-nueva-jornada-en-plaza-de-laja\/\"},\"wordCount\":106,\"publisher\":{\"@id\":\"https:\/\/munilaja.cl\/w\/#organization\"},\"image\":{\"@id\":\"https:\/\/munilaja.cl\/w\/operativo-mascota-protegida-nueva-jornada-en-plaza-de-laja\/#primaryimage\"},\"thumbnailUrl\":\"https:\/\/munilaja.cl\/w\/wp-content\/uploads\/2021\/12\/DESDE-LAS-900-A-1330.png\",\"articleSection\":[\"Servicio a la comunidad\"],\"inLanguage\":\"es\"},{\"@type\":\"WebPage\",\"@id\":\"https:\/\/munilaja.cl\/w\/operativo-mascota-protegida-nueva-jornada-en-plaza-de-laja\/\",\"url\":\"https:\/\/munilaja.cl\/w\/operativo-mascota-protegida-nueva-jornada-en-plaza-de-laja\/\",\"name\":\"Operativo Mascota Protegida: Nueva jornada en Plaza de Laja - Municipalidad de Laja\",\"isPartOf\":{\"@id\":\"https:\/\/munilaja.cl\/w\/#website\"},\"primaryImageOfPage\":{\"@id\":\"https:\/\/munilaja.cl\/w\/operativo-mascota-protegida-nueva-jornada-en-plaza-de-laja\/#primaryimage\"},\"image\":{\"@id\":\"https:\/\/munilaja.cl\/w\/operativo-mascota-protegida-nueva-jornada-en-plaza-de-laja\/#primaryimage\"},\"thumbnailUrl\":\"https:\/\/munilaja.cl\/w\/wp-content\/uploads\/2021\/12\/DESDE-LAS-900-A-1330.png\",\"datePublished\":\"2021-12-14T15:31:22+00:00\",\"dateModified\":\"2021-12-14T15:31:24+00:00\",\"breadcrumb\":{\"@id\":\"https:\/\/munilaja.cl\/w\/operativo-mascota-protegida-nueva-jornada-en-plaza-de-laja\/#breadcrumb\"},\"inLanguage\":\"es\",\"potentialAction\":[{\"@type\":\"ReadAction\",\"target\":[\"https:\/\/munilaja.cl\/w\/operativo-mascota-protegida-nueva-jornada-en-plaza-de-laja\/\"]}]},{\"@type\":\"ImageObject\",\"inLanguage\":\"es\",\"@id\":\"https:\/\/munilaja.cl\/w\/operativo-mascota-protegida-nueva-jornada-en-plaza-de-laja\/#primaryimage\",\"url\":\"https:\/\/munilaja.cl\/w\/wp-content\/uploads\/2021\/12\/DESDE-LAS-900-A-1330.png\",\"contentUrl\":\"https:\/\/munilaja.cl\/w\/wp-content\/uploads\/2021\/12\/DESDE-LAS-900-A-1330.png\",\"width\":1080,\"height\":1080},{\"@type\":\"BreadcrumbList\",\"@id\":\"https:\/\/munilaja.cl\/w\/operativo-mascota-protegida-nueva-jornada-en-plaza-de-laja\/#breadcrumb\",\"itemListElement\":[{\"@type\":\"ListItem\",\"position\":1,\"name\":\"Portada\",\"item\":\"https:\/\/munilaja.cl\/w\/\"},{\"@type\":\"ListItem\",\"position\":2,\"name\":\"Operativo Mascota Protegida: Nueva jornada en Plaza de Laja\"}]},{\"@type\":\"WebSite\",\"@id\":\"https:\/\/munilaja.cl\/w\/#website\",\"url\":\"https:\/\/munilaja.cl\/w\/\",\"name\":\"Municipalidad de Laja\",\"description\":\"Web Municipal\",\"publisher\":{\"@id\":\"https:\/\/munilaja.cl\/w\/#organization\"},\"potentialAction\":[{\"@type\":\"SearchAction\",\"target\":{\"@type\":\"EntryPoint\",\"urlTemplate\":\"https:\/\/munilaja.cl\/w\/?s={search_term_string}\"},\"query-input\":{\"@type\":\"PropertyValueSpecification\",\"valueRequired\":true,\"valueName\":\"search_term_string\"}}],\"inLanguage\":\"es\"},{\"@type\":\"Organization\",\"@id\":\"https:\/\/munilaja.cl\/w\/#organization\",\"name\":\"Municipalidad de Laja\",\"url\":\"https:\/\/munilaja.cl\/w\/\",\"logo\":{\"@type\":\"ImageObject\",\"inLanguage\":\"es\",\"@id\":\"https:\/\/munilaja.cl\/w\/#\/schema\/logo\/image\/\",\"url\":\"https:\/\/munilaja.cl\/w\/wp-content\/uploads\/2024\/11\/ESCUDO-LAJA-LETRAS-BLANCAS-LOGO-WEB.png\",\"contentUrl\":\"https:\/\/munilaja.cl\/w\/wp-content\/uploads\/2024\/11\/ESCUDO-LAJA-LETRAS-BLANCAS-LOGO-WEB.png\",\"width\":150,\"height\":150,\"caption\":\"Municipalidad de Laja\"},\"image\":{\"@id\":\"https:\/\/munilaja.cl\/w\/#\/schema\/logo\/image\/\"}},{\"@type\":\"Person\",\"@id\":\"https:\/\/munilaja.cl\/w\/#\/schema\/person\/4650348f4978773bf1c5b31f9c7da744\",\"name\":\"Administrador\",\"url\":\"https:\/\/munilaja.cl\/w\/author\/rssmunilaja\/\"}]}<\/script>\n<!-- \/ Yoast SEO plugin. -->","yoast_head_json":{"title":"Operativo Mascota Protegida: Nueva jornada en Plaza de Laja - Municipalidad de Laja","robots":{"index":"index","follow":"follow","max-snippet":"max-snippet:-1","max-image-preview":"max-image-preview:large","max-video-preview":"max-video-preview:-1"},"canonical":"https:\/\/munilaja.cl\/w\/operativo-mascota-protegida-nueva-jornada-en-plaza-de-laja\/","og_locale":"es_ES","og_type":"article","og_title":"Operativo Mascota Protegida: Nueva jornada en Plaza de Laja - Municipalidad de Laja","og_description":"Este 15 de diciembre se realizar\u00e1 una nueva versi\u00f3n del operativo que ha congregado a decenas de mascotas en las \u00faltimas semanas y que se enmarca dentro de un programa de Subdere. La atenci\u00f3n, considera vacunaci\u00f3n sextuple, desparasitaci\u00f3n y registro con microchip para 50 mascotas. Los horarios de atenci\u00f3n ser\u00e1n de ma\u00f1ana y tarde. A [&hellip;]","og_url":"https:\/\/munilaja.cl\/w\/operativo-mascota-protegida-nueva-jornada-en-plaza-de-laja\/","og_site_name":"Municipalidad de Laja","article_published_time":"2021-12-14T15:31:22+00:00","article_modified_time":"2021-12-14T15:31:24+00:00","og_image":[{"width":1080,"height":1080,"url":"https:\/\/munilaja.cl\/w\/wp-content\/uploads\/2021\/12\/DESDE-LAS-900-A-1330.png","type":"image\/png"}],"author":"Administrador","twitter_card":"summary_large_image","twitter_misc":{"Escrito por":"Administrador"},"schema":{"@context":"https:\/\/schema.org","@graph":[{"@type":"Article","@id":"https:\/\/munilaja.cl\/w\/operativo-mascota-protegida-nueva-jornada-en-plaza-de-laja\/#article","isPartOf":{"@id":"https:\/\/munilaja.cl\/w\/operativo-mascota-protegida-nueva-jornada-en-plaza-de-laja\/"},"author":{"name":"Administrador","@id":"https:\/\/munilaja.cl\/w\/#\/schema\/person\/4650348f4978773bf1c5b31f9c7da744"},"headline":"Operativo Mascota Protegida: Nueva jornada en Plaza de Laja","datePublished":"2021-12-14T15:31:22+00:00","dateModified":"2021-12-14T15:31:24+00:00","mainEntityOfPage":{"@id":"https:\/\/munilaja.cl\/w\/operativo-mascota-protegida-nueva-jornada-en-plaza-de-laja\/"},"wordCount":106,"publisher":{"@id":"https:\/\/munilaja.cl\/w\/#organization"},"image":{"@id":"https:\/\/munilaja.cl\/w\/operativo-mascota-protegida-nueva-jornada-en-plaza-de-laja\/#primaryimage"},"thumbnailUrl":"https:\/\/munilaja.cl\/w\/wp-content\/uploads\/2021\/12\/DESDE-LAS-900-A-1330.png","articleSection":["Servicio a la comunidad"],"inLanguage":"es"},{"@type":"WebPage","@id":"https:\/\/munilaja.cl\/w\/operativo-mascota-protegida-nueva-jornada-en-plaza-de-laja\/","url":"https:\/\/munilaja.cl\/w\/operativo-mascota-protegida-nueva-jornada-en-plaza-de-laja\/","name":"Operativo Mascota Protegida: Nueva jornada en Plaza de Laja - Municipalidad de Laja","isPartOf":{"@id":"https:\/\/munilaja.cl\/w\/#website"},"primaryImageOfPage":{"@id":"https:\/\/munilaja.cl\/w\/operativo-mascota-protegida-nueva-jornada-en-plaza-de-laja\/#primaryimage"},"image":{"@id":"https:\/\/munilaja.cl\/w\/operativo-mascota-protegida-nueva-jornada-en-plaza-de-laja\/#primaryimage"},"thumbnailUrl":"https:\/\/munilaja.cl\/w\/wp-content\/uploads\/2021\/12\/DESDE-LAS-900-A-1330.png","datePublished":"2021-12-14T15:31:22+00:00","dateModified":"2021-12-14T15:31:24+00:00","breadcrumb":{"@id":"https:\/\/munilaja.cl\/w\/operativo-mascota-protegida-nueva-jornada-en-plaza-de-laja\/#breadcrumb"},"inLanguage":"es","potentialAction":[{"@type":"ReadAction","target":["https:\/\/munilaja.cl\/w\/operativo-mascota-protegida-nueva-jornada-en-plaza-de-laja\/"]}]},{"@type":"ImageObject","inLanguage":"es","@id":"https:\/\/munilaja.cl\/w\/operativo-mascota-protegida-nueva-jornada-en-plaza-de-laja\/#primaryimage","url":"https:\/\/munilaja.cl\/w\/wp-content\/uploads\/2021\/12\/DESDE-LAS-900-A-1330.png","contentUrl":"https:\/\/munilaja.cl\/w\/wp-content\/uploads\/2021\/12\/DESDE-LAS-900-A-1330.png","width":1080,"height":1080},{"@type":"BreadcrumbList","@id":"https:\/\/munilaja.cl\/w\/operativo-mascota-protegida-nueva-jornada-en-plaza-de-laja\/#breadcrumb","itemListElement":[{"@type":"ListItem","position":1,"name":"Portada","item":"https:\/\/munilaja.cl\/w\/"},{"@type":"ListItem","position":2,"name":"Operativo Mascota Protegida: Nueva jornada en Plaza de Laja"}]},{"@type":"WebSite","@id":"https:\/\/munilaja.cl\/w\/#website","url":"https:\/\/munilaja.cl\/w\/","name":"Municipalidad de Laja","description":"Web Municipal","publisher":{"@id":"https:\/\/munilaja.cl\/w\/#organization"},"potentialAction":[{"@type":"SearchAction","target":{"@type":"EntryPoint","urlTemplate":"https:\/\/munilaja.cl\/w\/?s={search_term_string}"},"query-input":{"@type":"PropertyValueSpecification","valueRequired":true,"valueName":"search_term_string"}}],"inLanguage":"es"},{"@type":"Organization","@id":"https:\/\/munilaja.cl\/w\/#organization","name":"Municipalidad de Laja","url":"https:\/\/munilaja.cl\/w\/","logo":{"@type":"ImageObject","inLanguage":"es","@id":"https:\/\/munilaja.cl\/w\/#\/schema\/logo\/image\/","url":"https:\/\/munilaja.cl\/w\/wp-content\/uploads\/2024\/11\/ESCUDO-LAJA-LETRAS-BLANCAS-LOGO-WEB.png","contentUrl":"https:\/\/munilaja.cl\/w\/wp-content\/uploads\/2024\/11\/ESCUDO-LAJA-LETRAS-BLANCAS-LOGO-WEB.png","width":150,"height":150,"caption":"Municipalidad de Laja"},"image":{"@id":"https:\/\/munilaja.cl\/w\/#\/schema\/logo\/image\/"}},{"@type":"Person","@id":"https:\/\/munilaja.cl\/w\/#\/schema\/person\/4650348f4978773bf1c5b31f9c7da744","name":"Administrador","url":"https:\/\/munilaja.cl\/w\/author\/rssmunilaja\/"}]}},"_links":{"self":[{"href":"https:\/\/munilaja.cl\/w\/wp-json\/wp\/v2\/posts\/57666"}],"collection":[{"href":"https:\/\/munilaja.cl\/w\/wp-json\/wp\/v2\/posts"}],"about":[{"href":"https:\/\/munilaja.cl\/w\/wp-json\/wp\/v2\/types\/post"}],"author":[{"embeddable":true,"href":"https:\/\/munilaja.cl\/w\/wp-json\/wp\/v2\/users\/11"}],"replies":[{"embeddable":true,"href":"https:\/\/munilaja.cl\/w\/wp-json\/wp\/v2\/comments?post=57666"}],"version-history":[{"count":1,"href":"https:\/\/munilaja.cl\/w\/wp-json\/wp\/v2\/posts\/57666\/revisions"}],"predecessor-version":[{"id":57669,"href":"https:\/\/munilaja.cl\/w\/wp-json\/wp\/v2\/posts\/57666\/revisions\/57669"}],"wp:featuredmedia":[{"embeddable":true,"href":"https:\/\/munilaja.cl\/w\/wp-json\/wp\/v2\/media\/57668"}],"wp:attachment":[{"href":"https:\/\/munilaja.cl\/w\/wp-json\/wp\/v2\/media?parent=57666"}],"wp:term":[{"taxonomy":"category","embeddable":true,"href":"https:\/\/munilaja.cl\/w\/wp-json\/wp\/v2\/categories?post=57666"},{"taxonomy":"post_tag","embeddable":true,"href":"https:\/\/munilaja.cl\/w\/wp-json\/wp\/v2\/tags?post=57666"}],"curies":[{"name":"wp","href":"https:\/\/api.w.org\/{rel}","templated":true}]}}