{"id":53082,"date":"2020-06-09T21:42:07","date_gmt":"2020-06-09T21:42:07","guid":{"rendered":"http:\/\/munilaja.cl\/w\/?p=53082"},"modified":"2020-06-09T21:42:07","modified_gmt":"2020-06-09T21:42:07","slug":"mineduc-destina-mas-de-6-mil-millones-de-pesos-para-la-construccion-del-liceo-tecnico-profesional-de-laja","status":"publish","type":"post","link":"https:\/\/munilaja.cl\/w\/mineduc-destina-mas-de-6-mil-millones-de-pesos-para-la-construccion-del-liceo-tecnico-profesional-de-laja\/","title":{"rendered":"Mineduc destina m\u00e1s de 6 mil millones de pesos para la construcci\u00f3n del Liceo T\u00e9cnico Profesional de Laja"},"content":{"rendered":"<p><strong>Con el objetivo de recuperar un liceo que ha funcionado por 10 a\u00f1os en containers<\/strong> tras el terremoto del 2010, el Ministerio de Educaci\u00f3n destin\u00f3 6 mil 200 millones de pesos para la construcci\u00f3n del Liceo T\u00e9cnico Profesional de Laja.<\/p>\n<p>El seremi de educaci\u00f3n, <strong>Fernando Pe\u00f1a<\/strong>, se\u00f1al\u00f3 al respecto \u201cesta escuela estaba con una infraestructura de emergencia desde el 27 de febrero de 2010, producto del terremoto. <strong>Es una buena noticia que nos permite inyectar a la regi\u00f3n m\u00e1s de 14 mil millones e inversi\u00f3n (incluyendo los establecimientos de Lota y Tom\u00e9) para de esa manera contribuir a la infraestructura escolar<\/strong>\u201d.<\/p>\n<p>Tras una larga gesti\u00f3n por parte del municipio lajino, que con recursos propios present\u00f3 su dise\u00f1o a trav\u00e9s de un FAEP durante el 2018. Finalmente, se cumplir\u00e1 uno de los anhelos m\u00e1s importantes de la actual administraci\u00f3n.<\/p>\n<p>\u201c<strong>Se cumple un sue\u00f1o despu\u00e9s de tantos a\u00f1os tener un edificio que mejorar\u00e1 la calidad de vida de muchos j\u00f3venes de nuestra querida comuna<\/strong> (&#8230;) Este proyecto respeta la autosustentabilidad que tiene el liceo. Va a tener un sistema energ\u00e9tico importante y eso habla de la preocupaci\u00f3n que tenemos con el medioambiente\u201d, indic\u00f3 el <strong>alcalde Vladimir Fica.<\/strong><\/p>\n<p><a href=\"https:\/\/munilaja.cl\/w\/wp-content\/uploads\/2020\/06\/5.jpg\"><img fetchpriority=\"high\" decoding=\"async\" class=\"size-medium wp-image-53083 aligncenter\" src=\"https:\/\/munilaja.cl\/w\/wp-content\/uploads\/2020\/06\/5-300x225.jpg\" alt=\"\" width=\"300\" height=\"225\" data-id=\"53083\" srcset=\"https:\/\/munilaja.cl\/w\/wp-content\/uploads\/2020\/06\/5-300x225.jpg 300w, https:\/\/munilaja.cl\/w\/wp-content\/uploads\/2020\/06\/5-768x576.jpg 768w, https:\/\/munilaja.cl\/w\/wp-content\/uploads\/2020\/06\/5-1024x768.jpg 1024w, https:\/\/munilaja.cl\/w\/wp-content\/uploads\/2020\/06\/5-994x746.jpg 994w, https:\/\/munilaja.cl\/w\/wp-content\/uploads\/2020\/06\/5-1200x900.jpg 1200w, https:\/\/munilaja.cl\/w\/wp-content\/uploads\/2020\/06\/5.jpg 1280w\" sizes=\"(max-width: 300px) 100vw, 300px\" \/><\/a><\/p>\n<p>Junto a la m\u00e1xima autoridad comunal, uno de los art\u00edfices y principales gestores de la obtenci\u00f3n de estos recursos fue el diputado, <strong>Crist\u00f3bal Urruticochea<\/strong>, quien destac\u00f3 la construcci\u00f3n de un nuevo edificio para el establecimiento educacional \u201c<strong>es un tremendo orgullo que Laja haya sido elegido por el ministerio de educaci\u00f3n dentro de todas las comunas a lo largo de chile<\/strong> que postularon para recibir esta inyecci\u00f3n econ\u00f3mica muy importante para el Liceo H\u00e9roes de la Concepci\u00f3n\u201d.<\/p>\n<p><strong>Nilsen Acu\u00f1a, presidenta del Centro de Padres del liceo<\/strong>, se mostr\u00f3 contenta por el anunci\u00f3 del Ministerio de Educaci\u00f3n \u201cestamos muy felices y agradecidas por todos los que apoyaron este proyecto y que creyeron en nosotros y feliz por nuestros alumnos, por mis hijos, por los que vienen y por los hijos de todos los apoderados que represento\u201d.<\/p>\n<p><strong>La directora del Departamento de Educaci\u00f3n Municipal, Mirta Morin<\/strong>, se\u00f1al\u00f3 \u201ces una gran noticia que est\u00e1bamos esperando, hemos trabajado arduamente para este logro final. <strong>Laja va a tener un liceo t\u00e9cnico profesional como se merece la comuna y esto se debe a la gesti\u00f3n que ha hecho nuestro alcalde<\/strong>\u201d.<\/p>\n<p>El liceo recibir\u00e1 alumnos de s\u00e9ptimo b\u00e1sico a cuarto medio y tendr\u00e1 una superficie de 4 mil 664 metros cuadrados.<\/p>\n<p>#TodosSomosUno<\/p>\n<p><a href=\"https:\/\/munilaja.cl\/w\/wp-content\/uploads\/2020\/06\/1.jpeg\"><img decoding=\"async\" class=\"alignnone size-medium wp-image-53084\" src=\"https:\/\/munilaja.cl\/w\/wp-content\/uploads\/2020\/06\/1-300x120.jpeg\" alt=\"\" width=\"300\" height=\"120\" data-id=\"53084\" srcset=\"https:\/\/munilaja.cl\/w\/wp-content\/uploads\/2020\/06\/1-300x120.jpeg 300w, https:\/\/munilaja.cl\/w\/wp-content\/uploads\/2020\/06\/1-768x307.jpeg 768w, https:\/\/munilaja.cl\/w\/wp-content\/uploads\/2020\/06\/1-1024x410.jpeg 1024w, https:\/\/munilaja.cl\/w\/wp-content\/uploads\/2020\/06\/1-994x398.jpeg 994w, https:\/\/munilaja.cl\/w\/wp-content\/uploads\/2020\/06\/1-1200x480.jpeg 1200w, https:\/\/munilaja.cl\/w\/wp-content\/uploads\/2020\/06\/1.jpeg 1280w\" sizes=\"(max-width: 300px) 100vw, 300px\" \/><\/a> <a href=\"https:\/\/munilaja.cl\/w\/wp-content\/uploads\/2020\/06\/2.jpeg\"><img decoding=\"async\" class=\"alignnone size-medium wp-image-53085\" src=\"https:\/\/munilaja.cl\/w\/wp-content\/uploads\/2020\/06\/2-300x120.jpeg\" alt=\"\" width=\"300\" height=\"120\" data-id=\"53085\" srcset=\"https:\/\/munilaja.cl\/w\/wp-content\/uploads\/2020\/06\/2-300x120.jpeg 300w, https:\/\/munilaja.cl\/w\/wp-content\/uploads\/2020\/06\/2-768x307.jpeg 768w, https:\/\/munilaja.cl\/w\/wp-content\/uploads\/2020\/06\/2-1024x410.jpeg 1024w, https:\/\/munilaja.cl\/w\/wp-content\/uploads\/2020\/06\/2-994x398.jpeg 994w, https:\/\/munilaja.cl\/w\/wp-content\/uploads\/2020\/06\/2-1200x480.jpeg 1200w, https:\/\/munilaja.cl\/w\/wp-content\/uploads\/2020\/06\/2.jpeg 1280w\" sizes=\"(max-width: 300px) 100vw, 300px\" \/><\/a><a href=\"https:\/\/munilaja.cl\/w\/wp-content\/uploads\/2020\/06\/3.jpeg\"><img loading=\"lazy\" decoding=\"async\" class=\"alignnone size-medium wp-image-53086\" src=\"https:\/\/munilaja.cl\/w\/wp-content\/uploads\/2020\/06\/3-300x120.jpeg\" alt=\"\" width=\"300\" height=\"120\" data-id=\"53086\" srcset=\"https:\/\/munilaja.cl\/w\/wp-content\/uploads\/2020\/06\/3-300x120.jpeg 300w, https:\/\/munilaja.cl\/w\/wp-content\/uploads\/2020\/06\/3-768x307.jpeg 768w, https:\/\/munilaja.cl\/w\/wp-content\/uploads\/2020\/06\/3-1024x410.jpeg 1024w, https:\/\/munilaja.cl\/w\/wp-content\/uploads\/2020\/06\/3-994x398.jpeg 994w, https:\/\/munilaja.cl\/w\/wp-content\/uploads\/2020\/06\/3-1200x480.jpeg 1200w, https:\/\/munilaja.cl\/w\/wp-content\/uploads\/2020\/06\/3.jpeg 1280w\" sizes=\"(max-width: 300px) 100vw, 300px\" \/><\/a> <a href=\"https:\/\/munilaja.cl\/w\/wp-content\/uploads\/2020\/06\/4.jpeg\"><img loading=\"lazy\" decoding=\"async\" class=\"alignnone size-medium wp-image-53087\" src=\"https:\/\/munilaja.cl\/w\/wp-content\/uploads\/2020\/06\/4-300x120.jpeg\" alt=\"\" width=\"300\" height=\"120\" data-id=\"53087\" srcset=\"https:\/\/munilaja.cl\/w\/wp-content\/uploads\/2020\/06\/4-300x120.jpeg 300w, https:\/\/munilaja.cl\/w\/wp-content\/uploads\/2020\/06\/4-768x307.jpeg 768w, https:\/\/munilaja.cl\/w\/wp-content\/uploads\/2020\/06\/4-1024x410.jpeg 1024w, https:\/\/munilaja.cl\/w\/wp-content\/uploads\/2020\/06\/4-994x398.jpeg 994w, https:\/\/munilaja.cl\/w\/wp-content\/uploads\/2020\/06\/4-1200x480.jpeg 1200w, https:\/\/munilaja.cl\/w\/wp-content\/uploads\/2020\/06\/4.jpeg 1280w\" sizes=\"(max-width: 300px) 100vw, 300px\" \/><\/a><\/p>\n","protected":false},"excerpt":{"rendered":"<p>Con el objetivo de recuperar un liceo que ha funcionado por 10 a\u00f1os en containers tras el terremoto del 2010, el Ministerio de Educaci\u00f3n destin\u00f3 6 mil 200 millones de pesos para la construcci\u00f3n del Liceo T\u00e9cnico Profesional de Laja. El seremi de educaci\u00f3n, Fernando Pe\u00f1a, se\u00f1al\u00f3 al respecto \u201cesta escuela estaba con una infraestructura [&hellip;]<\/p>\n","protected":false},"author":11,"featured_media":53086,"comment_status":"closed","ping_status":"closed","sticky":false,"template":"","format":"standard","meta":{"zakra_sidebar_layout":"customizer","zakra_remove_content_margin":false,"zakra_sidebar":"customizer","zakra_transparent_header":"customizer","zakra_logo":0,"zakra_main_header_style":"default","zakra_menu_item_color":"","zakra_menu_item_hover_color":"","zakra_menu_item_active_color":"","zakra_menu_active_style":"zakra_menu_active_style","zakra_page_header":true,"footnotes":""},"categories":[30,17],"tags":[415,396,661,660],"class_list":["post-53082","post","type-post","status-publish","format-standard","has-post-thumbnail","hentry","category-educacion","category-servicio-a-la-comunidad","tag-liceo-heroes-de-la-concepcion","tag-liceo-tp","tag-nuevo-financiamiento","tag-nuevo-liceo-tp"],"yoast_head":"<!-- This site is optimized with the Yoast SEO plugin v24.0 - https:\/\/yoast.com\/wordpress\/plugins\/seo\/ -->\n<title>Mineduc destina m\u00e1s de 6 mil millones de pesos para la construcci\u00f3n del Liceo T\u00e9cnico Profesional de Laja - Municipalidad de Laja<\/title>\n<meta name=\"robots\" content=\"index, follow, max-snippet:-1, max-image-preview:large, max-video-preview:-1\" \/>\n<link rel=\"canonical\" href=\"https:\/\/munilaja.cl\/w\/mineduc-destina-mas-de-6-mil-millones-de-pesos-para-la-construccion-del-liceo-tecnico-profesional-de-laja\/\" \/>\n<meta property=\"og:locale\" content=\"es_ES\" \/>\n<meta property=\"og:type\" content=\"article\" \/>\n<meta property=\"og:title\" content=\"Mineduc destina m\u00e1s de 6 mil millones de pesos para la construcci\u00f3n del Liceo T\u00e9cnico Profesional de Laja - Municipalidad de Laja\" \/>\n<meta property=\"og:description\" content=\"Con el objetivo de recuperar un liceo que ha funcionado por 10 a\u00f1os en containers tras el terremoto del 2010, el Ministerio de Educaci\u00f3n destin\u00f3 6 mil 200 millones de pesos para la construcci\u00f3n del Liceo T\u00e9cnico Profesional de Laja. El seremi de educaci\u00f3n, Fernando Pe\u00f1a, se\u00f1al\u00f3 al respecto \u201cesta escuela estaba con una infraestructura [&hellip;]\" \/>\n<meta property=\"og:url\" content=\"https:\/\/munilaja.cl\/w\/mineduc-destina-mas-de-6-mil-millones-de-pesos-para-la-construccion-del-liceo-tecnico-profesional-de-laja\/\" \/>\n<meta property=\"og:site_name\" content=\"Municipalidad de Laja\" \/>\n<meta property=\"article:published_time\" content=\"2020-06-09T21:42:07+00:00\" \/>\n<meta property=\"og:image\" content=\"https:\/\/munilaja.cl\/w\/wp-content\/uploads\/2020\/06\/3.jpeg\" \/>\n\t<meta property=\"og:image:width\" content=\"1280\" \/>\n\t<meta property=\"og:image:height\" content=\"512\" \/>\n\t<meta property=\"og:image:type\" content=\"image\/jpeg\" \/>\n<meta name=\"author\" content=\"Administrador\" \/>\n<meta name=\"twitter:card\" content=\"summary_large_image\" \/>\n<meta name=\"twitter:label1\" content=\"Escrito por\" \/>\n\t<meta name=\"twitter:data1\" content=\"Administrador\" \/>\n\t<meta name=\"twitter:label2\" content=\"Tiempo de lectura\" \/>\n\t<meta name=\"twitter:data2\" content=\"2 minutos\" \/>\n<script type=\"application\/ld+json\" class=\"yoast-schema-graph\">{\"@context\":\"https:\/\/schema.org\",\"@graph\":[{\"@type\":\"Article\",\"@id\":\"https:\/\/munilaja.cl\/w\/mineduc-destina-mas-de-6-mil-millones-de-pesos-para-la-construccion-del-liceo-tecnico-profesional-de-laja\/#article\",\"isPartOf\":{\"@id\":\"https:\/\/munilaja.cl\/w\/mineduc-destina-mas-de-6-mil-millones-de-pesos-para-la-construccion-del-liceo-tecnico-profesional-de-laja\/\"},\"author\":{\"name\":\"Administrador\",\"@id\":\"https:\/\/munilaja.cl\/w\/#\/schema\/person\/4650348f4978773bf1c5b31f9c7da744\"},\"headline\":\"Mineduc destina m\u00e1s de 6 mil millones de pesos para la construcci\u00f3n del Liceo T\u00e9cnico Profesional de Laja\",\"datePublished\":\"2020-06-09T21:42:07+00:00\",\"dateModified\":\"2020-06-09T21:42:07+00:00\",\"mainEntityOfPage\":{\"@id\":\"https:\/\/munilaja.cl\/w\/mineduc-destina-mas-de-6-mil-millones-de-pesos-para-la-construccion-del-liceo-tecnico-profesional-de-laja\/\"},\"wordCount\":448,\"publisher\":{\"@id\":\"https:\/\/munilaja.cl\/w\/#organization\"},\"image\":{\"@id\":\"https:\/\/munilaja.cl\/w\/mineduc-destina-mas-de-6-mil-millones-de-pesos-para-la-construccion-del-liceo-tecnico-profesional-de-laja\/#primaryimage\"},\"thumbnailUrl\":\"https:\/\/munilaja.cl\/w\/wp-content\/uploads\/2020\/06\/3.jpeg\",\"keywords\":[\"liceo h\u00e9roes de la concepci\u00f3n\",\"liceo tp\",\"nuevo financiamiento\",\"nuevo liceo tp\"],\"articleSection\":[\"Educaci\u00f3n\",\"Servicio a la comunidad\"],\"inLanguage\":\"es\"},{\"@type\":\"WebPage\",\"@id\":\"https:\/\/munilaja.cl\/w\/mineduc-destina-mas-de-6-mil-millones-de-pesos-para-la-construccion-del-liceo-tecnico-profesional-de-laja\/\",\"url\":\"https:\/\/munilaja.cl\/w\/mineduc-destina-mas-de-6-mil-millones-de-pesos-para-la-construccion-del-liceo-tecnico-profesional-de-laja\/\",\"name\":\"Mineduc destina m\u00e1s de 6 mil millones de pesos para la construcci\u00f3n del Liceo T\u00e9cnico Profesional de Laja - Municipalidad de Laja\",\"isPartOf\":{\"@id\":\"https:\/\/munilaja.cl\/w\/#website\"},\"primaryImageOfPage\":{\"@id\":\"https:\/\/munilaja.cl\/w\/mineduc-destina-mas-de-6-mil-millones-de-pesos-para-la-construccion-del-liceo-tecnico-profesional-de-laja\/#primaryimage\"},\"image\":{\"@id\":\"https:\/\/munilaja.cl\/w\/mineduc-destina-mas-de-6-mil-millones-de-pesos-para-la-construccion-del-liceo-tecnico-profesional-de-laja\/#primaryimage\"},\"thumbnailUrl\":\"https:\/\/munilaja.cl\/w\/wp-content\/uploads\/2020\/06\/3.jpeg\",\"datePublished\":\"2020-06-09T21:42:07+00:00\",\"dateModified\":\"2020-06-09T21:42:07+00:00\",\"breadcrumb\":{\"@id\":\"https:\/\/munilaja.cl\/w\/mineduc-destina-mas-de-6-mil-millones-de-pesos-para-la-construccion-del-liceo-tecnico-profesional-de-laja\/#breadcrumb\"},\"inLanguage\":\"es\",\"potentialAction\":[{\"@type\":\"ReadAction\",\"target\":[\"https:\/\/munilaja.cl\/w\/mineduc-destina-mas-de-6-mil-millones-de-pesos-para-la-construccion-del-liceo-tecnico-profesional-de-laja\/\"]}]},{\"@type\":\"ImageObject\",\"inLanguage\":\"es\",\"@id\":\"https:\/\/munilaja.cl\/w\/mineduc-destina-mas-de-6-mil-millones-de-pesos-para-la-construccion-del-liceo-tecnico-profesional-de-laja\/#primaryimage\",\"url\":\"https:\/\/munilaja.cl\/w\/wp-content\/uploads\/2020\/06\/3.jpeg\",\"contentUrl\":\"https:\/\/munilaja.cl\/w\/wp-content\/uploads\/2020\/06\/3.jpeg\",\"width\":1280,\"height\":512},{\"@type\":\"BreadcrumbList\",\"@id\":\"https:\/\/munilaja.cl\/w\/mineduc-destina-mas-de-6-mil-millones-de-pesos-para-la-construccion-del-liceo-tecnico-profesional-de-laja\/#breadcrumb\",\"itemListElement\":[{\"@type\":\"ListItem\",\"position\":1,\"name\":\"Portada\",\"item\":\"https:\/\/munilaja.cl\/w\/\"},{\"@type\":\"ListItem\",\"position\":2,\"name\":\"Mineduc destina m\u00e1s de 6 mil millones de pesos para la construcci\u00f3n del Liceo T\u00e9cnico Profesional de Laja\"}]},{\"@type\":\"WebSite\",\"@id\":\"https:\/\/munilaja.cl\/w\/#website\",\"url\":\"https:\/\/munilaja.cl\/w\/\",\"name\":\"Municipalidad de Laja\",\"description\":\"Web Municipal\",\"publisher\":{\"@id\":\"https:\/\/munilaja.cl\/w\/#organization\"},\"potentialAction\":[{\"@type\":\"SearchAction\",\"target\":{\"@type\":\"EntryPoint\",\"urlTemplate\":\"https:\/\/munilaja.cl\/w\/?s={search_term_string}\"},\"query-input\":{\"@type\":\"PropertyValueSpecification\",\"valueRequired\":true,\"valueName\":\"search_term_string\"}}],\"inLanguage\":\"es\"},{\"@type\":\"Organization\",\"@id\":\"https:\/\/munilaja.cl\/w\/#organization\",\"name\":\"Municipalidad de Laja\",\"url\":\"https:\/\/munilaja.cl\/w\/\",\"logo\":{\"@type\":\"ImageObject\",\"inLanguage\":\"es\",\"@id\":\"https:\/\/munilaja.cl\/w\/#\/schema\/logo\/image\/\",\"url\":\"https:\/\/munilaja.cl\/w\/wp-content\/uploads\/2024\/11\/ESCUDO-LAJA-LETRAS-BLANCAS-LOGO-WEB.png\",\"contentUrl\":\"https:\/\/munilaja.cl\/w\/wp-content\/uploads\/2024\/11\/ESCUDO-LAJA-LETRAS-BLANCAS-LOGO-WEB.png\",\"width\":150,\"height\":150,\"caption\":\"Municipalidad de Laja\"},\"image\":{\"@id\":\"https:\/\/munilaja.cl\/w\/#\/schema\/logo\/image\/\"}},{\"@type\":\"Person\",\"@id\":\"https:\/\/munilaja.cl\/w\/#\/schema\/person\/4650348f4978773bf1c5b31f9c7da744\",\"name\":\"Administrador\",\"url\":\"https:\/\/munilaja.cl\/w\/author\/rssmunilaja\/\"}]}<\/script>\n<!-- \/ Yoast SEO plugin. -->","yoast_head_json":{"title":"Mineduc destina m\u00e1s de 6 mil millones de pesos para la construcci\u00f3n del Liceo T\u00e9cnico Profesional de Laja - Municipalidad de Laja","robots":{"index":"index","follow":"follow","max-snippet":"max-snippet:-1","max-image-preview":"max-image-preview:large","max-video-preview":"max-video-preview:-1"},"canonical":"https:\/\/munilaja.cl\/w\/mineduc-destina-mas-de-6-mil-millones-de-pesos-para-la-construccion-del-liceo-tecnico-profesional-de-laja\/","og_locale":"es_ES","og_type":"article","og_title":"Mineduc destina m\u00e1s de 6 mil millones de pesos para la construcci\u00f3n del Liceo T\u00e9cnico Profesional de Laja - Municipalidad de Laja","og_description":"Con el objetivo de recuperar un liceo que ha funcionado por 10 a\u00f1os en containers tras el terremoto del 2010, el Ministerio de Educaci\u00f3n destin\u00f3 6 mil 200 millones de pesos para la construcci\u00f3n del Liceo T\u00e9cnico Profesional de Laja. El seremi de educaci\u00f3n, Fernando Pe\u00f1a, se\u00f1al\u00f3 al respecto \u201cesta escuela estaba con una infraestructura [&hellip;]","og_url":"https:\/\/munilaja.cl\/w\/mineduc-destina-mas-de-6-mil-millones-de-pesos-para-la-construccion-del-liceo-tecnico-profesional-de-laja\/","og_site_name":"Municipalidad de Laja","article_published_time":"2020-06-09T21:42:07+00:00","og_image":[{"width":1280,"height":512,"url":"https:\/\/munilaja.cl\/w\/wp-content\/uploads\/2020\/06\/3.jpeg","type":"image\/jpeg"}],"author":"Administrador","twitter_card":"summary_large_image","twitter_misc":{"Escrito por":"Administrador","Tiempo de lectura":"2 minutos"},"schema":{"@context":"https:\/\/schema.org","@graph":[{"@type":"Article","@id":"https:\/\/munilaja.cl\/w\/mineduc-destina-mas-de-6-mil-millones-de-pesos-para-la-construccion-del-liceo-tecnico-profesional-de-laja\/#article","isPartOf":{"@id":"https:\/\/munilaja.cl\/w\/mineduc-destina-mas-de-6-mil-millones-de-pesos-para-la-construccion-del-liceo-tecnico-profesional-de-laja\/"},"author":{"name":"Administrador","@id":"https:\/\/munilaja.cl\/w\/#\/schema\/person\/4650348f4978773bf1c5b31f9c7da744"},"headline":"Mineduc destina m\u00e1s de 6 mil millones de pesos para la construcci\u00f3n del Liceo T\u00e9cnico Profesional de Laja","datePublished":"2020-06-09T21:42:07+00:00","dateModified":"2020-06-09T21:42:07+00:00","mainEntityOfPage":{"@id":"https:\/\/munilaja.cl\/w\/mineduc-destina-mas-de-6-mil-millones-de-pesos-para-la-construccion-del-liceo-tecnico-profesional-de-laja\/"},"wordCount":448,"publisher":{"@id":"https:\/\/munilaja.cl\/w\/#organization"},"image":{"@id":"https:\/\/munilaja.cl\/w\/mineduc-destina-mas-de-6-mil-millones-de-pesos-para-la-construccion-del-liceo-tecnico-profesional-de-laja\/#primaryimage"},"thumbnailUrl":"https:\/\/munilaja.cl\/w\/wp-content\/uploads\/2020\/06\/3.jpeg","keywords":["liceo h\u00e9roes de la concepci\u00f3n","liceo tp","nuevo financiamiento","nuevo liceo tp"],"articleSection":["Educaci\u00f3n","Servicio a la comunidad"],"inLanguage":"es"},{"@type":"WebPage","@id":"https:\/\/munilaja.cl\/w\/mineduc-destina-mas-de-6-mil-millones-de-pesos-para-la-construccion-del-liceo-tecnico-profesional-de-laja\/","url":"https:\/\/munilaja.cl\/w\/mineduc-destina-mas-de-6-mil-millones-de-pesos-para-la-construccion-del-liceo-tecnico-profesional-de-laja\/","name":"Mineduc destina m\u00e1s de 6 mil millones de pesos para la construcci\u00f3n del Liceo T\u00e9cnico Profesional de Laja - Municipalidad de Laja","isPartOf":{"@id":"https:\/\/munilaja.cl\/w\/#website"},"primaryImageOfPage":{"@id":"https:\/\/munilaja.cl\/w\/mineduc-destina-mas-de-6-mil-millones-de-pesos-para-la-construccion-del-liceo-tecnico-profesional-de-laja\/#primaryimage"},"image":{"@id":"https:\/\/munilaja.cl\/w\/mineduc-destina-mas-de-6-mil-millones-de-pesos-para-la-construccion-del-liceo-tecnico-profesional-de-laja\/#primaryimage"},"thumbnailUrl":"https:\/\/munilaja.cl\/w\/wp-content\/uploads\/2020\/06\/3.jpeg","datePublished":"2020-06-09T21:42:07+00:00","dateModified":"2020-06-09T21:42:07+00:00","breadcrumb":{"@id":"https:\/\/munilaja.cl\/w\/mineduc-destina-mas-de-6-mil-millones-de-pesos-para-la-construccion-del-liceo-tecnico-profesional-de-laja\/#breadcrumb"},"inLanguage":"es","potentialAction":[{"@type":"ReadAction","target":["https:\/\/munilaja.cl\/w\/mineduc-destina-mas-de-6-mil-millones-de-pesos-para-la-construccion-del-liceo-tecnico-profesional-de-laja\/"]}]},{"@type":"ImageObject","inLanguage":"es","@id":"https:\/\/munilaja.cl\/w\/mineduc-destina-mas-de-6-mil-millones-de-pesos-para-la-construccion-del-liceo-tecnico-profesional-de-laja\/#primaryimage","url":"https:\/\/munilaja.cl\/w\/wp-content\/uploads\/2020\/06\/3.jpeg","contentUrl":"https:\/\/munilaja.cl\/w\/wp-content\/uploads\/2020\/06\/3.jpeg","width":1280,"height":512},{"@type":"BreadcrumbList","@id":"https:\/\/munilaja.cl\/w\/mineduc-destina-mas-de-6-mil-millones-de-pesos-para-la-construccion-del-liceo-tecnico-profesional-de-laja\/#breadcrumb","itemListElement":[{"@type":"ListItem","position":1,"name":"Portada","item":"https:\/\/munilaja.cl\/w\/"},{"@type":"ListItem","position":2,"name":"Mineduc destina m\u00e1s de 6 mil millones de pesos para la construcci\u00f3n del Liceo T\u00e9cnico Profesional de Laja"}]},{"@type":"WebSite","@id":"https:\/\/munilaja.cl\/w\/#website","url":"https:\/\/munilaja.cl\/w\/","name":"Municipalidad de Laja","description":"Web Municipal","publisher":{"@id":"https:\/\/munilaja.cl\/w\/#organization"},"potentialAction":[{"@type":"SearchAction","target":{"@type":"EntryPoint","urlTemplate":"https:\/\/munilaja.cl\/w\/?s={search_term_string}"},"query-input":{"@type":"PropertyValueSpecification","valueRequired":true,"valueName":"search_term_string"}}],"inLanguage":"es"},{"@type":"Organization","@id":"https:\/\/munilaja.cl\/w\/#organization","name":"Municipalidad de Laja","url":"https:\/\/munilaja.cl\/w\/","logo":{"@type":"ImageObject","inLanguage":"es","@id":"https:\/\/munilaja.cl\/w\/#\/schema\/logo\/image\/","url":"https:\/\/munilaja.cl\/w\/wp-content\/uploads\/2024\/11\/ESCUDO-LAJA-LETRAS-BLANCAS-LOGO-WEB.png","contentUrl":"https:\/\/munilaja.cl\/w\/wp-content\/uploads\/2024\/11\/ESCUDO-LAJA-LETRAS-BLANCAS-LOGO-WEB.png","width":150,"height":150,"caption":"Municipalidad de Laja"},"image":{"@id":"https:\/\/munilaja.cl\/w\/#\/schema\/logo\/image\/"}},{"@type":"Person","@id":"https:\/\/munilaja.cl\/w\/#\/schema\/person\/4650348f4978773bf1c5b31f9c7da744","name":"Administrador","url":"https:\/\/munilaja.cl\/w\/author\/rssmunilaja\/"}]}},"_links":{"self":[{"href":"https:\/\/munilaja.cl\/w\/wp-json\/wp\/v2\/posts\/53082"}],"collection":[{"href":"https:\/\/munilaja.cl\/w\/wp-json\/wp\/v2\/posts"}],"about":[{"href":"https:\/\/munilaja.cl\/w\/wp-json\/wp\/v2\/types\/post"}],"author":[{"embeddable":true,"href":"https:\/\/munilaja.cl\/w\/wp-json\/wp\/v2\/users\/11"}],"replies":[{"embeddable":true,"href":"https:\/\/munilaja.cl\/w\/wp-json\/wp\/v2\/comments?post=53082"}],"version-history":[{"count":0,"href":"https:\/\/munilaja.cl\/w\/wp-json\/wp\/v2\/posts\/53082\/revisions"}],"wp:featuredmedia":[{"embeddable":true,"href":"https:\/\/munilaja.cl\/w\/wp-json\/wp\/v2\/media\/53086"}],"wp:attachment":[{"href":"https:\/\/munilaja.cl\/w\/wp-json\/wp\/v2\/media?parent=53082"}],"wp:term":[{"taxonomy":"category","embeddable":true,"href":"https:\/\/munilaja.cl\/w\/wp-json\/wp\/v2\/categories?post=53082"},{"taxonomy":"post_tag","embeddable":true,"href":"https:\/\/munilaja.cl\/w\/wp-json\/wp\/v2\/tags?post=53082"}],"curies":[{"name":"wp","href":"https:\/\/api.w.org\/{rel}","templated":true}]}}