{"id":52526,"date":"2020-02-07T14:14:44","date_gmt":"2020-02-07T14:14:44","guid":{"rendered":"http:\/\/munilaja.cl\/w\/?p=52526"},"modified":"2020-02-07T14:14:44","modified_gmt":"2020-02-07T14:14:44","slug":"finalizo-segunda-escuela-de-verano-rural","status":"publish","type":"post","link":"https:\/\/munilaja.cl\/w\/finalizo-segunda-escuela-de-verano-rural\/","title":{"rendered":"Finaliz\u00f3 segunda Escuela de Verano Rural"},"content":{"rendered":"<p><strong>Participaron 45 ni\u00f1os en total.<\/strong><\/p>\n<p>Durante el verano en los sectores de Las Ci\u00e9nagas y Puente Perales se realiz\u00f3 escuela de verano, con <strong>el fin de promover la actividad f\u00edsica y entretener a los j\u00f3venes<\/strong>. Esta es la segunda versi\u00f3n de las escuelas de verano rural, ya que el a\u00f1o pasado se llev\u00f3 a cabo en Santa Elena.<\/p>\n<p>La <strong>directora de Desarrollo Comunitario, Sandra Bobadilla Cisterna<\/strong>, valor\u00f3 la gesti\u00f3n del alcalde por el aumento de cupos para este 2020 \u201cel a\u00f1o pasado se realiz\u00f3 la primera versi\u00f3n en solo un sector y con cupos limitados, pero tras conversaciones del <strong>alcalde con el IND y Ministerio de desarrollo social se logr\u00f3 aumentar la cantidad de sectores y por ende la cantidad de participantes<\/strong>\u201d.<\/p>\n<p>Este Programa se realiz\u00f3 en conjunto entre la Municipalidad de Laja, Instituto Nacional de Deportes, Ministerio de desarrollo social, y JUNAEB, en el cual el IND contrat\u00f3 a profesores y monitores para el cuidado y ejecuci\u00f3n de las actividades deportivas, recreativas entregando materiales deportivos y paseos que permitieron brindar un verano entretenido a los ni\u00f1os y ni\u00f1as. Por otro lado entregar a las familias tranquilidad de que sus hijos est\u00e1n seguros mientras ellos trabajan.<\/p>\n<p>La <strong>directora del DAEM, Mirta Mor\u00edn Mu\u00f1oz<\/strong>, destac\u00f3 la importancia de la realizaci\u00f3n de estas actividades \u201c<strong>las escuelas de verano son un impacto para las familias y los ni\u00f1os porque ellos disfrutan de un verano entretenido con activida<\/strong>des y los apoderados entregan la confianza a las instituciones para el cuidado de sus hijos\u201d.<\/p>\n<p>Este <strong>programa sirvi\u00f3 de apoyo mientras sus padres o cuidadores principales se encuentran trabajando en labores de temporada y no cuentan con alternativas de cuid<\/strong>ado.<\/p>\n<p>El <strong>apoderado, Jos\u00e9 Luis Zenteno<\/strong>, agradeci\u00f3 la oportunidad de que su hijo y ni\u00f1os del sector puedan realizar diferentes actividades en verano \u201cestamos felices porque nuestros ni\u00f1os este a\u00f1o pudieron ser part\u00edcipes de este programa. <strong>Los ni\u00f1os se entretuvieron mucho y agradezco la preocupaci\u00f3n por el ciudado de nuestros hijos<\/strong>\u201d.<\/p>\n<p>Entre los paseos que se realizaron fueron ir a <strong>clases de nataci\u00f3n en la laguna La Se\u00f1oraza, a disfrutar de Parque Caponni y Lago Puente Perales<\/strong>. Tambi\u00e9n se realizaron actividades deportivas como circuitos, actividades entretenidas y de manualidades.<\/p>\n<p><strong>Basti\u00e1n Daza<\/strong>, vive en Las Ci\u00e9nagas y particip\u00f3 en la escuela de verano. El joven coment\u00f3 sus sensaciones tras la ceremonia de cierre \u201c<strong>conoc\u00ed m\u00e1s personas, la pas\u00e9 bien, los profesores eran simp\u00e1ticos y salimos harto de paseo<\/strong>\u201d.<\/p>\n<p>El paseo final de los alumnos a la escuela de verano fue al Parque Acu\u00e1tico Ant\u00fa en la comuna de Quill\u00f3n.<\/p>\n<p><a href=\"https:\/\/munilaja.cl\/w\/wp-content\/uploads\/2020\/02\/1.jpeg\"><img fetchpriority=\"high\" decoding=\"async\" class=\"alignnone size-medium wp-image-52527\" src=\"https:\/\/munilaja.cl\/w\/wp-content\/uploads\/2020\/02\/1-300x225.jpeg\" alt=\"\" width=\"300\" height=\"225\" data-id=\"52527\" srcset=\"https:\/\/munilaja.cl\/w\/wp-content\/uploads\/2020\/02\/1-300x225.jpeg 300w, https:\/\/munilaja.cl\/w\/wp-content\/uploads\/2020\/02\/1-768x576.jpeg 768w, https:\/\/munilaja.cl\/w\/wp-content\/uploads\/2020\/02\/1-1024x768.jpeg 1024w, https:\/\/munilaja.cl\/w\/wp-content\/uploads\/2020\/02\/1-994x746.jpeg 994w, https:\/\/munilaja.cl\/w\/wp-content\/uploads\/2020\/02\/1-1200x900.jpeg 1200w, https:\/\/munilaja.cl\/w\/wp-content\/uploads\/2020\/02\/1.jpeg 1280w\" sizes=\"(max-width: 300px) 100vw, 300px\" \/><\/a> <a href=\"https:\/\/munilaja.cl\/w\/wp-content\/uploads\/2020\/02\/2.jpeg\"><img decoding=\"async\" class=\"alignnone size-medium wp-image-52528\" src=\"https:\/\/munilaja.cl\/w\/wp-content\/uploads\/2020\/02\/2-300x225.jpeg\" alt=\"\" width=\"300\" height=\"225\" data-id=\"52528\" srcset=\"https:\/\/munilaja.cl\/w\/wp-content\/uploads\/2020\/02\/2-300x225.jpeg 300w, https:\/\/munilaja.cl\/w\/wp-content\/uploads\/2020\/02\/2-768x576.jpeg 768w, https:\/\/munilaja.cl\/w\/wp-content\/uploads\/2020\/02\/2-1024x768.jpeg 1024w, https:\/\/munilaja.cl\/w\/wp-content\/uploads\/2020\/02\/2-994x746.jpeg 994w, https:\/\/munilaja.cl\/w\/wp-content\/uploads\/2020\/02\/2-1200x900.jpeg 1200w, https:\/\/munilaja.cl\/w\/wp-content\/uploads\/2020\/02\/2.jpeg 1280w\" sizes=\"(max-width: 300px) 100vw, 300px\" \/><\/a> <a href=\"https:\/\/munilaja.cl\/w\/wp-content\/uploads\/2020\/02\/3.jpeg\"><img decoding=\"async\" class=\"alignnone size-medium wp-image-52529\" src=\"https:\/\/munilaja.cl\/w\/wp-content\/uploads\/2020\/02\/3-300x225.jpeg\" alt=\"\" width=\"300\" height=\"225\" data-id=\"52529\" srcset=\"https:\/\/munilaja.cl\/w\/wp-content\/uploads\/2020\/02\/3-300x225.jpeg 300w, https:\/\/munilaja.cl\/w\/wp-content\/uploads\/2020\/02\/3-768x576.jpeg 768w, https:\/\/munilaja.cl\/w\/wp-content\/uploads\/2020\/02\/3-1024x768.jpeg 1024w, https:\/\/munilaja.cl\/w\/wp-content\/uploads\/2020\/02\/3-994x746.jpeg 994w, https:\/\/munilaja.cl\/w\/wp-content\/uploads\/2020\/02\/3-1200x900.jpeg 1200w, https:\/\/munilaja.cl\/w\/wp-content\/uploads\/2020\/02\/3.jpeg 1280w\" sizes=\"(max-width: 300px) 100vw, 300px\" \/><\/a> <a href=\"https:\/\/munilaja.cl\/w\/wp-content\/uploads\/2020\/02\/4.jpeg\"><img loading=\"lazy\" decoding=\"async\" class=\"alignnone size-medium wp-image-52530\" src=\"https:\/\/munilaja.cl\/w\/wp-content\/uploads\/2020\/02\/4-300x225.jpeg\" alt=\"\" width=\"300\" height=\"225\" data-id=\"52530\" srcset=\"https:\/\/munilaja.cl\/w\/wp-content\/uploads\/2020\/02\/4-300x225.jpeg 300w, https:\/\/munilaja.cl\/w\/wp-content\/uploads\/2020\/02\/4-768x576.jpeg 768w, https:\/\/munilaja.cl\/w\/wp-content\/uploads\/2020\/02\/4-1024x768.jpeg 1024w, https:\/\/munilaja.cl\/w\/wp-content\/uploads\/2020\/02\/4-994x746.jpeg 994w, https:\/\/munilaja.cl\/w\/wp-content\/uploads\/2020\/02\/4-1200x900.jpeg 1200w, https:\/\/munilaja.cl\/w\/wp-content\/uploads\/2020\/02\/4.jpeg 1280w\" sizes=\"(max-width: 300px) 100vw, 300px\" \/><\/a> <a href=\"https:\/\/munilaja.cl\/w\/wp-content\/uploads\/2020\/02\/5.jpeg\"><img loading=\"lazy\" decoding=\"async\" class=\"alignnone size-medium wp-image-52531\" src=\"https:\/\/munilaja.cl\/w\/wp-content\/uploads\/2020\/02\/5-300x225.jpeg\" alt=\"\" width=\"300\" height=\"225\" data-id=\"52531\" srcset=\"https:\/\/munilaja.cl\/w\/wp-content\/uploads\/2020\/02\/5-300x225.jpeg 300w, https:\/\/munilaja.cl\/w\/wp-content\/uploads\/2020\/02\/5-768x576.jpeg 768w, https:\/\/munilaja.cl\/w\/wp-content\/uploads\/2020\/02\/5-1024x768.jpeg 1024w, https:\/\/munilaja.cl\/w\/wp-content\/uploads\/2020\/02\/5-994x746.jpeg 994w, https:\/\/munilaja.cl\/w\/wp-content\/uploads\/2020\/02\/5-1200x900.jpeg 1200w, https:\/\/munilaja.cl\/w\/wp-content\/uploads\/2020\/02\/5.jpeg 1280w\" sizes=\"(max-width: 300px) 100vw, 300px\" \/><\/a> <a href=\"https:\/\/munilaja.cl\/w\/wp-content\/uploads\/2020\/02\/6.jpeg\"><img loading=\"lazy\" decoding=\"async\" class=\"alignnone size-medium wp-image-52532\" src=\"https:\/\/munilaja.cl\/w\/wp-content\/uploads\/2020\/02\/6-300x225.jpeg\" alt=\"\" width=\"300\" height=\"225\" data-id=\"52532\" srcset=\"https:\/\/munilaja.cl\/w\/wp-content\/uploads\/2020\/02\/6-300x225.jpeg 300w, https:\/\/munilaja.cl\/w\/wp-content\/uploads\/2020\/02\/6-768x576.jpeg 768w, https:\/\/munilaja.cl\/w\/wp-content\/uploads\/2020\/02\/6-1024x768.jpeg 1024w, https:\/\/munilaja.cl\/w\/wp-content\/uploads\/2020\/02\/6-994x746.jpeg 994w, https:\/\/munilaja.cl\/w\/wp-content\/uploads\/2020\/02\/6-1200x900.jpeg 1200w, https:\/\/munilaja.cl\/w\/wp-content\/uploads\/2020\/02\/6.jpeg 1280w\" sizes=\"(max-width: 300px) 100vw, 300px\" \/><\/a> <a href=\"https:\/\/munilaja.cl\/w\/wp-content\/uploads\/2020\/02\/7.jpeg\"><img loading=\"lazy\" decoding=\"async\" class=\"alignnone size-medium wp-image-52533\" src=\"https:\/\/munilaja.cl\/w\/wp-content\/uploads\/2020\/02\/7-300x225.jpeg\" alt=\"\" width=\"300\" height=\"225\" data-id=\"52533\" srcset=\"https:\/\/munilaja.cl\/w\/wp-content\/uploads\/2020\/02\/7-300x225.jpeg 300w, https:\/\/munilaja.cl\/w\/wp-content\/uploads\/2020\/02\/7-768x576.jpeg 768w, https:\/\/munilaja.cl\/w\/wp-content\/uploads\/2020\/02\/7-1024x768.jpeg 1024w, https:\/\/munilaja.cl\/w\/wp-content\/uploads\/2020\/02\/7-994x746.jpeg 994w, https:\/\/munilaja.cl\/w\/wp-content\/uploads\/2020\/02\/7-1200x900.jpeg 1200w, https:\/\/munilaja.cl\/w\/wp-content\/uploads\/2020\/02\/7.jpeg 1280w\" sizes=\"(max-width: 300px) 100vw, 300px\" \/><\/a> <a href=\"https:\/\/munilaja.cl\/w\/wp-content\/uploads\/2020\/02\/8.jpeg\"><img loading=\"lazy\" decoding=\"async\" class=\"alignnone size-medium wp-image-52534\" src=\"https:\/\/munilaja.cl\/w\/wp-content\/uploads\/2020\/02\/8-300x225.jpeg\" alt=\"\" width=\"300\" height=\"225\" data-id=\"52534\" srcset=\"https:\/\/munilaja.cl\/w\/wp-content\/uploads\/2020\/02\/8-300x225.jpeg 300w, https:\/\/munilaja.cl\/w\/wp-content\/uploads\/2020\/02\/8-768x576.jpeg 768w, https:\/\/munilaja.cl\/w\/wp-content\/uploads\/2020\/02\/8-1024x768.jpeg 1024w, https:\/\/munilaja.cl\/w\/wp-content\/uploads\/2020\/02\/8-994x746.jpeg 994w, https:\/\/munilaja.cl\/w\/wp-content\/uploads\/2020\/02\/8-1200x900.jpeg 1200w, https:\/\/munilaja.cl\/w\/wp-content\/uploads\/2020\/02\/8.jpeg 1280w\" sizes=\"(max-width: 300px) 100vw, 300px\" \/><\/a> <a href=\"https:\/\/munilaja.cl\/w\/wp-content\/uploads\/2020\/02\/9.jpeg\"><img loading=\"lazy\" decoding=\"async\" class=\"alignnone size-medium wp-image-52535\" src=\"https:\/\/munilaja.cl\/w\/wp-content\/uploads\/2020\/02\/9-300x225.jpeg\" alt=\"\" width=\"300\" height=\"225\" data-id=\"52535\" srcset=\"https:\/\/munilaja.cl\/w\/wp-content\/uploads\/2020\/02\/9-300x225.jpeg 300w, https:\/\/munilaja.cl\/w\/wp-content\/uploads\/2020\/02\/9-768x576.jpeg 768w, https:\/\/munilaja.cl\/w\/wp-content\/uploads\/2020\/02\/9-1024x768.jpeg 1024w, https:\/\/munilaja.cl\/w\/wp-content\/uploads\/2020\/02\/9-994x746.jpeg 994w, https:\/\/munilaja.cl\/w\/wp-content\/uploads\/2020\/02\/9-1200x900.jpeg 1200w, https:\/\/munilaja.cl\/w\/wp-content\/uploads\/2020\/02\/9.jpeg 1280w\" sizes=\"(max-width: 300px) 100vw, 300px\" \/><\/a> <a href=\"https:\/\/munilaja.cl\/w\/wp-content\/uploads\/2020\/02\/10.jpeg\"><img loading=\"lazy\" decoding=\"async\" class=\"alignnone size-medium wp-image-52536\" src=\"https:\/\/munilaja.cl\/w\/wp-content\/uploads\/2020\/02\/10-300x225.jpeg\" alt=\"\" width=\"300\" height=\"225\" data-id=\"52536\" srcset=\"https:\/\/munilaja.cl\/w\/wp-content\/uploads\/2020\/02\/10-300x225.jpeg 300w, https:\/\/munilaja.cl\/w\/wp-content\/uploads\/2020\/02\/10-768x576.jpeg 768w, https:\/\/munilaja.cl\/w\/wp-content\/uploads\/2020\/02\/10-1024x768.jpeg 1024w, https:\/\/munilaja.cl\/w\/wp-content\/uploads\/2020\/02\/10-994x746.jpeg 994w, https:\/\/munilaja.cl\/w\/wp-content\/uploads\/2020\/02\/10-1200x900.jpeg 1200w, https:\/\/munilaja.cl\/w\/wp-content\/uploads\/2020\/02\/10.jpeg 1280w\" sizes=\"(max-width: 300px) 100vw, 300px\" \/><\/a> <a href=\"https:\/\/munilaja.cl\/w\/wp-content\/uploads\/2020\/02\/11.jpeg\"><img loading=\"lazy\" decoding=\"async\" class=\"alignnone size-medium wp-image-52537\" src=\"https:\/\/munilaja.cl\/w\/wp-content\/uploads\/2020\/02\/11-300x225.jpeg\" alt=\"\" width=\"300\" height=\"225\" data-id=\"52537\" srcset=\"https:\/\/munilaja.cl\/w\/wp-content\/uploads\/2020\/02\/11-300x225.jpeg 300w, https:\/\/munilaja.cl\/w\/wp-content\/uploads\/2020\/02\/11-768x576.jpeg 768w, https:\/\/munilaja.cl\/w\/wp-content\/uploads\/2020\/02\/11-1024x768.jpeg 1024w, https:\/\/munilaja.cl\/w\/wp-content\/uploads\/2020\/02\/11-994x746.jpeg 994w, https:\/\/munilaja.cl\/w\/wp-content\/uploads\/2020\/02\/11-1200x900.jpeg 1200w, https:\/\/munilaja.cl\/w\/wp-content\/uploads\/2020\/02\/11.jpeg 1280w\" sizes=\"(max-width: 300px) 100vw, 300px\" \/><\/a> <a href=\"https:\/\/munilaja.cl\/w\/wp-content\/uploads\/2020\/02\/12.jpeg\"><img loading=\"lazy\" decoding=\"async\" class=\"alignnone size-medium wp-image-52538\" src=\"https:\/\/munilaja.cl\/w\/wp-content\/uploads\/2020\/02\/12-300x225.jpeg\" alt=\"\" width=\"300\" height=\"225\" data-id=\"52538\" srcset=\"https:\/\/munilaja.cl\/w\/wp-content\/uploads\/2020\/02\/12-300x225.jpeg 300w, https:\/\/munilaja.cl\/w\/wp-content\/uploads\/2020\/02\/12-768x576.jpeg 768w, https:\/\/munilaja.cl\/w\/wp-content\/uploads\/2020\/02\/12-1024x768.jpeg 1024w, https:\/\/munilaja.cl\/w\/wp-content\/uploads\/2020\/02\/12-994x746.jpeg 994w, https:\/\/munilaja.cl\/w\/wp-content\/uploads\/2020\/02\/12-1200x900.jpeg 1200w, https:\/\/munilaja.cl\/w\/wp-content\/uploads\/2020\/02\/12.jpeg 1280w\" sizes=\"(max-width: 300px) 100vw, 300px\" \/><\/a><\/p>\n","protected":false},"excerpt":{"rendered":"<p>Participaron 45 ni\u00f1os en total. Durante el verano en los sectores de Las Ci\u00e9nagas y Puente Perales se realiz\u00f3 escuela de verano, con el fin de promover la actividad f\u00edsica y entretener a los j\u00f3venes. Esta es la segunda versi\u00f3n de las escuelas de verano rural, ya que el a\u00f1o pasado se llev\u00f3 a cabo [&hellip;]<\/p>\n","protected":false},"author":11,"featured_media":52527,"comment_status":"closed","ping_status":"closed","sticky":false,"template":"","format":"standard","meta":{"zakra_sidebar_layout":"customizer","zakra_remove_content_margin":false,"zakra_sidebar":"customizer","zakra_transparent_header":"customizer","zakra_logo":0,"zakra_main_header_style":"default","zakra_menu_item_color":"","zakra_menu_item_hover_color":"","zakra_menu_item_active_color":"","zakra_menu_active_style":"zakra_menu_active_style","zakra_page_header":true,"footnotes":""},"categories":[30,17],"tags":[342,488,543,107,5,542,187],"class_list":["post-52526","post","type-post","status-publish","format-standard","has-post-thumbnail","hentry","category-educacion","category-servicio-a-la-comunidad","tag-daem-laja","tag-escuela-de-verano","tag-ind","tag-junaeb","tag-laja","tag-ministerio-de-desarrollo-social","tag-municipalidad-de-laja"],"yoast_head":"<!-- This site is optimized with the Yoast SEO plugin v24.0 - https:\/\/yoast.com\/wordpress\/plugins\/seo\/ -->\n<title>Finaliz\u00f3 segunda Escuela de Verano Rural - Municipalidad de Laja<\/title>\n<meta name=\"robots\" content=\"index, follow, max-snippet:-1, max-image-preview:large, max-video-preview:-1\" \/>\n<link rel=\"canonical\" href=\"https:\/\/munilaja.cl\/w\/finalizo-segunda-escuela-de-verano-rural\/\" \/>\n<meta property=\"og:locale\" content=\"es_ES\" \/>\n<meta property=\"og:type\" content=\"article\" \/>\n<meta property=\"og:title\" content=\"Finaliz\u00f3 segunda Escuela de Verano Rural - Municipalidad de Laja\" \/>\n<meta property=\"og:description\" content=\"Participaron 45 ni\u00f1os en total. Durante el verano en los sectores de Las Ci\u00e9nagas y Puente Perales se realiz\u00f3 escuela de verano, con el fin de promover la actividad f\u00edsica y entretener a los j\u00f3venes. Esta es la segunda versi\u00f3n de las escuelas de verano rural, ya que el a\u00f1o pasado se llev\u00f3 a cabo [&hellip;]\" \/>\n<meta property=\"og:url\" content=\"https:\/\/munilaja.cl\/w\/finalizo-segunda-escuela-de-verano-rural\/\" \/>\n<meta property=\"og:site_name\" content=\"Municipalidad de Laja\" \/>\n<meta property=\"article:published_time\" content=\"2020-02-07T14:14:44+00:00\" \/>\n<meta property=\"og:image\" content=\"https:\/\/munilaja.cl\/w\/wp-content\/uploads\/2020\/02\/1.jpeg\" \/>\n\t<meta property=\"og:image:width\" content=\"1280\" \/>\n\t<meta property=\"og:image:height\" content=\"960\" \/>\n\t<meta property=\"og:image:type\" content=\"image\/jpeg\" \/>\n<meta name=\"author\" content=\"Administrador\" \/>\n<meta name=\"twitter:card\" content=\"summary_large_image\" \/>\n<meta name=\"twitter:label1\" content=\"Escrito por\" \/>\n\t<meta name=\"twitter:data1\" content=\"Administrador\" \/>\n\t<meta name=\"twitter:label2\" content=\"Tiempo de lectura\" \/>\n\t<meta name=\"twitter:data2\" content=\"2 minutos\" \/>\n<script type=\"application\/ld+json\" class=\"yoast-schema-graph\">{\"@context\":\"https:\/\/schema.org\",\"@graph\":[{\"@type\":\"Article\",\"@id\":\"https:\/\/munilaja.cl\/w\/finalizo-segunda-escuela-de-verano-rural\/#article\",\"isPartOf\":{\"@id\":\"https:\/\/munilaja.cl\/w\/finalizo-segunda-escuela-de-verano-rural\/\"},\"author\":{\"name\":\"Administrador\",\"@id\":\"https:\/\/munilaja.cl\/w\/#\/schema\/person\/4650348f4978773bf1c5b31f9c7da744\"},\"headline\":\"Finaliz\u00f3 segunda Escuela de Verano Rural\",\"datePublished\":\"2020-02-07T14:14:44+00:00\",\"dateModified\":\"2020-02-07T14:14:44+00:00\",\"mainEntityOfPage\":{\"@id\":\"https:\/\/munilaja.cl\/w\/finalizo-segunda-escuela-de-verano-rural\/\"},\"wordCount\":457,\"publisher\":{\"@id\":\"https:\/\/munilaja.cl\/w\/#organization\"},\"image\":{\"@id\":\"https:\/\/munilaja.cl\/w\/finalizo-segunda-escuela-de-verano-rural\/#primaryimage\"},\"thumbnailUrl\":\"https:\/\/munilaja.cl\/w\/wp-content\/uploads\/2020\/02\/1.jpeg\",\"keywords\":[\"DAEM Laja\",\"escuela de verano\",\"ind\",\"junaeb\",\"Laja\",\"ministerio de desarrollo social\",\"municipalidad de laja\"],\"articleSection\":[\"Educaci\u00f3n\",\"Servicio a la comunidad\"],\"inLanguage\":\"es\"},{\"@type\":\"WebPage\",\"@id\":\"https:\/\/munilaja.cl\/w\/finalizo-segunda-escuela-de-verano-rural\/\",\"url\":\"https:\/\/munilaja.cl\/w\/finalizo-segunda-escuela-de-verano-rural\/\",\"name\":\"Finaliz\u00f3 segunda Escuela de Verano Rural - Municipalidad de Laja\",\"isPartOf\":{\"@id\":\"https:\/\/munilaja.cl\/w\/#website\"},\"primaryImageOfPage\":{\"@id\":\"https:\/\/munilaja.cl\/w\/finalizo-segunda-escuela-de-verano-rural\/#primaryimage\"},\"image\":{\"@id\":\"https:\/\/munilaja.cl\/w\/finalizo-segunda-escuela-de-verano-rural\/#primaryimage\"},\"thumbnailUrl\":\"https:\/\/munilaja.cl\/w\/wp-content\/uploads\/2020\/02\/1.jpeg\",\"datePublished\":\"2020-02-07T14:14:44+00:00\",\"dateModified\":\"2020-02-07T14:14:44+00:00\",\"breadcrumb\":{\"@id\":\"https:\/\/munilaja.cl\/w\/finalizo-segunda-escuela-de-verano-rural\/#breadcrumb\"},\"inLanguage\":\"es\",\"potentialAction\":[{\"@type\":\"ReadAction\",\"target\":[\"https:\/\/munilaja.cl\/w\/finalizo-segunda-escuela-de-verano-rural\/\"]}]},{\"@type\":\"ImageObject\",\"inLanguage\":\"es\",\"@id\":\"https:\/\/munilaja.cl\/w\/finalizo-segunda-escuela-de-verano-rural\/#primaryimage\",\"url\":\"https:\/\/munilaja.cl\/w\/wp-content\/uploads\/2020\/02\/1.jpeg\",\"contentUrl\":\"https:\/\/munilaja.cl\/w\/wp-content\/uploads\/2020\/02\/1.jpeg\",\"width\":1280,\"height\":960},{\"@type\":\"BreadcrumbList\",\"@id\":\"https:\/\/munilaja.cl\/w\/finalizo-segunda-escuela-de-verano-rural\/#breadcrumb\",\"itemListElement\":[{\"@type\":\"ListItem\",\"position\":1,\"name\":\"Portada\",\"item\":\"https:\/\/munilaja.cl\/w\/\"},{\"@type\":\"ListItem\",\"position\":2,\"name\":\"Finaliz\u00f3 segunda Escuela de Verano Rural\"}]},{\"@type\":\"WebSite\",\"@id\":\"https:\/\/munilaja.cl\/w\/#website\",\"url\":\"https:\/\/munilaja.cl\/w\/\",\"name\":\"Municipalidad de Laja\",\"description\":\"Web Municipal\",\"publisher\":{\"@id\":\"https:\/\/munilaja.cl\/w\/#organization\"},\"potentialAction\":[{\"@type\":\"SearchAction\",\"target\":{\"@type\":\"EntryPoint\",\"urlTemplate\":\"https:\/\/munilaja.cl\/w\/?s={search_term_string}\"},\"query-input\":{\"@type\":\"PropertyValueSpecification\",\"valueRequired\":true,\"valueName\":\"search_term_string\"}}],\"inLanguage\":\"es\"},{\"@type\":\"Organization\",\"@id\":\"https:\/\/munilaja.cl\/w\/#organization\",\"name\":\"Municipalidad de Laja\",\"url\":\"https:\/\/munilaja.cl\/w\/\",\"logo\":{\"@type\":\"ImageObject\",\"inLanguage\":\"es\",\"@id\":\"https:\/\/munilaja.cl\/w\/#\/schema\/logo\/image\/\",\"url\":\"https:\/\/munilaja.cl\/w\/wp-content\/uploads\/2024\/11\/ESCUDO-LAJA-LETRAS-BLANCAS-LOGO-WEB.png\",\"contentUrl\":\"https:\/\/munilaja.cl\/w\/wp-content\/uploads\/2024\/11\/ESCUDO-LAJA-LETRAS-BLANCAS-LOGO-WEB.png\",\"width\":150,\"height\":150,\"caption\":\"Municipalidad de Laja\"},\"image\":{\"@id\":\"https:\/\/munilaja.cl\/w\/#\/schema\/logo\/image\/\"}},{\"@type\":\"Person\",\"@id\":\"https:\/\/munilaja.cl\/w\/#\/schema\/person\/4650348f4978773bf1c5b31f9c7da744\",\"name\":\"Administrador\",\"url\":\"https:\/\/munilaja.cl\/w\/author\/rssmunilaja\/\"}]}<\/script>\n<!-- \/ Yoast SEO plugin. -->","yoast_head_json":{"title":"Finaliz\u00f3 segunda Escuela de Verano Rural - Municipalidad de Laja","robots":{"index":"index","follow":"follow","max-snippet":"max-snippet:-1","max-image-preview":"max-image-preview:large","max-video-preview":"max-video-preview:-1"},"canonical":"https:\/\/munilaja.cl\/w\/finalizo-segunda-escuela-de-verano-rural\/","og_locale":"es_ES","og_type":"article","og_title":"Finaliz\u00f3 segunda Escuela de Verano Rural - Municipalidad de Laja","og_description":"Participaron 45 ni\u00f1os en total. Durante el verano en los sectores de Las Ci\u00e9nagas y Puente Perales se realiz\u00f3 escuela de verano, con el fin de promover la actividad f\u00edsica y entretener a los j\u00f3venes. Esta es la segunda versi\u00f3n de las escuelas de verano rural, ya que el a\u00f1o pasado se llev\u00f3 a cabo [&hellip;]","og_url":"https:\/\/munilaja.cl\/w\/finalizo-segunda-escuela-de-verano-rural\/","og_site_name":"Municipalidad de Laja","article_published_time":"2020-02-07T14:14:44+00:00","og_image":[{"width":1280,"height":960,"url":"https:\/\/munilaja.cl\/w\/wp-content\/uploads\/2020\/02\/1.jpeg","type":"image\/jpeg"}],"author":"Administrador","twitter_card":"summary_large_image","twitter_misc":{"Escrito por":"Administrador","Tiempo de lectura":"2 minutos"},"schema":{"@context":"https:\/\/schema.org","@graph":[{"@type":"Article","@id":"https:\/\/munilaja.cl\/w\/finalizo-segunda-escuela-de-verano-rural\/#article","isPartOf":{"@id":"https:\/\/munilaja.cl\/w\/finalizo-segunda-escuela-de-verano-rural\/"},"author":{"name":"Administrador","@id":"https:\/\/munilaja.cl\/w\/#\/schema\/person\/4650348f4978773bf1c5b31f9c7da744"},"headline":"Finaliz\u00f3 segunda Escuela de Verano Rural","datePublished":"2020-02-07T14:14:44+00:00","dateModified":"2020-02-07T14:14:44+00:00","mainEntityOfPage":{"@id":"https:\/\/munilaja.cl\/w\/finalizo-segunda-escuela-de-verano-rural\/"},"wordCount":457,"publisher":{"@id":"https:\/\/munilaja.cl\/w\/#organization"},"image":{"@id":"https:\/\/munilaja.cl\/w\/finalizo-segunda-escuela-de-verano-rural\/#primaryimage"},"thumbnailUrl":"https:\/\/munilaja.cl\/w\/wp-content\/uploads\/2020\/02\/1.jpeg","keywords":["DAEM Laja","escuela de verano","ind","junaeb","Laja","ministerio de desarrollo social","municipalidad de laja"],"articleSection":["Educaci\u00f3n","Servicio a la comunidad"],"inLanguage":"es"},{"@type":"WebPage","@id":"https:\/\/munilaja.cl\/w\/finalizo-segunda-escuela-de-verano-rural\/","url":"https:\/\/munilaja.cl\/w\/finalizo-segunda-escuela-de-verano-rural\/","name":"Finaliz\u00f3 segunda Escuela de Verano Rural - Municipalidad de Laja","isPartOf":{"@id":"https:\/\/munilaja.cl\/w\/#website"},"primaryImageOfPage":{"@id":"https:\/\/munilaja.cl\/w\/finalizo-segunda-escuela-de-verano-rural\/#primaryimage"},"image":{"@id":"https:\/\/munilaja.cl\/w\/finalizo-segunda-escuela-de-verano-rural\/#primaryimage"},"thumbnailUrl":"https:\/\/munilaja.cl\/w\/wp-content\/uploads\/2020\/02\/1.jpeg","datePublished":"2020-02-07T14:14:44+00:00","dateModified":"2020-02-07T14:14:44+00:00","breadcrumb":{"@id":"https:\/\/munilaja.cl\/w\/finalizo-segunda-escuela-de-verano-rural\/#breadcrumb"},"inLanguage":"es","potentialAction":[{"@type":"ReadAction","target":["https:\/\/munilaja.cl\/w\/finalizo-segunda-escuela-de-verano-rural\/"]}]},{"@type":"ImageObject","inLanguage":"es","@id":"https:\/\/munilaja.cl\/w\/finalizo-segunda-escuela-de-verano-rural\/#primaryimage","url":"https:\/\/munilaja.cl\/w\/wp-content\/uploads\/2020\/02\/1.jpeg","contentUrl":"https:\/\/munilaja.cl\/w\/wp-content\/uploads\/2020\/02\/1.jpeg","width":1280,"height":960},{"@type":"BreadcrumbList","@id":"https:\/\/munilaja.cl\/w\/finalizo-segunda-escuela-de-verano-rural\/#breadcrumb","itemListElement":[{"@type":"ListItem","position":1,"name":"Portada","item":"https:\/\/munilaja.cl\/w\/"},{"@type":"ListItem","position":2,"name":"Finaliz\u00f3 segunda Escuela de Verano Rural"}]},{"@type":"WebSite","@id":"https:\/\/munilaja.cl\/w\/#website","url":"https:\/\/munilaja.cl\/w\/","name":"Municipalidad de Laja","description":"Web Municipal","publisher":{"@id":"https:\/\/munilaja.cl\/w\/#organization"},"potentialAction":[{"@type":"SearchAction","target":{"@type":"EntryPoint","urlTemplate":"https:\/\/munilaja.cl\/w\/?s={search_term_string}"},"query-input":{"@type":"PropertyValueSpecification","valueRequired":true,"valueName":"search_term_string"}}],"inLanguage":"es"},{"@type":"Organization","@id":"https:\/\/munilaja.cl\/w\/#organization","name":"Municipalidad de Laja","url":"https:\/\/munilaja.cl\/w\/","logo":{"@type":"ImageObject","inLanguage":"es","@id":"https:\/\/munilaja.cl\/w\/#\/schema\/logo\/image\/","url":"https:\/\/munilaja.cl\/w\/wp-content\/uploads\/2024\/11\/ESCUDO-LAJA-LETRAS-BLANCAS-LOGO-WEB.png","contentUrl":"https:\/\/munilaja.cl\/w\/wp-content\/uploads\/2024\/11\/ESCUDO-LAJA-LETRAS-BLANCAS-LOGO-WEB.png","width":150,"height":150,"caption":"Municipalidad de Laja"},"image":{"@id":"https:\/\/munilaja.cl\/w\/#\/schema\/logo\/image\/"}},{"@type":"Person","@id":"https:\/\/munilaja.cl\/w\/#\/schema\/person\/4650348f4978773bf1c5b31f9c7da744","name":"Administrador","url":"https:\/\/munilaja.cl\/w\/author\/rssmunilaja\/"}]}},"_links":{"self":[{"href":"https:\/\/munilaja.cl\/w\/wp-json\/wp\/v2\/posts\/52526"}],"collection":[{"href":"https:\/\/munilaja.cl\/w\/wp-json\/wp\/v2\/posts"}],"about":[{"href":"https:\/\/munilaja.cl\/w\/wp-json\/wp\/v2\/types\/post"}],"author":[{"embeddable":true,"href":"https:\/\/munilaja.cl\/w\/wp-json\/wp\/v2\/users\/11"}],"replies":[{"embeddable":true,"href":"https:\/\/munilaja.cl\/w\/wp-json\/wp\/v2\/comments?post=52526"}],"version-history":[{"count":0,"href":"https:\/\/munilaja.cl\/w\/wp-json\/wp\/v2\/posts\/52526\/revisions"}],"wp:featuredmedia":[{"embeddable":true,"href":"https:\/\/munilaja.cl\/w\/wp-json\/wp\/v2\/media\/52527"}],"wp:attachment":[{"href":"https:\/\/munilaja.cl\/w\/wp-json\/wp\/v2\/media?parent=52526"}],"wp:term":[{"taxonomy":"category","embeddable":true,"href":"https:\/\/munilaja.cl\/w\/wp-json\/wp\/v2\/categories?post=52526"},{"taxonomy":"post_tag","embeddable":true,"href":"https:\/\/munilaja.cl\/w\/wp-json\/wp\/v2\/tags?post=52526"}],"curies":[{"name":"wp","href":"https:\/\/api.w.org\/{rel}","templated":true}]}}