{"id":52403,"date":"2020-01-17T14:38:44","date_gmt":"2020-01-17T14:38:44","guid":{"rendered":"http:\/\/munilaja.cl\/w\/?p=52403"},"modified":"2020-01-17T14:38:58","modified_gmt":"2020-01-17T14:38:58","slug":"laja-se-suma-plan-nacional-elige-vivir-sin-drogas","status":"publish","type":"post","link":"https:\/\/munilaja.cl\/w\/laja-se-suma-plan-nacional-elige-vivir-sin-drogas\/","title":{"rendered":"Laja se suma plan nacional elige vivir sin drogas"},"content":{"rendered":"<p><strong>El alcalde de Laja, Vladimir Fica Toledo, firm\u00f3 el convenio con el director regional de Senda, Jorge Bast\u00edas.<\/strong><\/p>\n<p>Los <strong>escolares chilenos ocupan el primer lugar de Sudam\u00e9rica en el consumo de marihuana, coca\u00edna, pasta base y tranquilizantes sin receta m\u00e9dica<\/strong>. Adem\u00e1s 1 de cada 3 escolares declara haber consumido marihuana en el \u00faltimo a\u00f1o.<\/p>\n<p>Con estas cifras, el Servicio Nacional para la Prevenci\u00f3n y Rehabilitaci\u00f3n del Consumo de Drogas y Alcohol (Senda), <strong>cre\u00f3 el plan nacional elige vivir sin drogas<\/strong>, para prevenir el consumo de sustancias il\u00edcitas y as\u00ed bajar los altos \u00edndices que existen en el pa\u00eds.<\/p>\n<p>En lo que respecta a nuestra comuna, el programa Senda Previene existe desde el 2010. <strong>Para este a\u00f1o Laja se suma al plan nacional elige vivir sin drogas<\/strong>, siendo una de las 15 comunas que se integran a Concepci\u00f3n, Talcahuano y Los \u00c1ngeles.<\/p>\n<p><strong>Jorge Bast\u00edas, director regional de Senda<\/strong>, explica los objetivos del programa \u201ceste plan elige vivir sin drogas busca <strong>fomentar la prevenci\u00f3n desde 4 pilares<\/strong>. El primero y el m\u00e1s importante de todos, <strong>la familia<\/strong>. En segundo lugar, la <strong>escuela<\/strong> por lo que en marzo y abril se levantar\u00e1 informaci\u00f3n en los establecimientos educacionales. En tercer lugar <strong>estrategia de pares<\/strong>, buscar l\u00edderes dentro de los j\u00f3venes para que ellos nos ayuden a hacer prevenci\u00f3n y por \u00faltimo, <strong>la utilizaci\u00f3n del tiempo libre<\/strong> administrando mejor su tiempo en cosas que sean sanas y sirvan para la comunidad\u201d.<\/p>\n<p>Adem\u00e1s, con este <strong>plan se realizar\u00e1 un catastro comunal<\/strong> para conocer las principales necesidades de la comuna y se podr\u00e1n tomar decisiones con datos espec\u00edficos. As\u00ed lo se\u00f1ala la autoridad regional \u201c<strong>levantar esta informaci\u00f3n va a ser \u00fanica en la comuna, nunca se ha tenido un diagnostico local. Con esto vamos a tener datos de la comuna de Laja<\/strong> y ah\u00ed el alcalde junto al concejo municipal van a poder tomar decisiones\u201d.<\/p>\n<p>Las drogas afectan la capacidad de la memoria, disminuyen la capacidad de atenci\u00f3n y concentraci\u00f3n, tambi\u00e9n da\u00f1a la capacidad para resolver problemas y de planificaci\u00f3n y por \u00faltimo produce efectos nocivos sobre el funcionamiento cerebral.<\/p>\n<p><a href=\"https:\/\/munilaja.cl\/w\/wp-content\/uploads\/2020\/01\/1-2.jpg\"><img fetchpriority=\"high\" decoding=\"async\" class=\"alignnone size-medium wp-image-52404\" src=\"https:\/\/munilaja.cl\/w\/wp-content\/uploads\/2020\/01\/1-2-300x200.jpg\" alt=\"\" width=\"300\" height=\"200\" data-id=\"52404\" srcset=\"https:\/\/munilaja.cl\/w\/wp-content\/uploads\/2020\/01\/1-2-300x200.jpg 300w, https:\/\/munilaja.cl\/w\/wp-content\/uploads\/2020\/01\/1-2-768x512.jpg 768w, https:\/\/munilaja.cl\/w\/wp-content\/uploads\/2020\/01\/1-2.jpg 960w\" sizes=\"(max-width: 300px) 100vw, 300px\" \/><\/a> <a href=\"https:\/\/munilaja.cl\/w\/wp-content\/uploads\/2020\/01\/2-1.jpeg\"><img decoding=\"async\" class=\"alignnone size-medium wp-image-52405\" src=\"https:\/\/munilaja.cl\/w\/wp-content\/uploads\/2020\/01\/2-1-300x200.jpeg\" alt=\"\" width=\"300\" height=\"200\" data-id=\"52405\" srcset=\"https:\/\/munilaja.cl\/w\/wp-content\/uploads\/2020\/01\/2-1-300x200.jpeg 300w, https:\/\/munilaja.cl\/w\/wp-content\/uploads\/2020\/01\/2-1-768x512.jpeg 768w, https:\/\/munilaja.cl\/w\/wp-content\/uploads\/2020\/01\/2-1-1024x682.jpeg 1024w, https:\/\/munilaja.cl\/w\/wp-content\/uploads\/2020\/01\/2-1-994x662.jpeg 994w, https:\/\/munilaja.cl\/w\/wp-content\/uploads\/2020\/01\/2-1-1200x800.jpeg 1200w, https:\/\/munilaja.cl\/w\/wp-content\/uploads\/2020\/01\/2-1.jpeg 1280w\" sizes=\"(max-width: 300px) 100vw, 300px\" \/><\/a> <a href=\"https:\/\/munilaja.cl\/w\/wp-content\/uploads\/2020\/01\/3-1.jpeg\"><img decoding=\"async\" class=\"alignnone size-medium wp-image-52406\" src=\"https:\/\/munilaja.cl\/w\/wp-content\/uploads\/2020\/01\/3-1-300x200.jpeg\" alt=\"\" width=\"300\" height=\"200\" data-id=\"52406\" srcset=\"https:\/\/munilaja.cl\/w\/wp-content\/uploads\/2020\/01\/3-1-300x200.jpeg 300w, https:\/\/munilaja.cl\/w\/wp-content\/uploads\/2020\/01\/3-1-768x512.jpeg 768w, https:\/\/munilaja.cl\/w\/wp-content\/uploads\/2020\/01\/3-1-1024x682.jpeg 1024w, https:\/\/munilaja.cl\/w\/wp-content\/uploads\/2020\/01\/3-1-994x662.jpeg 994w, https:\/\/munilaja.cl\/w\/wp-content\/uploads\/2020\/01\/3-1-1200x800.jpeg 1200w, https:\/\/munilaja.cl\/w\/wp-content\/uploads\/2020\/01\/3-1.jpeg 1280w\" sizes=\"(max-width: 300px) 100vw, 300px\" \/><\/a> <a href=\"https:\/\/munilaja.cl\/w\/wp-content\/uploads\/2020\/01\/4-1.jpeg\"><img loading=\"lazy\" decoding=\"async\" class=\"alignnone size-medium wp-image-52407\" src=\"https:\/\/munilaja.cl\/w\/wp-content\/uploads\/2020\/01\/4-1-300x200.jpeg\" alt=\"\" width=\"300\" height=\"200\" data-id=\"52407\" srcset=\"https:\/\/munilaja.cl\/w\/wp-content\/uploads\/2020\/01\/4-1-300x200.jpeg 300w, https:\/\/munilaja.cl\/w\/wp-content\/uploads\/2020\/01\/4-1-768x512.jpeg 768w, https:\/\/munilaja.cl\/w\/wp-content\/uploads\/2020\/01\/4-1-1024x682.jpeg 1024w, https:\/\/munilaja.cl\/w\/wp-content\/uploads\/2020\/01\/4-1-994x662.jpeg 994w, https:\/\/munilaja.cl\/w\/wp-content\/uploads\/2020\/01\/4-1-1200x800.jpeg 1200w, https:\/\/munilaja.cl\/w\/wp-content\/uploads\/2020\/01\/4-1.jpeg 1280w\" sizes=\"(max-width: 300px) 100vw, 300px\" \/><\/a><\/p>\n","protected":false},"excerpt":{"rendered":"<p>El alcalde de Laja, Vladimir Fica Toledo, firm\u00f3 el convenio con el director regional de Senda, Jorge Bast\u00edas. Los escolares chilenos ocupan el primer lugar de Sudam\u00e9rica en el consumo de marihuana, coca\u00edna, pasta base y tranquilizantes sin receta m\u00e9dica. Adem\u00e1s 1 de cada 3 escolares declara haber consumido marihuana en el \u00faltimo a\u00f1o. Con [&hellip;]<\/p>\n","protected":false},"author":11,"featured_media":52407,"comment_status":"closed","ping_status":"closed","sticky":false,"template":"","format":"standard","meta":{"zakra_sidebar_layout":"customizer","zakra_remove_content_margin":false,"zakra_sidebar":"customizer","zakra_transparent_header":"customizer","zakra_logo":0,"zakra_main_header_style":"default","zakra_menu_item_color":"","zakra_menu_item_hover_color":"","zakra_menu_item_active_color":"","zakra_menu_active_style":"zakra_menu_active_style","zakra_page_header":true,"footnotes":""},"categories":[30,79,17],"tags":[442,515,5,516,341],"class_list":["post-52403","post","type-post","status-publish","format-standard","has-post-thumbnail","hentry","category-educacion","category-salud","category-servicio-a-la-comunidad","tag-442","tag-elige-vivir-sin-drogas","tag-laja","tag-senda-biobio","tag-vladimir-fica-toledo"],"yoast_head":"<!-- This site is optimized with the Yoast SEO plugin v24.0 - https:\/\/yoast.com\/wordpress\/plugins\/seo\/ -->\n<title>Laja se suma plan nacional elige vivir sin drogas - Municipalidad de Laja<\/title>\n<meta name=\"robots\" content=\"index, follow, max-snippet:-1, max-image-preview:large, max-video-preview:-1\" \/>\n<link rel=\"canonical\" href=\"https:\/\/munilaja.cl\/w\/laja-se-suma-plan-nacional-elige-vivir-sin-drogas\/\" \/>\n<meta property=\"og:locale\" content=\"es_ES\" \/>\n<meta property=\"og:type\" content=\"article\" \/>\n<meta property=\"og:title\" content=\"Laja se suma plan nacional elige vivir sin drogas - Municipalidad de Laja\" \/>\n<meta property=\"og:description\" content=\"El alcalde de Laja, Vladimir Fica Toledo, firm\u00f3 el convenio con el director regional de Senda, Jorge Bast\u00edas. Los escolares chilenos ocupan el primer lugar de Sudam\u00e9rica en el consumo de marihuana, coca\u00edna, pasta base y tranquilizantes sin receta m\u00e9dica. Adem\u00e1s 1 de cada 3 escolares declara haber consumido marihuana en el \u00faltimo a\u00f1o. Con [&hellip;]\" \/>\n<meta property=\"og:url\" content=\"https:\/\/munilaja.cl\/w\/laja-se-suma-plan-nacional-elige-vivir-sin-drogas\/\" \/>\n<meta property=\"og:site_name\" content=\"Municipalidad de Laja\" \/>\n<meta property=\"article:published_time\" content=\"2020-01-17T14:38:44+00:00\" \/>\n<meta property=\"article:modified_time\" content=\"2020-01-17T14:38:58+00:00\" \/>\n<meta property=\"og:image\" content=\"https:\/\/munilaja.cl\/w\/wp-content\/uploads\/2020\/01\/4-1.jpeg\" \/>\n\t<meta property=\"og:image:width\" content=\"1280\" \/>\n\t<meta property=\"og:image:height\" content=\"853\" \/>\n\t<meta property=\"og:image:type\" content=\"image\/jpeg\" \/>\n<meta name=\"author\" content=\"Administrador\" \/>\n<meta name=\"twitter:card\" content=\"summary_large_image\" \/>\n<meta name=\"twitter:label1\" content=\"Escrito por\" \/>\n\t<meta name=\"twitter:data1\" content=\"Administrador\" \/>\n\t<meta name=\"twitter:label2\" content=\"Tiempo de lectura\" \/>\n\t<meta name=\"twitter:data2\" content=\"2 minutos\" \/>\n<script type=\"application\/ld+json\" class=\"yoast-schema-graph\">{\"@context\":\"https:\/\/schema.org\",\"@graph\":[{\"@type\":\"Article\",\"@id\":\"https:\/\/munilaja.cl\/w\/laja-se-suma-plan-nacional-elige-vivir-sin-drogas\/#article\",\"isPartOf\":{\"@id\":\"https:\/\/munilaja.cl\/w\/laja-se-suma-plan-nacional-elige-vivir-sin-drogas\/\"},\"author\":{\"name\":\"Administrador\",\"@id\":\"https:\/\/munilaja.cl\/w\/#\/schema\/person\/4650348f4978773bf1c5b31f9c7da744\"},\"headline\":\"Laja se suma plan nacional elige vivir sin drogas\",\"datePublished\":\"2020-01-17T14:38:44+00:00\",\"dateModified\":\"2020-01-17T14:38:58+00:00\",\"mainEntityOfPage\":{\"@id\":\"https:\/\/munilaja.cl\/w\/laja-se-suma-plan-nacional-elige-vivir-sin-drogas\/\"},\"wordCount\":377,\"publisher\":{\"@id\":\"https:\/\/munilaja.cl\/w\/#organization\"},\"image\":{\"@id\":\"https:\/\/munilaja.cl\/w\/laja-se-suma-plan-nacional-elige-vivir-sin-drogas\/#primaryimage\"},\"thumbnailUrl\":\"https:\/\/munilaja.cl\/w\/wp-content\/uploads\/2020\/01\/4-1.jpeg\",\"keywords\":[\"2020\",\"elige vivir sin drogas\",\"Laja\",\"senda biob\u00edo\",\"vladimir fica toledo\"],\"articleSection\":[\"Educaci\u00f3n\",\"Salud\",\"Servicio a la comunidad\"],\"inLanguage\":\"es\"},{\"@type\":\"WebPage\",\"@id\":\"https:\/\/munilaja.cl\/w\/laja-se-suma-plan-nacional-elige-vivir-sin-drogas\/\",\"url\":\"https:\/\/munilaja.cl\/w\/laja-se-suma-plan-nacional-elige-vivir-sin-drogas\/\",\"name\":\"Laja se suma plan nacional elige vivir sin drogas - Municipalidad de Laja\",\"isPartOf\":{\"@id\":\"https:\/\/munilaja.cl\/w\/#website\"},\"primaryImageOfPage\":{\"@id\":\"https:\/\/munilaja.cl\/w\/laja-se-suma-plan-nacional-elige-vivir-sin-drogas\/#primaryimage\"},\"image\":{\"@id\":\"https:\/\/munilaja.cl\/w\/laja-se-suma-plan-nacional-elige-vivir-sin-drogas\/#primaryimage\"},\"thumbnailUrl\":\"https:\/\/munilaja.cl\/w\/wp-content\/uploads\/2020\/01\/4-1.jpeg\",\"datePublished\":\"2020-01-17T14:38:44+00:00\",\"dateModified\":\"2020-01-17T14:38:58+00:00\",\"breadcrumb\":{\"@id\":\"https:\/\/munilaja.cl\/w\/laja-se-suma-plan-nacional-elige-vivir-sin-drogas\/#breadcrumb\"},\"inLanguage\":\"es\",\"potentialAction\":[{\"@type\":\"ReadAction\",\"target\":[\"https:\/\/munilaja.cl\/w\/laja-se-suma-plan-nacional-elige-vivir-sin-drogas\/\"]}]},{\"@type\":\"ImageObject\",\"inLanguage\":\"es\",\"@id\":\"https:\/\/munilaja.cl\/w\/laja-se-suma-plan-nacional-elige-vivir-sin-drogas\/#primaryimage\",\"url\":\"https:\/\/munilaja.cl\/w\/wp-content\/uploads\/2020\/01\/4-1.jpeg\",\"contentUrl\":\"https:\/\/munilaja.cl\/w\/wp-content\/uploads\/2020\/01\/4-1.jpeg\",\"width\":1280,\"height\":853},{\"@type\":\"BreadcrumbList\",\"@id\":\"https:\/\/munilaja.cl\/w\/laja-se-suma-plan-nacional-elige-vivir-sin-drogas\/#breadcrumb\",\"itemListElement\":[{\"@type\":\"ListItem\",\"position\":1,\"name\":\"Portada\",\"item\":\"https:\/\/munilaja.cl\/w\/\"},{\"@type\":\"ListItem\",\"position\":2,\"name\":\"Laja se suma plan nacional elige vivir sin drogas\"}]},{\"@type\":\"WebSite\",\"@id\":\"https:\/\/munilaja.cl\/w\/#website\",\"url\":\"https:\/\/munilaja.cl\/w\/\",\"name\":\"Municipalidad de Laja\",\"description\":\"Web Municipal\",\"publisher\":{\"@id\":\"https:\/\/munilaja.cl\/w\/#organization\"},\"potentialAction\":[{\"@type\":\"SearchAction\",\"target\":{\"@type\":\"EntryPoint\",\"urlTemplate\":\"https:\/\/munilaja.cl\/w\/?s={search_term_string}\"},\"query-input\":{\"@type\":\"PropertyValueSpecification\",\"valueRequired\":true,\"valueName\":\"search_term_string\"}}],\"inLanguage\":\"es\"},{\"@type\":\"Organization\",\"@id\":\"https:\/\/munilaja.cl\/w\/#organization\",\"name\":\"Municipalidad de Laja\",\"url\":\"https:\/\/munilaja.cl\/w\/\",\"logo\":{\"@type\":\"ImageObject\",\"inLanguage\":\"es\",\"@id\":\"https:\/\/munilaja.cl\/w\/#\/schema\/logo\/image\/\",\"url\":\"https:\/\/munilaja.cl\/w\/wp-content\/uploads\/2024\/11\/ESCUDO-LAJA-LETRAS-BLANCAS-LOGO-WEB.png\",\"contentUrl\":\"https:\/\/munilaja.cl\/w\/wp-content\/uploads\/2024\/11\/ESCUDO-LAJA-LETRAS-BLANCAS-LOGO-WEB.png\",\"width\":150,\"height\":150,\"caption\":\"Municipalidad de Laja\"},\"image\":{\"@id\":\"https:\/\/munilaja.cl\/w\/#\/schema\/logo\/image\/\"}},{\"@type\":\"Person\",\"@id\":\"https:\/\/munilaja.cl\/w\/#\/schema\/person\/4650348f4978773bf1c5b31f9c7da744\",\"name\":\"Administrador\",\"url\":\"https:\/\/munilaja.cl\/w\/author\/rssmunilaja\/\"}]}<\/script>\n<!-- \/ Yoast SEO plugin. -->","yoast_head_json":{"title":"Laja se suma plan nacional elige vivir sin drogas - Municipalidad de Laja","robots":{"index":"index","follow":"follow","max-snippet":"max-snippet:-1","max-image-preview":"max-image-preview:large","max-video-preview":"max-video-preview:-1"},"canonical":"https:\/\/munilaja.cl\/w\/laja-se-suma-plan-nacional-elige-vivir-sin-drogas\/","og_locale":"es_ES","og_type":"article","og_title":"Laja se suma plan nacional elige vivir sin drogas - Municipalidad de Laja","og_description":"El alcalde de Laja, Vladimir Fica Toledo, firm\u00f3 el convenio con el director regional de Senda, Jorge Bast\u00edas. Los escolares chilenos ocupan el primer lugar de Sudam\u00e9rica en el consumo de marihuana, coca\u00edna, pasta base y tranquilizantes sin receta m\u00e9dica. Adem\u00e1s 1 de cada 3 escolares declara haber consumido marihuana en el \u00faltimo a\u00f1o. Con [&hellip;]","og_url":"https:\/\/munilaja.cl\/w\/laja-se-suma-plan-nacional-elige-vivir-sin-drogas\/","og_site_name":"Municipalidad de Laja","article_published_time":"2020-01-17T14:38:44+00:00","article_modified_time":"2020-01-17T14:38:58+00:00","og_image":[{"width":1280,"height":853,"url":"https:\/\/munilaja.cl\/w\/wp-content\/uploads\/2020\/01\/4-1.jpeg","type":"image\/jpeg"}],"author":"Administrador","twitter_card":"summary_large_image","twitter_misc":{"Escrito por":"Administrador","Tiempo de lectura":"2 minutos"},"schema":{"@context":"https:\/\/schema.org","@graph":[{"@type":"Article","@id":"https:\/\/munilaja.cl\/w\/laja-se-suma-plan-nacional-elige-vivir-sin-drogas\/#article","isPartOf":{"@id":"https:\/\/munilaja.cl\/w\/laja-se-suma-plan-nacional-elige-vivir-sin-drogas\/"},"author":{"name":"Administrador","@id":"https:\/\/munilaja.cl\/w\/#\/schema\/person\/4650348f4978773bf1c5b31f9c7da744"},"headline":"Laja se suma plan nacional elige vivir sin drogas","datePublished":"2020-01-17T14:38:44+00:00","dateModified":"2020-01-17T14:38:58+00:00","mainEntityOfPage":{"@id":"https:\/\/munilaja.cl\/w\/laja-se-suma-plan-nacional-elige-vivir-sin-drogas\/"},"wordCount":377,"publisher":{"@id":"https:\/\/munilaja.cl\/w\/#organization"},"image":{"@id":"https:\/\/munilaja.cl\/w\/laja-se-suma-plan-nacional-elige-vivir-sin-drogas\/#primaryimage"},"thumbnailUrl":"https:\/\/munilaja.cl\/w\/wp-content\/uploads\/2020\/01\/4-1.jpeg","keywords":["2020","elige vivir sin drogas","Laja","senda biob\u00edo","vladimir fica toledo"],"articleSection":["Educaci\u00f3n","Salud","Servicio a la comunidad"],"inLanguage":"es"},{"@type":"WebPage","@id":"https:\/\/munilaja.cl\/w\/laja-se-suma-plan-nacional-elige-vivir-sin-drogas\/","url":"https:\/\/munilaja.cl\/w\/laja-se-suma-plan-nacional-elige-vivir-sin-drogas\/","name":"Laja se suma plan nacional elige vivir sin drogas - Municipalidad de Laja","isPartOf":{"@id":"https:\/\/munilaja.cl\/w\/#website"},"primaryImageOfPage":{"@id":"https:\/\/munilaja.cl\/w\/laja-se-suma-plan-nacional-elige-vivir-sin-drogas\/#primaryimage"},"image":{"@id":"https:\/\/munilaja.cl\/w\/laja-se-suma-plan-nacional-elige-vivir-sin-drogas\/#primaryimage"},"thumbnailUrl":"https:\/\/munilaja.cl\/w\/wp-content\/uploads\/2020\/01\/4-1.jpeg","datePublished":"2020-01-17T14:38:44+00:00","dateModified":"2020-01-17T14:38:58+00:00","breadcrumb":{"@id":"https:\/\/munilaja.cl\/w\/laja-se-suma-plan-nacional-elige-vivir-sin-drogas\/#breadcrumb"},"inLanguage":"es","potentialAction":[{"@type":"ReadAction","target":["https:\/\/munilaja.cl\/w\/laja-se-suma-plan-nacional-elige-vivir-sin-drogas\/"]}]},{"@type":"ImageObject","inLanguage":"es","@id":"https:\/\/munilaja.cl\/w\/laja-se-suma-plan-nacional-elige-vivir-sin-drogas\/#primaryimage","url":"https:\/\/munilaja.cl\/w\/wp-content\/uploads\/2020\/01\/4-1.jpeg","contentUrl":"https:\/\/munilaja.cl\/w\/wp-content\/uploads\/2020\/01\/4-1.jpeg","width":1280,"height":853},{"@type":"BreadcrumbList","@id":"https:\/\/munilaja.cl\/w\/laja-se-suma-plan-nacional-elige-vivir-sin-drogas\/#breadcrumb","itemListElement":[{"@type":"ListItem","position":1,"name":"Portada","item":"https:\/\/munilaja.cl\/w\/"},{"@type":"ListItem","position":2,"name":"Laja se suma plan nacional elige vivir sin drogas"}]},{"@type":"WebSite","@id":"https:\/\/munilaja.cl\/w\/#website","url":"https:\/\/munilaja.cl\/w\/","name":"Municipalidad de Laja","description":"Web Municipal","publisher":{"@id":"https:\/\/munilaja.cl\/w\/#organization"},"potentialAction":[{"@type":"SearchAction","target":{"@type":"EntryPoint","urlTemplate":"https:\/\/munilaja.cl\/w\/?s={search_term_string}"},"query-input":{"@type":"PropertyValueSpecification","valueRequired":true,"valueName":"search_term_string"}}],"inLanguage":"es"},{"@type":"Organization","@id":"https:\/\/munilaja.cl\/w\/#organization","name":"Municipalidad de Laja","url":"https:\/\/munilaja.cl\/w\/","logo":{"@type":"ImageObject","inLanguage":"es","@id":"https:\/\/munilaja.cl\/w\/#\/schema\/logo\/image\/","url":"https:\/\/munilaja.cl\/w\/wp-content\/uploads\/2024\/11\/ESCUDO-LAJA-LETRAS-BLANCAS-LOGO-WEB.png","contentUrl":"https:\/\/munilaja.cl\/w\/wp-content\/uploads\/2024\/11\/ESCUDO-LAJA-LETRAS-BLANCAS-LOGO-WEB.png","width":150,"height":150,"caption":"Municipalidad de Laja"},"image":{"@id":"https:\/\/munilaja.cl\/w\/#\/schema\/logo\/image\/"}},{"@type":"Person","@id":"https:\/\/munilaja.cl\/w\/#\/schema\/person\/4650348f4978773bf1c5b31f9c7da744","name":"Administrador","url":"https:\/\/munilaja.cl\/w\/author\/rssmunilaja\/"}]}},"_links":{"self":[{"href":"https:\/\/munilaja.cl\/w\/wp-json\/wp\/v2\/posts\/52403"}],"collection":[{"href":"https:\/\/munilaja.cl\/w\/wp-json\/wp\/v2\/posts"}],"about":[{"href":"https:\/\/munilaja.cl\/w\/wp-json\/wp\/v2\/types\/post"}],"author":[{"embeddable":true,"href":"https:\/\/munilaja.cl\/w\/wp-json\/wp\/v2\/users\/11"}],"replies":[{"embeddable":true,"href":"https:\/\/munilaja.cl\/w\/wp-json\/wp\/v2\/comments?post=52403"}],"version-history":[{"count":0,"href":"https:\/\/munilaja.cl\/w\/wp-json\/wp\/v2\/posts\/52403\/revisions"}],"wp:featuredmedia":[{"embeddable":true,"href":"https:\/\/munilaja.cl\/w\/wp-json\/wp\/v2\/media\/52407"}],"wp:attachment":[{"href":"https:\/\/munilaja.cl\/w\/wp-json\/wp\/v2\/media?parent=52403"}],"wp:term":[{"taxonomy":"category","embeddable":true,"href":"https:\/\/munilaja.cl\/w\/wp-json\/wp\/v2\/categories?post=52403"},{"taxonomy":"post_tag","embeddable":true,"href":"https:\/\/munilaja.cl\/w\/wp-json\/wp\/v2\/tags?post=52403"}],"curies":[{"name":"wp","href":"https:\/\/api.w.org\/{rel}","templated":true}]}}