{"id":52395,"date":"2020-01-16T19:47:20","date_gmt":"2020-01-16T19:47:20","guid":{"rendered":"http:\/\/munilaja.cl\/w\/?p=52395"},"modified":"2020-01-16T19:48:59","modified_gmt":"2020-01-16T19:48:59","slug":"comenzo-campana-de-desparasitacion-y-vacuna-antirrabica-de-mascotas","status":"publish","type":"post","link":"https:\/\/munilaja.cl\/w\/comenzo-campana-de-desparasitacion-y-vacuna-antirrabica-de-mascotas\/","title":{"rendered":"Comenz\u00f3 campa\u00f1a de desparasitaci\u00f3n y vacuna antirr\u00e1bica de mascotas"},"content":{"rendered":"<p><strong>Profesionales del municipio y de la Universidad Andr\u00e9s Bello son los encargados de la operaci\u00f3n.<\/strong><\/p>\n<p>El cuidado de las mascotas es fundamental para que estas puedan vivir tranquilamente sin ser un peligro para la sociedad. Por lo mismo, por parte del municipio se vienen realizando operativos de esterilizaci\u00f3n con implantaci\u00f3n de microchip.<\/p>\n<p>Para este 2020 se seguir\u00e1 trabajando por el cuidado de nuestras mascotas. Es as\u00ed que <strong>esta semana comenz\u00f3 la campa\u00f1a de desparasitaci\u00f3n y vacuna antirr\u00e1bica en la comuna. El primer sector que se visit\u00f3 fue Santa Ana<\/strong>, con gran asistencia de los vecinos.<\/p>\n<p><strong>Augusto Jim\u00e9nez, m\u00e9dico veterinario encargado de Tenencia Responsable de la comuna<\/strong>, se refiri\u00f3 al trabajo realizado por el municipio \u201cestamos desarrollando una campa\u00f1a de desparasitaci\u00f3n, postura de vacuna antirr\u00e1bica y postura de microchip, esto en conjunto con la Universidad Andr\u00e9s Bello.<strong> Nos estamos preocupando del control sanitario de las mascota de Laja, porque sabemos lo que m\u00e1s hay en este momento son pulgas y garrapatas. Estamos tratando de controlar esa ayuda desde la municipalidad a la gente<\/strong>\u201d.<\/p>\n<p>Esta campa\u00f1a es totalmente gratuita para los vecinos y se realizar\u00e1 por diferentes sectores de la comuna. Uno de los vecinos del sector que llev\u00f3 a su perro fue <strong>Danilo Osses<\/strong>, quien valor\u00f3 la ayuda que se realiza a la comunidad y en especial a las mascotas para su salud \u201c<strong>me parece una gran iniciativa en cuanto a la tenencia responsable de perros, hay que cuidar a nuestras mascotas. Hay que aprovechar esta oportunidad porque son parte de nuestra familia y es importante mantenerlas en un estado \u00f3ptimo<\/strong>\u201d.<\/p>\n<p>La Universidad Andr\u00e9s Bello de Concepci\u00f3n, a trav\u00e9s de la carrera de medicina veterinaria, se sum\u00f3 a la campa\u00f1a de desparasitaci\u00f3n que realiza el municipio. La casa de estudios fue la que don\u00f3 las vacunas antirr\u00e1bicas con el fin de poder realizar una investigaci\u00f3n<\/p>\n<p><strong>\u00c1lvaro Opazo, director de la carrera medicina veterinaria de la Universidad Andr\u00e9s Bello<\/strong>, nos explica de qu\u00e9 trata este \u201ceste consiste en la<strong> identificaci\u00f3n de agentes bacterianos que parasitan a los perros y que son transmitidos por las garrapatas y las pulgas y que pueden ser transmitidas a las personas. Este proyecto est\u00e1 buscando es poder hacer un catastro de la situaci\u00f3n de la regi\u00f3n respecto a estos 2 agentes bacterianos<\/strong>\u201d.<\/p>\n<p><a href=\"https:\/\/munilaja.cl\/w\/wp-content\/uploads\/2020\/01\/ZG16298.jpg\"><img fetchpriority=\"high\" decoding=\"async\" class=\"alignnone size-medium wp-image-52396\" src=\"https:\/\/munilaja.cl\/w\/wp-content\/uploads\/2020\/01\/ZG16298-300x200.jpg\" alt=\"\" width=\"300\" height=\"200\" data-id=\"52396\" srcset=\"https:\/\/munilaja.cl\/w\/wp-content\/uploads\/2020\/01\/ZG16298-300x200.jpg 300w, https:\/\/munilaja.cl\/w\/wp-content\/uploads\/2020\/01\/ZG16298-768x512.jpg 768w, https:\/\/munilaja.cl\/w\/wp-content\/uploads\/2020\/01\/ZG16298-1024x683.jpg 1024w, https:\/\/munilaja.cl\/w\/wp-content\/uploads\/2020\/01\/ZG16298-994x663.jpg 994w, https:\/\/munilaja.cl\/w\/wp-content\/uploads\/2020\/01\/ZG16298-1320x880.jpg 1320w, https:\/\/munilaja.cl\/w\/wp-content\/uploads\/2020\/01\/ZG16298-1200x800.jpg 1200w\" sizes=\"(max-width: 300px) 100vw, 300px\" \/><\/a> <a href=\"https:\/\/munilaja.cl\/w\/wp-content\/uploads\/2020\/01\/ZG16299.jpg\"><img decoding=\"async\" class=\"alignnone size-medium wp-image-52397\" src=\"https:\/\/munilaja.cl\/w\/wp-content\/uploads\/2020\/01\/ZG16299-300x200.jpg\" alt=\"\" width=\"300\" height=\"200\" data-id=\"52397\" srcset=\"https:\/\/munilaja.cl\/w\/wp-content\/uploads\/2020\/01\/ZG16299-300x200.jpg 300w, https:\/\/munilaja.cl\/w\/wp-content\/uploads\/2020\/01\/ZG16299-768x512.jpg 768w, https:\/\/munilaja.cl\/w\/wp-content\/uploads\/2020\/01\/ZG16299-1024x683.jpg 1024w, https:\/\/munilaja.cl\/w\/wp-content\/uploads\/2020\/01\/ZG16299-994x663.jpg 994w, https:\/\/munilaja.cl\/w\/wp-content\/uploads\/2020\/01\/ZG16299-1320x880.jpg 1320w, https:\/\/munilaja.cl\/w\/wp-content\/uploads\/2020\/01\/ZG16299-1200x800.jpg 1200w\" sizes=\"(max-width: 300px) 100vw, 300px\" \/><\/a> <a href=\"https:\/\/munilaja.cl\/w\/wp-content\/uploads\/2020\/01\/ZG16301.jpg\"><img decoding=\"async\" class=\"alignnone size-medium wp-image-52398\" src=\"https:\/\/munilaja.cl\/w\/wp-content\/uploads\/2020\/01\/ZG16301-300x200.jpg\" alt=\"\" width=\"300\" height=\"200\" data-id=\"52398\" srcset=\"https:\/\/munilaja.cl\/w\/wp-content\/uploads\/2020\/01\/ZG16301-300x200.jpg 300w, https:\/\/munilaja.cl\/w\/wp-content\/uploads\/2020\/01\/ZG16301-768x512.jpg 768w, https:\/\/munilaja.cl\/w\/wp-content\/uploads\/2020\/01\/ZG16301-1024x683.jpg 1024w, https:\/\/munilaja.cl\/w\/wp-content\/uploads\/2020\/01\/ZG16301-994x663.jpg 994w, https:\/\/munilaja.cl\/w\/wp-content\/uploads\/2020\/01\/ZG16301-1320x880.jpg 1320w, https:\/\/munilaja.cl\/w\/wp-content\/uploads\/2020\/01\/ZG16301-1200x800.jpg 1200w\" sizes=\"(max-width: 300px) 100vw, 300px\" \/><\/a> <a href=\"https:\/\/munilaja.cl\/w\/wp-content\/uploads\/2020\/01\/ZG16302.jpg\"><img loading=\"lazy\" decoding=\"async\" class=\"alignnone size-medium wp-image-52399\" src=\"https:\/\/munilaja.cl\/w\/wp-content\/uploads\/2020\/01\/ZG16302-300x200.jpg\" alt=\"\" width=\"300\" height=\"200\" data-id=\"52399\" srcset=\"https:\/\/munilaja.cl\/w\/wp-content\/uploads\/2020\/01\/ZG16302-300x200.jpg 300w, https:\/\/munilaja.cl\/w\/wp-content\/uploads\/2020\/01\/ZG16302-768x512.jpg 768w, https:\/\/munilaja.cl\/w\/wp-content\/uploads\/2020\/01\/ZG16302-1024x683.jpg 1024w, https:\/\/munilaja.cl\/w\/wp-content\/uploads\/2020\/01\/ZG16302-994x663.jpg 994w, https:\/\/munilaja.cl\/w\/wp-content\/uploads\/2020\/01\/ZG16302-1320x880.jpg 1320w, https:\/\/munilaja.cl\/w\/wp-content\/uploads\/2020\/01\/ZG16302-1200x800.jpg 1200w\" sizes=\"(max-width: 300px) 100vw, 300px\" \/><\/a><\/p>\n","protected":false},"excerpt":{"rendered":"<p>Profesionales del municipio y de la Universidad Andr\u00e9s Bello son los encargados de la operaci\u00f3n. El cuidado de las mascotas es fundamental para que estas puedan vivir tranquilamente sin ser un peligro para la sociedad. Por lo mismo, por parte del municipio se vienen realizando operativos de esterilizaci\u00f3n con implantaci\u00f3n de microchip. Para este 2020 [&hellip;]<\/p>\n","protected":false},"author":11,"featured_media":52399,"comment_status":"closed","ping_status":"closed","sticky":false,"template":"","format":"standard","meta":{"zakra_sidebar_layout":"customizer","zakra_remove_content_margin":false,"zakra_sidebar":"customizer","zakra_transparent_header":"customizer","zakra_logo":0,"zakra_main_header_style":"default","zakra_menu_item_color":"","zakra_menu_item_hover_color":"","zakra_menu_item_active_color":"","zakra_menu_active_style":"zakra_menu_active_style","zakra_page_header":true,"footnotes":""},"categories":[17],"tags":[512,514,5,187,513],"class_list":["post-52395","post","type-post","status-publish","format-standard","has-post-thumbnail","hentry","category-servicio-a-la-comunidad","tag-campana-de-desparasitacion","tag-investigacion","tag-laja","tag-municipalidad-de-laja","tag-universidad-andres-bello"],"yoast_head":"<!-- This site is optimized with the Yoast SEO plugin v24.0 - https:\/\/yoast.com\/wordpress\/plugins\/seo\/ -->\n<title>Comenz\u00f3 campa\u00f1a de desparasitaci\u00f3n y vacuna antirr\u00e1bica de mascotas - Municipalidad de Laja<\/title>\n<meta name=\"robots\" content=\"index, follow, max-snippet:-1, max-image-preview:large, max-video-preview:-1\" \/>\n<link rel=\"canonical\" href=\"https:\/\/munilaja.cl\/w\/comenzo-campana-de-desparasitacion-y-vacuna-antirrabica-de-mascotas\/\" \/>\n<meta property=\"og:locale\" content=\"es_ES\" \/>\n<meta property=\"og:type\" content=\"article\" \/>\n<meta property=\"og:title\" content=\"Comenz\u00f3 campa\u00f1a de desparasitaci\u00f3n y vacuna antirr\u00e1bica de mascotas - Municipalidad de Laja\" \/>\n<meta property=\"og:description\" content=\"Profesionales del municipio y de la Universidad Andr\u00e9s Bello son los encargados de la operaci\u00f3n. El cuidado de las mascotas es fundamental para que estas puedan vivir tranquilamente sin ser un peligro para la sociedad. Por lo mismo, por parte del municipio se vienen realizando operativos de esterilizaci\u00f3n con implantaci\u00f3n de microchip. Para este 2020 [&hellip;]\" \/>\n<meta property=\"og:url\" content=\"https:\/\/munilaja.cl\/w\/comenzo-campana-de-desparasitacion-y-vacuna-antirrabica-de-mascotas\/\" \/>\n<meta property=\"og:site_name\" content=\"Municipalidad de Laja\" \/>\n<meta property=\"article:published_time\" content=\"2020-01-16T19:47:20+00:00\" \/>\n<meta property=\"article:modified_time\" content=\"2020-01-16T19:48:59+00:00\" \/>\n<meta property=\"og:image\" content=\"https:\/\/munilaja.cl\/w\/wp-content\/uploads\/2020\/01\/ZG16302-1024x683.jpg\" \/>\n\t<meta property=\"og:image:width\" content=\"1024\" \/>\n\t<meta property=\"og:image:height\" content=\"683\" \/>\n\t<meta property=\"og:image:type\" content=\"image\/jpeg\" \/>\n<meta name=\"author\" content=\"Administrador\" \/>\n<meta name=\"twitter:card\" content=\"summary_large_image\" \/>\n<meta name=\"twitter:label1\" content=\"Escrito por\" \/>\n\t<meta name=\"twitter:data1\" content=\"Administrador\" \/>\n\t<meta name=\"twitter:label2\" content=\"Tiempo de lectura\" \/>\n\t<meta name=\"twitter:data2\" content=\"2 minutos\" \/>\n<script type=\"application\/ld+json\" class=\"yoast-schema-graph\">{\"@context\":\"https:\/\/schema.org\",\"@graph\":[{\"@type\":\"Article\",\"@id\":\"https:\/\/munilaja.cl\/w\/comenzo-campana-de-desparasitacion-y-vacuna-antirrabica-de-mascotas\/#article\",\"isPartOf\":{\"@id\":\"https:\/\/munilaja.cl\/w\/comenzo-campana-de-desparasitacion-y-vacuna-antirrabica-de-mascotas\/\"},\"author\":{\"name\":\"Administrador\",\"@id\":\"https:\/\/munilaja.cl\/w\/#\/schema\/person\/4650348f4978773bf1c5b31f9c7da744\"},\"headline\":\"Comenz\u00f3 campa\u00f1a de desparasitaci\u00f3n y vacuna antirr\u00e1bica de mascotas\",\"datePublished\":\"2020-01-16T19:47:20+00:00\",\"dateModified\":\"2020-01-16T19:48:59+00:00\",\"mainEntityOfPage\":{\"@id\":\"https:\/\/munilaja.cl\/w\/comenzo-campana-de-desparasitacion-y-vacuna-antirrabica-de-mascotas\/\"},\"wordCount\":411,\"publisher\":{\"@id\":\"https:\/\/munilaja.cl\/w\/#organization\"},\"image\":{\"@id\":\"https:\/\/munilaja.cl\/w\/comenzo-campana-de-desparasitacion-y-vacuna-antirrabica-de-mascotas\/#primaryimage\"},\"thumbnailUrl\":\"https:\/\/munilaja.cl\/w\/wp-content\/uploads\/2020\/01\/ZG16302.jpg\",\"keywords\":[\"campa\u00f1a de desparasitaci\u00f3n\",\"investigaci\u00f3n\",\"Laja\",\"municipalidad de laja\",\"universidad andr\u00e9s bello\"],\"articleSection\":[\"Servicio a la comunidad\"],\"inLanguage\":\"es\"},{\"@type\":\"WebPage\",\"@id\":\"https:\/\/munilaja.cl\/w\/comenzo-campana-de-desparasitacion-y-vacuna-antirrabica-de-mascotas\/\",\"url\":\"https:\/\/munilaja.cl\/w\/comenzo-campana-de-desparasitacion-y-vacuna-antirrabica-de-mascotas\/\",\"name\":\"Comenz\u00f3 campa\u00f1a de desparasitaci\u00f3n y vacuna antirr\u00e1bica de mascotas - Municipalidad de Laja\",\"isPartOf\":{\"@id\":\"https:\/\/munilaja.cl\/w\/#website\"},\"primaryImageOfPage\":{\"@id\":\"https:\/\/munilaja.cl\/w\/comenzo-campana-de-desparasitacion-y-vacuna-antirrabica-de-mascotas\/#primaryimage\"},\"image\":{\"@id\":\"https:\/\/munilaja.cl\/w\/comenzo-campana-de-desparasitacion-y-vacuna-antirrabica-de-mascotas\/#primaryimage\"},\"thumbnailUrl\":\"https:\/\/munilaja.cl\/w\/wp-content\/uploads\/2020\/01\/ZG16302.jpg\",\"datePublished\":\"2020-01-16T19:47:20+00:00\",\"dateModified\":\"2020-01-16T19:48:59+00:00\",\"breadcrumb\":{\"@id\":\"https:\/\/munilaja.cl\/w\/comenzo-campana-de-desparasitacion-y-vacuna-antirrabica-de-mascotas\/#breadcrumb\"},\"inLanguage\":\"es\",\"potentialAction\":[{\"@type\":\"ReadAction\",\"target\":[\"https:\/\/munilaja.cl\/w\/comenzo-campana-de-desparasitacion-y-vacuna-antirrabica-de-mascotas\/\"]}]},{\"@type\":\"ImageObject\",\"inLanguage\":\"es\",\"@id\":\"https:\/\/munilaja.cl\/w\/comenzo-campana-de-desparasitacion-y-vacuna-antirrabica-de-mascotas\/#primaryimage\",\"url\":\"https:\/\/munilaja.cl\/w\/wp-content\/uploads\/2020\/01\/ZG16302.jpg\",\"contentUrl\":\"https:\/\/munilaja.cl\/w\/wp-content\/uploads\/2020\/01\/ZG16302.jpg\",\"width\":5184,\"height\":3456},{\"@type\":\"BreadcrumbList\",\"@id\":\"https:\/\/munilaja.cl\/w\/comenzo-campana-de-desparasitacion-y-vacuna-antirrabica-de-mascotas\/#breadcrumb\",\"itemListElement\":[{\"@type\":\"ListItem\",\"position\":1,\"name\":\"Portada\",\"item\":\"https:\/\/munilaja.cl\/w\/\"},{\"@type\":\"ListItem\",\"position\":2,\"name\":\"Comenz\u00f3 campa\u00f1a de desparasitaci\u00f3n y vacuna antirr\u00e1bica de mascotas\"}]},{\"@type\":\"WebSite\",\"@id\":\"https:\/\/munilaja.cl\/w\/#website\",\"url\":\"https:\/\/munilaja.cl\/w\/\",\"name\":\"Municipalidad de Laja\",\"description\":\"Web Municipal\",\"publisher\":{\"@id\":\"https:\/\/munilaja.cl\/w\/#organization\"},\"potentialAction\":[{\"@type\":\"SearchAction\",\"target\":{\"@type\":\"EntryPoint\",\"urlTemplate\":\"https:\/\/munilaja.cl\/w\/?s={search_term_string}\"},\"query-input\":{\"@type\":\"PropertyValueSpecification\",\"valueRequired\":true,\"valueName\":\"search_term_string\"}}],\"inLanguage\":\"es\"},{\"@type\":\"Organization\",\"@id\":\"https:\/\/munilaja.cl\/w\/#organization\",\"name\":\"Municipalidad de Laja\",\"url\":\"https:\/\/munilaja.cl\/w\/\",\"logo\":{\"@type\":\"ImageObject\",\"inLanguage\":\"es\",\"@id\":\"https:\/\/munilaja.cl\/w\/#\/schema\/logo\/image\/\",\"url\":\"https:\/\/munilaja.cl\/w\/wp-content\/uploads\/2024\/11\/ESCUDO-LAJA-LETRAS-BLANCAS-LOGO-WEB.png\",\"contentUrl\":\"https:\/\/munilaja.cl\/w\/wp-content\/uploads\/2024\/11\/ESCUDO-LAJA-LETRAS-BLANCAS-LOGO-WEB.png\",\"width\":150,\"height\":150,\"caption\":\"Municipalidad de Laja\"},\"image\":{\"@id\":\"https:\/\/munilaja.cl\/w\/#\/schema\/logo\/image\/\"}},{\"@type\":\"Person\",\"@id\":\"https:\/\/munilaja.cl\/w\/#\/schema\/person\/4650348f4978773bf1c5b31f9c7da744\",\"name\":\"Administrador\",\"url\":\"https:\/\/munilaja.cl\/w\/author\/rssmunilaja\/\"}]}<\/script>\n<!-- \/ Yoast SEO plugin. -->","yoast_head_json":{"title":"Comenz\u00f3 campa\u00f1a de desparasitaci\u00f3n y vacuna antirr\u00e1bica de mascotas - Municipalidad de Laja","robots":{"index":"index","follow":"follow","max-snippet":"max-snippet:-1","max-image-preview":"max-image-preview:large","max-video-preview":"max-video-preview:-1"},"canonical":"https:\/\/munilaja.cl\/w\/comenzo-campana-de-desparasitacion-y-vacuna-antirrabica-de-mascotas\/","og_locale":"es_ES","og_type":"article","og_title":"Comenz\u00f3 campa\u00f1a de desparasitaci\u00f3n y vacuna antirr\u00e1bica de mascotas - Municipalidad de Laja","og_description":"Profesionales del municipio y de la Universidad Andr\u00e9s Bello son los encargados de la operaci\u00f3n. El cuidado de las mascotas es fundamental para que estas puedan vivir tranquilamente sin ser un peligro para la sociedad. Por lo mismo, por parte del municipio se vienen realizando operativos de esterilizaci\u00f3n con implantaci\u00f3n de microchip. Para este 2020 [&hellip;]","og_url":"https:\/\/munilaja.cl\/w\/comenzo-campana-de-desparasitacion-y-vacuna-antirrabica-de-mascotas\/","og_site_name":"Municipalidad de Laja","article_published_time":"2020-01-16T19:47:20+00:00","article_modified_time":"2020-01-16T19:48:59+00:00","og_image":[{"width":1024,"height":683,"url":"https:\/\/munilaja.cl\/w\/wp-content\/uploads\/2020\/01\/ZG16302-1024x683.jpg","type":"image\/jpeg"}],"author":"Administrador","twitter_card":"summary_large_image","twitter_misc":{"Escrito por":"Administrador","Tiempo de lectura":"2 minutos"},"schema":{"@context":"https:\/\/schema.org","@graph":[{"@type":"Article","@id":"https:\/\/munilaja.cl\/w\/comenzo-campana-de-desparasitacion-y-vacuna-antirrabica-de-mascotas\/#article","isPartOf":{"@id":"https:\/\/munilaja.cl\/w\/comenzo-campana-de-desparasitacion-y-vacuna-antirrabica-de-mascotas\/"},"author":{"name":"Administrador","@id":"https:\/\/munilaja.cl\/w\/#\/schema\/person\/4650348f4978773bf1c5b31f9c7da744"},"headline":"Comenz\u00f3 campa\u00f1a de desparasitaci\u00f3n y vacuna antirr\u00e1bica de mascotas","datePublished":"2020-01-16T19:47:20+00:00","dateModified":"2020-01-16T19:48:59+00:00","mainEntityOfPage":{"@id":"https:\/\/munilaja.cl\/w\/comenzo-campana-de-desparasitacion-y-vacuna-antirrabica-de-mascotas\/"},"wordCount":411,"publisher":{"@id":"https:\/\/munilaja.cl\/w\/#organization"},"image":{"@id":"https:\/\/munilaja.cl\/w\/comenzo-campana-de-desparasitacion-y-vacuna-antirrabica-de-mascotas\/#primaryimage"},"thumbnailUrl":"https:\/\/munilaja.cl\/w\/wp-content\/uploads\/2020\/01\/ZG16302.jpg","keywords":["campa\u00f1a de desparasitaci\u00f3n","investigaci\u00f3n","Laja","municipalidad de laja","universidad andr\u00e9s bello"],"articleSection":["Servicio a la comunidad"],"inLanguage":"es"},{"@type":"WebPage","@id":"https:\/\/munilaja.cl\/w\/comenzo-campana-de-desparasitacion-y-vacuna-antirrabica-de-mascotas\/","url":"https:\/\/munilaja.cl\/w\/comenzo-campana-de-desparasitacion-y-vacuna-antirrabica-de-mascotas\/","name":"Comenz\u00f3 campa\u00f1a de desparasitaci\u00f3n y vacuna antirr\u00e1bica de mascotas - Municipalidad de Laja","isPartOf":{"@id":"https:\/\/munilaja.cl\/w\/#website"},"primaryImageOfPage":{"@id":"https:\/\/munilaja.cl\/w\/comenzo-campana-de-desparasitacion-y-vacuna-antirrabica-de-mascotas\/#primaryimage"},"image":{"@id":"https:\/\/munilaja.cl\/w\/comenzo-campana-de-desparasitacion-y-vacuna-antirrabica-de-mascotas\/#primaryimage"},"thumbnailUrl":"https:\/\/munilaja.cl\/w\/wp-content\/uploads\/2020\/01\/ZG16302.jpg","datePublished":"2020-01-16T19:47:20+00:00","dateModified":"2020-01-16T19:48:59+00:00","breadcrumb":{"@id":"https:\/\/munilaja.cl\/w\/comenzo-campana-de-desparasitacion-y-vacuna-antirrabica-de-mascotas\/#breadcrumb"},"inLanguage":"es","potentialAction":[{"@type":"ReadAction","target":["https:\/\/munilaja.cl\/w\/comenzo-campana-de-desparasitacion-y-vacuna-antirrabica-de-mascotas\/"]}]},{"@type":"ImageObject","inLanguage":"es","@id":"https:\/\/munilaja.cl\/w\/comenzo-campana-de-desparasitacion-y-vacuna-antirrabica-de-mascotas\/#primaryimage","url":"https:\/\/munilaja.cl\/w\/wp-content\/uploads\/2020\/01\/ZG16302.jpg","contentUrl":"https:\/\/munilaja.cl\/w\/wp-content\/uploads\/2020\/01\/ZG16302.jpg","width":5184,"height":3456},{"@type":"BreadcrumbList","@id":"https:\/\/munilaja.cl\/w\/comenzo-campana-de-desparasitacion-y-vacuna-antirrabica-de-mascotas\/#breadcrumb","itemListElement":[{"@type":"ListItem","position":1,"name":"Portada","item":"https:\/\/munilaja.cl\/w\/"},{"@type":"ListItem","position":2,"name":"Comenz\u00f3 campa\u00f1a de desparasitaci\u00f3n y vacuna antirr\u00e1bica de mascotas"}]},{"@type":"WebSite","@id":"https:\/\/munilaja.cl\/w\/#website","url":"https:\/\/munilaja.cl\/w\/","name":"Municipalidad de Laja","description":"Web Municipal","publisher":{"@id":"https:\/\/munilaja.cl\/w\/#organization"},"potentialAction":[{"@type":"SearchAction","target":{"@type":"EntryPoint","urlTemplate":"https:\/\/munilaja.cl\/w\/?s={search_term_string}"},"query-input":{"@type":"PropertyValueSpecification","valueRequired":true,"valueName":"search_term_string"}}],"inLanguage":"es"},{"@type":"Organization","@id":"https:\/\/munilaja.cl\/w\/#organization","name":"Municipalidad de Laja","url":"https:\/\/munilaja.cl\/w\/","logo":{"@type":"ImageObject","inLanguage":"es","@id":"https:\/\/munilaja.cl\/w\/#\/schema\/logo\/image\/","url":"https:\/\/munilaja.cl\/w\/wp-content\/uploads\/2024\/11\/ESCUDO-LAJA-LETRAS-BLANCAS-LOGO-WEB.png","contentUrl":"https:\/\/munilaja.cl\/w\/wp-content\/uploads\/2024\/11\/ESCUDO-LAJA-LETRAS-BLANCAS-LOGO-WEB.png","width":150,"height":150,"caption":"Municipalidad de Laja"},"image":{"@id":"https:\/\/munilaja.cl\/w\/#\/schema\/logo\/image\/"}},{"@type":"Person","@id":"https:\/\/munilaja.cl\/w\/#\/schema\/person\/4650348f4978773bf1c5b31f9c7da744","name":"Administrador","url":"https:\/\/munilaja.cl\/w\/author\/rssmunilaja\/"}]}},"_links":{"self":[{"href":"https:\/\/munilaja.cl\/w\/wp-json\/wp\/v2\/posts\/52395"}],"collection":[{"href":"https:\/\/munilaja.cl\/w\/wp-json\/wp\/v2\/posts"}],"about":[{"href":"https:\/\/munilaja.cl\/w\/wp-json\/wp\/v2\/types\/post"}],"author":[{"embeddable":true,"href":"https:\/\/munilaja.cl\/w\/wp-json\/wp\/v2\/users\/11"}],"replies":[{"embeddable":true,"href":"https:\/\/munilaja.cl\/w\/wp-json\/wp\/v2\/comments?post=52395"}],"version-history":[{"count":0,"href":"https:\/\/munilaja.cl\/w\/wp-json\/wp\/v2\/posts\/52395\/revisions"}],"wp:featuredmedia":[{"embeddable":true,"href":"https:\/\/munilaja.cl\/w\/wp-json\/wp\/v2\/media\/52399"}],"wp:attachment":[{"href":"https:\/\/munilaja.cl\/w\/wp-json\/wp\/v2\/media?parent=52395"}],"wp:term":[{"taxonomy":"category","embeddable":true,"href":"https:\/\/munilaja.cl\/w\/wp-json\/wp\/v2\/categories?post=52395"},{"taxonomy":"post_tag","embeddable":true,"href":"https:\/\/munilaja.cl\/w\/wp-json\/wp\/v2\/tags?post=52395"}],"curies":[{"name":"wp","href":"https:\/\/api.w.org\/{rel}","templated":true}]}}