{"id":52384,"date":"2020-01-15T19:40:27","date_gmt":"2020-01-15T19:40:27","guid":{"rendered":"http:\/\/munilaja.cl\/w\/?p=52384"},"modified":"2020-01-15T19:44:31","modified_gmt":"2020-01-15T19:44:31","slug":"40-lajinos-viajan-a-tome-de-vacaciones","status":"publish","type":"post","link":"https:\/\/munilaja.cl\/w\/40-lajinos-viajan-a-tome-de-vacaciones\/","title":{"rendered":"40 lajinos viajan a Tom\u00e9 de vacaciones"},"content":{"rendered":"<p><strong>Familias recorren la regi\u00f3n, gracias al Programa Turismo Familiar del Servicio Nacional de Turismo.<\/strong><\/p>\n<p>Con el fin de que las familias de diferentes niveles socioecon\u00f3micos de la regi\u00f3n puedan disfrutar de vacaciones en verano, el Sernatur realiza viajes por la regi\u00f3n del Biob\u00edo. Para que las familias lajinas pudiesen ser beneficiarias, el municipio postul\u00f3 en agosto de 2019 al proyecto.<\/p>\n<p>Finalmente tras ser aprobada la comuna, <strong>40 lajinos fueron seleccionados para viajar a la comuna de Tom\u00e9 por 3 d\u00edas, donde disfrutaron la playa, tours y visita a museos<\/strong>. La aventura comenz\u00f3 el martes 14 de enero desde la plaza c\u00edvica y se espera que puedan estar de vuelta en la comuna el jueves 16 del mismo mes.<\/p>\n<p><strong>Sebasti\u00e1n Karl, encargado de fomento productivo<\/strong>, destac\u00f3 la gesti\u00f3n del municipio \u201c<strong>este es el tercer a\u00f1o que tenemos los fondos adjudicados y se les da el privilegio a quienes pertenecen al 60% del registro sociales de hogares y con un copago de 12 mil pesos<\/strong>. Ellos van 3 d\u00edas a la playa que incluye hotel, traslado, alojamiento y comidas. Es una jornada familiar y lo m\u00e1s principal que es accesible a la gente de menos recursos\u201d.<\/p>\n<p>El objetivo de Sernatur es que las familias puedan disfrutar del verano. Por lo mismo, desde Laja fueron madres con sus hijos y abuelos con sus nietos. <strong>Delia Mor\u00e1n<\/strong>, una de las beneficiadas, valor\u00f3 esta iniciativa \u201cesto es espectacular para personas que no pueden viajar en familia por la plata, esto es lo mejor que pueden haber hecho. <strong>Voy con 2 hermanas de la tercera edad y con mi nieta de 11 a\u00f1os<\/strong>\u201d.<\/p>\n<p>Cabe destacar que para el abril, habr\u00e1 un viaje para la <strong>tercera edad por una semana a Pichilemu<\/strong>. Si quiere ser parte de este, debe dirigirse en marzo a la oficina de fomento productivo, ubicado en el Centro C\u00edvico.<\/p>\n<p><a href=\"https:\/\/munilaja.cl\/w\/wp-content\/uploads\/2020\/01\/viaje-1.jpg\"><img fetchpriority=\"high\" decoding=\"async\" class=\"alignnone size-medium wp-image-52386\" src=\"https:\/\/munilaja.cl\/w\/wp-content\/uploads\/2020\/01\/viaje-1-300x232.jpg\" alt=\"\" width=\"300\" height=\"232\" data-id=\"52386\" srcset=\"https:\/\/munilaja.cl\/w\/wp-content\/uploads\/2020\/01\/viaje-1-300x232.jpg 300w, https:\/\/munilaja.cl\/w\/wp-content\/uploads\/2020\/01\/viaje-1-768x594.jpg 768w, https:\/\/munilaja.cl\/w\/wp-content\/uploads\/2020\/01\/viaje-1.jpg 960w\" sizes=\"(max-width: 300px) 100vw, 300px\" \/><\/a><a href=\"https:\/\/munilaja.cl\/w\/wp-content\/uploads\/2020\/01\/viaje-2.jpg\"><img decoding=\"async\" class=\"alignnone size-medium wp-image-52387\" src=\"https:\/\/munilaja.cl\/w\/wp-content\/uploads\/2020\/01\/viaje-2-300x225.jpg\" alt=\"\" width=\"300\" height=\"225\" data-id=\"52387\" srcset=\"https:\/\/munilaja.cl\/w\/wp-content\/uploads\/2020\/01\/viaje-2-300x225.jpg 300w, https:\/\/munilaja.cl\/w\/wp-content\/uploads\/2020\/01\/viaje-2-768x576.jpg 768w, https:\/\/munilaja.cl\/w\/wp-content\/uploads\/2020\/01\/viaje-2.jpg 960w\" sizes=\"(max-width: 300px) 100vw, 300px\" \/><\/a><\/p>\n","protected":false},"excerpt":{"rendered":"<p>Familias recorren la regi\u00f3n, gracias al Programa Turismo Familiar del Servicio Nacional de Turismo. Con el fin de que las familias de diferentes niveles socioecon\u00f3micos de la regi\u00f3n puedan disfrutar de vacaciones en verano, el Sernatur realiza viajes por la regi\u00f3n del Biob\u00edo. Para que las familias lajinas pudiesen ser beneficiarias, el municipio postul\u00f3 en [&hellip;]<\/p>\n","protected":false},"author":11,"featured_media":52389,"comment_status":"closed","ping_status":"closed","sticky":false,"template":"","format":"standard","meta":{"zakra_sidebar_layout":"customizer","zakra_remove_content_margin":false,"zakra_sidebar":"customizer","zakra_transparent_header":"customizer","zakra_logo":0,"zakra_main_header_style":"default","zakra_menu_item_color":"","zakra_menu_item_hover_color":"","zakra_menu_item_active_color":"","zakra_menu_active_style":"zakra_menu_active_style","zakra_page_header":true,"footnotes":""},"categories":[17],"tags":[442,187,506,507,363],"class_list":["post-52384","post","type-post","status-publish","format-standard","has-post-thumbnail","hentry","category-servicio-a-la-comunidad","tag-442","tag-municipalidad-de-laja","tag-sernatur","tag-vacacioens","tag-viaje"],"yoast_head":"<!-- This site is optimized with the Yoast SEO plugin v24.0 - https:\/\/yoast.com\/wordpress\/plugins\/seo\/ -->\n<title>40 lajinos viajan a Tom\u00e9 de vacaciones - Municipalidad de Laja<\/title>\n<meta name=\"robots\" content=\"index, follow, max-snippet:-1, max-image-preview:large, max-video-preview:-1\" \/>\n<link rel=\"canonical\" href=\"https:\/\/munilaja.cl\/w\/40-lajinos-viajan-a-tome-de-vacaciones\/\" \/>\n<meta property=\"og:locale\" content=\"es_ES\" \/>\n<meta property=\"og:type\" content=\"article\" \/>\n<meta property=\"og:title\" content=\"40 lajinos viajan a Tom\u00e9 de vacaciones - Municipalidad de Laja\" \/>\n<meta property=\"og:description\" content=\"Familias recorren la regi\u00f3n, gracias al Programa Turismo Familiar del Servicio Nacional de Turismo. Con el fin de que las familias de diferentes niveles socioecon\u00f3micos de la regi\u00f3n puedan disfrutar de vacaciones en verano, el Sernatur realiza viajes por la regi\u00f3n del Biob\u00edo. Para que las familias lajinas pudiesen ser beneficiarias, el municipio postul\u00f3 en [&hellip;]\" \/>\n<meta property=\"og:url\" content=\"https:\/\/munilaja.cl\/w\/40-lajinos-viajan-a-tome-de-vacaciones\/\" \/>\n<meta property=\"og:site_name\" content=\"Municipalidad de Laja\" \/>\n<meta property=\"article:published_time\" content=\"2020-01-15T19:40:27+00:00\" \/>\n<meta property=\"article:modified_time\" content=\"2020-01-15T19:44:31+00:00\" \/>\n<meta property=\"og:image\" content=\"https:\/\/munilaja.cl\/w\/wp-content\/uploads\/2020\/01\/portada.jpg\" \/>\n\t<meta property=\"og:image:width\" content=\"951\" \/>\n\t<meta property=\"og:image:height\" content=\"448\" \/>\n\t<meta property=\"og:image:type\" content=\"image\/jpeg\" \/>\n<meta name=\"author\" content=\"Administrador\" \/>\n<meta name=\"twitter:card\" content=\"summary_large_image\" \/>\n<meta name=\"twitter:label1\" content=\"Escrito por\" \/>\n\t<meta name=\"twitter:data1\" content=\"Administrador\" \/>\n\t<meta name=\"twitter:label2\" content=\"Tiempo de lectura\" \/>\n\t<meta name=\"twitter:data2\" content=\"2 minutos\" \/>\n<script type=\"application\/ld+json\" class=\"yoast-schema-graph\">{\"@context\":\"https:\/\/schema.org\",\"@graph\":[{\"@type\":\"Article\",\"@id\":\"https:\/\/munilaja.cl\/w\/40-lajinos-viajan-a-tome-de-vacaciones\/#article\",\"isPartOf\":{\"@id\":\"https:\/\/munilaja.cl\/w\/40-lajinos-viajan-a-tome-de-vacaciones\/\"},\"author\":{\"name\":\"Administrador\",\"@id\":\"https:\/\/munilaja.cl\/w\/#\/schema\/person\/4650348f4978773bf1c5b31f9c7da744\"},\"headline\":\"40 lajinos viajan a Tom\u00e9 de vacaciones\",\"datePublished\":\"2020-01-15T19:40:27+00:00\",\"dateModified\":\"2020-01-15T19:44:31+00:00\",\"mainEntityOfPage\":{\"@id\":\"https:\/\/munilaja.cl\/w\/40-lajinos-viajan-a-tome-de-vacaciones\/\"},\"wordCount\":317,\"publisher\":{\"@id\":\"https:\/\/munilaja.cl\/w\/#organization\"},\"image\":{\"@id\":\"https:\/\/munilaja.cl\/w\/40-lajinos-viajan-a-tome-de-vacaciones\/#primaryimage\"},\"thumbnailUrl\":\"https:\/\/munilaja.cl\/w\/wp-content\/uploads\/2020\/01\/portada.jpg\",\"keywords\":[\"2020\",\"municipalidad de laja\",\"sernatur\",\"vacacioens\",\"viaje\"],\"articleSection\":[\"Servicio a la comunidad\"],\"inLanguage\":\"es\"},{\"@type\":\"WebPage\",\"@id\":\"https:\/\/munilaja.cl\/w\/40-lajinos-viajan-a-tome-de-vacaciones\/\",\"url\":\"https:\/\/munilaja.cl\/w\/40-lajinos-viajan-a-tome-de-vacaciones\/\",\"name\":\"40 lajinos viajan a Tom\u00e9 de vacaciones - Municipalidad de Laja\",\"isPartOf\":{\"@id\":\"https:\/\/munilaja.cl\/w\/#website\"},\"primaryImageOfPage\":{\"@id\":\"https:\/\/munilaja.cl\/w\/40-lajinos-viajan-a-tome-de-vacaciones\/#primaryimage\"},\"image\":{\"@id\":\"https:\/\/munilaja.cl\/w\/40-lajinos-viajan-a-tome-de-vacaciones\/#primaryimage\"},\"thumbnailUrl\":\"https:\/\/munilaja.cl\/w\/wp-content\/uploads\/2020\/01\/portada.jpg\",\"datePublished\":\"2020-01-15T19:40:27+00:00\",\"dateModified\":\"2020-01-15T19:44:31+00:00\",\"breadcrumb\":{\"@id\":\"https:\/\/munilaja.cl\/w\/40-lajinos-viajan-a-tome-de-vacaciones\/#breadcrumb\"},\"inLanguage\":\"es\",\"potentialAction\":[{\"@type\":\"ReadAction\",\"target\":[\"https:\/\/munilaja.cl\/w\/40-lajinos-viajan-a-tome-de-vacaciones\/\"]}]},{\"@type\":\"ImageObject\",\"inLanguage\":\"es\",\"@id\":\"https:\/\/munilaja.cl\/w\/40-lajinos-viajan-a-tome-de-vacaciones\/#primaryimage\",\"url\":\"https:\/\/munilaja.cl\/w\/wp-content\/uploads\/2020\/01\/portada.jpg\",\"contentUrl\":\"https:\/\/munilaja.cl\/w\/wp-content\/uploads\/2020\/01\/portada.jpg\",\"width\":951,\"height\":448},{\"@type\":\"BreadcrumbList\",\"@id\":\"https:\/\/munilaja.cl\/w\/40-lajinos-viajan-a-tome-de-vacaciones\/#breadcrumb\",\"itemListElement\":[{\"@type\":\"ListItem\",\"position\":1,\"name\":\"Portada\",\"item\":\"https:\/\/munilaja.cl\/w\/\"},{\"@type\":\"ListItem\",\"position\":2,\"name\":\"40 lajinos viajan a Tom\u00e9 de vacaciones\"}]},{\"@type\":\"WebSite\",\"@id\":\"https:\/\/munilaja.cl\/w\/#website\",\"url\":\"https:\/\/munilaja.cl\/w\/\",\"name\":\"Municipalidad de Laja\",\"description\":\"Web Municipal\",\"publisher\":{\"@id\":\"https:\/\/munilaja.cl\/w\/#organization\"},\"potentialAction\":[{\"@type\":\"SearchAction\",\"target\":{\"@type\":\"EntryPoint\",\"urlTemplate\":\"https:\/\/munilaja.cl\/w\/?s={search_term_string}\"},\"query-input\":{\"@type\":\"PropertyValueSpecification\",\"valueRequired\":true,\"valueName\":\"search_term_string\"}}],\"inLanguage\":\"es\"},{\"@type\":\"Organization\",\"@id\":\"https:\/\/munilaja.cl\/w\/#organization\",\"name\":\"Municipalidad de Laja\",\"url\":\"https:\/\/munilaja.cl\/w\/\",\"logo\":{\"@type\":\"ImageObject\",\"inLanguage\":\"es\",\"@id\":\"https:\/\/munilaja.cl\/w\/#\/schema\/logo\/image\/\",\"url\":\"https:\/\/munilaja.cl\/w\/wp-content\/uploads\/2024\/11\/ESCUDO-LAJA-LETRAS-BLANCAS-LOGO-WEB.png\",\"contentUrl\":\"https:\/\/munilaja.cl\/w\/wp-content\/uploads\/2024\/11\/ESCUDO-LAJA-LETRAS-BLANCAS-LOGO-WEB.png\",\"width\":150,\"height\":150,\"caption\":\"Municipalidad de Laja\"},\"image\":{\"@id\":\"https:\/\/munilaja.cl\/w\/#\/schema\/logo\/image\/\"}},{\"@type\":\"Person\",\"@id\":\"https:\/\/munilaja.cl\/w\/#\/schema\/person\/4650348f4978773bf1c5b31f9c7da744\",\"name\":\"Administrador\",\"url\":\"https:\/\/munilaja.cl\/w\/author\/rssmunilaja\/\"}]}<\/script>\n<!-- \/ Yoast SEO plugin. -->","yoast_head_json":{"title":"40 lajinos viajan a Tom\u00e9 de vacaciones - Municipalidad de Laja","robots":{"index":"index","follow":"follow","max-snippet":"max-snippet:-1","max-image-preview":"max-image-preview:large","max-video-preview":"max-video-preview:-1"},"canonical":"https:\/\/munilaja.cl\/w\/40-lajinos-viajan-a-tome-de-vacaciones\/","og_locale":"es_ES","og_type":"article","og_title":"40 lajinos viajan a Tom\u00e9 de vacaciones - Municipalidad de Laja","og_description":"Familias recorren la regi\u00f3n, gracias al Programa Turismo Familiar del Servicio Nacional de Turismo. Con el fin de que las familias de diferentes niveles socioecon\u00f3micos de la regi\u00f3n puedan disfrutar de vacaciones en verano, el Sernatur realiza viajes por la regi\u00f3n del Biob\u00edo. Para que las familias lajinas pudiesen ser beneficiarias, el municipio postul\u00f3 en [&hellip;]","og_url":"https:\/\/munilaja.cl\/w\/40-lajinos-viajan-a-tome-de-vacaciones\/","og_site_name":"Municipalidad de Laja","article_published_time":"2020-01-15T19:40:27+00:00","article_modified_time":"2020-01-15T19:44:31+00:00","og_image":[{"width":951,"height":448,"url":"https:\/\/munilaja.cl\/w\/wp-content\/uploads\/2020\/01\/portada.jpg","type":"image\/jpeg"}],"author":"Administrador","twitter_card":"summary_large_image","twitter_misc":{"Escrito por":"Administrador","Tiempo de lectura":"2 minutos"},"schema":{"@context":"https:\/\/schema.org","@graph":[{"@type":"Article","@id":"https:\/\/munilaja.cl\/w\/40-lajinos-viajan-a-tome-de-vacaciones\/#article","isPartOf":{"@id":"https:\/\/munilaja.cl\/w\/40-lajinos-viajan-a-tome-de-vacaciones\/"},"author":{"name":"Administrador","@id":"https:\/\/munilaja.cl\/w\/#\/schema\/person\/4650348f4978773bf1c5b31f9c7da744"},"headline":"40 lajinos viajan a Tom\u00e9 de vacaciones","datePublished":"2020-01-15T19:40:27+00:00","dateModified":"2020-01-15T19:44:31+00:00","mainEntityOfPage":{"@id":"https:\/\/munilaja.cl\/w\/40-lajinos-viajan-a-tome-de-vacaciones\/"},"wordCount":317,"publisher":{"@id":"https:\/\/munilaja.cl\/w\/#organization"},"image":{"@id":"https:\/\/munilaja.cl\/w\/40-lajinos-viajan-a-tome-de-vacaciones\/#primaryimage"},"thumbnailUrl":"https:\/\/munilaja.cl\/w\/wp-content\/uploads\/2020\/01\/portada.jpg","keywords":["2020","municipalidad de laja","sernatur","vacacioens","viaje"],"articleSection":["Servicio a la comunidad"],"inLanguage":"es"},{"@type":"WebPage","@id":"https:\/\/munilaja.cl\/w\/40-lajinos-viajan-a-tome-de-vacaciones\/","url":"https:\/\/munilaja.cl\/w\/40-lajinos-viajan-a-tome-de-vacaciones\/","name":"40 lajinos viajan a Tom\u00e9 de vacaciones - Municipalidad de Laja","isPartOf":{"@id":"https:\/\/munilaja.cl\/w\/#website"},"primaryImageOfPage":{"@id":"https:\/\/munilaja.cl\/w\/40-lajinos-viajan-a-tome-de-vacaciones\/#primaryimage"},"image":{"@id":"https:\/\/munilaja.cl\/w\/40-lajinos-viajan-a-tome-de-vacaciones\/#primaryimage"},"thumbnailUrl":"https:\/\/munilaja.cl\/w\/wp-content\/uploads\/2020\/01\/portada.jpg","datePublished":"2020-01-15T19:40:27+00:00","dateModified":"2020-01-15T19:44:31+00:00","breadcrumb":{"@id":"https:\/\/munilaja.cl\/w\/40-lajinos-viajan-a-tome-de-vacaciones\/#breadcrumb"},"inLanguage":"es","potentialAction":[{"@type":"ReadAction","target":["https:\/\/munilaja.cl\/w\/40-lajinos-viajan-a-tome-de-vacaciones\/"]}]},{"@type":"ImageObject","inLanguage":"es","@id":"https:\/\/munilaja.cl\/w\/40-lajinos-viajan-a-tome-de-vacaciones\/#primaryimage","url":"https:\/\/munilaja.cl\/w\/wp-content\/uploads\/2020\/01\/portada.jpg","contentUrl":"https:\/\/munilaja.cl\/w\/wp-content\/uploads\/2020\/01\/portada.jpg","width":951,"height":448},{"@type":"BreadcrumbList","@id":"https:\/\/munilaja.cl\/w\/40-lajinos-viajan-a-tome-de-vacaciones\/#breadcrumb","itemListElement":[{"@type":"ListItem","position":1,"name":"Portada","item":"https:\/\/munilaja.cl\/w\/"},{"@type":"ListItem","position":2,"name":"40 lajinos viajan a Tom\u00e9 de vacaciones"}]},{"@type":"WebSite","@id":"https:\/\/munilaja.cl\/w\/#website","url":"https:\/\/munilaja.cl\/w\/","name":"Municipalidad de Laja","description":"Web Municipal","publisher":{"@id":"https:\/\/munilaja.cl\/w\/#organization"},"potentialAction":[{"@type":"SearchAction","target":{"@type":"EntryPoint","urlTemplate":"https:\/\/munilaja.cl\/w\/?s={search_term_string}"},"query-input":{"@type":"PropertyValueSpecification","valueRequired":true,"valueName":"search_term_string"}}],"inLanguage":"es"},{"@type":"Organization","@id":"https:\/\/munilaja.cl\/w\/#organization","name":"Municipalidad de Laja","url":"https:\/\/munilaja.cl\/w\/","logo":{"@type":"ImageObject","inLanguage":"es","@id":"https:\/\/munilaja.cl\/w\/#\/schema\/logo\/image\/","url":"https:\/\/munilaja.cl\/w\/wp-content\/uploads\/2024\/11\/ESCUDO-LAJA-LETRAS-BLANCAS-LOGO-WEB.png","contentUrl":"https:\/\/munilaja.cl\/w\/wp-content\/uploads\/2024\/11\/ESCUDO-LAJA-LETRAS-BLANCAS-LOGO-WEB.png","width":150,"height":150,"caption":"Municipalidad de Laja"},"image":{"@id":"https:\/\/munilaja.cl\/w\/#\/schema\/logo\/image\/"}},{"@type":"Person","@id":"https:\/\/munilaja.cl\/w\/#\/schema\/person\/4650348f4978773bf1c5b31f9c7da744","name":"Administrador","url":"https:\/\/munilaja.cl\/w\/author\/rssmunilaja\/"}]}},"_links":{"self":[{"href":"https:\/\/munilaja.cl\/w\/wp-json\/wp\/v2\/posts\/52384"}],"collection":[{"href":"https:\/\/munilaja.cl\/w\/wp-json\/wp\/v2\/posts"}],"about":[{"href":"https:\/\/munilaja.cl\/w\/wp-json\/wp\/v2\/types\/post"}],"author":[{"embeddable":true,"href":"https:\/\/munilaja.cl\/w\/wp-json\/wp\/v2\/users\/11"}],"replies":[{"embeddable":true,"href":"https:\/\/munilaja.cl\/w\/wp-json\/wp\/v2\/comments?post=52384"}],"version-history":[{"count":0,"href":"https:\/\/munilaja.cl\/w\/wp-json\/wp\/v2\/posts\/52384\/revisions"}],"wp:featuredmedia":[{"embeddable":true,"href":"https:\/\/munilaja.cl\/w\/wp-json\/wp\/v2\/media\/52389"}],"wp:attachment":[{"href":"https:\/\/munilaja.cl\/w\/wp-json\/wp\/v2\/media?parent=52384"}],"wp:term":[{"taxonomy":"category","embeddable":true,"href":"https:\/\/munilaja.cl\/w\/wp-json\/wp\/v2\/categories?post=52384"},{"taxonomy":"post_tag","embeddable":true,"href":"https:\/\/munilaja.cl\/w\/wp-json\/wp\/v2\/tags?post=52384"}],"curies":[{"name":"wp","href":"https:\/\/api.w.org\/{rel}","templated":true}]}}