{"id":50986,"date":"2019-06-26T18:52:54","date_gmt":"2019-06-26T18:52:54","guid":{"rendered":"http:\/\/munilaja.cl\/w\/?p=50986"},"modified":"2019-06-26T20:12:07","modified_gmt":"2019-06-26T20:12:07","slug":"equipo-municipal-da-cuenta-de-avance-de-obras-y-proyectos-en-la-comuna-de-laja","status":"publish","type":"post","link":"https:\/\/munilaja.cl\/w\/equipo-municipal-da-cuenta-de-avance-de-obras-y-proyectos-en-la-comuna-de-laja\/","title":{"rendered":"Equipo Municipal da cuenta de avance de obras y proyectos en la comuna de Laja"},"content":{"rendered":"<p style=\"text-align: justify;\">Con el objetivo de dar cuenta del estado de avance de las principales obras que se ejecutan en la comuna, el Alcalde de Laja, Vladimir Fica Toledo, se reuni\u00f3 junto al equipo de profesionales de la Direcci\u00f3n de Obras, Secplan y Administraci\u00f3n.<\/p>\n<p style=\"text-align: justify;\">La reuni\u00f3n se llev\u00f3 a cabo la ma\u00f1ana de este mi\u00e9rcoles 26 de junio en dependencias de la Municipalidad de Laja, y se dio cuenta en detalle de obras que se encuentran en ejecuci\u00f3n tales como el Parque Urbano Capponi, la construcci\u00f3n de los diversos sistemas de agua potable rural como en Diuqu\u00edn Esperanza, Quillayal, Los Ci\u00e9nogos y Los Chorrillos; el Mejoramiento de la Casa de la Cultura; el Mejoramiento de la Plaza de Santa Elena; como tambi\u00e9n los proyectos de construcci\u00f3n de la Sede Social de Waldemar Schutz; Mirador la Virgen o la Construcci\u00f3n de pozos profundos en La Pina, Quel\u00e9n Quel\u00e9n y Picul.<\/p>\n<p style=\"text-align: justify;\">De acuerdo al Alcalde de Laja, el objetivo de la reuni\u00f3n es que el equipo de profesionales pueda entregar detalles de los avances de\u00a0 cada uno de los procesos y etapas en las cuales se encuentran cada una de las inciativas. De esta manera es posible, no solo reconocer los progresos, sino tambi\u00e9n preveer los posibles inconvenientes que se puedan presentar en cada ejecuci\u00f3n.<\/p>\n<p style=\"text-align: justify;\">\n","protected":false},"excerpt":{"rendered":"<p>Con el objetivo de dar cuenta del estado de avance de las principales obras que se ejecutan en la comuna, el Alcalde de Laja, Vladimir Fica Toledo, se reuni\u00f3 junto al equipo de profesionales de la Direcci\u00f3n de Obras, Secplan y Administraci\u00f3n. La reuni\u00f3n se llev\u00f3 a cabo la ma\u00f1ana de este mi\u00e9rcoles 26 de [&hellip;]<\/p>\n","protected":false},"author":11,"featured_media":50989,"comment_status":"closed","ping_status":"closed","sticky":false,"template":"","format":"standard","meta":{"zakra_sidebar_layout":"customizer","zakra_remove_content_margin":false,"zakra_sidebar":"customizer","zakra_transparent_header":"customizer","zakra_logo":0,"zakra_main_header_style":"default","zakra_menu_item_color":"","zakra_menu_item_hover_color":"","zakra_menu_item_active_color":"","zakra_menu_active_style":"zakra_menu_active_style","zakra_page_header":true,"footnotes":""},"categories":[318,315,17],"tags":[],"class_list":["post-50986","post","type-post","status-publish","format-standard","has-post-thumbnail","hentry","category-atencion-alcalde","category-desarrollo-social","category-servicio-a-la-comunidad"],"yoast_head":"<!-- This site is optimized with the Yoast SEO plugin v24.0 - https:\/\/yoast.com\/wordpress\/plugins\/seo\/ -->\n<title>Equipo Municipal da cuenta de avance de obras y proyectos en la comuna de Laja - Municipalidad de Laja<\/title>\n<meta name=\"robots\" content=\"index, follow, max-snippet:-1, max-image-preview:large, max-video-preview:-1\" \/>\n<link rel=\"canonical\" href=\"https:\/\/munilaja.cl\/w\/equipo-municipal-da-cuenta-de-avance-de-obras-y-proyectos-en-la-comuna-de-laja\/\" \/>\n<meta property=\"og:locale\" content=\"es_ES\" \/>\n<meta property=\"og:type\" content=\"article\" \/>\n<meta property=\"og:title\" content=\"Equipo Municipal da cuenta de avance de obras y proyectos en la comuna de Laja - Municipalidad de Laja\" \/>\n<meta property=\"og:description\" content=\"Con el objetivo de dar cuenta del estado de avance de las principales obras que se ejecutan en la comuna, el Alcalde de Laja, Vladimir Fica Toledo, se reuni\u00f3 junto al equipo de profesionales de la Direcci\u00f3n de Obras, Secplan y Administraci\u00f3n. La reuni\u00f3n se llev\u00f3 a cabo la ma\u00f1ana de este mi\u00e9rcoles 26 de [&hellip;]\" \/>\n<meta property=\"og:url\" content=\"https:\/\/munilaja.cl\/w\/equipo-municipal-da-cuenta-de-avance-de-obras-y-proyectos-en-la-comuna-de-laja\/\" \/>\n<meta property=\"og:site_name\" content=\"Municipalidad de Laja\" \/>\n<meta property=\"article:published_time\" content=\"2019-06-26T18:52:54+00:00\" \/>\n<meta property=\"article:modified_time\" content=\"2019-06-26T20:12:07+00:00\" \/>\n<meta property=\"og:image\" content=\"https:\/\/munilaja.cl\/w\/wp-content\/uploads\/2019\/06\/IMG-20190626-WA0002-1.jpg\" \/>\n\t<meta property=\"og:image:width\" content=\"1024\" \/>\n\t<meta property=\"og:image:height\" content=\"768\" \/>\n\t<meta property=\"og:image:type\" content=\"image\/jpeg\" \/>\n<meta name=\"author\" content=\"Administrador\" \/>\n<meta name=\"twitter:card\" content=\"summary_large_image\" \/>\n<meta name=\"twitter:label1\" content=\"Escrito por\" \/>\n\t<meta name=\"twitter:data1\" content=\"Administrador\" \/>\n\t<meta name=\"twitter:label2\" content=\"Tiempo de lectura\" \/>\n\t<meta name=\"twitter:data2\" content=\"1 minuto\" \/>\n<script type=\"application\/ld+json\" class=\"yoast-schema-graph\">{\"@context\":\"https:\/\/schema.org\",\"@graph\":[{\"@type\":\"Article\",\"@id\":\"https:\/\/munilaja.cl\/w\/equipo-municipal-da-cuenta-de-avance-de-obras-y-proyectos-en-la-comuna-de-laja\/#article\",\"isPartOf\":{\"@id\":\"https:\/\/munilaja.cl\/w\/equipo-municipal-da-cuenta-de-avance-de-obras-y-proyectos-en-la-comuna-de-laja\/\"},\"author\":{\"name\":\"Administrador\",\"@id\":\"https:\/\/munilaja.cl\/w\/#\/schema\/person\/4650348f4978773bf1c5b31f9c7da744\"},\"headline\":\"Equipo Municipal da cuenta de avance de obras y proyectos en la comuna de Laja\",\"datePublished\":\"2019-06-26T18:52:54+00:00\",\"dateModified\":\"2019-06-26T20:12:07+00:00\",\"mainEntityOfPage\":{\"@id\":\"https:\/\/munilaja.cl\/w\/equipo-municipal-da-cuenta-de-avance-de-obras-y-proyectos-en-la-comuna-de-laja\/\"},\"wordCount\":242,\"publisher\":{\"@id\":\"https:\/\/munilaja.cl\/w\/#organization\"},\"image\":{\"@id\":\"https:\/\/munilaja.cl\/w\/equipo-municipal-da-cuenta-de-avance-de-obras-y-proyectos-en-la-comuna-de-laja\/#primaryimage\"},\"thumbnailUrl\":\"https:\/\/munilaja.cl\/w\/wp-content\/uploads\/2019\/06\/IMG-20190626-WA0002-1.jpg\",\"articleSection\":[\"ATENCION ALCALDE\",\"Desarrollo Social\",\"Servicio a la comunidad\"],\"inLanguage\":\"es\"},{\"@type\":\"WebPage\",\"@id\":\"https:\/\/munilaja.cl\/w\/equipo-municipal-da-cuenta-de-avance-de-obras-y-proyectos-en-la-comuna-de-laja\/\",\"url\":\"https:\/\/munilaja.cl\/w\/equipo-municipal-da-cuenta-de-avance-de-obras-y-proyectos-en-la-comuna-de-laja\/\",\"name\":\"Equipo Municipal da cuenta de avance de obras y proyectos en la comuna de Laja - Municipalidad de Laja\",\"isPartOf\":{\"@id\":\"https:\/\/munilaja.cl\/w\/#website\"},\"primaryImageOfPage\":{\"@id\":\"https:\/\/munilaja.cl\/w\/equipo-municipal-da-cuenta-de-avance-de-obras-y-proyectos-en-la-comuna-de-laja\/#primaryimage\"},\"image\":{\"@id\":\"https:\/\/munilaja.cl\/w\/equipo-municipal-da-cuenta-de-avance-de-obras-y-proyectos-en-la-comuna-de-laja\/#primaryimage\"},\"thumbnailUrl\":\"https:\/\/munilaja.cl\/w\/wp-content\/uploads\/2019\/06\/IMG-20190626-WA0002-1.jpg\",\"datePublished\":\"2019-06-26T18:52:54+00:00\",\"dateModified\":\"2019-06-26T20:12:07+00:00\",\"breadcrumb\":{\"@id\":\"https:\/\/munilaja.cl\/w\/equipo-municipal-da-cuenta-de-avance-de-obras-y-proyectos-en-la-comuna-de-laja\/#breadcrumb\"},\"inLanguage\":\"es\",\"potentialAction\":[{\"@type\":\"ReadAction\",\"target\":[\"https:\/\/munilaja.cl\/w\/equipo-municipal-da-cuenta-de-avance-de-obras-y-proyectos-en-la-comuna-de-laja\/\"]}]},{\"@type\":\"ImageObject\",\"inLanguage\":\"es\",\"@id\":\"https:\/\/munilaja.cl\/w\/equipo-municipal-da-cuenta-de-avance-de-obras-y-proyectos-en-la-comuna-de-laja\/#primaryimage\",\"url\":\"https:\/\/munilaja.cl\/w\/wp-content\/uploads\/2019\/06\/IMG-20190626-WA0002-1.jpg\",\"contentUrl\":\"https:\/\/munilaja.cl\/w\/wp-content\/uploads\/2019\/06\/IMG-20190626-WA0002-1.jpg\",\"width\":1024,\"height\":768},{\"@type\":\"BreadcrumbList\",\"@id\":\"https:\/\/munilaja.cl\/w\/equipo-municipal-da-cuenta-de-avance-de-obras-y-proyectos-en-la-comuna-de-laja\/#breadcrumb\",\"itemListElement\":[{\"@type\":\"ListItem\",\"position\":1,\"name\":\"Portada\",\"item\":\"https:\/\/munilaja.cl\/w\/\"},{\"@type\":\"ListItem\",\"position\":2,\"name\":\"Equipo Municipal da cuenta de avance de obras y proyectos en la comuna de Laja\"}]},{\"@type\":\"WebSite\",\"@id\":\"https:\/\/munilaja.cl\/w\/#website\",\"url\":\"https:\/\/munilaja.cl\/w\/\",\"name\":\"Municipalidad de Laja\",\"description\":\"Web Municipal\",\"publisher\":{\"@id\":\"https:\/\/munilaja.cl\/w\/#organization\"},\"potentialAction\":[{\"@type\":\"SearchAction\",\"target\":{\"@type\":\"EntryPoint\",\"urlTemplate\":\"https:\/\/munilaja.cl\/w\/?s={search_term_string}\"},\"query-input\":{\"@type\":\"PropertyValueSpecification\",\"valueRequired\":true,\"valueName\":\"search_term_string\"}}],\"inLanguage\":\"es\"},{\"@type\":\"Organization\",\"@id\":\"https:\/\/munilaja.cl\/w\/#organization\",\"name\":\"Municipalidad de Laja\",\"url\":\"https:\/\/munilaja.cl\/w\/\",\"logo\":{\"@type\":\"ImageObject\",\"inLanguage\":\"es\",\"@id\":\"https:\/\/munilaja.cl\/w\/#\/schema\/logo\/image\/\",\"url\":\"https:\/\/munilaja.cl\/w\/wp-content\/uploads\/2024\/11\/ESCUDO-LAJA-LETRAS-BLANCAS-LOGO-WEB.png\",\"contentUrl\":\"https:\/\/munilaja.cl\/w\/wp-content\/uploads\/2024\/11\/ESCUDO-LAJA-LETRAS-BLANCAS-LOGO-WEB.png\",\"width\":150,\"height\":150,\"caption\":\"Municipalidad de Laja\"},\"image\":{\"@id\":\"https:\/\/munilaja.cl\/w\/#\/schema\/logo\/image\/\"}},{\"@type\":\"Person\",\"@id\":\"https:\/\/munilaja.cl\/w\/#\/schema\/person\/4650348f4978773bf1c5b31f9c7da744\",\"name\":\"Administrador\",\"url\":\"https:\/\/munilaja.cl\/w\/author\/rssmunilaja\/\"}]}<\/script>\n<!-- \/ Yoast SEO plugin. -->","yoast_head_json":{"title":"Equipo Municipal da cuenta de avance de obras y proyectos en la comuna de Laja - Municipalidad de Laja","robots":{"index":"index","follow":"follow","max-snippet":"max-snippet:-1","max-image-preview":"max-image-preview:large","max-video-preview":"max-video-preview:-1"},"canonical":"https:\/\/munilaja.cl\/w\/equipo-municipal-da-cuenta-de-avance-de-obras-y-proyectos-en-la-comuna-de-laja\/","og_locale":"es_ES","og_type":"article","og_title":"Equipo Municipal da cuenta de avance de obras y proyectos en la comuna de Laja - Municipalidad de Laja","og_description":"Con el objetivo de dar cuenta del estado de avance de las principales obras que se ejecutan en la comuna, el Alcalde de Laja, Vladimir Fica Toledo, se reuni\u00f3 junto al equipo de profesionales de la Direcci\u00f3n de Obras, Secplan y Administraci\u00f3n. La reuni\u00f3n se llev\u00f3 a cabo la ma\u00f1ana de este mi\u00e9rcoles 26 de [&hellip;]","og_url":"https:\/\/munilaja.cl\/w\/equipo-municipal-da-cuenta-de-avance-de-obras-y-proyectos-en-la-comuna-de-laja\/","og_site_name":"Municipalidad de Laja","article_published_time":"2019-06-26T18:52:54+00:00","article_modified_time":"2019-06-26T20:12:07+00:00","og_image":[{"width":1024,"height":768,"url":"https:\/\/munilaja.cl\/w\/wp-content\/uploads\/2019\/06\/IMG-20190626-WA0002-1.jpg","type":"image\/jpeg"}],"author":"Administrador","twitter_card":"summary_large_image","twitter_misc":{"Escrito por":"Administrador","Tiempo de lectura":"1 minuto"},"schema":{"@context":"https:\/\/schema.org","@graph":[{"@type":"Article","@id":"https:\/\/munilaja.cl\/w\/equipo-municipal-da-cuenta-de-avance-de-obras-y-proyectos-en-la-comuna-de-laja\/#article","isPartOf":{"@id":"https:\/\/munilaja.cl\/w\/equipo-municipal-da-cuenta-de-avance-de-obras-y-proyectos-en-la-comuna-de-laja\/"},"author":{"name":"Administrador","@id":"https:\/\/munilaja.cl\/w\/#\/schema\/person\/4650348f4978773bf1c5b31f9c7da744"},"headline":"Equipo Municipal da cuenta de avance de obras y proyectos en la comuna de Laja","datePublished":"2019-06-26T18:52:54+00:00","dateModified":"2019-06-26T20:12:07+00:00","mainEntityOfPage":{"@id":"https:\/\/munilaja.cl\/w\/equipo-municipal-da-cuenta-de-avance-de-obras-y-proyectos-en-la-comuna-de-laja\/"},"wordCount":242,"publisher":{"@id":"https:\/\/munilaja.cl\/w\/#organization"},"image":{"@id":"https:\/\/munilaja.cl\/w\/equipo-municipal-da-cuenta-de-avance-de-obras-y-proyectos-en-la-comuna-de-laja\/#primaryimage"},"thumbnailUrl":"https:\/\/munilaja.cl\/w\/wp-content\/uploads\/2019\/06\/IMG-20190626-WA0002-1.jpg","articleSection":["ATENCION ALCALDE","Desarrollo Social","Servicio a la comunidad"],"inLanguage":"es"},{"@type":"WebPage","@id":"https:\/\/munilaja.cl\/w\/equipo-municipal-da-cuenta-de-avance-de-obras-y-proyectos-en-la-comuna-de-laja\/","url":"https:\/\/munilaja.cl\/w\/equipo-municipal-da-cuenta-de-avance-de-obras-y-proyectos-en-la-comuna-de-laja\/","name":"Equipo Municipal da cuenta de avance de obras y proyectos en la comuna de Laja - Municipalidad de Laja","isPartOf":{"@id":"https:\/\/munilaja.cl\/w\/#website"},"primaryImageOfPage":{"@id":"https:\/\/munilaja.cl\/w\/equipo-municipal-da-cuenta-de-avance-de-obras-y-proyectos-en-la-comuna-de-laja\/#primaryimage"},"image":{"@id":"https:\/\/munilaja.cl\/w\/equipo-municipal-da-cuenta-de-avance-de-obras-y-proyectos-en-la-comuna-de-laja\/#primaryimage"},"thumbnailUrl":"https:\/\/munilaja.cl\/w\/wp-content\/uploads\/2019\/06\/IMG-20190626-WA0002-1.jpg","datePublished":"2019-06-26T18:52:54+00:00","dateModified":"2019-06-26T20:12:07+00:00","breadcrumb":{"@id":"https:\/\/munilaja.cl\/w\/equipo-municipal-da-cuenta-de-avance-de-obras-y-proyectos-en-la-comuna-de-laja\/#breadcrumb"},"inLanguage":"es","potentialAction":[{"@type":"ReadAction","target":["https:\/\/munilaja.cl\/w\/equipo-municipal-da-cuenta-de-avance-de-obras-y-proyectos-en-la-comuna-de-laja\/"]}]},{"@type":"ImageObject","inLanguage":"es","@id":"https:\/\/munilaja.cl\/w\/equipo-municipal-da-cuenta-de-avance-de-obras-y-proyectos-en-la-comuna-de-laja\/#primaryimage","url":"https:\/\/munilaja.cl\/w\/wp-content\/uploads\/2019\/06\/IMG-20190626-WA0002-1.jpg","contentUrl":"https:\/\/munilaja.cl\/w\/wp-content\/uploads\/2019\/06\/IMG-20190626-WA0002-1.jpg","width":1024,"height":768},{"@type":"BreadcrumbList","@id":"https:\/\/munilaja.cl\/w\/equipo-municipal-da-cuenta-de-avance-de-obras-y-proyectos-en-la-comuna-de-laja\/#breadcrumb","itemListElement":[{"@type":"ListItem","position":1,"name":"Portada","item":"https:\/\/munilaja.cl\/w\/"},{"@type":"ListItem","position":2,"name":"Equipo Municipal da cuenta de avance de obras y proyectos en la comuna de Laja"}]},{"@type":"WebSite","@id":"https:\/\/munilaja.cl\/w\/#website","url":"https:\/\/munilaja.cl\/w\/","name":"Municipalidad de Laja","description":"Web Municipal","publisher":{"@id":"https:\/\/munilaja.cl\/w\/#organization"},"potentialAction":[{"@type":"SearchAction","target":{"@type":"EntryPoint","urlTemplate":"https:\/\/munilaja.cl\/w\/?s={search_term_string}"},"query-input":{"@type":"PropertyValueSpecification","valueRequired":true,"valueName":"search_term_string"}}],"inLanguage":"es"},{"@type":"Organization","@id":"https:\/\/munilaja.cl\/w\/#organization","name":"Municipalidad de Laja","url":"https:\/\/munilaja.cl\/w\/","logo":{"@type":"ImageObject","inLanguage":"es","@id":"https:\/\/munilaja.cl\/w\/#\/schema\/logo\/image\/","url":"https:\/\/munilaja.cl\/w\/wp-content\/uploads\/2024\/11\/ESCUDO-LAJA-LETRAS-BLANCAS-LOGO-WEB.png","contentUrl":"https:\/\/munilaja.cl\/w\/wp-content\/uploads\/2024\/11\/ESCUDO-LAJA-LETRAS-BLANCAS-LOGO-WEB.png","width":150,"height":150,"caption":"Municipalidad de Laja"},"image":{"@id":"https:\/\/munilaja.cl\/w\/#\/schema\/logo\/image\/"}},{"@type":"Person","@id":"https:\/\/munilaja.cl\/w\/#\/schema\/person\/4650348f4978773bf1c5b31f9c7da744","name":"Administrador","url":"https:\/\/munilaja.cl\/w\/author\/rssmunilaja\/"}]}},"_links":{"self":[{"href":"https:\/\/munilaja.cl\/w\/wp-json\/wp\/v2\/posts\/50986"}],"collection":[{"href":"https:\/\/munilaja.cl\/w\/wp-json\/wp\/v2\/posts"}],"about":[{"href":"https:\/\/munilaja.cl\/w\/wp-json\/wp\/v2\/types\/post"}],"author":[{"embeddable":true,"href":"https:\/\/munilaja.cl\/w\/wp-json\/wp\/v2\/users\/11"}],"replies":[{"embeddable":true,"href":"https:\/\/munilaja.cl\/w\/wp-json\/wp\/v2\/comments?post=50986"}],"version-history":[{"count":0,"href":"https:\/\/munilaja.cl\/w\/wp-json\/wp\/v2\/posts\/50986\/revisions"}],"wp:featuredmedia":[{"embeddable":true,"href":"https:\/\/munilaja.cl\/w\/wp-json\/wp\/v2\/media\/50989"}],"wp:attachment":[{"href":"https:\/\/munilaja.cl\/w\/wp-json\/wp\/v2\/media?parent=50986"}],"wp:term":[{"taxonomy":"category","embeddable":true,"href":"https:\/\/munilaja.cl\/w\/wp-json\/wp\/v2\/categories?post=50986"},{"taxonomy":"post_tag","embeddable":true,"href":"https:\/\/munilaja.cl\/w\/wp-json\/wp\/v2\/tags?post=50986"}],"curies":[{"name":"wp","href":"https:\/\/api.w.org\/{rel}","templated":true}]}}