{"id":467,"date":"2013-05-03T13:07:34","date_gmt":"2013-05-03T13:07:34","guid":{"rendered":"http:\/\/munilaja.cl\/w\/?p=467"},"modified":"2013-05-03T16:01:57","modified_gmt":"2013-05-03T16:01:57","slug":"ex-alumnos-de-liceo-tp-se-imponen-en-certamen-de-innova-biobio-con-su-bicigenerador","status":"publish","type":"post","link":"https:\/\/munilaja.cl\/w\/ex-alumnos-de-liceo-tp-se-imponen-en-certamen-de-innova-biobio-con-su-bicigenerador\/","title":{"rendered":"EX ALUMNOS DE LICEO TP SE IMPONEN EN CERTAMEN DE INNOVA BIOB\u00cdO CON SU BICIGENERADOR"},"content":{"rendered":"<p style=\"text-align: justify;\">Ex alumnos del Liceo TP., quienes el pasado a\u00f1o dieron a conocer en la Exporecicla de Laja, su proyecto \u201cPedalea y crea tu propia energ\u00eda\u201d<!--more--> con su prototipo de bicigenerador, Bicicleta que produce y acumula energ\u00eda el\u00e9ctrica utilizando la propulsi\u00f3n humana. Y que en noviembre\u00a0 ganaron con ella el Concurso de Innovaci\u00f3n Ambiental de la Facultad de Arquitectura de la Universidad del Desarrollo, ahora vuelven a dar que hablar al estar entre los ganadores de la Decima Convocatoria de Innovaci\u00f3n Emprendedora, organizada por Innova Bio B\u00edo.<\/p>\n<p style=\"text-align: justify;\">Hasta esta convocatoria de Innova y Corfo llegaron con la idea de seguir adelante con su proyecto y convertirlo en realidad, as\u00ed luego de un arduo proceso de evaluaci\u00f3n por parte del Consejo Directivo de Innova B\u00edo B\u00edo, determin\u00f3 que V\u00edctor Cuiti\u00f1o, Manuel Catal\u00e1n, Gustavo Ortiz , hoy egresados de nuestro liceo TP., est\u00e1n entre los 100\u00a0 proyectos que recibir\u00e1n cofinanciamiento para comenzar a materializar sus ideas.<\/p>\n<p style=\"text-align: justify;\">De esta forma al igual que los otros ganadores recibir\u00e1n 5.000.000 pesos, dinero que les permitir\u00e1 validar t\u00e9cnica y\u00a0econ\u00f3micamente el Bicigenerador para ser comercializado, adem\u00e1s podr\u00e1n crear\u00a0 \u00a0su empresa para realizar su venta sin dificultad.<\/p>\n<p style=\"text-align: justify;\">Son acompa\u00f1ados en este exitoso recorrido por Guillermo Coss\u00edo, quien fue su profesor y Marcela P\u00e9rez encargada de Educaci\u00f3n Ambiental Comunal, sum\u00e1ndose en esta nueva etapa profesionales de Fomento Productivo del municipio lajino, quienes les dar\u00e1n el apoyo y conducci\u00f3n para la concreci\u00f3n final de su emprendimiento.<\/p>\n<p style=\"text-align: justify;\">El proyecto es reconocido por su originalidad, y por utilizar elementos de reciclaje, como\u00a0 parte de una bicicleta que crea el movimiento por medio de la fuerza del pedaleo, m\u00e1s un generador que transforma el movimiento en electricidad de 12 volt,\u00a0 un convertidor para transformar la energ\u00eda a 220 volt, una bater\u00eda que acumula la energ\u00eda y un regulador de voltaje que impide cargar de m\u00e1s esta bater\u00eda, evitando se da\u00f1e. Con esto es posible cargar tel\u00e9fonos celulares, conectar un TV, encender ampolletas y cualquier utensilio de una casa.<\/p>\n<p style=\"text-align: justify;\">Laja demuestra as\u00ed el potencial de sus j\u00f3venes en diferentes \u00e1reas, felicidades para ellos por sus logros.<\/p>\n<div id='gallery-1' class='gallery galleryid-467 gallery-columns-4 gallery-size-thumbnail'><figure class='gallery-item'>\n\t\t\t<div class='gallery-icon landscape'>\n\t\t\t\t<a href='https:\/\/munilaja.cl\/w\/ex-alumnos-de-liceo-tp-se-imponen-en-certamen-de-innova-biobio-con-su-bicigenerador\/bicigenerador1\/'><img decoding=\"async\" width=\"150\" height=\"150\" src=\"https:\/\/munilaja.cl\/w\/wp-content\/uploads\/2013\/05\/Bicigenerador1-150x150.jpg\" class=\"attachment-thumbnail size-thumbnail\" alt=\"\" \/><\/a>\n\t\t\t<\/div><\/figure><figure class='gallery-item'>\n\t\t\t<div class='gallery-icon landscape'>\n\t\t\t\t<a href='https:\/\/munilaja.cl\/w\/ex-alumnos-de-liceo-tp-se-imponen-en-certamen-de-innova-biobio-con-su-bicigenerador\/bicigenerador2\/'><img decoding=\"async\" width=\"150\" height=\"150\" src=\"https:\/\/munilaja.cl\/w\/wp-content\/uploads\/2013\/05\/Bicigenerador2-150x150.jpg\" class=\"attachment-thumbnail size-thumbnail\" alt=\"\" \/><\/a>\n\t\t\t<\/div><\/figure><figure class='gallery-item'>\n\t\t\t<div class='gallery-icon landscape'>\n\t\t\t\t<a href='https:\/\/munilaja.cl\/w\/ex-alumnos-de-liceo-tp-se-imponen-en-certamen-de-innova-biobio-con-su-bicigenerador\/bicigenerador3\/'><img decoding=\"async\" width=\"150\" height=\"150\" src=\"https:\/\/munilaja.cl\/w\/wp-content\/uploads\/2013\/05\/Bicigenerador3-150x150.jpg\" class=\"attachment-thumbnail size-thumbnail\" alt=\"\" \/><\/a>\n\t\t\t<\/div><\/figure><figure class='gallery-item'>\n\t\t\t<div class='gallery-icon landscape'>\n\t\t\t\t<a href='https:\/\/munilaja.cl\/w\/ex-alumnos-de-liceo-tp-se-imponen-en-certamen-de-innova-biobio-con-su-bicigenerador\/bicigenerador4\/'><img loading=\"lazy\" decoding=\"async\" width=\"150\" height=\"150\" src=\"https:\/\/munilaja.cl\/w\/wp-content\/uploads\/2013\/05\/Bicigenerador4-150x150.jpg\" class=\"attachment-thumbnail size-thumbnail\" alt=\"\" \/><\/a>\n\t\t\t<\/div><\/figure>\n\t\t<\/div>\n\n","protected":false},"excerpt":{"rendered":"<p>Ex alumnos del Liceo TP., quienes el pasado a\u00f1o dieron a conocer en la Exporecicla de Laja, su proyecto \u201cPedalea y crea tu propia energ\u00eda\u201d<\/p>\n","protected":false},"author":11,"featured_media":468,"comment_status":"open","ping_status":"open","sticky":false,"template":"","format":"standard","meta":{"zakra_sidebar_layout":"customizer","zakra_remove_content_margin":false,"zakra_sidebar":"customizer","zakra_transparent_header":"customizer","zakra_logo":0,"zakra_main_header_style":"default","zakra_menu_item_color":"","zakra_menu_item_hover_color":"","zakra_menu_item_active_color":"","zakra_menu_active_style":"zakra_menu_active_style","zakra_page_header":true,"footnotes":""},"categories":[17],"tags":[90],"class_list":["post-467","post","type-post","status-publish","format-standard","has-post-thumbnail","hentry","category-servicio-a-la-comunidad","tag-bicigenerador"],"yoast_head":"<!-- This site is optimized with the Yoast SEO plugin v24.0 - https:\/\/yoast.com\/wordpress\/plugins\/seo\/ -->\n<title>EX ALUMNOS DE LICEO TP SE IMPONEN EN CERTAMEN DE INNOVA BIOB\u00cdO CON SU BICIGENERADOR  - Municipalidad de Laja<\/title>\n<meta name=\"robots\" content=\"index, follow, max-snippet:-1, max-image-preview:large, max-video-preview:-1\" \/>\n<link rel=\"canonical\" href=\"https:\/\/munilaja.cl\/w\/ex-alumnos-de-liceo-tp-se-imponen-en-certamen-de-innova-biobio-con-su-bicigenerador\/\" \/>\n<meta property=\"og:locale\" content=\"es_ES\" \/>\n<meta property=\"og:type\" content=\"article\" \/>\n<meta property=\"og:title\" content=\"EX ALUMNOS DE LICEO TP SE IMPONEN EN CERTAMEN DE INNOVA BIOB\u00cdO CON SU BICIGENERADOR  - Municipalidad de Laja\" \/>\n<meta property=\"og:description\" content=\"Ex alumnos del Liceo TP., quienes el pasado a\u00f1o dieron a conocer en la Exporecicla de Laja, su proyecto \u201cPedalea y crea tu propia energ\u00eda\u201d\" \/>\n<meta property=\"og:url\" content=\"https:\/\/munilaja.cl\/w\/ex-alumnos-de-liceo-tp-se-imponen-en-certamen-de-innova-biobio-con-su-bicigenerador\/\" \/>\n<meta property=\"og:site_name\" content=\"Municipalidad de Laja\" \/>\n<meta property=\"article:published_time\" content=\"2013-05-03T13:07:34+00:00\" \/>\n<meta property=\"article:modified_time\" content=\"2013-05-03T16:01:57+00:00\" \/>\n<meta property=\"og:image\" content=\"https:\/\/munilaja.cl\/w\/wp-content\/uploads\/2013\/05\/noticia-bicigenerador-gana-innova-biobio.jpg\" \/>\n\t<meta property=\"og:image:width\" content=\"350\" \/>\n\t<meta property=\"og:image:height\" content=\"300\" \/>\n\t<meta property=\"og:image:type\" content=\"image\/jpeg\" \/>\n<meta name=\"author\" content=\"Administrador\" \/>\n<meta name=\"twitter:card\" content=\"summary_large_image\" \/>\n<meta name=\"twitter:label1\" content=\"Escrito por\" \/>\n\t<meta name=\"twitter:data1\" content=\"Administrador\" \/>\n\t<meta name=\"twitter:label2\" content=\"Tiempo de lectura\" \/>\n\t<meta name=\"twitter:data2\" content=\"2 minutos\" \/>\n<script type=\"application\/ld+json\" class=\"yoast-schema-graph\">{\"@context\":\"https:\/\/schema.org\",\"@graph\":[{\"@type\":\"Article\",\"@id\":\"https:\/\/munilaja.cl\/w\/ex-alumnos-de-liceo-tp-se-imponen-en-certamen-de-innova-biobio-con-su-bicigenerador\/#article\",\"isPartOf\":{\"@id\":\"https:\/\/munilaja.cl\/w\/ex-alumnos-de-liceo-tp-se-imponen-en-certamen-de-innova-biobio-con-su-bicigenerador\/\"},\"author\":{\"name\":\"Administrador\",\"@id\":\"https:\/\/munilaja.cl\/w\/#\/schema\/person\/4650348f4978773bf1c5b31f9c7da744\"},\"headline\":\"EX ALUMNOS DE LICEO TP SE IMPONEN EN CERTAMEN DE INNOVA BIOB\u00cdO CON SU BICIGENERADOR\",\"datePublished\":\"2013-05-03T13:07:34+00:00\",\"dateModified\":\"2013-05-03T16:01:57+00:00\",\"mainEntityOfPage\":{\"@id\":\"https:\/\/munilaja.cl\/w\/ex-alumnos-de-liceo-tp-se-imponen-en-certamen-de-innova-biobio-con-su-bicigenerador\/\"},\"wordCount\":394,\"commentCount\":0,\"publisher\":{\"@id\":\"https:\/\/munilaja.cl\/w\/#organization\"},\"image\":{\"@id\":\"https:\/\/munilaja.cl\/w\/ex-alumnos-de-liceo-tp-se-imponen-en-certamen-de-innova-biobio-con-su-bicigenerador\/#primaryimage\"},\"thumbnailUrl\":\"https:\/\/munilaja.cl\/w\/wp-content\/uploads\/2013\/05\/noticia-bicigenerador-gana-innova-biobio.jpg\",\"keywords\":[\"bicigenerador\"],\"articleSection\":[\"Servicio a la comunidad\"],\"inLanguage\":\"es\",\"potentialAction\":[{\"@type\":\"CommentAction\",\"name\":\"Comment\",\"target\":[\"https:\/\/munilaja.cl\/w\/ex-alumnos-de-liceo-tp-se-imponen-en-certamen-de-innova-biobio-con-su-bicigenerador\/#respond\"]}]},{\"@type\":\"WebPage\",\"@id\":\"https:\/\/munilaja.cl\/w\/ex-alumnos-de-liceo-tp-se-imponen-en-certamen-de-innova-biobio-con-su-bicigenerador\/\",\"url\":\"https:\/\/munilaja.cl\/w\/ex-alumnos-de-liceo-tp-se-imponen-en-certamen-de-innova-biobio-con-su-bicigenerador\/\",\"name\":\"EX ALUMNOS DE LICEO TP SE IMPONEN EN CERTAMEN DE INNOVA BIOB\u00cdO CON SU BICIGENERADOR - Municipalidad de Laja\",\"isPartOf\":{\"@id\":\"https:\/\/munilaja.cl\/w\/#website\"},\"primaryImageOfPage\":{\"@id\":\"https:\/\/munilaja.cl\/w\/ex-alumnos-de-liceo-tp-se-imponen-en-certamen-de-innova-biobio-con-su-bicigenerador\/#primaryimage\"},\"image\":{\"@id\":\"https:\/\/munilaja.cl\/w\/ex-alumnos-de-liceo-tp-se-imponen-en-certamen-de-innova-biobio-con-su-bicigenerador\/#primaryimage\"},\"thumbnailUrl\":\"https:\/\/munilaja.cl\/w\/wp-content\/uploads\/2013\/05\/noticia-bicigenerador-gana-innova-biobio.jpg\",\"datePublished\":\"2013-05-03T13:07:34+00:00\",\"dateModified\":\"2013-05-03T16:01:57+00:00\",\"breadcrumb\":{\"@id\":\"https:\/\/munilaja.cl\/w\/ex-alumnos-de-liceo-tp-se-imponen-en-certamen-de-innova-biobio-con-su-bicigenerador\/#breadcrumb\"},\"inLanguage\":\"es\",\"potentialAction\":[{\"@type\":\"ReadAction\",\"target\":[\"https:\/\/munilaja.cl\/w\/ex-alumnos-de-liceo-tp-se-imponen-en-certamen-de-innova-biobio-con-su-bicigenerador\/\"]}]},{\"@type\":\"ImageObject\",\"inLanguage\":\"es\",\"@id\":\"https:\/\/munilaja.cl\/w\/ex-alumnos-de-liceo-tp-se-imponen-en-certamen-de-innova-biobio-con-su-bicigenerador\/#primaryimage\",\"url\":\"https:\/\/munilaja.cl\/w\/wp-content\/uploads\/2013\/05\/noticia-bicigenerador-gana-innova-biobio.jpg\",\"contentUrl\":\"https:\/\/munilaja.cl\/w\/wp-content\/uploads\/2013\/05\/noticia-bicigenerador-gana-innova-biobio.jpg\",\"width\":350,\"height\":300},{\"@type\":\"BreadcrumbList\",\"@id\":\"https:\/\/munilaja.cl\/w\/ex-alumnos-de-liceo-tp-se-imponen-en-certamen-de-innova-biobio-con-su-bicigenerador\/#breadcrumb\",\"itemListElement\":[{\"@type\":\"ListItem\",\"position\":1,\"name\":\"Portada\",\"item\":\"https:\/\/munilaja.cl\/w\/\"},{\"@type\":\"ListItem\",\"position\":2,\"name\":\"EX ALUMNOS DE LICEO TP SE IMPONEN EN CERTAMEN DE INNOVA BIOB\u00cdO CON SU BICIGENERADOR\"}]},{\"@type\":\"WebSite\",\"@id\":\"https:\/\/munilaja.cl\/w\/#website\",\"url\":\"https:\/\/munilaja.cl\/w\/\",\"name\":\"Municipalidad de Laja\",\"description\":\"Web Municipal\",\"publisher\":{\"@id\":\"https:\/\/munilaja.cl\/w\/#organization\"},\"potentialAction\":[{\"@type\":\"SearchAction\",\"target\":{\"@type\":\"EntryPoint\",\"urlTemplate\":\"https:\/\/munilaja.cl\/w\/?s={search_term_string}\"},\"query-input\":{\"@type\":\"PropertyValueSpecification\",\"valueRequired\":true,\"valueName\":\"search_term_string\"}}],\"inLanguage\":\"es\"},{\"@type\":\"Organization\",\"@id\":\"https:\/\/munilaja.cl\/w\/#organization\",\"name\":\"Municipalidad de Laja\",\"url\":\"https:\/\/munilaja.cl\/w\/\",\"logo\":{\"@type\":\"ImageObject\",\"inLanguage\":\"es\",\"@id\":\"https:\/\/munilaja.cl\/w\/#\/schema\/logo\/image\/\",\"url\":\"https:\/\/munilaja.cl\/w\/wp-content\/uploads\/2024\/11\/ESCUDO-LAJA-LETRAS-BLANCAS-LOGO-WEB.png\",\"contentUrl\":\"https:\/\/munilaja.cl\/w\/wp-content\/uploads\/2024\/11\/ESCUDO-LAJA-LETRAS-BLANCAS-LOGO-WEB.png\",\"width\":150,\"height\":150,\"caption\":\"Municipalidad de Laja\"},\"image\":{\"@id\":\"https:\/\/munilaja.cl\/w\/#\/schema\/logo\/image\/\"}},{\"@type\":\"Person\",\"@id\":\"https:\/\/munilaja.cl\/w\/#\/schema\/person\/4650348f4978773bf1c5b31f9c7da744\",\"name\":\"Administrador\",\"url\":\"https:\/\/munilaja.cl\/w\/author\/rssmunilaja\/\"}]}<\/script>\n<!-- \/ Yoast SEO plugin. -->","yoast_head_json":{"title":"EX ALUMNOS DE LICEO TP SE IMPONEN EN CERTAMEN DE INNOVA BIOB\u00cdO CON SU BICIGENERADOR  - Municipalidad de Laja","robots":{"index":"index","follow":"follow","max-snippet":"max-snippet:-1","max-image-preview":"max-image-preview:large","max-video-preview":"max-video-preview:-1"},"canonical":"https:\/\/munilaja.cl\/w\/ex-alumnos-de-liceo-tp-se-imponen-en-certamen-de-innova-biobio-con-su-bicigenerador\/","og_locale":"es_ES","og_type":"article","og_title":"EX ALUMNOS DE LICEO TP SE IMPONEN EN CERTAMEN DE INNOVA BIOB\u00cdO CON SU BICIGENERADOR  - Municipalidad de Laja","og_description":"Ex alumnos del Liceo TP., quienes el pasado a\u00f1o dieron a conocer en la Exporecicla de Laja, su proyecto \u201cPedalea y crea tu propia energ\u00eda\u201d","og_url":"https:\/\/munilaja.cl\/w\/ex-alumnos-de-liceo-tp-se-imponen-en-certamen-de-innova-biobio-con-su-bicigenerador\/","og_site_name":"Municipalidad de Laja","article_published_time":"2013-05-03T13:07:34+00:00","article_modified_time":"2013-05-03T16:01:57+00:00","og_image":[{"width":350,"height":300,"url":"https:\/\/munilaja.cl\/w\/wp-content\/uploads\/2013\/05\/noticia-bicigenerador-gana-innova-biobio.jpg","type":"image\/jpeg"}],"author":"Administrador","twitter_card":"summary_large_image","twitter_misc":{"Escrito por":"Administrador","Tiempo de lectura":"2 minutos"},"schema":{"@context":"https:\/\/schema.org","@graph":[{"@type":"Article","@id":"https:\/\/munilaja.cl\/w\/ex-alumnos-de-liceo-tp-se-imponen-en-certamen-de-innova-biobio-con-su-bicigenerador\/#article","isPartOf":{"@id":"https:\/\/munilaja.cl\/w\/ex-alumnos-de-liceo-tp-se-imponen-en-certamen-de-innova-biobio-con-su-bicigenerador\/"},"author":{"name":"Administrador","@id":"https:\/\/munilaja.cl\/w\/#\/schema\/person\/4650348f4978773bf1c5b31f9c7da744"},"headline":"EX ALUMNOS DE LICEO TP SE IMPONEN EN CERTAMEN DE INNOVA BIOB\u00cdO CON SU BICIGENERADOR","datePublished":"2013-05-03T13:07:34+00:00","dateModified":"2013-05-03T16:01:57+00:00","mainEntityOfPage":{"@id":"https:\/\/munilaja.cl\/w\/ex-alumnos-de-liceo-tp-se-imponen-en-certamen-de-innova-biobio-con-su-bicigenerador\/"},"wordCount":394,"commentCount":0,"publisher":{"@id":"https:\/\/munilaja.cl\/w\/#organization"},"image":{"@id":"https:\/\/munilaja.cl\/w\/ex-alumnos-de-liceo-tp-se-imponen-en-certamen-de-innova-biobio-con-su-bicigenerador\/#primaryimage"},"thumbnailUrl":"https:\/\/munilaja.cl\/w\/wp-content\/uploads\/2013\/05\/noticia-bicigenerador-gana-innova-biobio.jpg","keywords":["bicigenerador"],"articleSection":["Servicio a la comunidad"],"inLanguage":"es","potentialAction":[{"@type":"CommentAction","name":"Comment","target":["https:\/\/munilaja.cl\/w\/ex-alumnos-de-liceo-tp-se-imponen-en-certamen-de-innova-biobio-con-su-bicigenerador\/#respond"]}]},{"@type":"WebPage","@id":"https:\/\/munilaja.cl\/w\/ex-alumnos-de-liceo-tp-se-imponen-en-certamen-de-innova-biobio-con-su-bicigenerador\/","url":"https:\/\/munilaja.cl\/w\/ex-alumnos-de-liceo-tp-se-imponen-en-certamen-de-innova-biobio-con-su-bicigenerador\/","name":"EX ALUMNOS DE LICEO TP SE IMPONEN EN CERTAMEN DE INNOVA BIOB\u00cdO CON SU BICIGENERADOR - Municipalidad de Laja","isPartOf":{"@id":"https:\/\/munilaja.cl\/w\/#website"},"primaryImageOfPage":{"@id":"https:\/\/munilaja.cl\/w\/ex-alumnos-de-liceo-tp-se-imponen-en-certamen-de-innova-biobio-con-su-bicigenerador\/#primaryimage"},"image":{"@id":"https:\/\/munilaja.cl\/w\/ex-alumnos-de-liceo-tp-se-imponen-en-certamen-de-innova-biobio-con-su-bicigenerador\/#primaryimage"},"thumbnailUrl":"https:\/\/munilaja.cl\/w\/wp-content\/uploads\/2013\/05\/noticia-bicigenerador-gana-innova-biobio.jpg","datePublished":"2013-05-03T13:07:34+00:00","dateModified":"2013-05-03T16:01:57+00:00","breadcrumb":{"@id":"https:\/\/munilaja.cl\/w\/ex-alumnos-de-liceo-tp-se-imponen-en-certamen-de-innova-biobio-con-su-bicigenerador\/#breadcrumb"},"inLanguage":"es","potentialAction":[{"@type":"ReadAction","target":["https:\/\/munilaja.cl\/w\/ex-alumnos-de-liceo-tp-se-imponen-en-certamen-de-innova-biobio-con-su-bicigenerador\/"]}]},{"@type":"ImageObject","inLanguage":"es","@id":"https:\/\/munilaja.cl\/w\/ex-alumnos-de-liceo-tp-se-imponen-en-certamen-de-innova-biobio-con-su-bicigenerador\/#primaryimage","url":"https:\/\/munilaja.cl\/w\/wp-content\/uploads\/2013\/05\/noticia-bicigenerador-gana-innova-biobio.jpg","contentUrl":"https:\/\/munilaja.cl\/w\/wp-content\/uploads\/2013\/05\/noticia-bicigenerador-gana-innova-biobio.jpg","width":350,"height":300},{"@type":"BreadcrumbList","@id":"https:\/\/munilaja.cl\/w\/ex-alumnos-de-liceo-tp-se-imponen-en-certamen-de-innova-biobio-con-su-bicigenerador\/#breadcrumb","itemListElement":[{"@type":"ListItem","position":1,"name":"Portada","item":"https:\/\/munilaja.cl\/w\/"},{"@type":"ListItem","position":2,"name":"EX ALUMNOS DE LICEO TP SE IMPONEN EN CERTAMEN DE INNOVA BIOB\u00cdO CON SU BICIGENERADOR"}]},{"@type":"WebSite","@id":"https:\/\/munilaja.cl\/w\/#website","url":"https:\/\/munilaja.cl\/w\/","name":"Municipalidad de Laja","description":"Web Municipal","publisher":{"@id":"https:\/\/munilaja.cl\/w\/#organization"},"potentialAction":[{"@type":"SearchAction","target":{"@type":"EntryPoint","urlTemplate":"https:\/\/munilaja.cl\/w\/?s={search_term_string}"},"query-input":{"@type":"PropertyValueSpecification","valueRequired":true,"valueName":"search_term_string"}}],"inLanguage":"es"},{"@type":"Organization","@id":"https:\/\/munilaja.cl\/w\/#organization","name":"Municipalidad de Laja","url":"https:\/\/munilaja.cl\/w\/","logo":{"@type":"ImageObject","inLanguage":"es","@id":"https:\/\/munilaja.cl\/w\/#\/schema\/logo\/image\/","url":"https:\/\/munilaja.cl\/w\/wp-content\/uploads\/2024\/11\/ESCUDO-LAJA-LETRAS-BLANCAS-LOGO-WEB.png","contentUrl":"https:\/\/munilaja.cl\/w\/wp-content\/uploads\/2024\/11\/ESCUDO-LAJA-LETRAS-BLANCAS-LOGO-WEB.png","width":150,"height":150,"caption":"Municipalidad de Laja"},"image":{"@id":"https:\/\/munilaja.cl\/w\/#\/schema\/logo\/image\/"}},{"@type":"Person","@id":"https:\/\/munilaja.cl\/w\/#\/schema\/person\/4650348f4978773bf1c5b31f9c7da744","name":"Administrador","url":"https:\/\/munilaja.cl\/w\/author\/rssmunilaja\/"}]}},"_links":{"self":[{"href":"https:\/\/munilaja.cl\/w\/wp-json\/wp\/v2\/posts\/467"}],"collection":[{"href":"https:\/\/munilaja.cl\/w\/wp-json\/wp\/v2\/posts"}],"about":[{"href":"https:\/\/munilaja.cl\/w\/wp-json\/wp\/v2\/types\/post"}],"author":[{"embeddable":true,"href":"https:\/\/munilaja.cl\/w\/wp-json\/wp\/v2\/users\/11"}],"replies":[{"embeddable":true,"href":"https:\/\/munilaja.cl\/w\/wp-json\/wp\/v2\/comments?post=467"}],"version-history":[{"count":0,"href":"https:\/\/munilaja.cl\/w\/wp-json\/wp\/v2\/posts\/467\/revisions"}],"wp:featuredmedia":[{"embeddable":true,"href":"https:\/\/munilaja.cl\/w\/wp-json\/wp\/v2\/media\/468"}],"wp:attachment":[{"href":"https:\/\/munilaja.cl\/w\/wp-json\/wp\/v2\/media?parent=467"}],"wp:term":[{"taxonomy":"category","embeddable":true,"href":"https:\/\/munilaja.cl\/w\/wp-json\/wp\/v2\/categories?post=467"},{"taxonomy":"post_tag","embeddable":true,"href":"https:\/\/munilaja.cl\/w\/wp-json\/wp\/v2\/tags?post=467"}],"curies":[{"name":"wp","href":"https:\/\/api.w.org\/{rel}","templated":true}]}}