{"id":40778,"date":"2017-09-13T11:23:42","date_gmt":"2017-09-13T11:23:42","guid":{"rendered":"http:\/\/munilaja.cl\/w\/?p=40778"},"modified":"2017-09-14T22:41:01","modified_gmt":"2017-09-14T22:41:01","slug":"liceo-a-66-se-llevo-a-cabo-su-xxii-muestra-gastronomica","status":"publish","type":"post","link":"https:\/\/munilaja.cl\/w\/liceo-a-66-se-llevo-a-cabo-su-xxii-muestra-gastronomica\/","title":{"rendered":"LICEO A-66 REALIZ\u00d3 SU XXII MUESTRA GASTRON\u00d3MICA"},"content":{"rendered":"<p>Parrilladas, choripanes, pajaritos y hasta el tradicional terremoto, fueron las delicias que los estudiantes del Liceo H\u00e9roes de la Concepci\u00f3n prepararon para lucirse en la XXII Muestra Gastron\u00f3mica 2017 y que se tom\u00f3 todo el centro de nuestro Laja.<\/p>\n<p>Con pie de cueca y bailes t\u00edpicos de nuestro pa\u00eds, se inaugur\u00f3 la Muestra Gastron\u00f3mica organizada por el Liceo H\u00e9roes de la Concepci\u00f3n, la cual este a\u00f1o cont\u00f3 con m\u00e1s de \u00a0300 stand de comida en diversas categor\u00edas. De acuerdo a la Directora del establecimiento, Ivone Hermosilla, este a\u00f1o nuevamente los alumnos destacaron por su participaci\u00f3n y compromiso en la realizaci\u00f3n de esta actividad.<\/p>\n<p>\u00abComo cada a\u00f1o nuestro Liceo organiz\u00f3 esta Muestra Gastron\u00f3mica que ya es una tradici\u00f3n en la comuna. Creemos que es una gran instancia para nuestros estudiantes para que compartan y se desenvuelvan en un ambiente distinto a las salas de clases\u00bb, coment\u00f3 la Directora.<\/p>\n<p>Por su parte, el Alcalde Vladimir Fica Toledo, destac\u00f3 a la presentaci\u00f3n y organizaci\u00f3n de los alumnos para esta nueva versi\u00f3n adem\u00e1s, de la presentaci\u00f3n del n\u00famero folcl\u00f3rico propiciado por docentes del Liceo H\u00e9roes de la Concepci\u00f3n.<\/p>\n<p>\u00abHoy contamos con una impecable presentaci\u00f3n de un grupo folcl\u00f3rico compuesto por funcionarios de nuestro sistema de educaci\u00f3n Municipal, adem\u00e1s de la presentaci\u00f3n de los m\u00e1s de 300 stand preparados por los alumnos. Hay que destacar esta organizaci\u00f3n considerando que son alrededor de 600 alumnos pertenecientes a nuestro liceo, un n\u00famero no menor para planificar y ejecutar una actividad de esta magnitud\u00bb, destac\u00f3 el Alcalde.<\/p>\n<p>Fue as\u00ed que, cada uno de los stand preparados fue visitado no solo por las autoridades, sino tambi\u00e9n por toda la comunidad lajina que particip\u00f3 degustando la diversidad de delicias expuestas en plena calle Balmaceda.<\/p>\n<div id='gallery-1' class='gallery galleryid-40778 gallery-columns-3 gallery-size-thumbnail'><figure class='gallery-item'>\n\t\t\t<div class='gallery-icon landscape'>\n\t\t\t\t<a href='https:\/\/munilaja.cl\/w\/liceo-a-66-se-llevo-a-cabo-su-xxii-muestra-gastronomica\/img_1859\/'><img decoding=\"async\" width=\"150\" height=\"150\" src=\"https:\/\/munilaja.cl\/w\/wp-content\/uploads\/2017\/09\/IMG_1859-150x150.jpg\" class=\"attachment-thumbnail size-thumbnail\" alt=\"\" srcset=\"https:\/\/munilaja.cl\/w\/wp-content\/uploads\/2017\/09\/IMG_1859-150x150.jpg 150w, https:\/\/munilaja.cl\/w\/wp-content\/uploads\/2017\/09\/IMG_1859-70x70.jpg 70w\" sizes=\"(max-width: 150px) 100vw, 150px\" \/><\/a>\n\t\t\t<\/div><\/figure><figure class='gallery-item'>\n\t\t\t<div class='gallery-icon landscape'>\n\t\t\t\t<a href='https:\/\/munilaja.cl\/w\/liceo-a-66-se-llevo-a-cabo-su-xxii-muestra-gastronomica\/img_1861\/'><img decoding=\"async\" width=\"150\" height=\"150\" src=\"https:\/\/munilaja.cl\/w\/wp-content\/uploads\/2017\/09\/IMG_1861-150x150.jpg\" class=\"attachment-thumbnail size-thumbnail\" alt=\"\" srcset=\"https:\/\/munilaja.cl\/w\/wp-content\/uploads\/2017\/09\/IMG_1861-150x150.jpg 150w, https:\/\/munilaja.cl\/w\/wp-content\/uploads\/2017\/09\/IMG_1861-70x70.jpg 70w\" sizes=\"(max-width: 150px) 100vw, 150px\" \/><\/a>\n\t\t\t<\/div><\/figure><figure class='gallery-item'>\n\t\t\t<div class='gallery-icon landscape'>\n\t\t\t\t<a href='https:\/\/munilaja.cl\/w\/liceo-a-66-se-llevo-a-cabo-su-xxii-muestra-gastronomica\/img_1862-2\/'><img decoding=\"async\" width=\"150\" height=\"150\" src=\"https:\/\/munilaja.cl\/w\/wp-content\/uploads\/2017\/09\/IMG_1862-150x150.jpg\" class=\"attachment-thumbnail size-thumbnail\" alt=\"\" srcset=\"https:\/\/munilaja.cl\/w\/wp-content\/uploads\/2017\/09\/IMG_1862-150x150.jpg 150w, https:\/\/munilaja.cl\/w\/wp-content\/uploads\/2017\/09\/IMG_1862-70x70.jpg 70w\" sizes=\"(max-width: 150px) 100vw, 150px\" \/><\/a>\n\t\t\t<\/div><\/figure><figure class='gallery-item'>\n\t\t\t<div class='gallery-icon landscape'>\n\t\t\t\t<a href='https:\/\/munilaja.cl\/w\/liceo-a-66-se-llevo-a-cabo-su-xxii-muestra-gastronomica\/img_1863-2\/'><img loading=\"lazy\" decoding=\"async\" width=\"150\" height=\"150\" src=\"https:\/\/munilaja.cl\/w\/wp-content\/uploads\/2017\/09\/IMG_1863-150x150.jpg\" class=\"attachment-thumbnail size-thumbnail\" alt=\"\" srcset=\"https:\/\/munilaja.cl\/w\/wp-content\/uploads\/2017\/09\/IMG_1863-150x150.jpg 150w, https:\/\/munilaja.cl\/w\/wp-content\/uploads\/2017\/09\/IMG_1863-70x70.jpg 70w\" sizes=\"(max-width: 150px) 100vw, 150px\" \/><\/a>\n\t\t\t<\/div><\/figure><figure class='gallery-item'>\n\t\t\t<div class='gallery-icon landscape'>\n\t\t\t\t<a href='https:\/\/munilaja.cl\/w\/liceo-a-66-se-llevo-a-cabo-su-xxii-muestra-gastronomica\/img_1866-2\/'><img loading=\"lazy\" decoding=\"async\" width=\"150\" height=\"150\" src=\"https:\/\/munilaja.cl\/w\/wp-content\/uploads\/2017\/09\/IMG_1866-150x150.jpg\" class=\"attachment-thumbnail size-thumbnail\" alt=\"\" srcset=\"https:\/\/munilaja.cl\/w\/wp-content\/uploads\/2017\/09\/IMG_1866-150x150.jpg 150w, https:\/\/munilaja.cl\/w\/wp-content\/uploads\/2017\/09\/IMG_1866-70x70.jpg 70w\" sizes=\"(max-width: 150px) 100vw, 150px\" \/><\/a>\n\t\t\t<\/div><\/figure><figure class='gallery-item'>\n\t\t\t<div class='gallery-icon landscape'>\n\t\t\t\t<a href='https:\/\/munilaja.cl\/w\/liceo-a-66-se-llevo-a-cabo-su-xxii-muestra-gastronomica\/img_1868\/'><img loading=\"lazy\" decoding=\"async\" width=\"150\" height=\"150\" src=\"https:\/\/munilaja.cl\/w\/wp-content\/uploads\/2017\/09\/IMG_1868-150x150.jpg\" class=\"attachment-thumbnail size-thumbnail\" alt=\"\" srcset=\"https:\/\/munilaja.cl\/w\/wp-content\/uploads\/2017\/09\/IMG_1868-150x150.jpg 150w, https:\/\/munilaja.cl\/w\/wp-content\/uploads\/2017\/09\/IMG_1868-70x70.jpg 70w\" sizes=\"(max-width: 150px) 100vw, 150px\" \/><\/a>\n\t\t\t<\/div><\/figure><figure class='gallery-item'>\n\t\t\t<div class='gallery-icon landscape'>\n\t\t\t\t<a href='https:\/\/munilaja.cl\/w\/liceo-a-66-se-llevo-a-cabo-su-xxii-muestra-gastronomica\/img_1874-2\/'><img loading=\"lazy\" decoding=\"async\" width=\"150\" height=\"150\" src=\"https:\/\/munilaja.cl\/w\/wp-content\/uploads\/2017\/09\/IMG_1874-150x150.jpg\" class=\"attachment-thumbnail size-thumbnail\" alt=\"\" srcset=\"https:\/\/munilaja.cl\/w\/wp-content\/uploads\/2017\/09\/IMG_1874-150x150.jpg 150w, https:\/\/munilaja.cl\/w\/wp-content\/uploads\/2017\/09\/IMG_1874-70x70.jpg 70w\" sizes=\"(max-width: 150px) 100vw, 150px\" \/><\/a>\n\t\t\t<\/div><\/figure><figure class='gallery-item'>\n\t\t\t<div class='gallery-icon landscape'>\n\t\t\t\t<a href='https:\/\/munilaja.cl\/w\/liceo-a-66-se-llevo-a-cabo-su-xxii-muestra-gastronomica\/img_1875\/'><img loading=\"lazy\" decoding=\"async\" width=\"150\" height=\"150\" src=\"https:\/\/munilaja.cl\/w\/wp-content\/uploads\/2017\/09\/IMG_1875-150x150.jpg\" class=\"attachment-thumbnail size-thumbnail\" alt=\"\" srcset=\"https:\/\/munilaja.cl\/w\/wp-content\/uploads\/2017\/09\/IMG_1875-150x150.jpg 150w, https:\/\/munilaja.cl\/w\/wp-content\/uploads\/2017\/09\/IMG_1875-70x70.jpg 70w\" sizes=\"(max-width: 150px) 100vw, 150px\" \/><\/a>\n\t\t\t<\/div><\/figure><figure class='gallery-item'>\n\t\t\t<div class='gallery-icon landscape'>\n\t\t\t\t<a href='https:\/\/munilaja.cl\/w\/liceo-a-66-se-llevo-a-cabo-su-xxii-muestra-gastronomica\/img_1876\/'><img loading=\"lazy\" decoding=\"async\" width=\"150\" height=\"150\" src=\"https:\/\/munilaja.cl\/w\/wp-content\/uploads\/2017\/09\/IMG_1876-150x150.jpg\" class=\"attachment-thumbnail size-thumbnail\" alt=\"\" srcset=\"https:\/\/munilaja.cl\/w\/wp-content\/uploads\/2017\/09\/IMG_1876-150x150.jpg 150w, https:\/\/munilaja.cl\/w\/wp-content\/uploads\/2017\/09\/IMG_1876-70x70.jpg 70w\" sizes=\"(max-width: 150px) 100vw, 150px\" \/><\/a>\n\t\t\t<\/div><\/figure><figure class='gallery-item'>\n\t\t\t<div class='gallery-icon landscape'>\n\t\t\t\t<a href='https:\/\/munilaja.cl\/w\/liceo-a-66-se-llevo-a-cabo-su-xxii-muestra-gastronomica\/img_1878\/'><img loading=\"lazy\" decoding=\"async\" width=\"150\" height=\"150\" src=\"https:\/\/munilaja.cl\/w\/wp-content\/uploads\/2017\/09\/IMG_1878-150x150.jpg\" class=\"attachment-thumbnail size-thumbnail\" alt=\"\" srcset=\"https:\/\/munilaja.cl\/w\/wp-content\/uploads\/2017\/09\/IMG_1878-150x150.jpg 150w, https:\/\/munilaja.cl\/w\/wp-content\/uploads\/2017\/09\/IMG_1878-70x70.jpg 70w\" sizes=\"(max-width: 150px) 100vw, 150px\" \/><\/a>\n\t\t\t<\/div><\/figure><figure class='gallery-item'>\n\t\t\t<div class='gallery-icon landscape'>\n\t\t\t\t<a href='https:\/\/munilaja.cl\/w\/liceo-a-66-se-llevo-a-cabo-su-xxii-muestra-gastronomica\/img_1880-2\/'><img loading=\"lazy\" decoding=\"async\" width=\"150\" height=\"150\" src=\"https:\/\/munilaja.cl\/w\/wp-content\/uploads\/2017\/09\/IMG_1880-150x150.jpg\" class=\"attachment-thumbnail size-thumbnail\" alt=\"\" srcset=\"https:\/\/munilaja.cl\/w\/wp-content\/uploads\/2017\/09\/IMG_1880-150x150.jpg 150w, https:\/\/munilaja.cl\/w\/wp-content\/uploads\/2017\/09\/IMG_1880-70x70.jpg 70w\" sizes=\"(max-width: 150px) 100vw, 150px\" \/><\/a>\n\t\t\t<\/div><\/figure><figure class='gallery-item'>\n\t\t\t<div class='gallery-icon landscape'>\n\t\t\t\t<a href='https:\/\/munilaja.cl\/w\/liceo-a-66-se-llevo-a-cabo-su-xxii-muestra-gastronomica\/img_1881\/'><img loading=\"lazy\" decoding=\"async\" width=\"150\" height=\"150\" src=\"https:\/\/munilaja.cl\/w\/wp-content\/uploads\/2017\/09\/IMG_1881-150x150.jpg\" class=\"attachment-thumbnail size-thumbnail\" alt=\"\" srcset=\"https:\/\/munilaja.cl\/w\/wp-content\/uploads\/2017\/09\/IMG_1881-150x150.jpg 150w, https:\/\/munilaja.cl\/w\/wp-content\/uploads\/2017\/09\/IMG_1881-70x70.jpg 70w\" sizes=\"(max-width: 150px) 100vw, 150px\" \/><\/a>\n\t\t\t<\/div><\/figure><figure class='gallery-item'>\n\t\t\t<div class='gallery-icon landscape'>\n\t\t\t\t<a href='https:\/\/munilaja.cl\/w\/liceo-a-66-se-llevo-a-cabo-su-xxii-muestra-gastronomica\/img_1882-2\/'><img loading=\"lazy\" decoding=\"async\" width=\"150\" height=\"150\" src=\"https:\/\/munilaja.cl\/w\/wp-content\/uploads\/2017\/09\/IMG_1882-150x150.jpg\" class=\"attachment-thumbnail size-thumbnail\" alt=\"\" srcset=\"https:\/\/munilaja.cl\/w\/wp-content\/uploads\/2017\/09\/IMG_1882-150x150.jpg 150w, https:\/\/munilaja.cl\/w\/wp-content\/uploads\/2017\/09\/IMG_1882-70x70.jpg 70w\" sizes=\"(max-width: 150px) 100vw, 150px\" \/><\/a>\n\t\t\t<\/div><\/figure><figure class='gallery-item'>\n\t\t\t<div class='gallery-icon portrait'>\n\t\t\t\t<a href='https:\/\/munilaja.cl\/w\/liceo-a-66-se-llevo-a-cabo-su-xxii-muestra-gastronomica\/img_1886\/'><img loading=\"lazy\" decoding=\"async\" width=\"150\" height=\"150\" src=\"https:\/\/munilaja.cl\/w\/wp-content\/uploads\/2017\/09\/IMG_1886-150x150.jpg\" class=\"attachment-thumbnail size-thumbnail\" alt=\"\" srcset=\"https:\/\/munilaja.cl\/w\/wp-content\/uploads\/2017\/09\/IMG_1886-150x150.jpg 150w, https:\/\/munilaja.cl\/w\/wp-content\/uploads\/2017\/09\/IMG_1886-70x70.jpg 70w\" sizes=\"(max-width: 150px) 100vw, 150px\" \/><\/a>\n\t\t\t<\/div><\/figure><figure class='gallery-item'>\n\t\t\t<div class='gallery-icon portrait'>\n\t\t\t\t<a href='https:\/\/munilaja.cl\/w\/liceo-a-66-se-llevo-a-cabo-su-xxii-muestra-gastronomica\/img_1887\/'><img loading=\"lazy\" decoding=\"async\" width=\"150\" height=\"150\" src=\"https:\/\/munilaja.cl\/w\/wp-content\/uploads\/2017\/09\/IMG_1887-150x150.jpg\" class=\"attachment-thumbnail size-thumbnail\" alt=\"\" srcset=\"https:\/\/munilaja.cl\/w\/wp-content\/uploads\/2017\/09\/IMG_1887-150x150.jpg 150w, https:\/\/munilaja.cl\/w\/wp-content\/uploads\/2017\/09\/IMG_1887-70x70.jpg 70w\" sizes=\"(max-width: 150px) 100vw, 150px\" \/><\/a>\n\t\t\t<\/div><\/figure><figure class='gallery-item'>\n\t\t\t<div class='gallery-icon portrait'>\n\t\t\t\t<a href='https:\/\/munilaja.cl\/w\/liceo-a-66-se-llevo-a-cabo-su-xxii-muestra-gastronomica\/img_1888\/'><img loading=\"lazy\" decoding=\"async\" width=\"150\" height=\"150\" src=\"https:\/\/munilaja.cl\/w\/wp-content\/uploads\/2017\/09\/IMG_1888-150x150.jpg\" class=\"attachment-thumbnail size-thumbnail\" alt=\"\" srcset=\"https:\/\/munilaja.cl\/w\/wp-content\/uploads\/2017\/09\/IMG_1888-150x150.jpg 150w, https:\/\/munilaja.cl\/w\/wp-content\/uploads\/2017\/09\/IMG_1888-70x70.jpg 70w\" sizes=\"(max-width: 150px) 100vw, 150px\" \/><\/a>\n\t\t\t<\/div><\/figure><figure class='gallery-item'>\n\t\t\t<div class='gallery-icon landscape'>\n\t\t\t\t<a href='https:\/\/munilaja.cl\/w\/liceo-a-66-se-llevo-a-cabo-su-xxii-muestra-gastronomica\/img_1892\/'><img loading=\"lazy\" decoding=\"async\" width=\"150\" height=\"150\" src=\"https:\/\/munilaja.cl\/w\/wp-content\/uploads\/2017\/09\/IMG_1892-150x150.jpg\" class=\"attachment-thumbnail size-thumbnail\" alt=\"\" srcset=\"https:\/\/munilaja.cl\/w\/wp-content\/uploads\/2017\/09\/IMG_1892-150x150.jpg 150w, https:\/\/munilaja.cl\/w\/wp-content\/uploads\/2017\/09\/IMG_1892-70x70.jpg 70w\" sizes=\"(max-width: 150px) 100vw, 150px\" \/><\/a>\n\t\t\t<\/div><\/figure><figure class='gallery-item'>\n\t\t\t<div class='gallery-icon landscape'>\n\t\t\t\t<a href='https:\/\/munilaja.cl\/w\/liceo-a-66-se-llevo-a-cabo-su-xxii-muestra-gastronomica\/img_1893-2\/'><img loading=\"lazy\" decoding=\"async\" width=\"150\" height=\"150\" src=\"https:\/\/munilaja.cl\/w\/wp-content\/uploads\/2017\/09\/IMG_1893-150x150.jpg\" class=\"attachment-thumbnail size-thumbnail\" alt=\"\" srcset=\"https:\/\/munilaja.cl\/w\/wp-content\/uploads\/2017\/09\/IMG_1893-150x150.jpg 150w, https:\/\/munilaja.cl\/w\/wp-content\/uploads\/2017\/09\/IMG_1893-70x70.jpg 70w\" sizes=\"(max-width: 150px) 100vw, 150px\" \/><\/a>\n\t\t\t<\/div><\/figure><figure class='gallery-item'>\n\t\t\t<div class='gallery-icon landscape'>\n\t\t\t\t<a href='https:\/\/munilaja.cl\/w\/liceo-a-66-se-llevo-a-cabo-su-xxii-muestra-gastronomica\/img_1895\/'><img loading=\"lazy\" decoding=\"async\" width=\"150\" height=\"150\" src=\"https:\/\/munilaja.cl\/w\/wp-content\/uploads\/2017\/09\/IMG_1895-150x150.jpg\" class=\"attachment-thumbnail size-thumbnail\" alt=\"\" srcset=\"https:\/\/munilaja.cl\/w\/wp-content\/uploads\/2017\/09\/IMG_1895-150x150.jpg 150w, https:\/\/munilaja.cl\/w\/wp-content\/uploads\/2017\/09\/IMG_1895-70x70.jpg 70w\" sizes=\"(max-width: 150px) 100vw, 150px\" \/><\/a>\n\t\t\t<\/div><\/figure><figure class='gallery-item'>\n\t\t\t<div class='gallery-icon landscape'>\n\t\t\t\t<a href='https:\/\/munilaja.cl\/w\/liceo-a-66-se-llevo-a-cabo-su-xxii-muestra-gastronomica\/img_1896\/'><img loading=\"lazy\" decoding=\"async\" width=\"150\" height=\"150\" src=\"https:\/\/munilaja.cl\/w\/wp-content\/uploads\/2017\/09\/IMG_1896-150x150.jpg\" class=\"attachment-thumbnail size-thumbnail\" alt=\"\" srcset=\"https:\/\/munilaja.cl\/w\/wp-content\/uploads\/2017\/09\/IMG_1896-150x150.jpg 150w, https:\/\/munilaja.cl\/w\/wp-content\/uploads\/2017\/09\/IMG_1896-70x70.jpg 70w\" sizes=\"(max-width: 150px) 100vw, 150px\" \/><\/a>\n\t\t\t<\/div><\/figure><figure class='gallery-item'>\n\t\t\t<div class='gallery-icon landscape'>\n\t\t\t\t<a href='https:\/\/munilaja.cl\/w\/liceo-a-66-se-llevo-a-cabo-su-xxii-muestra-gastronomica\/img_1897\/'><img loading=\"lazy\" decoding=\"async\" width=\"150\" height=\"150\" src=\"https:\/\/munilaja.cl\/w\/wp-content\/uploads\/2017\/09\/IMG_1897-150x150.jpg\" class=\"attachment-thumbnail size-thumbnail\" alt=\"\" srcset=\"https:\/\/munilaja.cl\/w\/wp-content\/uploads\/2017\/09\/IMG_1897-150x150.jpg 150w, https:\/\/munilaja.cl\/w\/wp-content\/uploads\/2017\/09\/IMG_1897-70x70.jpg 70w\" sizes=\"(max-width: 150px) 100vw, 150px\" \/><\/a>\n\t\t\t<\/div><\/figure><figure class='gallery-item'>\n\t\t\t<div class='gallery-icon landscape'>\n\t\t\t\t<a href='https:\/\/munilaja.cl\/w\/liceo-a-66-se-llevo-a-cabo-su-xxii-muestra-gastronomica\/img_1898\/'><img loading=\"lazy\" decoding=\"async\" width=\"150\" height=\"150\" src=\"https:\/\/munilaja.cl\/w\/wp-content\/uploads\/2017\/09\/IMG_1898-150x150.jpg\" class=\"attachment-thumbnail size-thumbnail\" alt=\"\" srcset=\"https:\/\/munilaja.cl\/w\/wp-content\/uploads\/2017\/09\/IMG_1898-150x150.jpg 150w, https:\/\/munilaja.cl\/w\/wp-content\/uploads\/2017\/09\/IMG_1898-70x70.jpg 70w\" sizes=\"(max-width: 150px) 100vw, 150px\" \/><\/a>\n\t\t\t<\/div><\/figure><figure class='gallery-item'>\n\t\t\t<div class='gallery-icon landscape'>\n\t\t\t\t<a href='https:\/\/munilaja.cl\/w\/liceo-a-66-se-llevo-a-cabo-su-xxii-muestra-gastronomica\/img_1901\/'><img loading=\"lazy\" decoding=\"async\" width=\"150\" height=\"150\" src=\"https:\/\/munilaja.cl\/w\/wp-content\/uploads\/2017\/09\/IMG_1901-150x150.jpg\" class=\"attachment-thumbnail size-thumbnail\" alt=\"\" srcset=\"https:\/\/munilaja.cl\/w\/wp-content\/uploads\/2017\/09\/IMG_1901-150x150.jpg 150w, https:\/\/munilaja.cl\/w\/wp-content\/uploads\/2017\/09\/IMG_1901-70x70.jpg 70w\" sizes=\"(max-width: 150px) 100vw, 150px\" \/><\/a>\n\t\t\t<\/div><\/figure><figure class='gallery-item'>\n\t\t\t<div class='gallery-icon landscape'>\n\t\t\t\t<a href='https:\/\/munilaja.cl\/w\/liceo-a-66-se-llevo-a-cabo-su-xxii-muestra-gastronomica\/img_1903-2\/'><img loading=\"lazy\" decoding=\"async\" width=\"150\" height=\"150\" src=\"https:\/\/munilaja.cl\/w\/wp-content\/uploads\/2017\/09\/IMG_1903-150x150.jpg\" class=\"attachment-thumbnail size-thumbnail\" alt=\"\" srcset=\"https:\/\/munilaja.cl\/w\/wp-content\/uploads\/2017\/09\/IMG_1903-150x150.jpg 150w, https:\/\/munilaja.cl\/w\/wp-content\/uploads\/2017\/09\/IMG_1903-70x70.jpg 70w\" sizes=\"(max-width: 150px) 100vw, 150px\" \/><\/a>\n\t\t\t<\/div><\/figure><figure class='gallery-item'>\n\t\t\t<div class='gallery-icon landscape'>\n\t\t\t\t<a href='https:\/\/munilaja.cl\/w\/liceo-a-66-se-llevo-a-cabo-su-xxii-muestra-gastronomica\/img_1905-2\/'><img loading=\"lazy\" decoding=\"async\" width=\"150\" height=\"150\" src=\"https:\/\/munilaja.cl\/w\/wp-content\/uploads\/2017\/09\/IMG_1905-150x150.jpg\" class=\"attachment-thumbnail size-thumbnail\" alt=\"\" srcset=\"https:\/\/munilaja.cl\/w\/wp-content\/uploads\/2017\/09\/IMG_1905-150x150.jpg 150w, https:\/\/munilaja.cl\/w\/wp-content\/uploads\/2017\/09\/IMG_1905-70x70.jpg 70w\" sizes=\"(max-width: 150px) 100vw, 150px\" \/><\/a>\n\t\t\t<\/div><\/figure><figure class='gallery-item'>\n\t\t\t<div class='gallery-icon landscape'>\n\t\t\t\t<a href='https:\/\/munilaja.cl\/w\/liceo-a-66-se-llevo-a-cabo-su-xxii-muestra-gastronomica\/img_1908-2\/'><img loading=\"lazy\" decoding=\"async\" width=\"150\" height=\"150\" src=\"https:\/\/munilaja.cl\/w\/wp-content\/uploads\/2017\/09\/IMG_1908-150x150.jpg\" class=\"attachment-thumbnail size-thumbnail\" alt=\"\" srcset=\"https:\/\/munilaja.cl\/w\/wp-content\/uploads\/2017\/09\/IMG_1908-150x150.jpg 150w, https:\/\/munilaja.cl\/w\/wp-content\/uploads\/2017\/09\/IMG_1908-70x70.jpg 70w\" sizes=\"(max-width: 150px) 100vw, 150px\" \/><\/a>\n\t\t\t<\/div><\/figure><figure class='gallery-item'>\n\t\t\t<div class='gallery-icon landscape'>\n\t\t\t\t<a href='https:\/\/munilaja.cl\/w\/liceo-a-66-se-llevo-a-cabo-su-xxii-muestra-gastronomica\/img_1909-2\/'><img loading=\"lazy\" decoding=\"async\" width=\"150\" height=\"150\" src=\"https:\/\/munilaja.cl\/w\/wp-content\/uploads\/2017\/09\/IMG_1909-150x150.jpg\" class=\"attachment-thumbnail size-thumbnail\" alt=\"\" srcset=\"https:\/\/munilaja.cl\/w\/wp-content\/uploads\/2017\/09\/IMG_1909-150x150.jpg 150w, https:\/\/munilaja.cl\/w\/wp-content\/uploads\/2017\/09\/IMG_1909-70x70.jpg 70w\" sizes=\"(max-width: 150px) 100vw, 150px\" \/><\/a>\n\t\t\t<\/div><\/figure><figure class='gallery-item'>\n\t\t\t<div class='gallery-icon landscape'>\n\t\t\t\t<a href='https:\/\/munilaja.cl\/w\/liceo-a-66-se-llevo-a-cabo-su-xxii-muestra-gastronomica\/img_1910-2\/'><img loading=\"lazy\" decoding=\"async\" width=\"150\" height=\"150\" src=\"https:\/\/munilaja.cl\/w\/wp-content\/uploads\/2017\/09\/IMG_1910-150x150.jpg\" class=\"attachment-thumbnail size-thumbnail\" alt=\"\" srcset=\"https:\/\/munilaja.cl\/w\/wp-content\/uploads\/2017\/09\/IMG_1910-150x150.jpg 150w, https:\/\/munilaja.cl\/w\/wp-content\/uploads\/2017\/09\/IMG_1910-70x70.jpg 70w\" sizes=\"(max-width: 150px) 100vw, 150px\" \/><\/a>\n\t\t\t<\/div><\/figure><figure class='gallery-item'>\n\t\t\t<div class='gallery-icon landscape'>\n\t\t\t\t<a href='https:\/\/munilaja.cl\/w\/liceo-a-66-se-llevo-a-cabo-su-xxii-muestra-gastronomica\/img_1911\/'><img loading=\"lazy\" decoding=\"async\" width=\"150\" height=\"150\" src=\"https:\/\/munilaja.cl\/w\/wp-content\/uploads\/2017\/09\/IMG_1911-150x150.jpg\" class=\"attachment-thumbnail size-thumbnail\" alt=\"\" srcset=\"https:\/\/munilaja.cl\/w\/wp-content\/uploads\/2017\/09\/IMG_1911-150x150.jpg 150w, https:\/\/munilaja.cl\/w\/wp-content\/uploads\/2017\/09\/IMG_1911-70x70.jpg 70w\" sizes=\"(max-width: 150px) 100vw, 150px\" \/><\/a>\n\t\t\t<\/div><\/figure><figure class='gallery-item'>\n\t\t\t<div class='gallery-icon landscape'>\n\t\t\t\t<a href='https:\/\/munilaja.cl\/w\/liceo-a-66-se-llevo-a-cabo-su-xxii-muestra-gastronomica\/img_1913-2\/'><img loading=\"lazy\" decoding=\"async\" width=\"150\" height=\"150\" src=\"https:\/\/munilaja.cl\/w\/wp-content\/uploads\/2017\/09\/IMG_1913-150x150.jpg\" class=\"attachment-thumbnail size-thumbnail\" alt=\"\" srcset=\"https:\/\/munilaja.cl\/w\/wp-content\/uploads\/2017\/09\/IMG_1913-150x150.jpg 150w, https:\/\/munilaja.cl\/w\/wp-content\/uploads\/2017\/09\/IMG_1913-70x70.jpg 70w\" sizes=\"(max-width: 150px) 100vw, 150px\" \/><\/a>\n\t\t\t<\/div><\/figure><figure class='gallery-item'>\n\t\t\t<div class='gallery-icon landscape'>\n\t\t\t\t<a href='https:\/\/munilaja.cl\/w\/liceo-a-66-se-llevo-a-cabo-su-xxii-muestra-gastronomica\/img_1916-2\/'><img loading=\"lazy\" decoding=\"async\" width=\"150\" height=\"150\" src=\"https:\/\/munilaja.cl\/w\/wp-content\/uploads\/2017\/09\/IMG_1916-150x150.jpg\" class=\"attachment-thumbnail size-thumbnail\" alt=\"\" srcset=\"https:\/\/munilaja.cl\/w\/wp-content\/uploads\/2017\/09\/IMG_1916-150x150.jpg 150w, https:\/\/munilaja.cl\/w\/wp-content\/uploads\/2017\/09\/IMG_1916-70x70.jpg 70w\" sizes=\"(max-width: 150px) 100vw, 150px\" \/><\/a>\n\t\t\t<\/div><\/figure><figure class='gallery-item'>\n\t\t\t<div class='gallery-icon landscape'>\n\t\t\t\t<a href='https:\/\/munilaja.cl\/w\/liceo-a-66-se-llevo-a-cabo-su-xxii-muestra-gastronomica\/img_1918\/'><img loading=\"lazy\" decoding=\"async\" width=\"150\" height=\"150\" src=\"https:\/\/munilaja.cl\/w\/wp-content\/uploads\/2017\/09\/IMG_1918-150x150.jpg\" class=\"attachment-thumbnail size-thumbnail\" alt=\"\" srcset=\"https:\/\/munilaja.cl\/w\/wp-content\/uploads\/2017\/09\/IMG_1918-150x150.jpg 150w, https:\/\/munilaja.cl\/w\/wp-content\/uploads\/2017\/09\/IMG_1918-70x70.jpg 70w\" sizes=\"(max-width: 150px) 100vw, 150px\" \/><\/a>\n\t\t\t<\/div><\/figure><figure class='gallery-item'>\n\t\t\t<div class='gallery-icon landscape'>\n\t\t\t\t<a href='https:\/\/munilaja.cl\/w\/liceo-a-66-se-llevo-a-cabo-su-xxii-muestra-gastronomica\/img_1919-3\/'><img loading=\"lazy\" decoding=\"async\" width=\"150\" height=\"150\" src=\"https:\/\/munilaja.cl\/w\/wp-content\/uploads\/2017\/09\/IMG_1919-150x150.jpg\" class=\"attachment-thumbnail size-thumbnail\" alt=\"\" srcset=\"https:\/\/munilaja.cl\/w\/wp-content\/uploads\/2017\/09\/IMG_1919-150x150.jpg 150w, https:\/\/munilaja.cl\/w\/wp-content\/uploads\/2017\/09\/IMG_1919-70x70.jpg 70w\" sizes=\"(max-width: 150px) 100vw, 150px\" \/><\/a>\n\t\t\t<\/div><\/figure><figure class='gallery-item'>\n\t\t\t<div class='gallery-icon landscape'>\n\t\t\t\t<a href='https:\/\/munilaja.cl\/w\/liceo-a-66-se-llevo-a-cabo-su-xxii-muestra-gastronomica\/img_1922-2\/'><img loading=\"lazy\" decoding=\"async\" width=\"150\" height=\"150\" src=\"https:\/\/munilaja.cl\/w\/wp-content\/uploads\/2017\/09\/IMG_1922-150x150.jpg\" class=\"attachment-thumbnail size-thumbnail\" alt=\"\" srcset=\"https:\/\/munilaja.cl\/w\/wp-content\/uploads\/2017\/09\/IMG_1922-150x150.jpg 150w, https:\/\/munilaja.cl\/w\/wp-content\/uploads\/2017\/09\/IMG_1922-70x70.jpg 70w\" sizes=\"(max-width: 150px) 100vw, 150px\" \/><\/a>\n\t\t\t<\/div><\/figure><figure class='gallery-item'>\n\t\t\t<div class='gallery-icon landscape'>\n\t\t\t\t<a href='https:\/\/munilaja.cl\/w\/liceo-a-66-se-llevo-a-cabo-su-xxii-muestra-gastronomica\/img_1926-2\/'><img loading=\"lazy\" decoding=\"async\" width=\"150\" height=\"150\" src=\"https:\/\/munilaja.cl\/w\/wp-content\/uploads\/2017\/09\/IMG_1926-150x150.jpg\" class=\"attachment-thumbnail size-thumbnail\" alt=\"\" srcset=\"https:\/\/munilaja.cl\/w\/wp-content\/uploads\/2017\/09\/IMG_1926-150x150.jpg 150w, https:\/\/munilaja.cl\/w\/wp-content\/uploads\/2017\/09\/IMG_1926-70x70.jpg 70w\" sizes=\"(max-width: 150px) 100vw, 150px\" \/><\/a>\n\t\t\t<\/div><\/figure><figure class='gallery-item'>\n\t\t\t<div class='gallery-icon landscape'>\n\t\t\t\t<a href='https:\/\/munilaja.cl\/w\/liceo-a-66-se-llevo-a-cabo-su-xxii-muestra-gastronomica\/img_1943\/'><img loading=\"lazy\" decoding=\"async\" width=\"150\" height=\"150\" src=\"https:\/\/munilaja.cl\/w\/wp-content\/uploads\/2017\/09\/IMG_1943-150x150.jpg\" class=\"attachment-thumbnail size-thumbnail\" alt=\"\" srcset=\"https:\/\/munilaja.cl\/w\/wp-content\/uploads\/2017\/09\/IMG_1943-150x150.jpg 150w, https:\/\/munilaja.cl\/w\/wp-content\/uploads\/2017\/09\/IMG_1943-70x70.jpg 70w\" sizes=\"(max-width: 150px) 100vw, 150px\" \/><\/a>\n\t\t\t<\/div><\/figure><figure class='gallery-item'>\n\t\t\t<div class='gallery-icon landscape'>\n\t\t\t\t<a href='https:\/\/munilaja.cl\/w\/liceo-a-66-se-llevo-a-cabo-su-xxii-muestra-gastronomica\/img_1946-2\/'><img loading=\"lazy\" decoding=\"async\" width=\"150\" height=\"150\" src=\"https:\/\/munilaja.cl\/w\/wp-content\/uploads\/2017\/09\/IMG_1946-150x150.jpg\" class=\"attachment-thumbnail size-thumbnail\" alt=\"\" srcset=\"https:\/\/munilaja.cl\/w\/wp-content\/uploads\/2017\/09\/IMG_1946-150x150.jpg 150w, https:\/\/munilaja.cl\/w\/wp-content\/uploads\/2017\/09\/IMG_1946-70x70.jpg 70w\" sizes=\"(max-width: 150px) 100vw, 150px\" \/><\/a>\n\t\t\t<\/div><\/figure><figure class='gallery-item'>\n\t\t\t<div class='gallery-icon landscape'>\n\t\t\t\t<a href='https:\/\/munilaja.cl\/w\/liceo-a-66-se-llevo-a-cabo-su-xxii-muestra-gastronomica\/img_1951\/'><img loading=\"lazy\" decoding=\"async\" width=\"150\" height=\"150\" src=\"https:\/\/munilaja.cl\/w\/wp-content\/uploads\/2017\/09\/IMG_1951-150x150.jpg\" class=\"attachment-thumbnail size-thumbnail\" alt=\"\" srcset=\"https:\/\/munilaja.cl\/w\/wp-content\/uploads\/2017\/09\/IMG_1951-150x150.jpg 150w, https:\/\/munilaja.cl\/w\/wp-content\/uploads\/2017\/09\/IMG_1951-70x70.jpg 70w\" sizes=\"(max-width: 150px) 100vw, 150px\" \/><\/a>\n\t\t\t<\/div><\/figure><figure class='gallery-item'>\n\t\t\t<div class='gallery-icon landscape'>\n\t\t\t\t<a href='https:\/\/munilaja.cl\/w\/liceo-a-66-se-llevo-a-cabo-su-xxii-muestra-gastronomica\/img_1955-2\/'><img loading=\"lazy\" decoding=\"async\" width=\"150\" height=\"150\" src=\"https:\/\/munilaja.cl\/w\/wp-content\/uploads\/2017\/09\/IMG_1955-150x150.jpg\" class=\"attachment-thumbnail size-thumbnail\" alt=\"\" srcset=\"https:\/\/munilaja.cl\/w\/wp-content\/uploads\/2017\/09\/IMG_1955-150x150.jpg 150w, https:\/\/munilaja.cl\/w\/wp-content\/uploads\/2017\/09\/IMG_1955-70x70.jpg 70w\" sizes=\"(max-width: 150px) 100vw, 150px\" \/><\/a>\n\t\t\t<\/div><\/figure><figure class='gallery-item'>\n\t\t\t<div class='gallery-icon landscape'>\n\t\t\t\t<a href='https:\/\/munilaja.cl\/w\/liceo-a-66-se-llevo-a-cabo-su-xxii-muestra-gastronomica\/img_1957-3\/'><img loading=\"lazy\" decoding=\"async\" width=\"150\" height=\"150\" src=\"https:\/\/munilaja.cl\/w\/wp-content\/uploads\/2017\/09\/IMG_1957-150x150.jpg\" class=\"attachment-thumbnail size-thumbnail\" alt=\"\" srcset=\"https:\/\/munilaja.cl\/w\/wp-content\/uploads\/2017\/09\/IMG_1957-150x150.jpg 150w, https:\/\/munilaja.cl\/w\/wp-content\/uploads\/2017\/09\/IMG_1957-70x70.jpg 70w\" sizes=\"(max-width: 150px) 100vw, 150px\" \/><\/a>\n\t\t\t<\/div><\/figure><figure class='gallery-item'>\n\t\t\t<div class='gallery-icon landscape'>\n\t\t\t\t<a href='https:\/\/munilaja.cl\/w\/liceo-a-66-se-llevo-a-cabo-su-xxii-muestra-gastronomica\/img_1972-3\/'><img loading=\"lazy\" decoding=\"async\" width=\"150\" height=\"150\" src=\"https:\/\/munilaja.cl\/w\/wp-content\/uploads\/2017\/09\/IMG_1972-150x150.jpg\" class=\"attachment-thumbnail size-thumbnail\" alt=\"\" srcset=\"https:\/\/munilaja.cl\/w\/wp-content\/uploads\/2017\/09\/IMG_1972-150x150.jpg 150w, https:\/\/munilaja.cl\/w\/wp-content\/uploads\/2017\/09\/IMG_1972-70x70.jpg 70w\" sizes=\"(max-width: 150px) 100vw, 150px\" \/><\/a>\n\t\t\t<\/div><\/figure><figure class='gallery-item'>\n\t\t\t<div class='gallery-icon landscape'>\n\t\t\t\t<a href='https:\/\/munilaja.cl\/w\/liceo-a-66-se-llevo-a-cabo-su-xxii-muestra-gastronomica\/img_1973-4\/'><img loading=\"lazy\" decoding=\"async\" width=\"150\" height=\"150\" src=\"https:\/\/munilaja.cl\/w\/wp-content\/uploads\/2017\/09\/IMG_1973-150x150.jpg\" class=\"attachment-thumbnail size-thumbnail\" alt=\"\" srcset=\"https:\/\/munilaja.cl\/w\/wp-content\/uploads\/2017\/09\/IMG_1973-150x150.jpg 150w, https:\/\/munilaja.cl\/w\/wp-content\/uploads\/2017\/09\/IMG_1973-70x70.jpg 70w\" sizes=\"(max-width: 150px) 100vw, 150px\" \/><\/a>\n\t\t\t<\/div><\/figure><figure class='gallery-item'>\n\t\t\t<div class='gallery-icon landscape'>\n\t\t\t\t<a href='https:\/\/munilaja.cl\/w\/liceo-a-66-se-llevo-a-cabo-su-xxii-muestra-gastronomica\/img_1977-3\/'><img loading=\"lazy\" decoding=\"async\" width=\"150\" height=\"150\" src=\"https:\/\/munilaja.cl\/w\/wp-content\/uploads\/2017\/09\/IMG_1977-150x150.jpg\" class=\"attachment-thumbnail size-thumbnail\" alt=\"\" srcset=\"https:\/\/munilaja.cl\/w\/wp-content\/uploads\/2017\/09\/IMG_1977-150x150.jpg 150w, https:\/\/munilaja.cl\/w\/wp-content\/uploads\/2017\/09\/IMG_1977-70x70.jpg 70w\" sizes=\"(max-width: 150px) 100vw, 150px\" \/><\/a>\n\t\t\t<\/div><\/figure><figure class='gallery-item'>\n\t\t\t<div class='gallery-icon landscape'>\n\t\t\t\t<a href='https:\/\/munilaja.cl\/w\/liceo-a-66-se-llevo-a-cabo-su-xxii-muestra-gastronomica\/img_1979\/'><img loading=\"lazy\" decoding=\"async\" width=\"150\" height=\"150\" src=\"https:\/\/munilaja.cl\/w\/wp-content\/uploads\/2017\/09\/IMG_1979-150x150.jpg\" class=\"attachment-thumbnail size-thumbnail\" alt=\"\" srcset=\"https:\/\/munilaja.cl\/w\/wp-content\/uploads\/2017\/09\/IMG_1979-150x150.jpg 150w, https:\/\/munilaja.cl\/w\/wp-content\/uploads\/2017\/09\/IMG_1979-70x70.jpg 70w\" sizes=\"(max-width: 150px) 100vw, 150px\" \/><\/a>\n\t\t\t<\/div><\/figure><figure class='gallery-item'>\n\t\t\t<div class='gallery-icon landscape'>\n\t\t\t\t<a href='https:\/\/munilaja.cl\/w\/liceo-a-66-se-llevo-a-cabo-su-xxii-muestra-gastronomica\/img_1982-3\/'><img loading=\"lazy\" decoding=\"async\" width=\"150\" height=\"150\" src=\"https:\/\/munilaja.cl\/w\/wp-content\/uploads\/2017\/09\/IMG_1982-150x150.jpg\" class=\"attachment-thumbnail size-thumbnail\" alt=\"\" srcset=\"https:\/\/munilaja.cl\/w\/wp-content\/uploads\/2017\/09\/IMG_1982-150x150.jpg 150w, https:\/\/munilaja.cl\/w\/wp-content\/uploads\/2017\/09\/IMG_1982-70x70.jpg 70w\" sizes=\"(max-width: 150px) 100vw, 150px\" \/><\/a>\n\t\t\t<\/div><\/figure><figure class='gallery-item'>\n\t\t\t<div class='gallery-icon landscape'>\n\t\t\t\t<a href='https:\/\/munilaja.cl\/w\/liceo-a-66-se-llevo-a-cabo-su-xxii-muestra-gastronomica\/img_1983-2\/'><img loading=\"lazy\" decoding=\"async\" width=\"150\" height=\"150\" src=\"https:\/\/munilaja.cl\/w\/wp-content\/uploads\/2017\/09\/IMG_1983-150x150.jpg\" class=\"attachment-thumbnail size-thumbnail\" alt=\"\" srcset=\"https:\/\/munilaja.cl\/w\/wp-content\/uploads\/2017\/09\/IMG_1983-150x150.jpg 150w, https:\/\/munilaja.cl\/w\/wp-content\/uploads\/2017\/09\/IMG_1983-70x70.jpg 70w\" sizes=\"(max-width: 150px) 100vw, 150px\" \/><\/a>\n\t\t\t<\/div><\/figure><figure class='gallery-item'>\n\t\t\t<div class='gallery-icon landscape'>\n\t\t\t\t<a href='https:\/\/munilaja.cl\/w\/liceo-a-66-se-llevo-a-cabo-su-xxii-muestra-gastronomica\/img_1985\/'><img loading=\"lazy\" decoding=\"async\" width=\"150\" height=\"150\" src=\"https:\/\/munilaja.cl\/w\/wp-content\/uploads\/2017\/09\/IMG_1985-150x150.jpg\" class=\"attachment-thumbnail size-thumbnail\" alt=\"\" srcset=\"https:\/\/munilaja.cl\/w\/wp-content\/uploads\/2017\/09\/IMG_1985-150x150.jpg 150w, https:\/\/munilaja.cl\/w\/wp-content\/uploads\/2017\/09\/IMG_1985-70x70.jpg 70w\" sizes=\"(max-width: 150px) 100vw, 150px\" \/><\/a>\n\t\t\t<\/div><\/figure><figure class='gallery-item'>\n\t\t\t<div class='gallery-icon landscape'>\n\t\t\t\t<a href='https:\/\/munilaja.cl\/w\/liceo-a-66-se-llevo-a-cabo-su-xxii-muestra-gastronomica\/img_1989-4\/'><img loading=\"lazy\" decoding=\"async\" width=\"150\" height=\"150\" src=\"https:\/\/munilaja.cl\/w\/wp-content\/uploads\/2017\/09\/IMG_1989-150x150.jpg\" class=\"attachment-thumbnail size-thumbnail\" alt=\"\" srcset=\"https:\/\/munilaja.cl\/w\/wp-content\/uploads\/2017\/09\/IMG_1989-150x150.jpg 150w, https:\/\/munilaja.cl\/w\/wp-content\/uploads\/2017\/09\/IMG_1989-70x70.jpg 70w\" sizes=\"(max-width: 150px) 100vw, 150px\" \/><\/a>\n\t\t\t<\/div><\/figure><figure class='gallery-item'>\n\t\t\t<div class='gallery-icon landscape'>\n\t\t\t\t<a href='https:\/\/munilaja.cl\/w\/liceo-a-66-se-llevo-a-cabo-su-xxii-muestra-gastronomica\/img_1990\/'><img loading=\"lazy\" decoding=\"async\" width=\"150\" height=\"150\" src=\"https:\/\/munilaja.cl\/w\/wp-content\/uploads\/2017\/09\/IMG_1990-150x150.jpg\" class=\"attachment-thumbnail size-thumbnail\" alt=\"\" srcset=\"https:\/\/munilaja.cl\/w\/wp-content\/uploads\/2017\/09\/IMG_1990-150x150.jpg 150w, https:\/\/munilaja.cl\/w\/wp-content\/uploads\/2017\/09\/IMG_1990-70x70.jpg 70w\" sizes=\"(max-width: 150px) 100vw, 150px\" \/><\/a>\n\t\t\t<\/div><\/figure><figure class='gallery-item'>\n\t\t\t<div class='gallery-icon landscape'>\n\t\t\t\t<a href='https:\/\/munilaja.cl\/w\/liceo-a-66-se-llevo-a-cabo-su-xxii-muestra-gastronomica\/img_1992-3\/'><img loading=\"lazy\" decoding=\"async\" width=\"150\" height=\"150\" src=\"https:\/\/munilaja.cl\/w\/wp-content\/uploads\/2017\/09\/IMG_1992-150x150.jpg\" class=\"attachment-thumbnail size-thumbnail\" alt=\"\" srcset=\"https:\/\/munilaja.cl\/w\/wp-content\/uploads\/2017\/09\/IMG_1992-150x150.jpg 150w, https:\/\/munilaja.cl\/w\/wp-content\/uploads\/2017\/09\/IMG_1992-70x70.jpg 70w\" sizes=\"(max-width: 150px) 100vw, 150px\" \/><\/a>\n\t\t\t<\/div><\/figure><figure class='gallery-item'>\n\t\t\t<div class='gallery-icon landscape'>\n\t\t\t\t<a href='https:\/\/munilaja.cl\/w\/liceo-a-66-se-llevo-a-cabo-su-xxii-muestra-gastronomica\/img_1999-2\/'><img loading=\"lazy\" decoding=\"async\" width=\"150\" height=\"150\" src=\"https:\/\/munilaja.cl\/w\/wp-content\/uploads\/2017\/09\/IMG_1999-150x150.jpg\" class=\"attachment-thumbnail size-thumbnail\" alt=\"\" srcset=\"https:\/\/munilaja.cl\/w\/wp-content\/uploads\/2017\/09\/IMG_1999-150x150.jpg 150w, https:\/\/munilaja.cl\/w\/wp-content\/uploads\/2017\/09\/IMG_1999-70x70.jpg 70w\" sizes=\"(max-width: 150px) 100vw, 150px\" \/><\/a>\n\t\t\t<\/div><\/figure><figure class='gallery-item'>\n\t\t\t<div class='gallery-icon landscape'>\n\t\t\t\t<a href='https:\/\/munilaja.cl\/w\/liceo-a-66-se-llevo-a-cabo-su-xxii-muestra-gastronomica\/img_2000\/'><img loading=\"lazy\" decoding=\"async\" width=\"150\" height=\"150\" src=\"https:\/\/munilaja.cl\/w\/wp-content\/uploads\/2017\/09\/IMG_2000-150x150.jpg\" class=\"attachment-thumbnail size-thumbnail\" alt=\"\" srcset=\"https:\/\/munilaja.cl\/w\/wp-content\/uploads\/2017\/09\/IMG_2000-150x150.jpg 150w, https:\/\/munilaja.cl\/w\/wp-content\/uploads\/2017\/09\/IMG_2000-70x70.jpg 70w\" sizes=\"(max-width: 150px) 100vw, 150px\" \/><\/a>\n\t\t\t<\/div><\/figure><figure class='gallery-item'>\n\t\t\t<div class='gallery-icon landscape'>\n\t\t\t\t<a href='https:\/\/munilaja.cl\/w\/liceo-a-66-se-llevo-a-cabo-su-xxii-muestra-gastronomica\/img_2003-2\/'><img loading=\"lazy\" decoding=\"async\" width=\"150\" height=\"150\" src=\"https:\/\/munilaja.cl\/w\/wp-content\/uploads\/2017\/09\/IMG_2003-150x150.jpg\" class=\"attachment-thumbnail size-thumbnail\" alt=\"\" srcset=\"https:\/\/munilaja.cl\/w\/wp-content\/uploads\/2017\/09\/IMG_2003-150x150.jpg 150w, https:\/\/munilaja.cl\/w\/wp-content\/uploads\/2017\/09\/IMG_2003-70x70.jpg 70w\" sizes=\"(max-width: 150px) 100vw, 150px\" \/><\/a>\n\t\t\t<\/div><\/figure><figure class='gallery-item'>\n\t\t\t<div class='gallery-icon landscape'>\n\t\t\t\t<a href='https:\/\/munilaja.cl\/w\/liceo-a-66-se-llevo-a-cabo-su-xxii-muestra-gastronomica\/img_2004\/'><img loading=\"lazy\" decoding=\"async\" width=\"150\" height=\"150\" src=\"https:\/\/munilaja.cl\/w\/wp-content\/uploads\/2017\/09\/IMG_2004-150x150.jpg\" class=\"attachment-thumbnail size-thumbnail\" alt=\"\" srcset=\"https:\/\/munilaja.cl\/w\/wp-content\/uploads\/2017\/09\/IMG_2004-150x150.jpg 150w, https:\/\/munilaja.cl\/w\/wp-content\/uploads\/2017\/09\/IMG_2004-70x70.jpg 70w\" sizes=\"(max-width: 150px) 100vw, 150px\" \/><\/a>\n\t\t\t<\/div><\/figure><figure class='gallery-item'>\n\t\t\t<div class='gallery-icon landscape'>\n\t\t\t\t<a href='https:\/\/munilaja.cl\/w\/liceo-a-66-se-llevo-a-cabo-su-xxii-muestra-gastronomica\/img_2007\/'><img loading=\"lazy\" decoding=\"async\" width=\"150\" height=\"150\" src=\"https:\/\/munilaja.cl\/w\/wp-content\/uploads\/2017\/09\/IMG_2007-150x150.jpg\" class=\"attachment-thumbnail size-thumbnail\" alt=\"\" srcset=\"https:\/\/munilaja.cl\/w\/wp-content\/uploads\/2017\/09\/IMG_2007-150x150.jpg 150w, https:\/\/munilaja.cl\/w\/wp-content\/uploads\/2017\/09\/IMG_2007-70x70.jpg 70w\" sizes=\"(max-width: 150px) 100vw, 150px\" \/><\/a>\n\t\t\t<\/div><\/figure><figure class='gallery-item'>\n\t\t\t<div class='gallery-icon landscape'>\n\t\t\t\t<a href='https:\/\/munilaja.cl\/w\/liceo-a-66-se-llevo-a-cabo-su-xxii-muestra-gastronomica\/img_2008-2\/'><img loading=\"lazy\" decoding=\"async\" width=\"150\" height=\"150\" src=\"https:\/\/munilaja.cl\/w\/wp-content\/uploads\/2017\/09\/IMG_2008-150x150.jpg\" class=\"attachment-thumbnail size-thumbnail\" alt=\"\" srcset=\"https:\/\/munilaja.cl\/w\/wp-content\/uploads\/2017\/09\/IMG_2008-150x150.jpg 150w, https:\/\/munilaja.cl\/w\/wp-content\/uploads\/2017\/09\/IMG_2008-70x70.jpg 70w\" sizes=\"(max-width: 150px) 100vw, 150px\" \/><\/a>\n\t\t\t<\/div><\/figure><figure class='gallery-item'>\n\t\t\t<div class='gallery-icon landscape'>\n\t\t\t\t<a href='https:\/\/munilaja.cl\/w\/liceo-a-66-se-llevo-a-cabo-su-xxii-muestra-gastronomica\/img_2010\/'><img loading=\"lazy\" decoding=\"async\" width=\"150\" height=\"150\" src=\"https:\/\/munilaja.cl\/w\/wp-content\/uploads\/2017\/09\/IMG_2010-150x150.jpg\" class=\"attachment-thumbnail size-thumbnail\" alt=\"\" srcset=\"https:\/\/munilaja.cl\/w\/wp-content\/uploads\/2017\/09\/IMG_2010-150x150.jpg 150w, https:\/\/munilaja.cl\/w\/wp-content\/uploads\/2017\/09\/IMG_2010-70x70.jpg 70w\" sizes=\"(max-width: 150px) 100vw, 150px\" \/><\/a>\n\t\t\t<\/div><\/figure><figure class='gallery-item'>\n\t\t\t<div class='gallery-icon landscape'>\n\t\t\t\t<a href='https:\/\/munilaja.cl\/w\/liceo-a-66-se-llevo-a-cabo-su-xxii-muestra-gastronomica\/img_2013-3\/'><img loading=\"lazy\" decoding=\"async\" width=\"150\" height=\"150\" src=\"https:\/\/munilaja.cl\/w\/wp-content\/uploads\/2017\/09\/IMG_2013-150x150.jpg\" class=\"attachment-thumbnail size-thumbnail\" alt=\"\" srcset=\"https:\/\/munilaja.cl\/w\/wp-content\/uploads\/2017\/09\/IMG_2013-150x150.jpg 150w, https:\/\/munilaja.cl\/w\/wp-content\/uploads\/2017\/09\/IMG_2013-70x70.jpg 70w\" sizes=\"(max-width: 150px) 100vw, 150px\" \/><\/a>\n\t\t\t<\/div><\/figure><figure class='gallery-item'>\n\t\t\t<div class='gallery-icon landscape'>\n\t\t\t\t<a href='https:\/\/munilaja.cl\/w\/liceo-a-66-se-llevo-a-cabo-su-xxii-muestra-gastronomica\/img_2014\/'><img loading=\"lazy\" decoding=\"async\" width=\"150\" height=\"150\" src=\"https:\/\/munilaja.cl\/w\/wp-content\/uploads\/2017\/09\/IMG_2014-150x150.jpg\" class=\"attachment-thumbnail size-thumbnail\" alt=\"\" srcset=\"https:\/\/munilaja.cl\/w\/wp-content\/uploads\/2017\/09\/IMG_2014-150x150.jpg 150w, https:\/\/munilaja.cl\/w\/wp-content\/uploads\/2017\/09\/IMG_2014-70x70.jpg 70w\" sizes=\"(max-width: 150px) 100vw, 150px\" \/><\/a>\n\t\t\t<\/div><\/figure><figure class='gallery-item'>\n\t\t\t<div class='gallery-icon landscape'>\n\t\t\t\t<a href='https:\/\/munilaja.cl\/w\/liceo-a-66-se-llevo-a-cabo-su-xxii-muestra-gastronomica\/img_2015-2\/'><img loading=\"lazy\" decoding=\"async\" width=\"150\" height=\"150\" src=\"https:\/\/munilaja.cl\/w\/wp-content\/uploads\/2017\/09\/IMG_2015-150x150.jpg\" class=\"attachment-thumbnail size-thumbnail\" alt=\"\" srcset=\"https:\/\/munilaja.cl\/w\/wp-content\/uploads\/2017\/09\/IMG_2015-150x150.jpg 150w, https:\/\/munilaja.cl\/w\/wp-content\/uploads\/2017\/09\/IMG_2015-70x70.jpg 70w\" sizes=\"(max-width: 150px) 100vw, 150px\" \/><\/a>\n\t\t\t<\/div><\/figure><figure class='gallery-item'>\n\t\t\t<div class='gallery-icon landscape'>\n\t\t\t\t<a href='https:\/\/munilaja.cl\/w\/liceo-a-66-se-llevo-a-cabo-su-xxii-muestra-gastronomica\/img_2016\/'><img loading=\"lazy\" decoding=\"async\" width=\"150\" height=\"150\" src=\"https:\/\/munilaja.cl\/w\/wp-content\/uploads\/2017\/09\/IMG_2016-150x150.jpg\" class=\"attachment-thumbnail size-thumbnail\" alt=\"\" srcset=\"https:\/\/munilaja.cl\/w\/wp-content\/uploads\/2017\/09\/IMG_2016-150x150.jpg 150w, https:\/\/munilaja.cl\/w\/wp-content\/uploads\/2017\/09\/IMG_2016-70x70.jpg 70w\" sizes=\"(max-width: 150px) 100vw, 150px\" \/><\/a>\n\t\t\t<\/div><\/figure><figure class='gallery-item'>\n\t\t\t<div class='gallery-icon landscape'>\n\t\t\t\t<a href='https:\/\/munilaja.cl\/w\/liceo-a-66-se-llevo-a-cabo-su-xxii-muestra-gastronomica\/img_2020-3\/'><img loading=\"lazy\" decoding=\"async\" width=\"150\" height=\"150\" src=\"https:\/\/munilaja.cl\/w\/wp-content\/uploads\/2017\/09\/IMG_2020-1-150x150.jpg\" class=\"attachment-thumbnail size-thumbnail\" alt=\"\" srcset=\"https:\/\/munilaja.cl\/w\/wp-content\/uploads\/2017\/09\/IMG_2020-1-150x150.jpg 150w, https:\/\/munilaja.cl\/w\/wp-content\/uploads\/2017\/09\/IMG_2020-1-70x70.jpg 70w\" sizes=\"(max-width: 150px) 100vw, 150px\" \/><\/a>\n\t\t\t<\/div><\/figure><figure class='gallery-item'>\n\t\t\t<div class='gallery-icon landscape'>\n\t\t\t\t<a href='https:\/\/munilaja.cl\/w\/liceo-a-66-se-llevo-a-cabo-su-xxii-muestra-gastronomica\/img_2024-2\/'><img loading=\"lazy\" decoding=\"async\" width=\"150\" height=\"150\" src=\"https:\/\/munilaja.cl\/w\/wp-content\/uploads\/2017\/09\/IMG_2024-1-150x150.jpg\" class=\"attachment-thumbnail size-thumbnail\" alt=\"\" srcset=\"https:\/\/munilaja.cl\/w\/wp-content\/uploads\/2017\/09\/IMG_2024-1-150x150.jpg 150w, https:\/\/munilaja.cl\/w\/wp-content\/uploads\/2017\/09\/IMG_2024-1-70x70.jpg 70w\" sizes=\"(max-width: 150px) 100vw, 150px\" \/><\/a>\n\t\t\t<\/div><\/figure><figure class='gallery-item'>\n\t\t\t<div class='gallery-icon landscape'>\n\t\t\t\t<a href='https:\/\/munilaja.cl\/w\/liceo-a-66-se-llevo-a-cabo-su-xxii-muestra-gastronomica\/img_2025\/'><img loading=\"lazy\" decoding=\"async\" width=\"150\" height=\"150\" src=\"https:\/\/munilaja.cl\/w\/wp-content\/uploads\/2017\/09\/IMG_2025-150x150.jpg\" class=\"attachment-thumbnail size-thumbnail\" alt=\"\" srcset=\"https:\/\/munilaja.cl\/w\/wp-content\/uploads\/2017\/09\/IMG_2025-150x150.jpg 150w, https:\/\/munilaja.cl\/w\/wp-content\/uploads\/2017\/09\/IMG_2025-70x70.jpg 70w\" sizes=\"(max-width: 150px) 100vw, 150px\" \/><\/a>\n\t\t\t<\/div><\/figure><figure class='gallery-item'>\n\t\t\t<div class='gallery-icon landscape'>\n\t\t\t\t<a href='https:\/\/munilaja.cl\/w\/liceo-a-66-se-llevo-a-cabo-su-xxii-muestra-gastronomica\/img_2029-3\/'><img loading=\"lazy\" decoding=\"async\" width=\"150\" height=\"150\" src=\"https:\/\/munilaja.cl\/w\/wp-content\/uploads\/2017\/09\/IMG_2029-150x150.jpg\" class=\"attachment-thumbnail size-thumbnail\" alt=\"\" srcset=\"https:\/\/munilaja.cl\/w\/wp-content\/uploads\/2017\/09\/IMG_2029-150x150.jpg 150w, https:\/\/munilaja.cl\/w\/wp-content\/uploads\/2017\/09\/IMG_2029-70x70.jpg 70w\" sizes=\"(max-width: 150px) 100vw, 150px\" \/><\/a>\n\t\t\t<\/div><\/figure><figure class='gallery-item'>\n\t\t\t<div class='gallery-icon landscape'>\n\t\t\t\t<a href='https:\/\/munilaja.cl\/w\/liceo-a-66-se-llevo-a-cabo-su-xxii-muestra-gastronomica\/img_2031\/'><img loading=\"lazy\" decoding=\"async\" width=\"150\" height=\"150\" src=\"https:\/\/munilaja.cl\/w\/wp-content\/uploads\/2017\/09\/IMG_2031-150x150.jpg\" class=\"attachment-thumbnail size-thumbnail\" alt=\"\" srcset=\"https:\/\/munilaja.cl\/w\/wp-content\/uploads\/2017\/09\/IMG_2031-150x150.jpg 150w, https:\/\/munilaja.cl\/w\/wp-content\/uploads\/2017\/09\/IMG_2031-70x70.jpg 70w\" sizes=\"(max-width: 150px) 100vw, 150px\" \/><\/a>\n\t\t\t<\/div><\/figure><figure class='gallery-item'>\n\t\t\t<div class='gallery-icon landscape'>\n\t\t\t\t<a href='https:\/\/munilaja.cl\/w\/liceo-a-66-se-llevo-a-cabo-su-xxii-muestra-gastronomica\/img_2036-2\/'><img loading=\"lazy\" decoding=\"async\" width=\"150\" height=\"150\" src=\"https:\/\/munilaja.cl\/w\/wp-content\/uploads\/2017\/09\/IMG_2036-1-150x150.jpg\" class=\"attachment-thumbnail size-thumbnail\" alt=\"\" srcset=\"https:\/\/munilaja.cl\/w\/wp-content\/uploads\/2017\/09\/IMG_2036-1-150x150.jpg 150w, https:\/\/munilaja.cl\/w\/wp-content\/uploads\/2017\/09\/IMG_2036-1-70x70.jpg 70w\" sizes=\"(max-width: 150px) 100vw, 150px\" \/><\/a>\n\t\t\t<\/div><\/figure><figure class='gallery-item'>\n\t\t\t<div class='gallery-icon landscape'>\n\t\t\t\t<a href='https:\/\/munilaja.cl\/w\/liceo-a-66-se-llevo-a-cabo-su-xxii-muestra-gastronomica\/img_2038-2\/'><img loading=\"lazy\" decoding=\"async\" width=\"150\" height=\"150\" src=\"https:\/\/munilaja.cl\/w\/wp-content\/uploads\/2017\/09\/IMG_2038-150x150.jpg\" class=\"attachment-thumbnail size-thumbnail\" alt=\"\" srcset=\"https:\/\/munilaja.cl\/w\/wp-content\/uploads\/2017\/09\/IMG_2038-150x150.jpg 150w, https:\/\/munilaja.cl\/w\/wp-content\/uploads\/2017\/09\/IMG_2038-70x70.jpg 70w\" sizes=\"(max-width: 150px) 100vw, 150px\" \/><\/a>\n\t\t\t<\/div><\/figure><figure class='gallery-item'>\n\t\t\t<div class='gallery-icon landscape'>\n\t\t\t\t<a href='https:\/\/munilaja.cl\/w\/liceo-a-66-se-llevo-a-cabo-su-xxii-muestra-gastronomica\/img_2044\/'><img loading=\"lazy\" decoding=\"async\" width=\"150\" height=\"150\" src=\"https:\/\/munilaja.cl\/w\/wp-content\/uploads\/2017\/09\/IMG_2044-150x150.jpg\" class=\"attachment-thumbnail size-thumbnail\" alt=\"\" srcset=\"https:\/\/munilaja.cl\/w\/wp-content\/uploads\/2017\/09\/IMG_2044-150x150.jpg 150w, https:\/\/munilaja.cl\/w\/wp-content\/uploads\/2017\/09\/IMG_2044-70x70.jpg 70w\" sizes=\"(max-width: 150px) 100vw, 150px\" \/><\/a>\n\t\t\t<\/div><\/figure><figure class='gallery-item'>\n\t\t\t<div class='gallery-icon landscape'>\n\t\t\t\t<a href='https:\/\/munilaja.cl\/w\/liceo-a-66-se-llevo-a-cabo-su-xxii-muestra-gastronomica\/img_2047-2\/'><img loading=\"lazy\" decoding=\"async\" width=\"150\" height=\"150\" src=\"https:\/\/munilaja.cl\/w\/wp-content\/uploads\/2017\/09\/IMG_2047-1-150x150.jpg\" class=\"attachment-thumbnail size-thumbnail\" alt=\"\" srcset=\"https:\/\/munilaja.cl\/w\/wp-content\/uploads\/2017\/09\/IMG_2047-1-150x150.jpg 150w, https:\/\/munilaja.cl\/w\/wp-content\/uploads\/2017\/09\/IMG_2047-1-70x70.jpg 70w\" sizes=\"(max-width: 150px) 100vw, 150px\" \/><\/a>\n\t\t\t<\/div><\/figure><figure class='gallery-item'>\n\t\t\t<div class='gallery-icon landscape'>\n\t\t\t\t<a href='https:\/\/munilaja.cl\/w\/liceo-a-66-se-llevo-a-cabo-su-xxii-muestra-gastronomica\/img_2049\/'><img loading=\"lazy\" decoding=\"async\" width=\"150\" height=\"150\" src=\"https:\/\/munilaja.cl\/w\/wp-content\/uploads\/2017\/09\/IMG_2049-150x150.jpg\" class=\"attachment-thumbnail size-thumbnail\" alt=\"\" srcset=\"https:\/\/munilaja.cl\/w\/wp-content\/uploads\/2017\/09\/IMG_2049-150x150.jpg 150w, https:\/\/munilaja.cl\/w\/wp-content\/uploads\/2017\/09\/IMG_2049-70x70.jpg 70w\" sizes=\"(max-width: 150px) 100vw, 150px\" \/><\/a>\n\t\t\t<\/div><\/figure><figure class='gallery-item'>\n\t\t\t<div class='gallery-icon landscape'>\n\t\t\t\t<a href='https:\/\/munilaja.cl\/w\/liceo-a-66-se-llevo-a-cabo-su-xxii-muestra-gastronomica\/img_2051\/'><img loading=\"lazy\" decoding=\"async\" width=\"150\" height=\"150\" src=\"https:\/\/munilaja.cl\/w\/wp-content\/uploads\/2017\/09\/IMG_2051-150x150.jpg\" class=\"attachment-thumbnail size-thumbnail\" alt=\"\" srcset=\"https:\/\/munilaja.cl\/w\/wp-content\/uploads\/2017\/09\/IMG_2051-150x150.jpg 150w, https:\/\/munilaja.cl\/w\/wp-content\/uploads\/2017\/09\/IMG_2051-70x70.jpg 70w\" sizes=\"(max-width: 150px) 100vw, 150px\" \/><\/a>\n\t\t\t<\/div><\/figure><figure class='gallery-item'>\n\t\t\t<div class='gallery-icon landscape'>\n\t\t\t\t<a href='https:\/\/munilaja.cl\/w\/liceo-a-66-se-llevo-a-cabo-su-xxii-muestra-gastronomica\/img_2053\/'><img loading=\"lazy\" decoding=\"async\" width=\"150\" height=\"150\" src=\"https:\/\/munilaja.cl\/w\/wp-content\/uploads\/2017\/09\/IMG_2053-150x150.jpg\" class=\"attachment-thumbnail size-thumbnail\" alt=\"\" srcset=\"https:\/\/munilaja.cl\/w\/wp-content\/uploads\/2017\/09\/IMG_2053-150x150.jpg 150w, https:\/\/munilaja.cl\/w\/wp-content\/uploads\/2017\/09\/IMG_2053-70x70.jpg 70w\" sizes=\"(max-width: 150px) 100vw, 150px\" \/><\/a>\n\t\t\t<\/div><\/figure><figure class='gallery-item'>\n\t\t\t<div class='gallery-icon landscape'>\n\t\t\t\t<a href='https:\/\/munilaja.cl\/w\/liceo-a-66-se-llevo-a-cabo-su-xxii-muestra-gastronomica\/img_2057\/'><img loading=\"lazy\" decoding=\"async\" width=\"150\" height=\"150\" src=\"https:\/\/munilaja.cl\/w\/wp-content\/uploads\/2017\/09\/IMG_2057-150x150.jpg\" class=\"attachment-thumbnail size-thumbnail\" alt=\"\" srcset=\"https:\/\/munilaja.cl\/w\/wp-content\/uploads\/2017\/09\/IMG_2057-150x150.jpg 150w, https:\/\/munilaja.cl\/w\/wp-content\/uploads\/2017\/09\/IMG_2057-70x70.jpg 70w\" sizes=\"(max-width: 150px) 100vw, 150px\" \/><\/a>\n\t\t\t<\/div><\/figure><figure class='gallery-item'>\n\t\t\t<div class='gallery-icon landscape'>\n\t\t\t\t<a href='https:\/\/munilaja.cl\/w\/liceo-a-66-se-llevo-a-cabo-su-xxii-muestra-gastronomica\/img_2058-3\/'><img loading=\"lazy\" decoding=\"async\" width=\"150\" height=\"150\" src=\"https:\/\/munilaja.cl\/w\/wp-content\/uploads\/2017\/09\/IMG_2058-1-150x150.jpg\" class=\"attachment-thumbnail size-thumbnail\" alt=\"\" srcset=\"https:\/\/munilaja.cl\/w\/wp-content\/uploads\/2017\/09\/IMG_2058-1-150x150.jpg 150w, https:\/\/munilaja.cl\/w\/wp-content\/uploads\/2017\/09\/IMG_2058-1-70x70.jpg 70w\" sizes=\"(max-width: 150px) 100vw, 150px\" \/><\/a>\n\t\t\t<\/div><\/figure><figure class='gallery-item'>\n\t\t\t<div class='gallery-icon landscape'>\n\t\t\t\t<a href='https:\/\/munilaja.cl\/w\/liceo-a-66-se-llevo-a-cabo-su-xxii-muestra-gastronomica\/img_2059\/'><img loading=\"lazy\" decoding=\"async\" width=\"150\" height=\"150\" src=\"https:\/\/munilaja.cl\/w\/wp-content\/uploads\/2017\/09\/IMG_2059-150x150.jpg\" class=\"attachment-thumbnail size-thumbnail\" alt=\"\" srcset=\"https:\/\/munilaja.cl\/w\/wp-content\/uploads\/2017\/09\/IMG_2059-150x150.jpg 150w, https:\/\/munilaja.cl\/w\/wp-content\/uploads\/2017\/09\/IMG_2059-70x70.jpg 70w\" sizes=\"(max-width: 150px) 100vw, 150px\" \/><\/a>\n\t\t\t<\/div><\/figure><figure class='gallery-item'>\n\t\t\t<div class='gallery-icon landscape'>\n\t\t\t\t<a href='https:\/\/munilaja.cl\/w\/liceo-a-66-se-llevo-a-cabo-su-xxii-muestra-gastronomica\/img_2060\/'><img loading=\"lazy\" decoding=\"async\" width=\"150\" height=\"150\" src=\"https:\/\/munilaja.cl\/w\/wp-content\/uploads\/2017\/09\/IMG_2060-150x150.jpg\" class=\"attachment-thumbnail size-thumbnail\" alt=\"\" srcset=\"https:\/\/munilaja.cl\/w\/wp-content\/uploads\/2017\/09\/IMG_2060-150x150.jpg 150w, https:\/\/munilaja.cl\/w\/wp-content\/uploads\/2017\/09\/IMG_2060-70x70.jpg 70w\" sizes=\"(max-width: 150px) 100vw, 150px\" \/><\/a>\n\t\t\t<\/div><\/figure><figure class='gallery-item'>\n\t\t\t<div class='gallery-icon landscape'>\n\t\t\t\t<a href='https:\/\/munilaja.cl\/w\/liceo-a-66-se-llevo-a-cabo-su-xxii-muestra-gastronomica\/img_2063\/'><img loading=\"lazy\" decoding=\"async\" width=\"150\" height=\"150\" src=\"https:\/\/munilaja.cl\/w\/wp-content\/uploads\/2017\/09\/IMG_2063-150x150.jpg\" class=\"attachment-thumbnail size-thumbnail\" alt=\"\" srcset=\"https:\/\/munilaja.cl\/w\/wp-content\/uploads\/2017\/09\/IMG_2063-150x150.jpg 150w, https:\/\/munilaja.cl\/w\/wp-content\/uploads\/2017\/09\/IMG_2063-70x70.jpg 70w\" sizes=\"(max-width: 150px) 100vw, 150px\" \/><\/a>\n\t\t\t<\/div><\/figure><figure class='gallery-item'>\n\t\t\t<div class='gallery-icon landscape'>\n\t\t\t\t<a href='https:\/\/munilaja.cl\/w\/liceo-a-66-se-llevo-a-cabo-su-xxii-muestra-gastronomica\/img_2067-2\/'><img loading=\"lazy\" decoding=\"async\" width=\"150\" height=\"150\" src=\"https:\/\/munilaja.cl\/w\/wp-content\/uploads\/2017\/09\/IMG_2067-150x150.jpg\" class=\"attachment-thumbnail size-thumbnail\" alt=\"\" srcset=\"https:\/\/munilaja.cl\/w\/wp-content\/uploads\/2017\/09\/IMG_2067-150x150.jpg 150w, https:\/\/munilaja.cl\/w\/wp-content\/uploads\/2017\/09\/IMG_2067-70x70.jpg 70w\" sizes=\"(max-width: 150px) 100vw, 150px\" \/><\/a>\n\t\t\t<\/div><\/figure><figure class='gallery-item'>\n\t\t\t<div class='gallery-icon landscape'>\n\t\t\t\t<a href='https:\/\/munilaja.cl\/w\/liceo-a-66-se-llevo-a-cabo-su-xxii-muestra-gastronomica\/img_2070\/'><img loading=\"lazy\" decoding=\"async\" width=\"150\" height=\"150\" src=\"https:\/\/munilaja.cl\/w\/wp-content\/uploads\/2017\/09\/IMG_2070-150x150.jpg\" class=\"attachment-thumbnail size-thumbnail\" alt=\"\" srcset=\"https:\/\/munilaja.cl\/w\/wp-content\/uploads\/2017\/09\/IMG_2070-150x150.jpg 150w, https:\/\/munilaja.cl\/w\/wp-content\/uploads\/2017\/09\/IMG_2070-70x70.jpg 70w\" sizes=\"(max-width: 150px) 100vw, 150px\" \/><\/a>\n\t\t\t<\/div><\/figure><figure class='gallery-item'>\n\t\t\t<div class='gallery-icon landscape'>\n\t\t\t\t<a href='https:\/\/munilaja.cl\/w\/liceo-a-66-se-llevo-a-cabo-su-xxii-muestra-gastronomica\/img_2077-2\/'><img loading=\"lazy\" decoding=\"async\" width=\"150\" height=\"150\" src=\"https:\/\/munilaja.cl\/w\/wp-content\/uploads\/2017\/09\/IMG_2077-1-150x150.jpg\" class=\"attachment-thumbnail size-thumbnail\" alt=\"\" srcset=\"https:\/\/munilaja.cl\/w\/wp-content\/uploads\/2017\/09\/IMG_2077-1-150x150.jpg 150w, https:\/\/munilaja.cl\/w\/wp-content\/uploads\/2017\/09\/IMG_2077-1-70x70.jpg 70w\" sizes=\"(max-width: 150px) 100vw, 150px\" \/><\/a>\n\t\t\t<\/div><\/figure><figure class='gallery-item'>\n\t\t\t<div class='gallery-icon landscape'>\n\t\t\t\t<a href='https:\/\/munilaja.cl\/w\/liceo-a-66-se-llevo-a-cabo-su-xxii-muestra-gastronomica\/img_2078-2\/'><img loading=\"lazy\" decoding=\"async\" width=\"150\" height=\"150\" src=\"https:\/\/munilaja.cl\/w\/wp-content\/uploads\/2017\/09\/IMG_2078-1-150x150.jpg\" class=\"attachment-thumbnail size-thumbnail\" alt=\"\" srcset=\"https:\/\/munilaja.cl\/w\/wp-content\/uploads\/2017\/09\/IMG_2078-1-150x150.jpg 150w, https:\/\/munilaja.cl\/w\/wp-content\/uploads\/2017\/09\/IMG_2078-1-70x70.jpg 70w\" sizes=\"(max-width: 150px) 100vw, 150px\" \/><\/a>\n\t\t\t<\/div><\/figure><figure class='gallery-item'>\n\t\t\t<div class='gallery-icon landscape'>\n\t\t\t\t<a href='https:\/\/munilaja.cl\/w\/liceo-a-66-se-llevo-a-cabo-su-xxii-muestra-gastronomica\/img_2079-2\/'><img loading=\"lazy\" decoding=\"async\" width=\"150\" height=\"150\" src=\"https:\/\/munilaja.cl\/w\/wp-content\/uploads\/2017\/09\/IMG_2079-150x150.jpg\" class=\"attachment-thumbnail size-thumbnail\" alt=\"\" srcset=\"https:\/\/munilaja.cl\/w\/wp-content\/uploads\/2017\/09\/IMG_2079-150x150.jpg 150w, https:\/\/munilaja.cl\/w\/wp-content\/uploads\/2017\/09\/IMG_2079-70x70.jpg 70w\" sizes=\"(max-width: 150px) 100vw, 150px\" \/><\/a>\n\t\t\t<\/div><\/figure><figure class='gallery-item'>\n\t\t\t<div class='gallery-icon landscape'>\n\t\t\t\t<a href='https:\/\/munilaja.cl\/w\/liceo-a-66-se-llevo-a-cabo-su-xxii-muestra-gastronomica\/img_2080\/'><img loading=\"lazy\" decoding=\"async\" width=\"150\" height=\"150\" src=\"https:\/\/munilaja.cl\/w\/wp-content\/uploads\/2017\/09\/IMG_2080-150x150.jpg\" class=\"attachment-thumbnail size-thumbnail\" alt=\"\" srcset=\"https:\/\/munilaja.cl\/w\/wp-content\/uploads\/2017\/09\/IMG_2080-150x150.jpg 150w, https:\/\/munilaja.cl\/w\/wp-content\/uploads\/2017\/09\/IMG_2080-70x70.jpg 70w\" sizes=\"(max-width: 150px) 100vw, 150px\" \/><\/a>\n\t\t\t<\/div><\/figure><figure class='gallery-item'>\n\t\t\t<div class='gallery-icon landscape'>\n\t\t\t\t<a href='https:\/\/munilaja.cl\/w\/liceo-a-66-se-llevo-a-cabo-su-xxii-muestra-gastronomica\/img_2081-2\/'><img loading=\"lazy\" decoding=\"async\" width=\"150\" height=\"150\" src=\"https:\/\/munilaja.cl\/w\/wp-content\/uploads\/2017\/09\/IMG_2081-1-150x150.jpg\" class=\"attachment-thumbnail size-thumbnail\" alt=\"\" srcset=\"https:\/\/munilaja.cl\/w\/wp-content\/uploads\/2017\/09\/IMG_2081-1-150x150.jpg 150w, https:\/\/munilaja.cl\/w\/wp-content\/uploads\/2017\/09\/IMG_2081-1-70x70.jpg 70w\" sizes=\"(max-width: 150px) 100vw, 150px\" \/><\/a>\n\t\t\t<\/div><\/figure>\n\t\t<\/div>\n\n<p>&nbsp;<\/p>\n","protected":false},"excerpt":{"rendered":"<p>Parrilladas, choripanes, pajaritos y hasta el tradicional terremoto, fueron las delicias que los estudiantes del Liceo H\u00e9roes de la Concepci\u00f3n prepararon para lucirse en la XXII Muestra Gastron\u00f3mica 2017 y que se tom\u00f3 todo el centro de nuestro Laja. Con pie de cueca y bailes t\u00edpicos de nuestro pa\u00eds, se inaugur\u00f3 la Muestra Gastron\u00f3mica organizada [&hellip;]<\/p>\n","protected":false},"author":11,"featured_media":40849,"comment_status":"closed","ping_status":"closed","sticky":false,"template":"","format":"standard","meta":{"zakra_sidebar_layout":"customizer","zakra_remove_content_margin":false,"zakra_sidebar":"customizer","zakra_transparent_header":"customizer","zakra_logo":0,"zakra_main_header_style":"default","zakra_menu_item_color":"","zakra_menu_item_hover_color":"","zakra_menu_item_active_color":"","zakra_menu_active_style":"zakra_menu_active_style","zakra_page_header":true,"footnotes":""},"categories":[68,315,30,17],"tags":[],"class_list":["post-40778","post","type-post","status-publish","format-standard","has-post-thumbnail","hentry","category-cultura","category-desarrollo-social","category-educacion","category-servicio-a-la-comunidad"],"yoast_head":"<!-- This site is optimized with the Yoast SEO plugin v24.0 - https:\/\/yoast.com\/wordpress\/plugins\/seo\/ -->\n<title>LICEO A-66 REALIZ\u00d3 SU XXII MUESTRA GASTRON\u00d3MICA - Municipalidad de Laja<\/title>\n<meta name=\"robots\" content=\"index, follow, max-snippet:-1, max-image-preview:large, max-video-preview:-1\" \/>\n<link rel=\"canonical\" href=\"https:\/\/munilaja.cl\/w\/liceo-a-66-se-llevo-a-cabo-su-xxii-muestra-gastronomica\/\" \/>\n<meta property=\"og:locale\" content=\"es_ES\" \/>\n<meta property=\"og:type\" content=\"article\" \/>\n<meta property=\"og:title\" content=\"LICEO A-66 REALIZ\u00d3 SU XXII MUESTRA GASTRON\u00d3MICA - Municipalidad de Laja\" \/>\n<meta property=\"og:description\" content=\"Parrilladas, choripanes, pajaritos y hasta el tradicional terremoto, fueron las delicias que los estudiantes del Liceo H\u00e9roes de la Concepci\u00f3n prepararon para lucirse en la XXII Muestra Gastron\u00f3mica 2017 y que se tom\u00f3 todo el centro de nuestro Laja. Con pie de cueca y bailes t\u00edpicos de nuestro pa\u00eds, se inaugur\u00f3 la Muestra Gastron\u00f3mica organizada [&hellip;]\" \/>\n<meta property=\"og:url\" content=\"https:\/\/munilaja.cl\/w\/liceo-a-66-se-llevo-a-cabo-su-xxii-muestra-gastronomica\/\" \/>\n<meta property=\"og:site_name\" content=\"Municipalidad de Laja\" \/>\n<meta property=\"article:published_time\" content=\"2017-09-13T11:23:42+00:00\" \/>\n<meta property=\"article:modified_time\" content=\"2017-09-14T22:41:01+00:00\" \/>\n<meta property=\"og:image\" content=\"https:\/\/munilaja.cl\/w\/wp-content\/uploads\/2017\/09\/IMG_2038.jpg\" \/>\n\t<meta property=\"og:image:width\" content=\"1024\" \/>\n\t<meta property=\"og:image:height\" content=\"683\" \/>\n\t<meta property=\"og:image:type\" content=\"image\/jpeg\" \/>\n<meta name=\"author\" content=\"Administrador\" \/>\n<meta name=\"twitter:card\" content=\"summary_large_image\" \/>\n<meta name=\"twitter:label1\" content=\"Escrito por\" \/>\n\t<meta name=\"twitter:data1\" content=\"Administrador\" \/>\n\t<meta name=\"twitter:label2\" content=\"Tiempo de lectura\" \/>\n\t<meta name=\"twitter:data2\" content=\"2 minutos\" \/>\n<script type=\"application\/ld+json\" class=\"yoast-schema-graph\">{\"@context\":\"https:\/\/schema.org\",\"@graph\":[{\"@type\":\"Article\",\"@id\":\"https:\/\/munilaja.cl\/w\/liceo-a-66-se-llevo-a-cabo-su-xxii-muestra-gastronomica\/#article\",\"isPartOf\":{\"@id\":\"https:\/\/munilaja.cl\/w\/liceo-a-66-se-llevo-a-cabo-su-xxii-muestra-gastronomica\/\"},\"author\":{\"name\":\"Administrador\",\"@id\":\"https:\/\/munilaja.cl\/w\/#\/schema\/person\/4650348f4978773bf1c5b31f9c7da744\"},\"headline\":\"LICEO A-66 REALIZ\u00d3 SU XXII MUESTRA GASTRON\u00d3MICA\",\"datePublished\":\"2017-09-13T11:23:42+00:00\",\"dateModified\":\"2017-09-14T22:41:01+00:00\",\"mainEntityOfPage\":{\"@id\":\"https:\/\/munilaja.cl\/w\/liceo-a-66-se-llevo-a-cabo-su-xxii-muestra-gastronomica\/\"},\"wordCount\":326,\"publisher\":{\"@id\":\"https:\/\/munilaja.cl\/w\/#organization\"},\"image\":{\"@id\":\"https:\/\/munilaja.cl\/w\/liceo-a-66-se-llevo-a-cabo-su-xxii-muestra-gastronomica\/#primaryimage\"},\"thumbnailUrl\":\"https:\/\/munilaja.cl\/w\/wp-content\/uploads\/2017\/09\/IMG_2038.jpg\",\"articleSection\":[\"Cultura\",\"Desarrollo Social\",\"Educaci\u00f3n\",\"Servicio a la comunidad\"],\"inLanguage\":\"es\"},{\"@type\":\"WebPage\",\"@id\":\"https:\/\/munilaja.cl\/w\/liceo-a-66-se-llevo-a-cabo-su-xxii-muestra-gastronomica\/\",\"url\":\"https:\/\/munilaja.cl\/w\/liceo-a-66-se-llevo-a-cabo-su-xxii-muestra-gastronomica\/\",\"name\":\"LICEO A-66 REALIZ\u00d3 SU XXII MUESTRA GASTRON\u00d3MICA - Municipalidad de Laja\",\"isPartOf\":{\"@id\":\"https:\/\/munilaja.cl\/w\/#website\"},\"primaryImageOfPage\":{\"@id\":\"https:\/\/munilaja.cl\/w\/liceo-a-66-se-llevo-a-cabo-su-xxii-muestra-gastronomica\/#primaryimage\"},\"image\":{\"@id\":\"https:\/\/munilaja.cl\/w\/liceo-a-66-se-llevo-a-cabo-su-xxii-muestra-gastronomica\/#primaryimage\"},\"thumbnailUrl\":\"https:\/\/munilaja.cl\/w\/wp-content\/uploads\/2017\/09\/IMG_2038.jpg\",\"datePublished\":\"2017-09-13T11:23:42+00:00\",\"dateModified\":\"2017-09-14T22:41:01+00:00\",\"breadcrumb\":{\"@id\":\"https:\/\/munilaja.cl\/w\/liceo-a-66-se-llevo-a-cabo-su-xxii-muestra-gastronomica\/#breadcrumb\"},\"inLanguage\":\"es\",\"potentialAction\":[{\"@type\":\"ReadAction\",\"target\":[\"https:\/\/munilaja.cl\/w\/liceo-a-66-se-llevo-a-cabo-su-xxii-muestra-gastronomica\/\"]}]},{\"@type\":\"ImageObject\",\"inLanguage\":\"es\",\"@id\":\"https:\/\/munilaja.cl\/w\/liceo-a-66-se-llevo-a-cabo-su-xxii-muestra-gastronomica\/#primaryimage\",\"url\":\"https:\/\/munilaja.cl\/w\/wp-content\/uploads\/2017\/09\/IMG_2038.jpg\",\"contentUrl\":\"https:\/\/munilaja.cl\/w\/wp-content\/uploads\/2017\/09\/IMG_2038.jpg\",\"width\":1024,\"height\":683},{\"@type\":\"BreadcrumbList\",\"@id\":\"https:\/\/munilaja.cl\/w\/liceo-a-66-se-llevo-a-cabo-su-xxii-muestra-gastronomica\/#breadcrumb\",\"itemListElement\":[{\"@type\":\"ListItem\",\"position\":1,\"name\":\"Portada\",\"item\":\"https:\/\/munilaja.cl\/w\/\"},{\"@type\":\"ListItem\",\"position\":2,\"name\":\"LICEO A-66 REALIZ\u00d3 SU XXII MUESTRA GASTRON\u00d3MICA\"}]},{\"@type\":\"WebSite\",\"@id\":\"https:\/\/munilaja.cl\/w\/#website\",\"url\":\"https:\/\/munilaja.cl\/w\/\",\"name\":\"Municipalidad de Laja\",\"description\":\"Web Municipal\",\"publisher\":{\"@id\":\"https:\/\/munilaja.cl\/w\/#organization\"},\"potentialAction\":[{\"@type\":\"SearchAction\",\"target\":{\"@type\":\"EntryPoint\",\"urlTemplate\":\"https:\/\/munilaja.cl\/w\/?s={search_term_string}\"},\"query-input\":{\"@type\":\"PropertyValueSpecification\",\"valueRequired\":true,\"valueName\":\"search_term_string\"}}],\"inLanguage\":\"es\"},{\"@type\":\"Organization\",\"@id\":\"https:\/\/munilaja.cl\/w\/#organization\",\"name\":\"Municipalidad de Laja\",\"url\":\"https:\/\/munilaja.cl\/w\/\",\"logo\":{\"@type\":\"ImageObject\",\"inLanguage\":\"es\",\"@id\":\"https:\/\/munilaja.cl\/w\/#\/schema\/logo\/image\/\",\"url\":\"https:\/\/munilaja.cl\/w\/wp-content\/uploads\/2024\/11\/ESCUDO-LAJA-LETRAS-BLANCAS-LOGO-WEB.png\",\"contentUrl\":\"https:\/\/munilaja.cl\/w\/wp-content\/uploads\/2024\/11\/ESCUDO-LAJA-LETRAS-BLANCAS-LOGO-WEB.png\",\"width\":150,\"height\":150,\"caption\":\"Municipalidad de Laja\"},\"image\":{\"@id\":\"https:\/\/munilaja.cl\/w\/#\/schema\/logo\/image\/\"}},{\"@type\":\"Person\",\"@id\":\"https:\/\/munilaja.cl\/w\/#\/schema\/person\/4650348f4978773bf1c5b31f9c7da744\",\"name\":\"Administrador\",\"url\":\"https:\/\/munilaja.cl\/w\/author\/rssmunilaja\/\"}]}<\/script>\n<!-- \/ Yoast SEO plugin. -->","yoast_head_json":{"title":"LICEO A-66 REALIZ\u00d3 SU XXII MUESTRA GASTRON\u00d3MICA - Municipalidad de Laja","robots":{"index":"index","follow":"follow","max-snippet":"max-snippet:-1","max-image-preview":"max-image-preview:large","max-video-preview":"max-video-preview:-1"},"canonical":"https:\/\/munilaja.cl\/w\/liceo-a-66-se-llevo-a-cabo-su-xxii-muestra-gastronomica\/","og_locale":"es_ES","og_type":"article","og_title":"LICEO A-66 REALIZ\u00d3 SU XXII MUESTRA GASTRON\u00d3MICA - Municipalidad de Laja","og_description":"Parrilladas, choripanes, pajaritos y hasta el tradicional terremoto, fueron las delicias que los estudiantes del Liceo H\u00e9roes de la Concepci\u00f3n prepararon para lucirse en la XXII Muestra Gastron\u00f3mica 2017 y que se tom\u00f3 todo el centro de nuestro Laja. Con pie de cueca y bailes t\u00edpicos de nuestro pa\u00eds, se inaugur\u00f3 la Muestra Gastron\u00f3mica organizada [&hellip;]","og_url":"https:\/\/munilaja.cl\/w\/liceo-a-66-se-llevo-a-cabo-su-xxii-muestra-gastronomica\/","og_site_name":"Municipalidad de Laja","article_published_time":"2017-09-13T11:23:42+00:00","article_modified_time":"2017-09-14T22:41:01+00:00","og_image":[{"width":1024,"height":683,"url":"https:\/\/munilaja.cl\/w\/wp-content\/uploads\/2017\/09\/IMG_2038.jpg","type":"image\/jpeg"}],"author":"Administrador","twitter_card":"summary_large_image","twitter_misc":{"Escrito por":"Administrador","Tiempo de lectura":"2 minutos"},"schema":{"@context":"https:\/\/schema.org","@graph":[{"@type":"Article","@id":"https:\/\/munilaja.cl\/w\/liceo-a-66-se-llevo-a-cabo-su-xxii-muestra-gastronomica\/#article","isPartOf":{"@id":"https:\/\/munilaja.cl\/w\/liceo-a-66-se-llevo-a-cabo-su-xxii-muestra-gastronomica\/"},"author":{"name":"Administrador","@id":"https:\/\/munilaja.cl\/w\/#\/schema\/person\/4650348f4978773bf1c5b31f9c7da744"},"headline":"LICEO A-66 REALIZ\u00d3 SU XXII MUESTRA GASTRON\u00d3MICA","datePublished":"2017-09-13T11:23:42+00:00","dateModified":"2017-09-14T22:41:01+00:00","mainEntityOfPage":{"@id":"https:\/\/munilaja.cl\/w\/liceo-a-66-se-llevo-a-cabo-su-xxii-muestra-gastronomica\/"},"wordCount":326,"publisher":{"@id":"https:\/\/munilaja.cl\/w\/#organization"},"image":{"@id":"https:\/\/munilaja.cl\/w\/liceo-a-66-se-llevo-a-cabo-su-xxii-muestra-gastronomica\/#primaryimage"},"thumbnailUrl":"https:\/\/munilaja.cl\/w\/wp-content\/uploads\/2017\/09\/IMG_2038.jpg","articleSection":["Cultura","Desarrollo Social","Educaci\u00f3n","Servicio a la comunidad"],"inLanguage":"es"},{"@type":"WebPage","@id":"https:\/\/munilaja.cl\/w\/liceo-a-66-se-llevo-a-cabo-su-xxii-muestra-gastronomica\/","url":"https:\/\/munilaja.cl\/w\/liceo-a-66-se-llevo-a-cabo-su-xxii-muestra-gastronomica\/","name":"LICEO A-66 REALIZ\u00d3 SU XXII MUESTRA GASTRON\u00d3MICA - Municipalidad de Laja","isPartOf":{"@id":"https:\/\/munilaja.cl\/w\/#website"},"primaryImageOfPage":{"@id":"https:\/\/munilaja.cl\/w\/liceo-a-66-se-llevo-a-cabo-su-xxii-muestra-gastronomica\/#primaryimage"},"image":{"@id":"https:\/\/munilaja.cl\/w\/liceo-a-66-se-llevo-a-cabo-su-xxii-muestra-gastronomica\/#primaryimage"},"thumbnailUrl":"https:\/\/munilaja.cl\/w\/wp-content\/uploads\/2017\/09\/IMG_2038.jpg","datePublished":"2017-09-13T11:23:42+00:00","dateModified":"2017-09-14T22:41:01+00:00","breadcrumb":{"@id":"https:\/\/munilaja.cl\/w\/liceo-a-66-se-llevo-a-cabo-su-xxii-muestra-gastronomica\/#breadcrumb"},"inLanguage":"es","potentialAction":[{"@type":"ReadAction","target":["https:\/\/munilaja.cl\/w\/liceo-a-66-se-llevo-a-cabo-su-xxii-muestra-gastronomica\/"]}]},{"@type":"ImageObject","inLanguage":"es","@id":"https:\/\/munilaja.cl\/w\/liceo-a-66-se-llevo-a-cabo-su-xxii-muestra-gastronomica\/#primaryimage","url":"https:\/\/munilaja.cl\/w\/wp-content\/uploads\/2017\/09\/IMG_2038.jpg","contentUrl":"https:\/\/munilaja.cl\/w\/wp-content\/uploads\/2017\/09\/IMG_2038.jpg","width":1024,"height":683},{"@type":"BreadcrumbList","@id":"https:\/\/munilaja.cl\/w\/liceo-a-66-se-llevo-a-cabo-su-xxii-muestra-gastronomica\/#breadcrumb","itemListElement":[{"@type":"ListItem","position":1,"name":"Portada","item":"https:\/\/munilaja.cl\/w\/"},{"@type":"ListItem","position":2,"name":"LICEO A-66 REALIZ\u00d3 SU XXII MUESTRA GASTRON\u00d3MICA"}]},{"@type":"WebSite","@id":"https:\/\/munilaja.cl\/w\/#website","url":"https:\/\/munilaja.cl\/w\/","name":"Municipalidad de Laja","description":"Web Municipal","publisher":{"@id":"https:\/\/munilaja.cl\/w\/#organization"},"potentialAction":[{"@type":"SearchAction","target":{"@type":"EntryPoint","urlTemplate":"https:\/\/munilaja.cl\/w\/?s={search_term_string}"},"query-input":{"@type":"PropertyValueSpecification","valueRequired":true,"valueName":"search_term_string"}}],"inLanguage":"es"},{"@type":"Organization","@id":"https:\/\/munilaja.cl\/w\/#organization","name":"Municipalidad de Laja","url":"https:\/\/munilaja.cl\/w\/","logo":{"@type":"ImageObject","inLanguage":"es","@id":"https:\/\/munilaja.cl\/w\/#\/schema\/logo\/image\/","url":"https:\/\/munilaja.cl\/w\/wp-content\/uploads\/2024\/11\/ESCUDO-LAJA-LETRAS-BLANCAS-LOGO-WEB.png","contentUrl":"https:\/\/munilaja.cl\/w\/wp-content\/uploads\/2024\/11\/ESCUDO-LAJA-LETRAS-BLANCAS-LOGO-WEB.png","width":150,"height":150,"caption":"Municipalidad de Laja"},"image":{"@id":"https:\/\/munilaja.cl\/w\/#\/schema\/logo\/image\/"}},{"@type":"Person","@id":"https:\/\/munilaja.cl\/w\/#\/schema\/person\/4650348f4978773bf1c5b31f9c7da744","name":"Administrador","url":"https:\/\/munilaja.cl\/w\/author\/rssmunilaja\/"}]}},"_links":{"self":[{"href":"https:\/\/munilaja.cl\/w\/wp-json\/wp\/v2\/posts\/40778"}],"collection":[{"href":"https:\/\/munilaja.cl\/w\/wp-json\/wp\/v2\/posts"}],"about":[{"href":"https:\/\/munilaja.cl\/w\/wp-json\/wp\/v2\/types\/post"}],"author":[{"embeddable":true,"href":"https:\/\/munilaja.cl\/w\/wp-json\/wp\/v2\/users\/11"}],"replies":[{"embeddable":true,"href":"https:\/\/munilaja.cl\/w\/wp-json\/wp\/v2\/comments?post=40778"}],"version-history":[{"count":0,"href":"https:\/\/munilaja.cl\/w\/wp-json\/wp\/v2\/posts\/40778\/revisions"}],"wp:featuredmedia":[{"embeddable":true,"href":"https:\/\/munilaja.cl\/w\/wp-json\/wp\/v2\/media\/40849"}],"wp:attachment":[{"href":"https:\/\/munilaja.cl\/w\/wp-json\/wp\/v2\/media?parent=40778"}],"wp:term":[{"taxonomy":"category","embeddable":true,"href":"https:\/\/munilaja.cl\/w\/wp-json\/wp\/v2\/categories?post=40778"},{"taxonomy":"post_tag","embeddable":true,"href":"https:\/\/munilaja.cl\/w\/wp-json\/wp\/v2\/tags?post=40778"}],"curies":[{"name":"wp","href":"https:\/\/api.w.org\/{rel}","templated":true}]}}